{"id":91049,"date":"2026-03-13T08:39:33","date_gmt":"2026-03-13T07:39:33","guid":{"rendered":"https:\/\/canfali.com\/un-disseny-arquitectonic-per-a-revitalitzar-el-barri-antic\/"},"modified":"2026-03-13T08:42:18","modified_gmt":"2026-03-13T07:42:18","slug":"un-disseny-arquitectonic-per-a-revitalitzar-el-barri-antic","status":"publish","type":"post","link":"https:\/\/canfali.com\/ca-es\/un-disseny-arquitectonic-per-a-revitalitzar-el-barri-antic\/","title":{"rendered":"Un disseny arquitect\u00f2nic per a revitalitzar el barri antic"},"content":{"rendered":"\n<p>El disseny del futur Museu de la Festa de Calp ha estat concebut per a convertir-se en un reclam que atrega visitants i revitalitze el barri antic, tal com ha descrit l&#8217;arquitecte redactor, Juan Tent. L&#8217;objectiu, segons les seves paraules, \u00e9s que \u201ces convertisca en fita que desperte al barri antic\u201d, especialment la zona situada entorn de la pla\u00e7a d&#8217;Espanya. De fet, els carrers confrontants, Just\u00edcia i Llibertat, \u201cs\u00f3n dos dels que  menys vida tenen\u201d, en paraules de l&#8217;alcaldessa, Ana Sala. Per aix\u00f2 es vol que el Museu de la Festa \u201csiga un revulsiu, una cosa especial que far\u00e0 que la gent puge i visitie el centre hist\u00f2ric\u201d, assegura Sala.<\/p>\n\n<p>Un nodrit grup de ve\u00efns van acudir a la reuni\u00f3 explicativa perqu\u00e8 el disseny del Museu de la Festa t\u00e9 tamb\u00e9 els seus detractors perqu\u00e8 consideren que trenca l&#8217;est\u00e8tica del barri antic. En aquest sentit, l&#8217;arquitecte va detallar que s&#8217;utilitzaran en la fa\u00e7ana materials com la cer\u00e0mica lacada en blanc i no metalls ni pl\u00e0stic.<\/p>\n\n<p>\tEl projecte consisteix en un bloc central opac sobre el qual situar\u00e0 la fa\u00e7ana externa a dist\u00e0ncia que estar\u00e0 retroenllumenada i que canviar\u00e0 de color, dotant a l&#8217;edifici d&#8217;un atractiu visual \u00fanic i adaptable a les diferents celebracions festives de la localitat. A m\u00e9s, disposar\u00e0 d&#8217;una sala multim\u00e8dia que acollir\u00e0 el museu i permetr\u00e0 al visitant viure experi\u00e8ncies immersives com el desembarcament dels Moros i Cristians<\/p>\n\n<p>La Casa Poquet Beltr\u00e1n, on se situar\u00e0 el museu, est\u00e0 en ru\u00efnes i, a m\u00e9s, no \u00e9s un edifici catalogat i, per tant, no t\u00e9 cap singularitat ni protecci\u00f3. I no es van presentar al\u00b7legacions al projecte quan es va exposar el 8 d&#8217;abril de 2025.<\/p>\n\n<p>Les obres de demolici\u00f3 de la Casa Poquet Beltr\u00e1n ja han comen\u00e7at. El termini d&#8217;execuci\u00f3 del Museu de la Festa \u00e9s de deu mesos i el pressupost arriba als 1\u20195 milions d&#8217;euros.<\/p>\n","protected":false},"excerpt":{"rendered":"El disseny del futur Museu de la Festa de Calp ha estat concebut per a convertir-se en un&hellip;","protected":false},"author":5,"featured_media":91047,"comment_status":"closed","ping_status":"closed","sticky":false,"template":"","format":"standard","meta":{"csco_display_header_overlay":false,"csco_singular_sidebar":"","csco_page_header_type":"","csco_page_load_nextpost":"","csco_post_video_location":[],"csco_post_video_location_hash":"","csco_post_video_url":"","csco_post_video_bg_start_time":0,"csco_post_video_bg_end_time":0,"footnotes":""},"categories":[614],"tags":[3311,1736,831,2030],"class_list":{"0":"post-91049","1":"post","2":"type-post","3":"status-publish","4":"format-standard","5":"has-post-thumbnail","7":"category-municipal-ca-es","8":"tag-centre-historic","9":"tag-museu","10":"tag-obres","11":"tag-urbanisme","12":"cs-entry","13":"cs-video-wrap"},"yoast_head":"<!-- This site is optimized with the Yoast SEO Premium plugin v26.6 (Yoast SEO v27.3) - https:\/\/yoast.com\/product\/yoast-seo-premium-wordpress\/ -->\n<title>Un disseny arquitect\u00f2nic per a revitalitzar el barri antic - Canfali<\/title>\n<meta name=\"robots\" content=\"index, follow, max-snippet:-1, max-image-preview:large, max-video-preview:-1\" \/>\n<link rel=\"canonical\" href=\"https:\/\/canfali.com\/ca-es\/un-disseny-arquitectonic-per-a-revitalitzar-el-barri-antic\/\" \/>\n<meta property=\"og:locale\" content=\"en_US\" \/>\n<meta property=\"og:type\" content=\"article\" \/>\n<meta property=\"og:title\" content=\"Un disseny arquitect\u00f2nic per a revitalitzar el barri antic\" \/>\n<meta property=\"og:description\" content=\"El disseny del futur Museu de la Festa de Calp ha estat concebut per a convertir-se en un&hellip;\" \/>\n<meta property=\"og:url\" content=\"https:\/\/canfali.com\/ca-es\/un-disseny-arquitectonic-per-a-revitalitzar-el-barri-antic\/\" \/>\n<meta property=\"og:site_name\" content=\"Canfali\" \/>\n<meta property=\"article:publisher\" content=\"https:\/\/es-es.facebook.com\/CANFALIMarinaAlta\" \/>\n<meta property=\"article:published_time\" content=\"2026-03-13T07:39:33+00:00\" \/>\n<meta property=\"article:modified_time\" content=\"2026-03-13T07:42:18+00:00\" \/>\n<meta property=\"og:image\" content=\"https:\/\/canfali.com\/app\/uploads\/2026\/03\/museu-calp.jpg\" \/>\n\t<meta property=\"og:image:width\" content=\"2000\" \/>\n\t<meta property=\"og:image:height\" content=\"1500\" \/>\n\t<meta property=\"og:image:type\" content=\"image\/jpeg\" \/>\n<meta name=\"author\" content=\"D\u00eddac\" \/>\n<meta name=\"twitter:card\" content=\"summary_large_image\" \/>\n<meta name=\"twitter:creator\" content=\"@canfalima\" \/>\n<meta name=\"twitter:site\" content=\"@canfalima\" \/>\n<meta name=\"twitter:label1\" content=\"Written by\" \/>\n\t<meta name=\"twitter:data1\" content=\"D\u00eddac\" \/>\n\t<meta name=\"twitter:label2\" content=\"Est. reading time\" \/>\n\t<meta name=\"twitter:data2\" content=\"2 minutes\" \/>\n<script type=\"application\/ld+json\" class=\"yoast-schema-graph\">{\"@context\":\"https:\\\/\\\/schema.org\",\"@graph\":[{\"@type\":\"NewsArticle\",\"@id\":\"https:\\\/\\\/canfali.com\\\/ca-es\\\/un-disseny-arquitectonic-per-a-revitalitzar-el-barri-antic\\\/#article\",\"isPartOf\":{\"@id\":\"https:\\\/\\\/canfali.com\\\/ca-es\\\/un-disseny-arquitectonic-per-a-revitalitzar-el-barri-antic\\\/\"},\"author\":{\"name\":\"D\u00eddac\",\"@id\":\"https:\\\/\\\/canfali.com\\\/ca-es\\\/#\\\/schema\\\/person\\\/5211f51be1ed486a218e6a4f53355b6d\"},\"headline\":\"Un disseny arquitect\u00f2nic per a revitalitzar el barri antic\",\"datePublished\":\"2026-03-13T07:39:33+00:00\",\"dateModified\":\"2026-03-13T07:42:18+00:00\",\"mainEntityOfPage\":{\"@id\":\"https:\\\/\\\/canfali.com\\\/ca-es\\\/un-disseny-arquitectonic-per-a-revitalitzar-el-barri-antic\\\/\"},\"wordCount\":349,\"publisher\":{\"@id\":\"https:\\\/\\\/canfali.com\\\/ca-es\\\/#organization\"},\"image\":{\"@id\":\"https:\\\/\\\/canfali.com\\\/ca-es\\\/un-disseny-arquitectonic-per-a-revitalitzar-el-barri-antic\\\/#primaryimage\"},\"thumbnailUrl\":\"https:\\\/\\\/canfali.com\\\/app\\\/uploads\\\/2026\\\/03\\\/museu-calp.jpg\",\"keywords\":[\"centre hist\u00f2ric\",\"museu\",\"obres\",\"urbanisme\"],\"articleSection\":[\"Municipal\"],\"inLanguage\":\"va-ES\",\"copyrightYear\":\"2026\",\"copyrightHolder\":{\"@id\":\"https:\\\/\\\/canfali.com\\\/#organization\"}},{\"@type\":\"WebPage\",\"@id\":\"https:\\\/\\\/canfali.com\\\/ca-es\\\/un-disseny-arquitectonic-per-a-revitalitzar-el-barri-antic\\\/\",\"url\":\"https:\\\/\\\/canfali.com\\\/ca-es\\\/un-disseny-arquitectonic-per-a-revitalitzar-el-barri-antic\\\/\",\"name\":\"Un disseny arquitect\u00f2nic per a revitalitzar el barri antic - Canfali\",\"isPartOf\":{\"@id\":\"https:\\\/\\\/canfali.com\\\/ca-es\\\/#website\"},\"primaryImageOfPage\":{\"@id\":\"https:\\\/\\\/canfali.com\\\/ca-es\\\/un-disseny-arquitectonic-per-a-revitalitzar-el-barri-antic\\\/#primaryimage\"},\"image\":{\"@id\":\"https:\\\/\\\/canfali.com\\\/ca-es\\\/un-disseny-arquitectonic-per-a-revitalitzar-el-barri-antic\\\/#primaryimage\"},\"thumbnailUrl\":\"https:\\\/\\\/canfali.com\\\/app\\\/uploads\\\/2026\\\/03\\\/museu-calp.jpg\",\"datePublished\":\"2026-03-13T07:39:33+00:00\",\"dateModified\":\"2026-03-13T07:42:18+00:00\",\"breadcrumb\":{\"@id\":\"https:\\\/\\\/canfali.com\\\/ca-es\\\/un-disseny-arquitectonic-per-a-revitalitzar-el-barri-antic\\\/#breadcrumb\"},\"inLanguage\":\"va-ES\",\"potentialAction\":[{\"@type\":\"ReadAction\",\"target\":[\"https:\\\/\\\/canfali.com\\\/ca-es\\\/un-disseny-arquitectonic-per-a-revitalitzar-el-barri-antic\\\/\"]}]},{\"@type\":\"ImageObject\",\"inLanguage\":\"va-ES\",\"@id\":\"https:\\\/\\\/canfali.com\\\/ca-es\\\/un-disseny-arquitectonic-per-a-revitalitzar-el-barri-antic\\\/#primaryimage\",\"url\":\"https:\\\/\\\/canfali.com\\\/app\\\/uploads\\\/2026\\\/03\\\/museu-calp.jpg\",\"contentUrl\":\"https:\\\/\\\/canfali.com\\\/app\\\/uploads\\\/2026\\\/03\\\/museu-calp.jpg\",\"width\":2000,\"height\":1500},{\"@type\":\"BreadcrumbList\",\"@id\":\"https:\\\/\\\/canfali.com\\\/ca-es\\\/un-disseny-arquitectonic-per-a-revitalitzar-el-barri-antic\\\/#breadcrumb\",\"itemListElement\":[{\"@type\":\"ListItem\",\"position\":1,\"name\":\"Portada\",\"item\":\"https:\\\/\\\/canfali.com\\\/ca-es\\\/\"},{\"@type\":\"ListItem\",\"position\":2,\"name\":\"Un disseny arquitect\u00f2nic per a revitalitzar el barri antic\"}]},{\"@type\":\"WebSite\",\"@id\":\"https:\\\/\\\/canfali.com\\\/ca-es\\\/#website\",\"url\":\"https:\\\/\\\/canfali.com\\\/ca-es\\\/\",\"name\":\"Canfali\",\"description\":\"\",\"publisher\":{\"@id\":\"https:\\\/\\\/canfali.com\\\/ca-es\\\/#organization\"},\"potentialAction\":[{\"@type\":\"SearchAction\",\"target\":{\"@type\":\"EntryPoint\",\"urlTemplate\":\"https:\\\/\\\/canfali.com\\\/ca-es\\\/?s={search_term_string}\"},\"query-input\":{\"@type\":\"PropertyValueSpecification\",\"valueRequired\":true,\"valueName\":\"search_term_string\"}}],\"inLanguage\":\"va-ES\"},{\"@type\":\"Organization\",\"@id\":\"https:\\\/\\\/canfali.com\\\/ca-es\\\/#organization\",\"name\":\"Canfali\",\"url\":\"https:\\\/\\\/canfali.com\\\/ca-es\\\/\",\"logo\":{\"@type\":\"ImageObject\",\"inLanguage\":\"va-ES\",\"@id\":\"https:\\\/\\\/canfali.com\\\/ca-es\\\/#\\\/schema\\\/logo\\\/image\\\/\",\"url\":\"https:\\\/\\\/canfali.com\\\/app\\\/uploads\\\/2025\\\/12\\\/canfali_marina_alta_logo.png\",\"contentUrl\":\"https:\\\/\\\/canfali.com\\\/app\\\/uploads\\\/2025\\\/12\\\/canfali_marina_alta_logo.png\",\"width\":225,\"height\":225,\"caption\":\"Canfali\"},\"image\":{\"@id\":\"https:\\\/\\\/canfali.com\\\/ca-es\\\/#\\\/schema\\\/logo\\\/image\\\/\"},\"sameAs\":[\"https:\\\/\\\/es-es.facebook.com\\\/CANFALIMarinaAlta\",\"https:\\\/\\\/x.com\\\/canfalima\",\"https:\\\/\\\/www.instagram.com\\\/canfalimarinaalta\\\/\"]},{\"@type\":\"Person\",\"@id\":\"https:\\\/\\\/canfali.com\\\/ca-es\\\/#\\\/schema\\\/person\\\/5211f51be1ed486a218e6a4f53355b6d\",\"name\":\"D\u00eddac\",\"image\":{\"@type\":\"ImageObject\",\"inLanguage\":\"va-ES\",\"@id\":\"https:\\\/\\\/secure.gravatar.com\\\/avatar\\\/a68a2078c12da8a6dd6cff4f3f3f69f7eb69a2d31ac1aac4da61c3761e4557f4?s=96&d=mm&r=g\",\"url\":\"https:\\\/\\\/secure.gravatar.com\\\/avatar\\\/a68a2078c12da8a6dd6cff4f3f3f69f7eb69a2d31ac1aac4da61c3761e4557f4?s=96&d=mm&r=g\",\"contentUrl\":\"https:\\\/\\\/secure.gravatar.com\\\/avatar\\\/a68a2078c12da8a6dd6cff4f3f3f69f7eb69a2d31ac1aac4da61c3761e4557f4?s=96&d=mm&r=g\",\"caption\":\"D\u00eddac\"},\"url\":\"https:\\\/\\\/canfali.com\\\/ca-es\\\/author\\\/didac\\\/\"}]}<\/script>\n<!-- \/ Yoast SEO Premium plugin. -->","yoast_head_json":{"title":"Un disseny arquitect\u00f2nic per a revitalitzar el barri antic - Canfali","robots":{"index":"index","follow":"follow","max-snippet":"max-snippet:-1","max-image-preview":"max-image-preview:large","max-video-preview":"max-video-preview:-1"},"canonical":"https:\/\/canfali.com\/ca-es\/un-disseny-arquitectonic-per-a-revitalitzar-el-barri-antic\/","og_locale":"en_US","og_type":"article","og_title":"Un disseny arquitect\u00f2nic per a revitalitzar el barri antic","og_description":"El disseny del futur Museu de la Festa de Calp ha estat concebut per a convertir-se en un&hellip;","og_url":"https:\/\/canfali.com\/ca-es\/un-disseny-arquitectonic-per-a-revitalitzar-el-barri-antic\/","og_site_name":"Canfali","article_publisher":"https:\/\/es-es.facebook.com\/CANFALIMarinaAlta","article_published_time":"2026-03-13T07:39:33+00:00","article_modified_time":"2026-03-13T07:42:18+00:00","og_image":[{"width":2000,"height":1500,"url":"https:\/\/canfali.com\/app\/uploads\/2026\/03\/museu-calp.jpg","type":"image\/jpeg"}],"author":"D\u00eddac","twitter_card":"summary_large_image","twitter_creator":"@canfalima","twitter_site":"@canfalima","twitter_misc":{"Written by":"D\u00eddac","Est. reading time":"2 minutes"},"schema":{"@context":"https:\/\/schema.org","@graph":[{"@type":"NewsArticle","@id":"https:\/\/canfali.com\/ca-es\/un-disseny-arquitectonic-per-a-revitalitzar-el-barri-antic\/#article","isPartOf":{"@id":"https:\/\/canfali.com\/ca-es\/un-disseny-arquitectonic-per-a-revitalitzar-el-barri-antic\/"},"author":{"name":"D\u00eddac","@id":"https:\/\/canfali.com\/ca-es\/#\/schema\/person\/5211f51be1ed486a218e6a4f53355b6d"},"headline":"Un disseny arquitect\u00f2nic per a revitalitzar el barri antic","datePublished":"2026-03-13T07:39:33+00:00","dateModified":"2026-03-13T07:42:18+00:00","mainEntityOfPage":{"@id":"https:\/\/canfali.com\/ca-es\/un-disseny-arquitectonic-per-a-revitalitzar-el-barri-antic\/"},"wordCount":349,"publisher":{"@id":"https:\/\/canfali.com\/ca-es\/#organization"},"image":{"@id":"https:\/\/canfali.com\/ca-es\/un-disseny-arquitectonic-per-a-revitalitzar-el-barri-antic\/#primaryimage"},"thumbnailUrl":"https:\/\/canfali.com\/app\/uploads\/2026\/03\/museu-calp.jpg","keywords":["centre hist\u00f2ric","museu","obres","urbanisme"],"articleSection":["Municipal"],"inLanguage":"va-ES","copyrightYear":"2026","copyrightHolder":{"@id":"https:\/\/canfali.com\/#organization"}},{"@type":"WebPage","@id":"https:\/\/canfali.com\/ca-es\/un-disseny-arquitectonic-per-a-revitalitzar-el-barri-antic\/","url":"https:\/\/canfali.com\/ca-es\/un-disseny-arquitectonic-per-a-revitalitzar-el-barri-antic\/","name":"Un disseny arquitect\u00f2nic per a revitalitzar el barri antic - Canfali","isPartOf":{"@id":"https:\/\/canfali.com\/ca-es\/#website"},"primaryImageOfPage":{"@id":"https:\/\/canfali.com\/ca-es\/un-disseny-arquitectonic-per-a-revitalitzar-el-barri-antic\/#primaryimage"},"image":{"@id":"https:\/\/canfali.com\/ca-es\/un-disseny-arquitectonic-per-a-revitalitzar-el-barri-antic\/#primaryimage"},"thumbnailUrl":"https:\/\/canfali.com\/app\/uploads\/2026\/03\/museu-calp.jpg","datePublished":"2026-03-13T07:39:33+00:00","dateModified":"2026-03-13T07:42:18+00:00","breadcrumb":{"@id":"https:\/\/canfali.com\/ca-es\/un-disseny-arquitectonic-per-a-revitalitzar-el-barri-antic\/#breadcrumb"},"inLanguage":"va-ES","potentialAction":[{"@type":"ReadAction","target":["https:\/\/canfali.com\/ca-es\/un-disseny-arquitectonic-per-a-revitalitzar-el-barri-antic\/"]}]},{"@type":"ImageObject","inLanguage":"va-ES","@id":"https:\/\/canfali.com\/ca-es\/un-disseny-arquitectonic-per-a-revitalitzar-el-barri-antic\/#primaryimage","url":"https:\/\/canfali.com\/app\/uploads\/2026\/03\/museu-calp.jpg","contentUrl":"https:\/\/canfali.com\/app\/uploads\/2026\/03\/museu-calp.jpg","width":2000,"height":1500},{"@type":"BreadcrumbList","@id":"https:\/\/canfali.com\/ca-es\/un-disseny-arquitectonic-per-a-revitalitzar-el-barri-antic\/#breadcrumb","itemListElement":[{"@type":"ListItem","position":1,"name":"Portada","item":"https:\/\/canfali.com\/ca-es\/"},{"@type":"ListItem","position":2,"name":"Un disseny arquitect\u00f2nic per a revitalitzar el barri antic"}]},{"@type":"WebSite","@id":"https:\/\/canfali.com\/ca-es\/#website","url":"https:\/\/canfali.com\/ca-es\/","name":"Canfali","description":"","publisher":{"@id":"https:\/\/canfali.com\/ca-es\/#organization"},"potentialAction":[{"@type":"SearchAction","target":{"@type":"EntryPoint","urlTemplate":"https:\/\/canfali.com\/ca-es\/?s={search_term_string}"},"query-input":{"@type":"PropertyValueSpecification","valueRequired":true,"valueName":"search_term_string"}}],"inLanguage":"va-ES"},{"@type":"Organization","@id":"https:\/\/canfali.com\/ca-es\/#organization","name":"Canfali","url":"https:\/\/canfali.com\/ca-es\/","logo":{"@type":"ImageObject","inLanguage":"va-ES","@id":"https:\/\/canfali.com\/ca-es\/#\/schema\/logo\/image\/","url":"https:\/\/canfali.com\/app\/uploads\/2025\/12\/canfali_marina_alta_logo.png","contentUrl":"https:\/\/canfali.com\/app\/uploads\/2025\/12\/canfali_marina_alta_logo.png","width":225,"height":225,"caption":"Canfali"},"image":{"@id":"https:\/\/canfali.com\/ca-es\/#\/schema\/logo\/image\/"},"sameAs":["https:\/\/es-es.facebook.com\/CANFALIMarinaAlta","https:\/\/x.com\/canfalima","https:\/\/www.instagram.com\/canfalimarinaalta\/"]},{"@type":"Person","@id":"https:\/\/canfali.com\/ca-es\/#\/schema\/person\/5211f51be1ed486a218e6a4f53355b6d","name":"D\u00eddac","image":{"@type":"ImageObject","inLanguage":"va-ES","@id":"https:\/\/secure.gravatar.com\/avatar\/a68a2078c12da8a6dd6cff4f3f3f69f7eb69a2d31ac1aac4da61c3761e4557f4?s=96&d=mm&r=g","url":"https:\/\/secure.gravatar.com\/avatar\/a68a2078c12da8a6dd6cff4f3f3f69f7eb69a2d31ac1aac4da61c3761e4557f4?s=96&d=mm&r=g","contentUrl":"https:\/\/secure.gravatar.com\/avatar\/a68a2078c12da8a6dd6cff4f3f3f69f7eb69a2d31ac1aac4da61c3761e4557f4?s=96&d=mm&r=g","caption":"D\u00eddac"},"url":"https:\/\/canfali.com\/ca-es\/author\/didac\/"}]}},"_links":{"self":[{"href":"https:\/\/canfali.com\/ca-es\/wp-json\/wp\/v2\/posts\/91049","targetHints":{"allow":["GET"]}}],"collection":[{"href":"https:\/\/canfali.com\/ca-es\/wp-json\/wp\/v2\/posts"}],"about":[{"href":"https:\/\/canfali.com\/ca-es\/wp-json\/wp\/v2\/types\/post"}],"author":[{"embeddable":true,"href":"https:\/\/canfali.com\/ca-es\/wp-json\/wp\/v2\/users\/5"}],"replies":[{"embeddable":true,"href":"https:\/\/canfali.com\/ca-es\/wp-json\/wp\/v2\/comments?post=91049"}],"version-history":[{"count":1,"href":"https:\/\/canfali.com\/ca-es\/wp-json\/wp\/v2\/posts\/91049\/revisions"}],"predecessor-version":[{"id":91050,"href":"https:\/\/canfali.com\/ca-es\/wp-json\/wp\/v2\/posts\/91049\/revisions\/91050"}],"wp:featuredmedia":[{"embeddable":true,"href":"https:\/\/canfali.com\/ca-es\/wp-json\/wp\/v2\/media\/91047"}],"wp:attachment":[{"href":"https:\/\/canfali.com\/ca-es\/wp-json\/wp\/v2\/media?parent=91049"}],"wp:term":[{"taxonomy":"category","embeddable":true,"href":"https:\/\/canfali.com\/ca-es\/wp-json\/wp\/v2\/categories?post=91049"},{"taxonomy":"post_tag","embeddable":true,"href":"https:\/\/canfali.com\/ca-es\/wp-json\/wp\/v2\/tags?post=91049"}],"curies":[{"name":"wp","href":"https:\/\/api.w.org\/{rel}","templated":true}]}}