{"id":91042,"date":"2026-03-12T17:00:00","date_gmt":"2026-03-12T16:00:00","guid":{"rendered":"https:\/\/canfali.com\/els-docents-de-la-comarca-preparen-la-vaga-del-dia-31\/"},"modified":"2026-03-12T17:12:45","modified_gmt":"2026-03-12T16:12:45","slug":"els-docents-de-la-comarca-preparen-la-vaga-del-dia-31","status":"publish","type":"post","link":"https:\/\/canfali.com\/ca-es\/els-docents-de-la-comarca-preparen-la-vaga-del-dia-31\/","title":{"rendered":"Els docents de la comarca preparen la vaga del dia 31"},"content":{"rendered":"\n<blockquote class=\"wp-block-quote is-layout-flow wp-block-quote-is-layout-flow\">\n<p>S&#8217;han realitzat concentracions a les portes dels centres educatius per a organitzar la protesta&#13;\n&#13;\n<\/p>\n<\/blockquote>\n\n<p><\/p>\n\n<h2 class=\"wp-block-heading\" id=\"h-\"><\/h2>\n\n<p>Docents de la comarca de la Marina Alta han iniciat un proc\u00e9s de mobilitzacions que culminar\u00e0 el pr\u00f2xim 31 de mar\u00e7 amb una jornada de vaga educativa. Este dijous s&#8217;han concentrat a les portes dels col\u00b7legis i instituts per a comen\u00e7ar a articular una resposta col\u00b7lectiva enfront de les actuals pol\u00edtiques educatives del govern valenci\u00e0. Estes reunions han servit com a assemblees de base per a organitzar la protesta contra la degradaci\u00f3 de l&#8217;ensenyan\u00e7a p\u00fablica, la situaci\u00f3 del valenci\u00e0 a les aules i la creixent precarietat de les condicions laborals del personal docent.&#13;\n&#13;\n<\/p>\n\n<p>Els organitzadors de la convocat\u00f2ria subratllen que la defensa del treball docent est\u00e0 intr\u00ednsecament lligada al dret a una educaci\u00f3 p\u00fablica digna i compromesa amb els reptes socials contemporanis. Entre les seues reivindicacions destaquen la protecci\u00f3 de la llengua i cultura pr\u00f2pies, aix\u00ed com la vinculaci\u00f3 de l&#8217;escola amb la just\u00edcia social, el feminisme, l&#8217;antiracisme i la defensa ecol\u00f2gica del territori. El moviment busca sumar a fam\u00edlies i estudiants per a construir una for\u00e7a social capa\u00e7 de protegir el model educatiu enfront del que consideren atacs directes a la qualitat del sistema.&#13;\n&#13;\n<\/p>\n\n<p>De cara a la jornada d&#8217;atur, les assemblees de la Marina Alta han establit un calendari d&#8217;accions que es decidiran de manera horitzontal. Durant la setmana del 23 al 27 de mar\u00e7, cada centre educatiu consensuar\u00e0 diverses activitats pr\u00e8vies per a calfar motors de cara a la vaga general del dia 31. La comunitat educativa fa una crida general a la mobilitzaci\u00f3 ciutadana sota el lema que qualsevol inger\u00e8ncia en l&#8217;educaci\u00f3 p\u00fablica rebr\u00e0 una resposta ferma i organitzada per part de tots els sectors implicats.&#13;\n<\/p>\n\n<p><\/p>\n\n<p><\/p>\n\n<p><\/p>\n\n<p><\/p>\n\n<p><\/p>\n\n<p><\/p>\n\n<p><\/p>\n\n<p><\/p>\n\n<figure class=\"wp-block-image size-large\"><img decoding=\"async\" src=\"https:\/\/canfali.com\/app\/uploads\/2026\/03\/0df6dda1-380d-4017-9ef9-16da0aa5fc0a-1024x554.jpg.webp\" alt=\"\" class=\"wp-image-91003\"\/><\/figure>\n\n<figure class=\"wp-block-image size-large\"><img decoding=\"async\" src=\"https:\/\/canfali.com\/app\/uploads\/2026\/03\/2d6a24d0-97c1-48cf-b2d6-02c4bb7123a4-1024x603.jpg.webp\" alt=\"\" class=\"wp-image-91005\"\/><\/figure>\n\n<figure class=\"wp-block-image size-large\"><img decoding=\"async\" src=\"https:\/\/canfali.com\/app\/uploads\/2026\/03\/2dae477f-c1fe-48a3-992d-a097ffdb26b6-1024x768.jpg.webp\" alt=\"\" class=\"wp-image-91007\"\/><\/figure>\n\n<figure class=\"wp-block-image size-large\"><img decoding=\"async\" src=\"https:\/\/canfali.com\/app\/uploads\/2026\/03\/3c8fd9f1-5030-4eed-b0f4-86f7801bd9d6-1-1024x641.jpg.webp\" alt=\"\" class=\"wp-image-91009\"\/><\/figure>\n\n<figure class=\"wp-block-image size-large\"><img decoding=\"async\" src=\"https:\/\/canfali.com\/app\/uploads\/2026\/03\/4df8c6a9-d5b4-4dd0-8851-1e0a6cee09f1-1024x768.jpg.webp\" alt=\"\" class=\"wp-image-91011\"\/><\/figure>\n\n<figure class=\"wp-block-image size-large\"><img decoding=\"async\" src=\"https:\/\/canfali.com\/app\/uploads\/2026\/03\/4e93ad5d-cf93-486e-9653-bdebda495c01-1024x768.jpg.webp\" alt=\"\" class=\"wp-image-91013\"\/><\/figure>\n\n<figure class=\"wp-block-image size-large\"><img decoding=\"async\" src=\"https:\/\/canfali.com\/app\/uploads\/2026\/03\/4fd05243-5d90-45b3-a277-5f8f2b343050-1024x768.jpg.webp\" alt=\"\" class=\"wp-image-91015\"\/><\/figure>\n\n<figure class=\"wp-block-image size-large\"><img decoding=\"async\" src=\"https:\/\/canfali.com\/app\/uploads\/2026\/03\/6eb55477-3272-4a0c-9b57-3e6f958533d1-1-1024x768.jpg.webp\" alt=\"\" class=\"wp-image-91017\"\/><\/figure>\n\n<figure class=\"wp-block-image size-large\"><img decoding=\"async\" src=\"https:\/\/canfali.com\/app\/uploads\/2026\/03\/7e3f3329-9415-4fe5-b913-85bf8b76c9f1-768x1024.jpg.webp\" alt=\"\" class=\"wp-image-91019\"\/><\/figure>\n\n<figure class=\"wp-block-image size-large\"><img decoding=\"async\" src=\"https:\/\/canfali.com\/app\/uploads\/2026\/03\/9f912220-3ef8-45c7-bc22-fd57959bc591-768x1024.jpg.webp\" alt=\"\" class=\"wp-image-91021\"\/><\/figure>\n\n<figure class=\"wp-block-image size-large\"><img decoding=\"async\" src=\"https:\/\/canfali.com\/app\/uploads\/2026\/03\/86cf565d-94ac-46ec-adb2-e93f8de8a3a6-768x1024.jpg.webp\" alt=\"\" class=\"wp-image-91023\"\/><\/figure>\n\n<figure class=\"wp-block-image size-large\"><img decoding=\"async\" src=\"https:\/\/canfali.com\/app\/uploads\/2026\/03\/535c13d1-c676-4129-9baf-c21e102ec329-768x1024.jpg.webp\" alt=\"\" class=\"wp-image-91025\"\/><\/figure>\n\n<figure class=\"wp-block-image size-large\"><img decoding=\"async\" src=\"https:\/\/canfali.com\/app\/uploads\/2026\/03\/3725da4c-c679-4fda-9074-95e0501afe67-965x1024.jpg.webp\" alt=\"\" class=\"wp-image-91027\"\/><\/figure>\n\n<figure class=\"wp-block-image size-large\"><img decoding=\"async\" src=\"https:\/\/canfali.com\/app\/uploads\/2026\/03\/76474a9b-4fd9-440f-bcd5-67421f2677f8-1024x768.jpg.webp\" alt=\"\" class=\"wp-image-91029\"\/><\/figure>\n\n<figure class=\"wp-block-image size-large\"><img decoding=\"async\" src=\"https:\/\/canfali.com\/app\/uploads\/2026\/03\/3725da4c-c679-4fda-9074-95e0501afe67-1-965x1024.jpg.webp\" alt=\"\" class=\"wp-image-91031\"\/><\/figure>\n\n<figure class=\"wp-block-image size-large\"><img decoding=\"async\" src=\"https:\/\/canfali.com\/app\/uploads\/2026\/03\/d6b40270-7cd5-4f25-82f2-7a43b4333012-1024x598.jpg.webp\" alt=\"\" class=\"wp-image-91033\"\/><\/figure>\n\n<figure class=\"wp-block-image size-large\"><img decoding=\"async\" src=\"https:\/\/canfali.com\/app\/uploads\/2026\/03\/ca101c00-4ef7-4a9f-9000-a0aee0a7f36e-1024x771.jpg.webp\" alt=\"\" class=\"wp-image-91035\"\/><\/figure>\n","protected":false},"excerpt":{"rendered":"S&#8217;han realitzat concentracions a les portes dels centres educatius per a organitzar la protesta&#13; &#13; Docents de la&hellip;","protected":false},"author":7,"featured_media":91002,"comment_status":"closed","ping_status":"closed","sticky":false,"template":"","format":"standard","meta":{"csco_display_header_overlay":false,"csco_singular_sidebar":"","csco_page_header_type":"","csco_page_load_nextpost":"","csco_post_video_location":[],"csco_post_video_location_hash":"","csco_post_video_url":"","csco_post_video_bg_start_time":0,"csco_post_video_bg_end_time":0,"footnotes":""},"categories":[1,574],"tags":[763,5567],"class_list":{"0":"post-91042","1":"post","2":"type-post","3":"status-publish","4":"format-standard","5":"has-post-thumbnail","7":"category-sin-categorizar","8":"category-sociedad-2","9":"tag-educacio","10":"tag-vaga","11":"cs-entry","12":"cs-video-wrap"},"yoast_head":"<!-- This site is optimized with the Yoast SEO Premium plugin v26.6 (Yoast SEO v27.3) - https:\/\/yoast.com\/product\/yoast-seo-premium-wordpress\/ -->\n<title>Els docents de la comarca preparen la vaga del dia 31 - Canfali<\/title>\n<meta name=\"robots\" content=\"index, follow, max-snippet:-1, max-image-preview:large, max-video-preview:-1\" \/>\n<link rel=\"canonical\" href=\"https:\/\/canfali.com\/ca-es\/els-docents-de-la-comarca-preparen-la-vaga-del-dia-31\/\" \/>\n<meta property=\"og:locale\" content=\"en_US\" \/>\n<meta property=\"og:type\" content=\"article\" \/>\n<meta property=\"og:title\" content=\"Els docents de la comarca preparen la vaga del dia 31\" \/>\n<meta property=\"og:description\" content=\"S&#8217;han realitzat concentracions a les portes dels centres educatius per a organitzar la protesta&#013; &#013; Docents de la&hellip;\" \/>\n<meta property=\"og:url\" content=\"https:\/\/canfali.com\/ca-es\/els-docents-de-la-comarca-preparen-la-vaga-del-dia-31\/\" \/>\n<meta property=\"og:site_name\" content=\"Canfali\" \/>\n<meta property=\"article:publisher\" content=\"https:\/\/es-es.facebook.com\/CANFALIMarinaAlta\" \/>\n<meta property=\"article:published_time\" content=\"2026-03-12T16:00:00+00:00\" \/>\n<meta property=\"article:modified_time\" content=\"2026-03-12T16:12:45+00:00\" \/>\n<meta property=\"og:image\" content=\"https:\/\/canfali.com\/app\/uploads\/2026\/03\/1.jpg\" \/>\n\t<meta property=\"og:image:width\" content=\"2048\" \/>\n\t<meta property=\"og:image:height\" content=\"1536\" \/>\n\t<meta property=\"og:image:type\" content=\"image\/jpeg\" \/>\n<meta name=\"author\" content=\"Bolta\" \/>\n<meta name=\"twitter:card\" content=\"summary_large_image\" \/>\n<meta name=\"twitter:creator\" content=\"@canfalima\" \/>\n<meta name=\"twitter:site\" content=\"@canfalima\" \/>\n<meta name=\"twitter:label1\" content=\"Written by\" \/>\n\t<meta name=\"twitter:data1\" content=\"Bolta\" \/>\n\t<meta name=\"twitter:label2\" content=\"Est. reading time\" \/>\n\t<meta name=\"twitter:data2\" content=\"1 minute\" \/>\n<script type=\"application\/ld+json\" class=\"yoast-schema-graph\">{\"@context\":\"https:\\\/\\\/schema.org\",\"@graph\":[{\"@type\":\"NewsArticle\",\"@id\":\"https:\\\/\\\/canfali.com\\\/ca-es\\\/els-docents-de-la-comarca-preparen-la-vaga-del-dia-31\\\/#article\",\"isPartOf\":{\"@id\":\"https:\\\/\\\/canfali.com\\\/ca-es\\\/els-docents-de-la-comarca-preparen-la-vaga-del-dia-31\\\/\"},\"author\":{\"name\":\"Bolta\",\"@id\":\"https:\\\/\\\/canfali.com\\\/ca-es\\\/#\\\/schema\\\/person\\\/9c651adc904f3c4e0243f54407751557\"},\"headline\":\"Els docents de la comarca preparen la vaga del dia 31\",\"datePublished\":\"2026-03-12T16:00:00+00:00\",\"dateModified\":\"2026-03-12T16:12:45+00:00\",\"mainEntityOfPage\":{\"@id\":\"https:\\\/\\\/canfali.com\\\/ca-es\\\/els-docents-de-la-comarca-preparen-la-vaga-del-dia-31\\\/\"},\"wordCount\":317,\"publisher\":{\"@id\":\"https:\\\/\\\/canfali.com\\\/ca-es\\\/#organization\"},\"image\":{\"@id\":\"https:\\\/\\\/canfali.com\\\/ca-es\\\/els-docents-de-la-comarca-preparen-la-vaga-del-dia-31\\\/#primaryimage\"},\"thumbnailUrl\":\"https:\\\/\\\/canfali.com\\\/app\\\/uploads\\\/2026\\\/03\\\/1.jpg\",\"keywords\":[\"educaci\u00f3\",\"vaga\"],\"articleSection\":[\"Sin categorizar\",\"Sociedad\"],\"inLanguage\":\"va-ES\",\"copyrightYear\":\"2026\",\"copyrightHolder\":{\"@id\":\"https:\\\/\\\/canfali.com\\\/#organization\"}},{\"@type\":\"WebPage\",\"@id\":\"https:\\\/\\\/canfali.com\\\/ca-es\\\/els-docents-de-la-comarca-preparen-la-vaga-del-dia-31\\\/\",\"url\":\"https:\\\/\\\/canfali.com\\\/ca-es\\\/els-docents-de-la-comarca-preparen-la-vaga-del-dia-31\\\/\",\"name\":\"Els docents de la comarca preparen la vaga del dia 31 - Canfali\",\"isPartOf\":{\"@id\":\"https:\\\/\\\/canfali.com\\\/ca-es\\\/#website\"},\"primaryImageOfPage\":{\"@id\":\"https:\\\/\\\/canfali.com\\\/ca-es\\\/els-docents-de-la-comarca-preparen-la-vaga-del-dia-31\\\/#primaryimage\"},\"image\":{\"@id\":\"https:\\\/\\\/canfali.com\\\/ca-es\\\/els-docents-de-la-comarca-preparen-la-vaga-del-dia-31\\\/#primaryimage\"},\"thumbnailUrl\":\"https:\\\/\\\/canfali.com\\\/app\\\/uploads\\\/2026\\\/03\\\/1.jpg\",\"datePublished\":\"2026-03-12T16:00:00+00:00\",\"dateModified\":\"2026-03-12T16:12:45+00:00\",\"breadcrumb\":{\"@id\":\"https:\\\/\\\/canfali.com\\\/ca-es\\\/els-docents-de-la-comarca-preparen-la-vaga-del-dia-31\\\/#breadcrumb\"},\"inLanguage\":\"va-ES\",\"potentialAction\":[{\"@type\":\"ReadAction\",\"target\":[\"https:\\\/\\\/canfali.com\\\/ca-es\\\/els-docents-de-la-comarca-preparen-la-vaga-del-dia-31\\\/\"]}]},{\"@type\":\"ImageObject\",\"inLanguage\":\"va-ES\",\"@id\":\"https:\\\/\\\/canfali.com\\\/ca-es\\\/els-docents-de-la-comarca-preparen-la-vaga-del-dia-31\\\/#primaryimage\",\"url\":\"https:\\\/\\\/canfali.com\\\/app\\\/uploads\\\/2026\\\/03\\\/1.jpg\",\"contentUrl\":\"https:\\\/\\\/canfali.com\\\/app\\\/uploads\\\/2026\\\/03\\\/1.jpg\",\"width\":2048,\"height\":1536},{\"@type\":\"BreadcrumbList\",\"@id\":\"https:\\\/\\\/canfali.com\\\/ca-es\\\/els-docents-de-la-comarca-preparen-la-vaga-del-dia-31\\\/#breadcrumb\",\"itemListElement\":[{\"@type\":\"ListItem\",\"position\":1,\"name\":\"Portada\",\"item\":\"https:\\\/\\\/canfali.com\\\/ca-es\\\/\"},{\"@type\":\"ListItem\",\"position\":2,\"name\":\"Els docents de la comarca preparen la vaga del dia 31\"}]},{\"@type\":\"WebSite\",\"@id\":\"https:\\\/\\\/canfali.com\\\/ca-es\\\/#website\",\"url\":\"https:\\\/\\\/canfali.com\\\/ca-es\\\/\",\"name\":\"Canfali\",\"description\":\"\",\"publisher\":{\"@id\":\"https:\\\/\\\/canfali.com\\\/ca-es\\\/#organization\"},\"potentialAction\":[{\"@type\":\"SearchAction\",\"target\":{\"@type\":\"EntryPoint\",\"urlTemplate\":\"https:\\\/\\\/canfali.com\\\/ca-es\\\/?s={search_term_string}\"},\"query-input\":{\"@type\":\"PropertyValueSpecification\",\"valueRequired\":true,\"valueName\":\"search_term_string\"}}],\"inLanguage\":\"va-ES\"},{\"@type\":\"Organization\",\"@id\":\"https:\\\/\\\/canfali.com\\\/ca-es\\\/#organization\",\"name\":\"Canfali\",\"url\":\"https:\\\/\\\/canfali.com\\\/ca-es\\\/\",\"logo\":{\"@type\":\"ImageObject\",\"inLanguage\":\"va-ES\",\"@id\":\"https:\\\/\\\/canfali.com\\\/ca-es\\\/#\\\/schema\\\/logo\\\/image\\\/\",\"url\":\"https:\\\/\\\/canfali.com\\\/app\\\/uploads\\\/2025\\\/12\\\/canfali_marina_alta_logo.png\",\"contentUrl\":\"https:\\\/\\\/canfali.com\\\/app\\\/uploads\\\/2025\\\/12\\\/canfali_marina_alta_logo.png\",\"width\":225,\"height\":225,\"caption\":\"Canfali\"},\"image\":{\"@id\":\"https:\\\/\\\/canfali.com\\\/ca-es\\\/#\\\/schema\\\/logo\\\/image\\\/\"},\"sameAs\":[\"https:\\\/\\\/es-es.facebook.com\\\/CANFALIMarinaAlta\",\"https:\\\/\\\/x.com\\\/canfalima\",\"https:\\\/\\\/www.instagram.com\\\/canfalimarinaalta\\\/\"]},{\"@type\":\"Person\",\"@id\":\"https:\\\/\\\/canfali.com\\\/ca-es\\\/#\\\/schema\\\/person\\\/9c651adc904f3c4e0243f54407751557\",\"name\":\"Bolta\",\"image\":{\"@type\":\"ImageObject\",\"inLanguage\":\"va-ES\",\"@id\":\"https:\\\/\\\/secure.gravatar.com\\\/avatar\\\/550a5d97fe3cfba5caf077b9600e46529e1977e9d14396836e775d6d9d895a81?s=96&d=mm&r=g\",\"url\":\"https:\\\/\\\/secure.gravatar.com\\\/avatar\\\/550a5d97fe3cfba5caf077b9600e46529e1977e9d14396836e775d6d9d895a81?s=96&d=mm&r=g\",\"contentUrl\":\"https:\\\/\\\/secure.gravatar.com\\\/avatar\\\/550a5d97fe3cfba5caf077b9600e46529e1977e9d14396836e775d6d9d895a81?s=96&d=mm&r=g\",\"caption\":\"Bolta\"},\"url\":\"https:\\\/\\\/canfali.com\\\/ca-es\\\/author\\\/bolta\\\/\"}]}<\/script>\n<!-- \/ Yoast SEO Premium plugin. -->","yoast_head_json":{"title":"Els docents de la comarca preparen la vaga del dia 31 - Canfali","robots":{"index":"index","follow":"follow","max-snippet":"max-snippet:-1","max-image-preview":"max-image-preview:large","max-video-preview":"max-video-preview:-1"},"canonical":"https:\/\/canfali.com\/ca-es\/els-docents-de-la-comarca-preparen-la-vaga-del-dia-31\/","og_locale":"en_US","og_type":"article","og_title":"Els docents de la comarca preparen la vaga del dia 31","og_description":"S&#8217;han realitzat concentracions a les portes dels centres educatius per a organitzar la protesta&#13; &#13; Docents de la&hellip;","og_url":"https:\/\/canfali.com\/ca-es\/els-docents-de-la-comarca-preparen-la-vaga-del-dia-31\/","og_site_name":"Canfali","article_publisher":"https:\/\/es-es.facebook.com\/CANFALIMarinaAlta","article_published_time":"2026-03-12T16:00:00+00:00","article_modified_time":"2026-03-12T16:12:45+00:00","og_image":[{"width":2048,"height":1536,"url":"https:\/\/canfali.com\/app\/uploads\/2026\/03\/1.jpg","type":"image\/jpeg"}],"author":"Bolta","twitter_card":"summary_large_image","twitter_creator":"@canfalima","twitter_site":"@canfalima","twitter_misc":{"Written by":"Bolta","Est. reading time":"1 minute"},"schema":{"@context":"https:\/\/schema.org","@graph":[{"@type":"NewsArticle","@id":"https:\/\/canfali.com\/ca-es\/els-docents-de-la-comarca-preparen-la-vaga-del-dia-31\/#article","isPartOf":{"@id":"https:\/\/canfali.com\/ca-es\/els-docents-de-la-comarca-preparen-la-vaga-del-dia-31\/"},"author":{"name":"Bolta","@id":"https:\/\/canfali.com\/ca-es\/#\/schema\/person\/9c651adc904f3c4e0243f54407751557"},"headline":"Els docents de la comarca preparen la vaga del dia 31","datePublished":"2026-03-12T16:00:00+00:00","dateModified":"2026-03-12T16:12:45+00:00","mainEntityOfPage":{"@id":"https:\/\/canfali.com\/ca-es\/els-docents-de-la-comarca-preparen-la-vaga-del-dia-31\/"},"wordCount":317,"publisher":{"@id":"https:\/\/canfali.com\/ca-es\/#organization"},"image":{"@id":"https:\/\/canfali.com\/ca-es\/els-docents-de-la-comarca-preparen-la-vaga-del-dia-31\/#primaryimage"},"thumbnailUrl":"https:\/\/canfali.com\/app\/uploads\/2026\/03\/1.jpg","keywords":["educaci\u00f3","vaga"],"articleSection":["Sin categorizar","Sociedad"],"inLanguage":"va-ES","copyrightYear":"2026","copyrightHolder":{"@id":"https:\/\/canfali.com\/#organization"}},{"@type":"WebPage","@id":"https:\/\/canfali.com\/ca-es\/els-docents-de-la-comarca-preparen-la-vaga-del-dia-31\/","url":"https:\/\/canfali.com\/ca-es\/els-docents-de-la-comarca-preparen-la-vaga-del-dia-31\/","name":"Els docents de la comarca preparen la vaga del dia 31 - Canfali","isPartOf":{"@id":"https:\/\/canfali.com\/ca-es\/#website"},"primaryImageOfPage":{"@id":"https:\/\/canfali.com\/ca-es\/els-docents-de-la-comarca-preparen-la-vaga-del-dia-31\/#primaryimage"},"image":{"@id":"https:\/\/canfali.com\/ca-es\/els-docents-de-la-comarca-preparen-la-vaga-del-dia-31\/#primaryimage"},"thumbnailUrl":"https:\/\/canfali.com\/app\/uploads\/2026\/03\/1.jpg","datePublished":"2026-03-12T16:00:00+00:00","dateModified":"2026-03-12T16:12:45+00:00","breadcrumb":{"@id":"https:\/\/canfali.com\/ca-es\/els-docents-de-la-comarca-preparen-la-vaga-del-dia-31\/#breadcrumb"},"inLanguage":"va-ES","potentialAction":[{"@type":"ReadAction","target":["https:\/\/canfali.com\/ca-es\/els-docents-de-la-comarca-preparen-la-vaga-del-dia-31\/"]}]},{"@type":"ImageObject","inLanguage":"va-ES","@id":"https:\/\/canfali.com\/ca-es\/els-docents-de-la-comarca-preparen-la-vaga-del-dia-31\/#primaryimage","url":"https:\/\/canfali.com\/app\/uploads\/2026\/03\/1.jpg","contentUrl":"https:\/\/canfali.com\/app\/uploads\/2026\/03\/1.jpg","width":2048,"height":1536},{"@type":"BreadcrumbList","@id":"https:\/\/canfali.com\/ca-es\/els-docents-de-la-comarca-preparen-la-vaga-del-dia-31\/#breadcrumb","itemListElement":[{"@type":"ListItem","position":1,"name":"Portada","item":"https:\/\/canfali.com\/ca-es\/"},{"@type":"ListItem","position":2,"name":"Els docents de la comarca preparen la vaga del dia 31"}]},{"@type":"WebSite","@id":"https:\/\/canfali.com\/ca-es\/#website","url":"https:\/\/canfali.com\/ca-es\/","name":"Canfali","description":"","publisher":{"@id":"https:\/\/canfali.com\/ca-es\/#organization"},"potentialAction":[{"@type":"SearchAction","target":{"@type":"EntryPoint","urlTemplate":"https:\/\/canfali.com\/ca-es\/?s={search_term_string}"},"query-input":{"@type":"PropertyValueSpecification","valueRequired":true,"valueName":"search_term_string"}}],"inLanguage":"va-ES"},{"@type":"Organization","@id":"https:\/\/canfali.com\/ca-es\/#organization","name":"Canfali","url":"https:\/\/canfali.com\/ca-es\/","logo":{"@type":"ImageObject","inLanguage":"va-ES","@id":"https:\/\/canfali.com\/ca-es\/#\/schema\/logo\/image\/","url":"https:\/\/canfali.com\/app\/uploads\/2025\/12\/canfali_marina_alta_logo.png","contentUrl":"https:\/\/canfali.com\/app\/uploads\/2025\/12\/canfali_marina_alta_logo.png","width":225,"height":225,"caption":"Canfali"},"image":{"@id":"https:\/\/canfali.com\/ca-es\/#\/schema\/logo\/image\/"},"sameAs":["https:\/\/es-es.facebook.com\/CANFALIMarinaAlta","https:\/\/x.com\/canfalima","https:\/\/www.instagram.com\/canfalimarinaalta\/"]},{"@type":"Person","@id":"https:\/\/canfali.com\/ca-es\/#\/schema\/person\/9c651adc904f3c4e0243f54407751557","name":"Bolta","image":{"@type":"ImageObject","inLanguage":"va-ES","@id":"https:\/\/secure.gravatar.com\/avatar\/550a5d97fe3cfba5caf077b9600e46529e1977e9d14396836e775d6d9d895a81?s=96&d=mm&r=g","url":"https:\/\/secure.gravatar.com\/avatar\/550a5d97fe3cfba5caf077b9600e46529e1977e9d14396836e775d6d9d895a81?s=96&d=mm&r=g","contentUrl":"https:\/\/secure.gravatar.com\/avatar\/550a5d97fe3cfba5caf077b9600e46529e1977e9d14396836e775d6d9d895a81?s=96&d=mm&r=g","caption":"Bolta"},"url":"https:\/\/canfali.com\/ca-es\/author\/bolta\/"}]}},"_links":{"self":[{"href":"https:\/\/canfali.com\/ca-es\/wp-json\/wp\/v2\/posts\/91042","targetHints":{"allow":["GET"]}}],"collection":[{"href":"https:\/\/canfali.com\/ca-es\/wp-json\/wp\/v2\/posts"}],"about":[{"href":"https:\/\/canfali.com\/ca-es\/wp-json\/wp\/v2\/types\/post"}],"author":[{"embeddable":true,"href":"https:\/\/canfali.com\/ca-es\/wp-json\/wp\/v2\/users\/7"}],"replies":[{"embeddable":true,"href":"https:\/\/canfali.com\/ca-es\/wp-json\/wp\/v2\/comments?post=91042"}],"version-history":[{"count":1,"href":"https:\/\/canfali.com\/ca-es\/wp-json\/wp\/v2\/posts\/91042\/revisions"}],"predecessor-version":[{"id":91043,"href":"https:\/\/canfali.com\/ca-es\/wp-json\/wp\/v2\/posts\/91042\/revisions\/91043"}],"wp:featuredmedia":[{"embeddable":true,"href":"https:\/\/canfali.com\/ca-es\/wp-json\/wp\/v2\/media\/91002"}],"wp:attachment":[{"href":"https:\/\/canfali.com\/ca-es\/wp-json\/wp\/v2\/media?parent=91042"}],"wp:term":[{"taxonomy":"category","embeddable":true,"href":"https:\/\/canfali.com\/ca-es\/wp-json\/wp\/v2\/categories?post=91042"},{"taxonomy":"post_tag","embeddable":true,"href":"https:\/\/canfali.com\/ca-es\/wp-json\/wp\/v2\/tags?post=91042"}],"curies":[{"name":"wp","href":"https:\/\/api.w.org\/{rel}","templated":true}]}}