{"id":90988,"date":"2026-03-12T12:09:54","date_gmt":"2026-03-12T11:09:54","guid":{"rendered":"https:\/\/canfali.com\/dexcaro-sera-lunic-participant-de-la-comarca-en-el-concurs-de-la-gamba-roja\/"},"modified":"2026-03-12T12:16:57","modified_gmt":"2026-03-12T11:16:57","slug":"dexcaro-sera-lunic-participant-de-la-comarca-en-el-concurs-de-la-gamba-roja","status":"publish","type":"post","link":"https:\/\/canfali.com\/ca-es\/dexcaro-sera-lunic-participant-de-la-comarca-en-el-concurs-de-la-gamba-roja\/","title":{"rendered":"Dexcaro ser\u00e0 l&#8217;\u00fanic participant de la comarca en el concurs de la gamba roja"},"content":{"rendered":"\n<p><\/p>\n\n<p>Ja hi ha finalistes per al Concurs Internacional de Cuina Creativa de la Gamba Roja de D\u00e9nia, que se celebrar\u00e0 el pr\u00f2xim dia 24 en el Mercat Municipal. Entre ells es troba Carlos Garc\u00eda Moreno, xef de Dexcaro Restaurant, de D\u00e9nia. Al costat del cuiner local, competiran cuiners d&#8217;establiments de prestigi de diferents ciutats espanyoles.&#13;\n&#13;\n&#13;\n&#13;\n<\/p>\n\n<p>Els vuit participant en el concurs seran:  Jes\u00fas Iv\u00e1n Anaya G\u00f3mez, de El Mirador de La Mancha, de (Villarrubia de los Ojos, Ciudad Real); Arnau Casadevall Lloveras, de Divinum, (Girona); Alex Garc\u00eda de la Fuente, de In-pulso, (Madrid); Carlos Miguel Garc\u00eda Moreno, de Dexcaro (D\u00e9nia); Carlos Hern\u00e1ndez Esteban, de ABaC Restaurant (Barcelona); Marcos Montagut Liarte, de La Paradeta del Mercat (La Seu d\u2019Urgell); Sara Ortiz, de Ver Aguas (Barcelona) i Alberto Villegas Villegas, de San Remo (Palencia) <\/p>\n\n<p>El veredicte recaur\u00e0 en un jurat d&#8217;excepci\u00f3 que suma un total d&#8217;onze estreles Michelin i compta amb algunes de les figures m\u00e9s influents del sector. Sota la presid\u00e8ncia de la periodista Julia P\u00e9rez Lozano, el panell d&#8217;experts inclour\u00e0 noms de la talla de Quique Dacosta, Mario Sandoval, Fina Puigdevall, Rafa de Bedoya, Santi Taura i Elio Ferpel, a m\u00e9s de cr\u00edtics i acad\u00e8mics de refer\u00e8ncia com Jos\u00e9 Carlos Capel i Sergio Terol.&#13;\n&#13;\n<\/p>\n\n<p>Durant la jornada del certamen, els participants hauran d&#8217;elaborar els seus plats en directe davant la mirada atenta del jurat i el p\u00fablic. Els jutges avaluaran criteris fonamentals com el sabor, la t\u00e8cnica, la presentaci\u00f3 i, molt especialment, el respecte al protagonisme real de la gamba roja en la proposta. L&#8217;objectiu \u00e9s trobar una recepta que, a trav\u00e9s de l&#8217;avantguarda, s\u00e0pia enaltir la puresa d&#8217;un producte que s&#8217;ha convertit en la gran icona de la ciutat.&#13;\n&#13;\n<\/p>\n\n<p>El concurs, organitzat per l&#8217;Associaci\u00f3 d&#8217;Empresaris d&#8217;Hostaleria i Turisme de la Marina Alta en col\u00b7laboraci\u00f3 amb l&#8217;Ajuntament de D\u00e9nia, atorgar\u00e0 tres premis econ\u00f2mics i el simb\u00f2lic trofeu dissenyat per l&#8217;artista Toni Mar\u00ed. Segons els organitzadors, este esdeveniment no sols premia el talent individual dels cuiners, sin\u00f3 que consolida la projecci\u00f3 internacional de la gastronomia local i el prestigi de la seua mat\u00e8ria primera m\u00e9s preuada.&#13;\n<\/p>\n","protected":false},"excerpt":{"rendered":"Ja hi ha finalistes per al Concurs Internacional de Cuina Creativa de la Gamba Roja de D\u00e9nia, que&hellip;","protected":false},"author":7,"featured_media":90986,"comment_status":"closed","ping_status":"closed","sticky":false,"template":"","format":"standard","meta":{"csco_display_header_overlay":false,"csco_singular_sidebar":"","csco_page_header_type":"","csco_page_load_nextpost":"","csco_post_video_location":[],"csco_post_video_location_hash":"","csco_post_video_url":"","csco_post_video_bg_start_time":0,"csco_post_video_bg_end_time":0,"footnotes":""},"categories":[615],"tags":[822,7069,689,1226],"class_list":{"0":"post-90988","1":"post","2":"type-post","3":"status-publish","4":"format-standard","5":"has-post-thumbnail","7":"category-successos","8":"tag-concurs","9":"tag-gamba","10":"tag-hostaleria","11":"tag-turisme","12":"cs-entry","13":"cs-video-wrap"},"yoast_head":"<!-- This site is optimized with the Yoast SEO Premium plugin v26.6 (Yoast SEO v27.3) - https:\/\/yoast.com\/product\/yoast-seo-premium-wordpress\/ -->\n<title>Dexcaro ser\u00e0 l&#039;\u00fanic participant de la comarca en el concurs de la gamba roja - Canfali<\/title>\n<meta name=\"robots\" content=\"index, follow, max-snippet:-1, max-image-preview:large, max-video-preview:-1\" \/>\n<link rel=\"canonical\" href=\"https:\/\/canfali.com\/ca-es\/dexcaro-sera-lunic-participant-de-la-comarca-en-el-concurs-de-la-gamba-roja\/\" \/>\n<meta property=\"og:locale\" content=\"en_US\" \/>\n<meta property=\"og:type\" content=\"article\" \/>\n<meta property=\"og:title\" content=\"Dexcaro ser\u00e0 l&#039;\u00fanic participant de la comarca en el concurs de la gamba roja\" \/>\n<meta property=\"og:description\" content=\"Ja hi ha finalistes per al Concurs Internacional de Cuina Creativa de la Gamba Roja de D\u00e9nia, que&hellip;\" \/>\n<meta property=\"og:url\" content=\"https:\/\/canfali.com\/ca-es\/dexcaro-sera-lunic-participant-de-la-comarca-en-el-concurs-de-la-gamba-roja\/\" \/>\n<meta property=\"og:site_name\" content=\"Canfali\" \/>\n<meta property=\"article:publisher\" content=\"https:\/\/es-es.facebook.com\/CANFALIMarinaAlta\" \/>\n<meta property=\"article:published_time\" content=\"2026-03-12T11:09:54+00:00\" \/>\n<meta property=\"article:modified_time\" content=\"2026-03-12T11:16:57+00:00\" \/>\n<meta property=\"og:image\" content=\"https:\/\/canfali.com\/app\/uploads\/2026\/03\/Foto-archivo-XIII-edicion-Gamba-Roja-Denia-2-scaled.jpg\" \/>\n\t<meta property=\"og:image:width\" content=\"2560\" \/>\n\t<meta property=\"og:image:height\" content=\"1707\" \/>\n\t<meta property=\"og:image:type\" content=\"image\/jpeg\" \/>\n<meta name=\"author\" content=\"Bolta\" \/>\n<meta name=\"twitter:card\" content=\"summary_large_image\" \/>\n<meta name=\"twitter:creator\" content=\"@canfalima\" \/>\n<meta name=\"twitter:site\" content=\"@canfalima\" \/>\n<meta name=\"twitter:label1\" content=\"Written by\" \/>\n\t<meta name=\"twitter:data1\" content=\"Bolta\" \/>\n\t<meta name=\"twitter:label2\" content=\"Est. reading time\" \/>\n\t<meta name=\"twitter:data2\" content=\"2 minutes\" \/>\n<script type=\"application\/ld+json\" class=\"yoast-schema-graph\">{\"@context\":\"https:\\\/\\\/schema.org\",\"@graph\":[{\"@type\":\"NewsArticle\",\"@id\":\"https:\\\/\\\/canfali.com\\\/ca-es\\\/dexcaro-sera-lunic-participant-de-la-comarca-en-el-concurs-de-la-gamba-roja\\\/#article\",\"isPartOf\":{\"@id\":\"https:\\\/\\\/canfali.com\\\/ca-es\\\/dexcaro-sera-lunic-participant-de-la-comarca-en-el-concurs-de-la-gamba-roja\\\/\"},\"author\":{\"name\":\"Bolta\",\"@id\":\"https:\\\/\\\/canfali.com\\\/ca-es\\\/#\\\/schema\\\/person\\\/9c651adc904f3c4e0243f54407751557\"},\"headline\":\"Dexcaro ser\u00e0 l&#8217;\u00fanic participant de la comarca en el concurs de la gamba roja\",\"datePublished\":\"2026-03-12T11:09:54+00:00\",\"dateModified\":\"2026-03-12T11:16:57+00:00\",\"mainEntityOfPage\":{\"@id\":\"https:\\\/\\\/canfali.com\\\/ca-es\\\/dexcaro-sera-lunic-participant-de-la-comarca-en-el-concurs-de-la-gamba-roja\\\/\"},\"wordCount\":402,\"publisher\":{\"@id\":\"https:\\\/\\\/canfali.com\\\/ca-es\\\/#organization\"},\"image\":{\"@id\":\"https:\\\/\\\/canfali.com\\\/ca-es\\\/dexcaro-sera-lunic-participant-de-la-comarca-en-el-concurs-de-la-gamba-roja\\\/#primaryimage\"},\"thumbnailUrl\":\"https:\\\/\\\/canfali.com\\\/app\\\/uploads\\\/2026\\\/03\\\/Foto-archivo-XIII-edicion-Gamba-Roja-Denia-2-scaled.jpg\",\"keywords\":[\"concurs\",\"gamba\",\"hostaleria\",\"turisme\"],\"articleSection\":[\"Successos\"],\"inLanguage\":\"va-ES\",\"copyrightYear\":\"2026\",\"copyrightHolder\":{\"@id\":\"https:\\\/\\\/canfali.com\\\/#organization\"}},{\"@type\":\"WebPage\",\"@id\":\"https:\\\/\\\/canfali.com\\\/ca-es\\\/dexcaro-sera-lunic-participant-de-la-comarca-en-el-concurs-de-la-gamba-roja\\\/\",\"url\":\"https:\\\/\\\/canfali.com\\\/ca-es\\\/dexcaro-sera-lunic-participant-de-la-comarca-en-el-concurs-de-la-gamba-roja\\\/\",\"name\":\"Dexcaro ser\u00e0 l'\u00fanic participant de la comarca en el concurs de la gamba roja - Canfali\",\"isPartOf\":{\"@id\":\"https:\\\/\\\/canfali.com\\\/ca-es\\\/#website\"},\"primaryImageOfPage\":{\"@id\":\"https:\\\/\\\/canfali.com\\\/ca-es\\\/dexcaro-sera-lunic-participant-de-la-comarca-en-el-concurs-de-la-gamba-roja\\\/#primaryimage\"},\"image\":{\"@id\":\"https:\\\/\\\/canfali.com\\\/ca-es\\\/dexcaro-sera-lunic-participant-de-la-comarca-en-el-concurs-de-la-gamba-roja\\\/#primaryimage\"},\"thumbnailUrl\":\"https:\\\/\\\/canfali.com\\\/app\\\/uploads\\\/2026\\\/03\\\/Foto-archivo-XIII-edicion-Gamba-Roja-Denia-2-scaled.jpg\",\"datePublished\":\"2026-03-12T11:09:54+00:00\",\"dateModified\":\"2026-03-12T11:16:57+00:00\",\"breadcrumb\":{\"@id\":\"https:\\\/\\\/canfali.com\\\/ca-es\\\/dexcaro-sera-lunic-participant-de-la-comarca-en-el-concurs-de-la-gamba-roja\\\/#breadcrumb\"},\"inLanguage\":\"va-ES\",\"potentialAction\":[{\"@type\":\"ReadAction\",\"target\":[\"https:\\\/\\\/canfali.com\\\/ca-es\\\/dexcaro-sera-lunic-participant-de-la-comarca-en-el-concurs-de-la-gamba-roja\\\/\"]}]},{\"@type\":\"ImageObject\",\"inLanguage\":\"va-ES\",\"@id\":\"https:\\\/\\\/canfali.com\\\/ca-es\\\/dexcaro-sera-lunic-participant-de-la-comarca-en-el-concurs-de-la-gamba-roja\\\/#primaryimage\",\"url\":\"https:\\\/\\\/canfali.com\\\/app\\\/uploads\\\/2026\\\/03\\\/Foto-archivo-XIII-edicion-Gamba-Roja-Denia-2-scaled.jpg\",\"contentUrl\":\"https:\\\/\\\/canfali.com\\\/app\\\/uploads\\\/2026\\\/03\\\/Foto-archivo-XIII-edicion-Gamba-Roja-Denia-2-scaled.jpg\",\"width\":2560,\"height\":1707},{\"@type\":\"BreadcrumbList\",\"@id\":\"https:\\\/\\\/canfali.com\\\/ca-es\\\/dexcaro-sera-lunic-participant-de-la-comarca-en-el-concurs-de-la-gamba-roja\\\/#breadcrumb\",\"itemListElement\":[{\"@type\":\"ListItem\",\"position\":1,\"name\":\"Portada\",\"item\":\"https:\\\/\\\/canfali.com\\\/ca-es\\\/\"},{\"@type\":\"ListItem\",\"position\":2,\"name\":\"Dexcaro ser\u00e0 l&#8217;\u00fanic participant de la comarca en el concurs de la gamba roja\"}]},{\"@type\":\"WebSite\",\"@id\":\"https:\\\/\\\/canfali.com\\\/ca-es\\\/#website\",\"url\":\"https:\\\/\\\/canfali.com\\\/ca-es\\\/\",\"name\":\"Canfali\",\"description\":\"\",\"publisher\":{\"@id\":\"https:\\\/\\\/canfali.com\\\/ca-es\\\/#organization\"},\"potentialAction\":[{\"@type\":\"SearchAction\",\"target\":{\"@type\":\"EntryPoint\",\"urlTemplate\":\"https:\\\/\\\/canfali.com\\\/ca-es\\\/?s={search_term_string}\"},\"query-input\":{\"@type\":\"PropertyValueSpecification\",\"valueRequired\":true,\"valueName\":\"search_term_string\"}}],\"inLanguage\":\"va-ES\"},{\"@type\":\"Organization\",\"@id\":\"https:\\\/\\\/canfali.com\\\/ca-es\\\/#organization\",\"name\":\"Canfali\",\"url\":\"https:\\\/\\\/canfali.com\\\/ca-es\\\/\",\"logo\":{\"@type\":\"ImageObject\",\"inLanguage\":\"va-ES\",\"@id\":\"https:\\\/\\\/canfali.com\\\/ca-es\\\/#\\\/schema\\\/logo\\\/image\\\/\",\"url\":\"https:\\\/\\\/canfali.com\\\/app\\\/uploads\\\/2025\\\/12\\\/canfali_marina_alta_logo.png\",\"contentUrl\":\"https:\\\/\\\/canfali.com\\\/app\\\/uploads\\\/2025\\\/12\\\/canfali_marina_alta_logo.png\",\"width\":225,\"height\":225,\"caption\":\"Canfali\"},\"image\":{\"@id\":\"https:\\\/\\\/canfali.com\\\/ca-es\\\/#\\\/schema\\\/logo\\\/image\\\/\"},\"sameAs\":[\"https:\\\/\\\/es-es.facebook.com\\\/CANFALIMarinaAlta\",\"https:\\\/\\\/x.com\\\/canfalima\",\"https:\\\/\\\/www.instagram.com\\\/canfalimarinaalta\\\/\"]},{\"@type\":\"Person\",\"@id\":\"https:\\\/\\\/canfali.com\\\/ca-es\\\/#\\\/schema\\\/person\\\/9c651adc904f3c4e0243f54407751557\",\"name\":\"Bolta\",\"image\":{\"@type\":\"ImageObject\",\"inLanguage\":\"va-ES\",\"@id\":\"https:\\\/\\\/secure.gravatar.com\\\/avatar\\\/550a5d97fe3cfba5caf077b9600e46529e1977e9d14396836e775d6d9d895a81?s=96&d=mm&r=g\",\"url\":\"https:\\\/\\\/secure.gravatar.com\\\/avatar\\\/550a5d97fe3cfba5caf077b9600e46529e1977e9d14396836e775d6d9d895a81?s=96&d=mm&r=g\",\"contentUrl\":\"https:\\\/\\\/secure.gravatar.com\\\/avatar\\\/550a5d97fe3cfba5caf077b9600e46529e1977e9d14396836e775d6d9d895a81?s=96&d=mm&r=g\",\"caption\":\"Bolta\"},\"url\":\"https:\\\/\\\/canfali.com\\\/ca-es\\\/author\\\/bolta\\\/\"}]}<\/script>\n<!-- \/ Yoast SEO Premium plugin. -->","yoast_head_json":{"title":"Dexcaro ser\u00e0 l'\u00fanic participant de la comarca en el concurs de la gamba roja - Canfali","robots":{"index":"index","follow":"follow","max-snippet":"max-snippet:-1","max-image-preview":"max-image-preview:large","max-video-preview":"max-video-preview:-1"},"canonical":"https:\/\/canfali.com\/ca-es\/dexcaro-sera-lunic-participant-de-la-comarca-en-el-concurs-de-la-gamba-roja\/","og_locale":"en_US","og_type":"article","og_title":"Dexcaro ser\u00e0 l'\u00fanic participant de la comarca en el concurs de la gamba roja","og_description":"Ja hi ha finalistes per al Concurs Internacional de Cuina Creativa de la Gamba Roja de D\u00e9nia, que&hellip;","og_url":"https:\/\/canfali.com\/ca-es\/dexcaro-sera-lunic-participant-de-la-comarca-en-el-concurs-de-la-gamba-roja\/","og_site_name":"Canfali","article_publisher":"https:\/\/es-es.facebook.com\/CANFALIMarinaAlta","article_published_time":"2026-03-12T11:09:54+00:00","article_modified_time":"2026-03-12T11:16:57+00:00","og_image":[{"width":2560,"height":1707,"url":"https:\/\/canfali.com\/app\/uploads\/2026\/03\/Foto-archivo-XIII-edicion-Gamba-Roja-Denia-2-scaled.jpg","type":"image\/jpeg"}],"author":"Bolta","twitter_card":"summary_large_image","twitter_creator":"@canfalima","twitter_site":"@canfalima","twitter_misc":{"Written by":"Bolta","Est. reading time":"2 minutes"},"schema":{"@context":"https:\/\/schema.org","@graph":[{"@type":"NewsArticle","@id":"https:\/\/canfali.com\/ca-es\/dexcaro-sera-lunic-participant-de-la-comarca-en-el-concurs-de-la-gamba-roja\/#article","isPartOf":{"@id":"https:\/\/canfali.com\/ca-es\/dexcaro-sera-lunic-participant-de-la-comarca-en-el-concurs-de-la-gamba-roja\/"},"author":{"name":"Bolta","@id":"https:\/\/canfali.com\/ca-es\/#\/schema\/person\/9c651adc904f3c4e0243f54407751557"},"headline":"Dexcaro ser\u00e0 l&#8217;\u00fanic participant de la comarca en el concurs de la gamba roja","datePublished":"2026-03-12T11:09:54+00:00","dateModified":"2026-03-12T11:16:57+00:00","mainEntityOfPage":{"@id":"https:\/\/canfali.com\/ca-es\/dexcaro-sera-lunic-participant-de-la-comarca-en-el-concurs-de-la-gamba-roja\/"},"wordCount":402,"publisher":{"@id":"https:\/\/canfali.com\/ca-es\/#organization"},"image":{"@id":"https:\/\/canfali.com\/ca-es\/dexcaro-sera-lunic-participant-de-la-comarca-en-el-concurs-de-la-gamba-roja\/#primaryimage"},"thumbnailUrl":"https:\/\/canfali.com\/app\/uploads\/2026\/03\/Foto-archivo-XIII-edicion-Gamba-Roja-Denia-2-scaled.jpg","keywords":["concurs","gamba","hostaleria","turisme"],"articleSection":["Successos"],"inLanguage":"va-ES","copyrightYear":"2026","copyrightHolder":{"@id":"https:\/\/canfali.com\/#organization"}},{"@type":"WebPage","@id":"https:\/\/canfali.com\/ca-es\/dexcaro-sera-lunic-participant-de-la-comarca-en-el-concurs-de-la-gamba-roja\/","url":"https:\/\/canfali.com\/ca-es\/dexcaro-sera-lunic-participant-de-la-comarca-en-el-concurs-de-la-gamba-roja\/","name":"Dexcaro ser\u00e0 l'\u00fanic participant de la comarca en el concurs de la gamba roja - Canfali","isPartOf":{"@id":"https:\/\/canfali.com\/ca-es\/#website"},"primaryImageOfPage":{"@id":"https:\/\/canfali.com\/ca-es\/dexcaro-sera-lunic-participant-de-la-comarca-en-el-concurs-de-la-gamba-roja\/#primaryimage"},"image":{"@id":"https:\/\/canfali.com\/ca-es\/dexcaro-sera-lunic-participant-de-la-comarca-en-el-concurs-de-la-gamba-roja\/#primaryimage"},"thumbnailUrl":"https:\/\/canfali.com\/app\/uploads\/2026\/03\/Foto-archivo-XIII-edicion-Gamba-Roja-Denia-2-scaled.jpg","datePublished":"2026-03-12T11:09:54+00:00","dateModified":"2026-03-12T11:16:57+00:00","breadcrumb":{"@id":"https:\/\/canfali.com\/ca-es\/dexcaro-sera-lunic-participant-de-la-comarca-en-el-concurs-de-la-gamba-roja\/#breadcrumb"},"inLanguage":"va-ES","potentialAction":[{"@type":"ReadAction","target":["https:\/\/canfali.com\/ca-es\/dexcaro-sera-lunic-participant-de-la-comarca-en-el-concurs-de-la-gamba-roja\/"]}]},{"@type":"ImageObject","inLanguage":"va-ES","@id":"https:\/\/canfali.com\/ca-es\/dexcaro-sera-lunic-participant-de-la-comarca-en-el-concurs-de-la-gamba-roja\/#primaryimage","url":"https:\/\/canfali.com\/app\/uploads\/2026\/03\/Foto-archivo-XIII-edicion-Gamba-Roja-Denia-2-scaled.jpg","contentUrl":"https:\/\/canfali.com\/app\/uploads\/2026\/03\/Foto-archivo-XIII-edicion-Gamba-Roja-Denia-2-scaled.jpg","width":2560,"height":1707},{"@type":"BreadcrumbList","@id":"https:\/\/canfali.com\/ca-es\/dexcaro-sera-lunic-participant-de-la-comarca-en-el-concurs-de-la-gamba-roja\/#breadcrumb","itemListElement":[{"@type":"ListItem","position":1,"name":"Portada","item":"https:\/\/canfali.com\/ca-es\/"},{"@type":"ListItem","position":2,"name":"Dexcaro ser\u00e0 l&#8217;\u00fanic participant de la comarca en el concurs de la gamba roja"}]},{"@type":"WebSite","@id":"https:\/\/canfali.com\/ca-es\/#website","url":"https:\/\/canfali.com\/ca-es\/","name":"Canfali","description":"","publisher":{"@id":"https:\/\/canfali.com\/ca-es\/#organization"},"potentialAction":[{"@type":"SearchAction","target":{"@type":"EntryPoint","urlTemplate":"https:\/\/canfali.com\/ca-es\/?s={search_term_string}"},"query-input":{"@type":"PropertyValueSpecification","valueRequired":true,"valueName":"search_term_string"}}],"inLanguage":"va-ES"},{"@type":"Organization","@id":"https:\/\/canfali.com\/ca-es\/#organization","name":"Canfali","url":"https:\/\/canfali.com\/ca-es\/","logo":{"@type":"ImageObject","inLanguage":"va-ES","@id":"https:\/\/canfali.com\/ca-es\/#\/schema\/logo\/image\/","url":"https:\/\/canfali.com\/app\/uploads\/2025\/12\/canfali_marina_alta_logo.png","contentUrl":"https:\/\/canfali.com\/app\/uploads\/2025\/12\/canfali_marina_alta_logo.png","width":225,"height":225,"caption":"Canfali"},"image":{"@id":"https:\/\/canfali.com\/ca-es\/#\/schema\/logo\/image\/"},"sameAs":["https:\/\/es-es.facebook.com\/CANFALIMarinaAlta","https:\/\/x.com\/canfalima","https:\/\/www.instagram.com\/canfalimarinaalta\/"]},{"@type":"Person","@id":"https:\/\/canfali.com\/ca-es\/#\/schema\/person\/9c651adc904f3c4e0243f54407751557","name":"Bolta","image":{"@type":"ImageObject","inLanguage":"va-ES","@id":"https:\/\/secure.gravatar.com\/avatar\/550a5d97fe3cfba5caf077b9600e46529e1977e9d14396836e775d6d9d895a81?s=96&d=mm&r=g","url":"https:\/\/secure.gravatar.com\/avatar\/550a5d97fe3cfba5caf077b9600e46529e1977e9d14396836e775d6d9d895a81?s=96&d=mm&r=g","contentUrl":"https:\/\/secure.gravatar.com\/avatar\/550a5d97fe3cfba5caf077b9600e46529e1977e9d14396836e775d6d9d895a81?s=96&d=mm&r=g","caption":"Bolta"},"url":"https:\/\/canfali.com\/ca-es\/author\/bolta\/"}]}},"_links":{"self":[{"href":"https:\/\/canfali.com\/ca-es\/wp-json\/wp\/v2\/posts\/90988","targetHints":{"allow":["GET"]}}],"collection":[{"href":"https:\/\/canfali.com\/ca-es\/wp-json\/wp\/v2\/posts"}],"about":[{"href":"https:\/\/canfali.com\/ca-es\/wp-json\/wp\/v2\/types\/post"}],"author":[{"embeddable":true,"href":"https:\/\/canfali.com\/ca-es\/wp-json\/wp\/v2\/users\/7"}],"replies":[{"embeddable":true,"href":"https:\/\/canfali.com\/ca-es\/wp-json\/wp\/v2\/comments?post=90988"}],"version-history":[{"count":1,"href":"https:\/\/canfali.com\/ca-es\/wp-json\/wp\/v2\/posts\/90988\/revisions"}],"predecessor-version":[{"id":90989,"href":"https:\/\/canfali.com\/ca-es\/wp-json\/wp\/v2\/posts\/90988\/revisions\/90989"}],"wp:featuredmedia":[{"embeddable":true,"href":"https:\/\/canfali.com\/ca-es\/wp-json\/wp\/v2\/media\/90986"}],"wp:attachment":[{"href":"https:\/\/canfali.com\/ca-es\/wp-json\/wp\/v2\/media?parent=90988"}],"wp:term":[{"taxonomy":"category","embeddable":true,"href":"https:\/\/canfali.com\/ca-es\/wp-json\/wp\/v2\/categories?post=90988"},{"taxonomy":"post_tag","embeddable":true,"href":"https:\/\/canfali.com\/ca-es\/wp-json\/wp\/v2\/tags?post=90988"}],"curies":[{"name":"wp","href":"https:\/\/api.w.org\/{rel}","templated":true}]}}