{"id":90982,"date":"2026-03-12T11:49:39","date_gmt":"2026-03-12T10:49:39","guid":{"rendered":"https:\/\/canfali.com\/desmantellen-una-plantacio-de-marihuana-a-denia\/"},"modified":"2026-03-12T12:41:57","modified_gmt":"2026-03-12T11:41:57","slug":"desmantellen-una-plantacio-de-marihuana-a-denia","status":"publish","type":"post","link":"https:\/\/canfali.com\/ca-es\/desmantellen-una-plantacio-de-marihuana-a-denia\/","title":{"rendered":"Desmantellen  una plantaci\u00f3 de marihuana a D\u00e9nia"},"content":{"rendered":"\n<p>La Policia Nacional ha desmantellat un centre de producci\u00f3 de marihuana d&#8217;alta intensitat en una vivenda de D\u00e9nia. L&#8217;operaci\u00f3 que s&#8217;ha saldat amb la detenci\u00f3 de dos h\u00f2mens, de 38 i 47 anys, acusats de tr\u00e0fic de drogues i defraudaci\u00f3 de fluid el\u00e8ctric.&#13;\n&#13;\n<\/p>\n\n<p>La investigaci\u00f3 va arrancar sota la sospita que una casa situada en la zona del Montg\u00f3, que funcionava com una factoria de subst\u00e0ncies estupefaents a gran escala. El complex comptava amb un sofisticat sistema de seguretat perimetral basat en c\u00e0meres de vigil\u00e0ncia, dissenyat espec\u00edficament per a blindar l&#8217;activitat il\u00b7l\u00edcita i detectar qualsevol aproximaci\u00f3 de les forces de seguretat.&#13;\n&#13;\n<\/p>\n\n<p>La investigaci\u00f3 va aconseguir confirmar un consum el\u00e8ctric desproporcionat en la finca. T\u00e8cnics del sector el\u00e8ctric van ratificar que la vivenda es trobava enganxada de manera il\u00b7legal a la xarxa p\u00fablica, un indici inequ\u00edvoc del funcionament d&#8217;una plantaci\u00f3 tipus indoor, que requerix un manteniment constant de sistemes d&#8217;il\u00b7luminaci\u00f3 i ventilaci\u00f3.&#13;\n&#13;\n<\/p>\n\n<p>Amb el manament judicial en m\u00e0, els agents van irrompre en la propietat, on van interceptar als dos sospitosos, els dos amb antecedents previs per delictes similars. Encara que en el moment de l&#8217;assalt no es van trobar plantes en creixement \u2014el que apunta al fet que el laboratori estava sent desmantellat o es trobava en fase de reestructuraci\u00f3\u2014, la troballa de material va ser contundent.&#13;\n&#13;\n<\/p>\n\n<p>En el registre es van intervindre 46,77 quilos de fulla de marihuana i altres 13,07 quilos de picada de la mateixa subst\u00e0ncia, llestos per a la seua distribuci\u00f3. A m\u00e9s de l&#8217;arsenal d&#8217;aparells el\u00e8ctrics i sistemes de climatitzaci\u00f3 industrial, la Policia Nacional va confiscar 10.500 euros en efectiu, presumptament procedents de la venda de droga.&#13;\n&#13;\n<\/p>\n\n<p>Els dos detinguts ja han passat a la disposici\u00f3 dels jutjats d&#8217;instrucci\u00f3 de D\u00e9nia despr\u00e9s de finalitzar les dilig\u00e8ncies policials en la Comissaria.<\/p>\n\n<p><\/p>\n","protected":false},"excerpt":{"rendered":"La Policia Nacional ha desmantellat un centre de producci\u00f3 de marihuana d&#8217;alta intensitat en una vivenda de D\u00e9nia.&hellip;","protected":false},"author":7,"featured_media":90979,"comment_status":"closed","ping_status":"closed","sticky":false,"template":"","format":"standard","meta":{"csco_display_header_overlay":false,"csco_singular_sidebar":"","csco_page_header_type":"","csco_page_load_nextpost":"","csco_post_video_location":[],"csco_post_video_location_hash":"","csco_post_video_url":"","csco_post_video_bg_start_time":0,"csco_post_video_bg_end_time":0,"footnotes":""},"categories":[578],"tags":[1105,5126,2491],"class_list":{"0":"post-90982","1":"post","2":"type-post","3":"status-publish","4":"format-standard","5":"has-post-thumbnail","7":"category-sucesos-2","8":"tag-marihuana-ca-es","9":"tag-plantacio","10":"tag-policia-nacional-ca-es","11":"cs-entry","12":"cs-video-wrap"},"yoast_head":"<!-- This site is optimized with the Yoast SEO Premium plugin v26.6 (Yoast SEO v27.3) - https:\/\/yoast.com\/product\/yoast-seo-premium-wordpress\/ -->\n<title>Desmantellen una plantaci\u00f3 de marihuana a D\u00e9nia - Canfali<\/title>\n<meta name=\"robots\" content=\"index, follow, max-snippet:-1, max-image-preview:large, max-video-preview:-1\" \/>\n<link rel=\"canonical\" href=\"https:\/\/canfali.com\/ca-es\/desmantellen-una-plantacio-de-marihuana-a-denia\/\" \/>\n<meta property=\"og:locale\" content=\"en_US\" \/>\n<meta property=\"og:type\" content=\"article\" \/>\n<meta property=\"og:title\" content=\"Desmantellen una plantaci\u00f3 de marihuana a D\u00e9nia\" \/>\n<meta property=\"og:description\" content=\"La Policia Nacional ha desmantellat un centre de producci\u00f3 de marihuana d&#8217;alta intensitat en una vivenda de D\u00e9nia.&hellip;\" \/>\n<meta property=\"og:url\" content=\"https:\/\/canfali.com\/ca-es\/desmantellen-una-plantacio-de-marihuana-a-denia\/\" \/>\n<meta property=\"og:site_name\" content=\"Canfali\" \/>\n<meta property=\"article:publisher\" content=\"https:\/\/es-es.facebook.com\/CANFALIMarinaAlta\" \/>\n<meta property=\"article:published_time\" content=\"2026-03-12T10:49:39+00:00\" \/>\n<meta property=\"article:modified_time\" content=\"2026-03-12T11:41:57+00:00\" \/>\n<meta property=\"og:image\" content=\"https:\/\/canfali.com\/app\/uploads\/2026\/03\/DENIA-VISTA-AEREA-1.jpg\" \/>\n\t<meta property=\"og:image:width\" content=\"1085\" \/>\n\t<meta property=\"og:image:height\" content=\"897\" \/>\n\t<meta property=\"og:image:type\" content=\"image\/jpeg\" \/>\n<meta name=\"author\" content=\"Bolta\" \/>\n<meta name=\"twitter:card\" content=\"summary_large_image\" \/>\n<meta name=\"twitter:creator\" content=\"@canfalima\" \/>\n<meta name=\"twitter:site\" content=\"@canfalima\" \/>\n<meta name=\"twitter:label1\" content=\"Written by\" \/>\n\t<meta name=\"twitter:data1\" content=\"Bolta\" \/>\n\t<meta name=\"twitter:label2\" content=\"Est. reading time\" \/>\n\t<meta name=\"twitter:data2\" content=\"2 minutes\" \/>\n<script type=\"application\/ld+json\" class=\"yoast-schema-graph\">{\"@context\":\"https:\\\/\\\/schema.org\",\"@graph\":[{\"@type\":\"NewsArticle\",\"@id\":\"https:\\\/\\\/canfali.com\\\/ca-es\\\/desmantellen-una-plantacio-de-marihuana-a-denia\\\/#article\",\"isPartOf\":{\"@id\":\"https:\\\/\\\/canfali.com\\\/ca-es\\\/desmantellen-una-plantacio-de-marihuana-a-denia\\\/\"},\"author\":{\"name\":\"Bolta\",\"@id\":\"https:\\\/\\\/canfali.com\\\/ca-es\\\/#\\\/schema\\\/person\\\/9c651adc904f3c4e0243f54407751557\"},\"headline\":\"Desmantellen una plantaci\u00f3 de marihuana a D\u00e9nia\",\"datePublished\":\"2026-03-12T10:49:39+00:00\",\"dateModified\":\"2026-03-12T11:41:57+00:00\",\"mainEntityOfPage\":{\"@id\":\"https:\\\/\\\/canfali.com\\\/ca-es\\\/desmantellen-una-plantacio-de-marihuana-a-denia\\\/\"},\"wordCount\":331,\"publisher\":{\"@id\":\"https:\\\/\\\/canfali.com\\\/ca-es\\\/#organization\"},\"image\":{\"@id\":\"https:\\\/\\\/canfali.com\\\/ca-es\\\/desmantellen-una-plantacio-de-marihuana-a-denia\\\/#primaryimage\"},\"thumbnailUrl\":\"https:\\\/\\\/canfali.com\\\/app\\\/uploads\\\/2026\\\/03\\\/DENIA-VISTA-AEREA-1.jpg\",\"keywords\":[\"marihuana\",\"plantaci\u00f3\",\"policia nacional\"],\"articleSection\":[\"Sucesos\"],\"inLanguage\":\"va-ES\",\"copyrightYear\":\"2026\",\"copyrightHolder\":{\"@id\":\"https:\\\/\\\/canfali.com\\\/#organization\"}},{\"@type\":\"WebPage\",\"@id\":\"https:\\\/\\\/canfali.com\\\/ca-es\\\/desmantellen-una-plantacio-de-marihuana-a-denia\\\/\",\"url\":\"https:\\\/\\\/canfali.com\\\/ca-es\\\/desmantellen-una-plantacio-de-marihuana-a-denia\\\/\",\"name\":\"Desmantellen una plantaci\u00f3 de marihuana a D\u00e9nia - Canfali\",\"isPartOf\":{\"@id\":\"https:\\\/\\\/canfali.com\\\/ca-es\\\/#website\"},\"primaryImageOfPage\":{\"@id\":\"https:\\\/\\\/canfali.com\\\/ca-es\\\/desmantellen-una-plantacio-de-marihuana-a-denia\\\/#primaryimage\"},\"image\":{\"@id\":\"https:\\\/\\\/canfali.com\\\/ca-es\\\/desmantellen-una-plantacio-de-marihuana-a-denia\\\/#primaryimage\"},\"thumbnailUrl\":\"https:\\\/\\\/canfali.com\\\/app\\\/uploads\\\/2026\\\/03\\\/DENIA-VISTA-AEREA-1.jpg\",\"datePublished\":\"2026-03-12T10:49:39+00:00\",\"dateModified\":\"2026-03-12T11:41:57+00:00\",\"breadcrumb\":{\"@id\":\"https:\\\/\\\/canfali.com\\\/ca-es\\\/desmantellen-una-plantacio-de-marihuana-a-denia\\\/#breadcrumb\"},\"inLanguage\":\"va-ES\",\"potentialAction\":[{\"@type\":\"ReadAction\",\"target\":[\"https:\\\/\\\/canfali.com\\\/ca-es\\\/desmantellen-una-plantacio-de-marihuana-a-denia\\\/\"]}]},{\"@type\":\"ImageObject\",\"inLanguage\":\"va-ES\",\"@id\":\"https:\\\/\\\/canfali.com\\\/ca-es\\\/desmantellen-una-plantacio-de-marihuana-a-denia\\\/#primaryimage\",\"url\":\"https:\\\/\\\/canfali.com\\\/app\\\/uploads\\\/2026\\\/03\\\/DENIA-VISTA-AEREA-1.jpg\",\"contentUrl\":\"https:\\\/\\\/canfali.com\\\/app\\\/uploads\\\/2026\\\/03\\\/DENIA-VISTA-AEREA-1.jpg\",\"width\":1085,\"height\":897},{\"@type\":\"BreadcrumbList\",\"@id\":\"https:\\\/\\\/canfali.com\\\/ca-es\\\/desmantellen-una-plantacio-de-marihuana-a-denia\\\/#breadcrumb\",\"itemListElement\":[{\"@type\":\"ListItem\",\"position\":1,\"name\":\"Portada\",\"item\":\"https:\\\/\\\/canfali.com\\\/ca-es\\\/\"},{\"@type\":\"ListItem\",\"position\":2,\"name\":\"Desmantellen una plantaci\u00f3 de marihuana a D\u00e9nia\"}]},{\"@type\":\"WebSite\",\"@id\":\"https:\\\/\\\/canfali.com\\\/ca-es\\\/#website\",\"url\":\"https:\\\/\\\/canfali.com\\\/ca-es\\\/\",\"name\":\"Canfali\",\"description\":\"\",\"publisher\":{\"@id\":\"https:\\\/\\\/canfali.com\\\/ca-es\\\/#organization\"},\"potentialAction\":[{\"@type\":\"SearchAction\",\"target\":{\"@type\":\"EntryPoint\",\"urlTemplate\":\"https:\\\/\\\/canfali.com\\\/ca-es\\\/?s={search_term_string}\"},\"query-input\":{\"@type\":\"PropertyValueSpecification\",\"valueRequired\":true,\"valueName\":\"search_term_string\"}}],\"inLanguage\":\"va-ES\"},{\"@type\":\"Organization\",\"@id\":\"https:\\\/\\\/canfali.com\\\/ca-es\\\/#organization\",\"name\":\"Canfali\",\"url\":\"https:\\\/\\\/canfali.com\\\/ca-es\\\/\",\"logo\":{\"@type\":\"ImageObject\",\"inLanguage\":\"va-ES\",\"@id\":\"https:\\\/\\\/canfali.com\\\/ca-es\\\/#\\\/schema\\\/logo\\\/image\\\/\",\"url\":\"https:\\\/\\\/canfali.com\\\/app\\\/uploads\\\/2025\\\/12\\\/canfali_marina_alta_logo.png\",\"contentUrl\":\"https:\\\/\\\/canfali.com\\\/app\\\/uploads\\\/2025\\\/12\\\/canfali_marina_alta_logo.png\",\"width\":225,\"height\":225,\"caption\":\"Canfali\"},\"image\":{\"@id\":\"https:\\\/\\\/canfali.com\\\/ca-es\\\/#\\\/schema\\\/logo\\\/image\\\/\"},\"sameAs\":[\"https:\\\/\\\/es-es.facebook.com\\\/CANFALIMarinaAlta\",\"https:\\\/\\\/x.com\\\/canfalima\",\"https:\\\/\\\/www.instagram.com\\\/canfalimarinaalta\\\/\"]},{\"@type\":\"Person\",\"@id\":\"https:\\\/\\\/canfali.com\\\/ca-es\\\/#\\\/schema\\\/person\\\/9c651adc904f3c4e0243f54407751557\",\"name\":\"Bolta\",\"image\":{\"@type\":\"ImageObject\",\"inLanguage\":\"va-ES\",\"@id\":\"https:\\\/\\\/secure.gravatar.com\\\/avatar\\\/550a5d97fe3cfba5caf077b9600e46529e1977e9d14396836e775d6d9d895a81?s=96&d=mm&r=g\",\"url\":\"https:\\\/\\\/secure.gravatar.com\\\/avatar\\\/550a5d97fe3cfba5caf077b9600e46529e1977e9d14396836e775d6d9d895a81?s=96&d=mm&r=g\",\"contentUrl\":\"https:\\\/\\\/secure.gravatar.com\\\/avatar\\\/550a5d97fe3cfba5caf077b9600e46529e1977e9d14396836e775d6d9d895a81?s=96&d=mm&r=g\",\"caption\":\"Bolta\"},\"url\":\"https:\\\/\\\/canfali.com\\\/ca-es\\\/author\\\/bolta\\\/\"}]}<\/script>\n<!-- \/ Yoast SEO Premium plugin. -->","yoast_head_json":{"title":"Desmantellen una plantaci\u00f3 de marihuana a D\u00e9nia - Canfali","robots":{"index":"index","follow":"follow","max-snippet":"max-snippet:-1","max-image-preview":"max-image-preview:large","max-video-preview":"max-video-preview:-1"},"canonical":"https:\/\/canfali.com\/ca-es\/desmantellen-una-plantacio-de-marihuana-a-denia\/","og_locale":"en_US","og_type":"article","og_title":"Desmantellen una plantaci\u00f3 de marihuana a D\u00e9nia","og_description":"La Policia Nacional ha desmantellat un centre de producci\u00f3 de marihuana d&#8217;alta intensitat en una vivenda de D\u00e9nia.&hellip;","og_url":"https:\/\/canfali.com\/ca-es\/desmantellen-una-plantacio-de-marihuana-a-denia\/","og_site_name":"Canfali","article_publisher":"https:\/\/es-es.facebook.com\/CANFALIMarinaAlta","article_published_time":"2026-03-12T10:49:39+00:00","article_modified_time":"2026-03-12T11:41:57+00:00","og_image":[{"width":1085,"height":897,"url":"https:\/\/canfali.com\/app\/uploads\/2026\/03\/DENIA-VISTA-AEREA-1.jpg","type":"image\/jpeg"}],"author":"Bolta","twitter_card":"summary_large_image","twitter_creator":"@canfalima","twitter_site":"@canfalima","twitter_misc":{"Written by":"Bolta","Est. reading time":"2 minutes"},"schema":{"@context":"https:\/\/schema.org","@graph":[{"@type":"NewsArticle","@id":"https:\/\/canfali.com\/ca-es\/desmantellen-una-plantacio-de-marihuana-a-denia\/#article","isPartOf":{"@id":"https:\/\/canfali.com\/ca-es\/desmantellen-una-plantacio-de-marihuana-a-denia\/"},"author":{"name":"Bolta","@id":"https:\/\/canfali.com\/ca-es\/#\/schema\/person\/9c651adc904f3c4e0243f54407751557"},"headline":"Desmantellen una plantaci\u00f3 de marihuana a D\u00e9nia","datePublished":"2026-03-12T10:49:39+00:00","dateModified":"2026-03-12T11:41:57+00:00","mainEntityOfPage":{"@id":"https:\/\/canfali.com\/ca-es\/desmantellen-una-plantacio-de-marihuana-a-denia\/"},"wordCount":331,"publisher":{"@id":"https:\/\/canfali.com\/ca-es\/#organization"},"image":{"@id":"https:\/\/canfali.com\/ca-es\/desmantellen-una-plantacio-de-marihuana-a-denia\/#primaryimage"},"thumbnailUrl":"https:\/\/canfali.com\/app\/uploads\/2026\/03\/DENIA-VISTA-AEREA-1.jpg","keywords":["marihuana","plantaci\u00f3","policia nacional"],"articleSection":["Sucesos"],"inLanguage":"va-ES","copyrightYear":"2026","copyrightHolder":{"@id":"https:\/\/canfali.com\/#organization"}},{"@type":"WebPage","@id":"https:\/\/canfali.com\/ca-es\/desmantellen-una-plantacio-de-marihuana-a-denia\/","url":"https:\/\/canfali.com\/ca-es\/desmantellen-una-plantacio-de-marihuana-a-denia\/","name":"Desmantellen una plantaci\u00f3 de marihuana a D\u00e9nia - Canfali","isPartOf":{"@id":"https:\/\/canfali.com\/ca-es\/#website"},"primaryImageOfPage":{"@id":"https:\/\/canfali.com\/ca-es\/desmantellen-una-plantacio-de-marihuana-a-denia\/#primaryimage"},"image":{"@id":"https:\/\/canfali.com\/ca-es\/desmantellen-una-plantacio-de-marihuana-a-denia\/#primaryimage"},"thumbnailUrl":"https:\/\/canfali.com\/app\/uploads\/2026\/03\/DENIA-VISTA-AEREA-1.jpg","datePublished":"2026-03-12T10:49:39+00:00","dateModified":"2026-03-12T11:41:57+00:00","breadcrumb":{"@id":"https:\/\/canfali.com\/ca-es\/desmantellen-una-plantacio-de-marihuana-a-denia\/#breadcrumb"},"inLanguage":"va-ES","potentialAction":[{"@type":"ReadAction","target":["https:\/\/canfali.com\/ca-es\/desmantellen-una-plantacio-de-marihuana-a-denia\/"]}]},{"@type":"ImageObject","inLanguage":"va-ES","@id":"https:\/\/canfali.com\/ca-es\/desmantellen-una-plantacio-de-marihuana-a-denia\/#primaryimage","url":"https:\/\/canfali.com\/app\/uploads\/2026\/03\/DENIA-VISTA-AEREA-1.jpg","contentUrl":"https:\/\/canfali.com\/app\/uploads\/2026\/03\/DENIA-VISTA-AEREA-1.jpg","width":1085,"height":897},{"@type":"BreadcrumbList","@id":"https:\/\/canfali.com\/ca-es\/desmantellen-una-plantacio-de-marihuana-a-denia\/#breadcrumb","itemListElement":[{"@type":"ListItem","position":1,"name":"Portada","item":"https:\/\/canfali.com\/ca-es\/"},{"@type":"ListItem","position":2,"name":"Desmantellen una plantaci\u00f3 de marihuana a D\u00e9nia"}]},{"@type":"WebSite","@id":"https:\/\/canfali.com\/ca-es\/#website","url":"https:\/\/canfali.com\/ca-es\/","name":"Canfali","description":"","publisher":{"@id":"https:\/\/canfali.com\/ca-es\/#organization"},"potentialAction":[{"@type":"SearchAction","target":{"@type":"EntryPoint","urlTemplate":"https:\/\/canfali.com\/ca-es\/?s={search_term_string}"},"query-input":{"@type":"PropertyValueSpecification","valueRequired":true,"valueName":"search_term_string"}}],"inLanguage":"va-ES"},{"@type":"Organization","@id":"https:\/\/canfali.com\/ca-es\/#organization","name":"Canfali","url":"https:\/\/canfali.com\/ca-es\/","logo":{"@type":"ImageObject","inLanguage":"va-ES","@id":"https:\/\/canfali.com\/ca-es\/#\/schema\/logo\/image\/","url":"https:\/\/canfali.com\/app\/uploads\/2025\/12\/canfali_marina_alta_logo.png","contentUrl":"https:\/\/canfali.com\/app\/uploads\/2025\/12\/canfali_marina_alta_logo.png","width":225,"height":225,"caption":"Canfali"},"image":{"@id":"https:\/\/canfali.com\/ca-es\/#\/schema\/logo\/image\/"},"sameAs":["https:\/\/es-es.facebook.com\/CANFALIMarinaAlta","https:\/\/x.com\/canfalima","https:\/\/www.instagram.com\/canfalimarinaalta\/"]},{"@type":"Person","@id":"https:\/\/canfali.com\/ca-es\/#\/schema\/person\/9c651adc904f3c4e0243f54407751557","name":"Bolta","image":{"@type":"ImageObject","inLanguage":"va-ES","@id":"https:\/\/secure.gravatar.com\/avatar\/550a5d97fe3cfba5caf077b9600e46529e1977e9d14396836e775d6d9d895a81?s=96&d=mm&r=g","url":"https:\/\/secure.gravatar.com\/avatar\/550a5d97fe3cfba5caf077b9600e46529e1977e9d14396836e775d6d9d895a81?s=96&d=mm&r=g","contentUrl":"https:\/\/secure.gravatar.com\/avatar\/550a5d97fe3cfba5caf077b9600e46529e1977e9d14396836e775d6d9d895a81?s=96&d=mm&r=g","caption":"Bolta"},"url":"https:\/\/canfali.com\/ca-es\/author\/bolta\/"}]}},"_links":{"self":[{"href":"https:\/\/canfali.com\/ca-es\/wp-json\/wp\/v2\/posts\/90982","targetHints":{"allow":["GET"]}}],"collection":[{"href":"https:\/\/canfali.com\/ca-es\/wp-json\/wp\/v2\/posts"}],"about":[{"href":"https:\/\/canfali.com\/ca-es\/wp-json\/wp\/v2\/types\/post"}],"author":[{"embeddable":true,"href":"https:\/\/canfali.com\/ca-es\/wp-json\/wp\/v2\/users\/7"}],"replies":[{"embeddable":true,"href":"https:\/\/canfali.com\/ca-es\/wp-json\/wp\/v2\/comments?post=90982"}],"version-history":[{"count":1,"href":"https:\/\/canfali.com\/ca-es\/wp-json\/wp\/v2\/posts\/90982\/revisions"}],"predecessor-version":[{"id":90983,"href":"https:\/\/canfali.com\/ca-es\/wp-json\/wp\/v2\/posts\/90982\/revisions\/90983"}],"wp:featuredmedia":[{"embeddable":true,"href":"https:\/\/canfali.com\/ca-es\/wp-json\/wp\/v2\/media\/90979"}],"wp:attachment":[{"href":"https:\/\/canfali.com\/ca-es\/wp-json\/wp\/v2\/media?parent=90982"}],"wp:term":[{"taxonomy":"category","embeddable":true,"href":"https:\/\/canfali.com\/ca-es\/wp-json\/wp\/v2\/categories?post=90982"},{"taxonomy":"post_tag","embeddable":true,"href":"https:\/\/canfali.com\/ca-es\/wp-json\/wp\/v2\/tags?post=90982"}],"curies":[{"name":"wp","href":"https:\/\/api.w.org\/{rel}","templated":true}]}}