{"id":90971,"date":"2026-03-11T19:05:45","date_gmt":"2026-03-11T18:05:45","guid":{"rendered":"https:\/\/canfali.com\/el-cicle-ciutat-del-pensament-obri-de-nou-les-portes-al-debat-i-lintercanvi-didees\/"},"modified":"2026-03-12T11:08:32","modified_gmt":"2026-03-12T10:08:32","slug":"el-cicle-ciutat-del-pensament-obri-de-nou-les-portes-al-debat-i-lintercanvi-didees","status":"publish","type":"post","link":"https:\/\/canfali.com\/ca-es\/el-cicle-ciutat-del-pensament-obri-de-nou-les-portes-al-debat-i-lintercanvi-didees\/","title":{"rendered":"El cicle \u2018Ciutat del Pensament\u2019 obri de nou les portes al debat i l&#8217;intercanvi d&#8217;idees"},"content":{"rendered":"\n<figure class=\"wp-block-pullquote\"><blockquote><p>M\u00e9s de 25 activitats ompliran l&#8217;agenda d&#8217;un programa que convida a la reflexi\u00f3<\/p><\/blockquote><\/figure>\n\n<p>Confer\u00e8ncies, tallers, exposicions i trobades entorn de quatre espais tem\u00e0tics -Humanitats, Territori, Ci\u00e8ncies Socials i Art- conformen el gruix de \u2018D\u00e9nia Ciutat del Pensament\u2019, un cicle d&#8217;activitats que conviden a la reflexi\u00f3 sobre temes d&#8217;actualitat. La programaci\u00f3 es desenvolupar\u00e0 entre el 23 de mar\u00e7 i l&#8217;11 de desembre i s&#8217;obrir\u00e0 amb una de les confer\u00e8ncies de les Trobades sobre cinema, m\u00fasica i pensament Koin\u00f3s, que enguany s&#8217;han incl\u00f2s en el programa. Destaca tamb\u00e9 un congr\u00e9s internacional sobre el rorcual com\u00fa, la balena del Mediterrani i la segona m\u00e9s gran del m\u00f3n, a celebrar a la fi de maig, aix\u00ed com la pres\u00e8ncia de Maria de la Mar Bonet, que tornar\u00e0 a D\u00e9nia per a oferir una xerrada el 23 d&#8217;abril. Ho far\u00e0 a prop\u00f2sit d&#8217;una exposici\u00f3 d&#8217;aquarel\u00b7les i pastissos pintats per la cantant al llarg dels seus viatges.<\/p>\n\n<figure class=\"wp-block-gallery has-nested-images columns-default is-cropped wp-block-gallery-15 is-layout-flex wp-block-gallery-is-layout-flex\">\n<figure class=\"wp-block-image size-large\"><img decoding=\"async\" data-id=\"90910\" src=\"https:\/\/canfali.com\/app\/uploads\/2026\/03\/pensament-1-1024x678.jpg.webp\" alt=\"\" class=\"wp-image-90910\"\/><\/figure>\n<\/figure>\n\n<p>En total, \u2018D\u00e9nia Ciutat del Pensament\u2019 oferir\u00e0 m\u00e9s de 25 activitats per a dialogar i intercanviar idees en un m\u00f3n convuls i agitat per unes guerres \u201cque responen a interessos personals i ens afecten a tots\u201d, assenyalava l&#8217;alcalde, Vicent Grimalt. Ser\u00e0 un espai per al coneixement compartit que reunir\u00e0 especialistes i ciutadania en general. \u201cUn gran projecte\u201d, indicava el president del Cercle d&#8217;Empresaris de la Marina Alta (CEDMA), Benito Mestre, on compartir diferents punts de vistes sobre q\u00fcestions tan importants com les humanitats, \u201cles grans oblidades\u201d, afegia.&#13;\n<\/p>\n\n<p>\u2018Ciutat del Pensament\u2019 \u00e9s un projecte promogut per la Fundaci\u00f3 D\u00e9nia Ciutat Creativa, de la qual formen part Bale\u00e0ria, CEDMA, AEHTMA i l&#8217;Ajuntament de D\u00e9nia, i compta amb el suport d&#8217;altres entitats i institucions. Entre els seus objectius figura el de consolidar D\u00e9nia i la Marina Alta com un lloc de trobada per al debat cultural human\u00edstic al Mediterrani, indiquen els promotors.<\/p>\n\n<p>Durant la presentaci\u00f3 del programa, el president de la Fundaci\u00f3 i alcalde de D\u00e9nia, Vicent Grimalt, va destacar que \u201cD\u00e9nia vol continuar sent una ciutat oberta al coneixement, al di\u00e0leg i a l&#8217;intercanvi d&#8217;idees\u201d amb una iniciativa que \u201cconnecta el coneixement amb el territori i amb la ciutadania, al llarg de tot l&#8217;any\u201d.<\/p>\n\n<p>Mestre, patr\u00f3 de la Fundaci\u00f3, va destacar per la seua part la pres\u00e8ncia en el programa d&#8217;iniciatives ja consolidades com l&#8217;Aula Llu\u00eds Vives, \u201cun espai on conflueixen el pensament humanista i el m\u00f3n empresarial\u201d. Va recordar a m\u00e9s que les jornades d&#8217;educaci\u00f3 emocional formen part del comprom\u00eds del projecte \u201camb la formaci\u00f3 i els valors en la societat\u201d.<\/p>\n\n<p>La coordinadora del comit\u00e8 cient\u00edfic de \u2018Ciutat del Pensament\u2019 i directora de UNED D\u00e9nia, Raquel Mart\u00ed, va explicar que la programaci\u00f3 \u00e9s el resultat d&#8217;un treball col\u00b7lectiu en el qual han participat tamb\u00e9 institucions i nombrosos professionals. Els quatre grans espais tem\u00e0tics -Territori, Art, Ci\u00e8ncies Socials i Humanitats- permeten abordar diferents \u00e0mbits del coneixement des de perspectives complement\u00e0ries, va precisar.<\/p>\n\n<figure class=\"wp-block-image size-large\"><img decoding=\"async\" src=\"https:\/\/canfali.com\/app\/uploads\/2026\/03\/pensament-4-1024x678.jpg.webp\" alt=\"\" class=\"wp-image-90914\"\/><\/figure>\n\n<h2 class=\"wp-block-heading\" id=\"h-los-cuatro-espacios\">ELS QUATRE ESPAIS<\/h2>\n\n<p>L&#8217;Espai Art proposa l&#8217;art com una eina per a interpretar la realitat i ampliar la nostra mirada sobre la cultura. Durant els mesos de mar\u00e7 i abril se celebraran les Trobades *Koin\u00f3s, amb la participaci\u00f3 de la pianista Noelia *Rodiles el 23 de mar\u00e7 i de l&#8217;escriptora *Azahara Palomeque el 16 d&#8217;abril, a la Biblioteca Municipal de D\u00e9nia, en sessions que combinen cinema, m\u00fasica i pensament.&#13;\n&#13;\n<\/p>\n\n<p>La Casa Municipal de Cultura acollir\u00e0 del 9 d&#8217;abril al 2 de maig l&#8217;exposici\u00f3 \u201cLa Veu a la M\u00e0\u201d de Mar\u00eda de la Mar Bonet i la ja citada trobada amb l&#8217;artista el 23 d&#8217;abril.<\/p>\n\n<p>L&#8217;Espai Ci\u00e8ncies Socials abordar\u00e0 q\u00fcestions vinculades a la vida en societat, com la igualtat, la salut, l&#8217;esport o els drets socials. Entre les activitats programades destaquen la trobada Dona i Esport: salut, experi\u00e8ncies i futur, que tindr\u00e0 lloc els dies 24, 25 i 26 de mar\u00e7 a la Biblioteca Municipal, i el curs de la UNED \u201cD\u00e9nia i el seu entorn durant el per\u00edode isl\u00e0mic\u201d, els dies 26 i 27 de mar\u00e7, centrat en la hist\u00f2ria i la identitat cultural de la ciutat.<\/p>\n\n<p>L&#8217;Espai Territori explora la relaci\u00f3 entre les persones i el seu entorn, amb activitats dedicades a la sostenibilitat, la biodiversitat, l&#8217;agricultura, la mar i la transformaci\u00f3 del paisatge. Entre les propostes destaca el Congr\u00e9s Internacional sobre el Rorcual com\u00fa al Mediterrani, que se celebrar\u00e0 del 29 al 31 de maig en L\u2019Androna Multiespai i reunir\u00e0 investigadors europeus per a abordar el coneixement i la conservaci\u00f3 d&#8217;aquesta esp\u00e8cie. Posteriorment tindr\u00e0 lloc la II Fira Agricultura i Pesca: Terra i Mar, el 6 de juny en la Pla\u00e7a Maria Herv\u00e1s, amb tallers participatius sobre agricultura, enologia i pesca sostenible.<\/p>\n\n<figure class=\"wp-block-image size-large\"><img decoding=\"async\" src=\"https:\/\/canfali.com\/app\/uploads\/2026\/03\/pensament-8-1024x678.jpg.webp\" alt=\"\" class=\"wp-image-90912\"\/><\/figure>\n\n<p>Finalment, l&#8217;Espai Humanitats situa a les persones en el centre de la reflexi\u00f3, fomentant el pensament cr\u00edtic, l&#8217;\u00e8tica i l&#8217;educaci\u00f3 emocional. Dins d&#8217;aquest bloc destaca l&#8217;Aula Llu\u00eds Vives: Humanitats i Empresa, que celebrar\u00e0 la seua Aula de Primavera els dies 5 i 6 de juny amb un programa dedicat a analitzar com la mobilitat influeix en la qualitat de vida, la salut i la conviv\u00e8ncia. Tamb\u00e9 inclou una nova edici\u00f3 de les jornades d&#8217;Educaci\u00f3 Emocional, dirigides a alumnat i professorat, que tan bon acolliment han tingut en anys anteriors.<\/p>\n\n<p>Tota la informaci\u00f3 del cicle d&#8217;activitats pot consultar-se en la web:<\/p>\n\n<p><a href=\"https:\/\/deniaciutatdelpensament.org\">https:\/\/deniaciutatdelpensament.org<\/a><\/p>\n","protected":false},"excerpt":{"rendered":"M\u00e9s de 25 activitats ompliran l&#8217;agenda d&#8217;un programa que convida a la reflexi\u00f3 Confer\u00e8ncies, tallers, exposicions i trobades&hellip;","protected":false},"author":6,"featured_media":90909,"comment_status":"closed","ping_status":"closed","sticky":false,"template":"","format":"standard","meta":{"csco_display_header_overlay":false,"csco_singular_sidebar":"","csco_page_header_type":"","csco_page_load_nextpost":"","csco_post_video_location":[],"csco_post_video_location_hash":"","csco_post_video_url":"","csco_post_video_bg_start_time":0,"csco_post_video_bg_end_time":0,"footnotes":""},"categories":[597],"tags":[4460,1202,7065,2209],"class_list":{"0":"post-90971","1":"post","2":"type-post","3":"status-publish","4":"format-standard","5":"has-post-thumbnail","7":"category-cultura-ca-es","8":"tag-ciutat-del-pensament-ca-es","9":"tag-debat","10":"tag-idees","11":"tag-reflexio","12":"cs-entry","13":"cs-video-wrap"},"yoast_head":"<!-- This site is optimized with the Yoast SEO Premium plugin v26.6 (Yoast SEO v27.3) - https:\/\/yoast.com\/product\/yoast-seo-premium-wordpress\/ -->\n<title>El cicle \u2018Ciutat del Pensament\u2019 obri de nou les portes al debat i l&#039;intercanvi d&#039;idees - Canfali<\/title>\n<meta name=\"description\" content=\"Confer\u00e8ncies, tallers, exposicions i trobades entorn de quatre espais tem\u00e0tics -Humanitats, Territori, Ci\u00e8ncies Socials i Art- conformen el gruix de \u2018D\u00e9nia Ciutat del Pensament\u2019, un cicle d&#039;activitats que conviden a la reflexi\u00f3 sobre temes d&#039;actualitat. La programaci\u00f3 es desenvolupar\u00e0 entre el 23 de mar\u00e7 i l&#039;11 de desembre.\" \/>\n<meta name=\"robots\" content=\"index, follow, max-snippet:-1, max-image-preview:large, max-video-preview:-1\" \/>\n<link rel=\"canonical\" href=\"https:\/\/canfali.com\/ca-es\/el-cicle-ciutat-del-pensament-obri-de-nou-les-portes-al-debat-i-lintercanvi-didees\/\" \/>\n<meta property=\"og:locale\" content=\"en_US\" \/>\n<meta property=\"og:type\" content=\"article\" \/>\n<meta property=\"og:title\" content=\"El cicle \u2018Ciutat del Pensament\u2019 obri de nou les portes al debat i l&#039;intercanvi d&#039;idees\" \/>\n<meta property=\"og:description\" content=\"Confer\u00e8ncies, tallers, exposicions i trobades entorn de quatre espais tem\u00e0tics -Humanitats, Territori, Ci\u00e8ncies Socials i Art- conformen el gruix de \u2018D\u00e9nia Ciutat del Pensament\u2019, un cicle d&#039;activitats que conviden a la reflexi\u00f3 sobre temes d&#039;actualitat. La programaci\u00f3 es desenvolupar\u00e0 entre el 23 de mar\u00e7 i l&#039;11 de desembre.\" \/>\n<meta property=\"og:url\" content=\"https:\/\/canfali.com\/ca-es\/el-cicle-ciutat-del-pensament-obri-de-nou-les-portes-al-debat-i-lintercanvi-didees\/\" \/>\n<meta property=\"og:site_name\" content=\"Canfali\" \/>\n<meta property=\"article:publisher\" content=\"https:\/\/es-es.facebook.com\/CANFALIMarinaAlta\" \/>\n<meta property=\"article:published_time\" content=\"2026-03-11T18:05:45+00:00\" \/>\n<meta property=\"article:modified_time\" content=\"2026-03-12T10:08:32+00:00\" \/>\n<meta property=\"og:image\" content=\"https:\/\/canfali.com\/app\/uploads\/2026\/03\/pensament-6-scaled.jpg\" \/>\n\t<meta property=\"og:image:width\" content=\"2560\" \/>\n\t<meta property=\"og:image:height\" content=\"1696\" \/>\n\t<meta property=\"og:image:type\" content=\"image\/jpeg\" \/>\n<meta name=\"author\" content=\"Rosa\" \/>\n<meta name=\"twitter:card\" content=\"summary_large_image\" \/>\n<meta name=\"twitter:creator\" content=\"@canfalima\" \/>\n<meta name=\"twitter:site\" content=\"@canfalima\" \/>\n<meta name=\"twitter:label1\" content=\"Written by\" \/>\n\t<meta name=\"twitter:data1\" content=\"Rosa\" \/>\n\t<meta name=\"twitter:label2\" content=\"Est. reading time\" \/>\n\t<meta name=\"twitter:data2\" content=\"4 minutes\" \/>\n<script type=\"application\/ld+json\" class=\"yoast-schema-graph\">{\"@context\":\"https:\\\/\\\/schema.org\",\"@graph\":[{\"@type\":\"NewsArticle\",\"@id\":\"https:\\\/\\\/canfali.com\\\/ca-es\\\/el-cicle-ciutat-del-pensament-obri-de-nou-les-portes-al-debat-i-lintercanvi-didees\\\/#article\",\"isPartOf\":{\"@id\":\"https:\\\/\\\/canfali.com\\\/ca-es\\\/el-cicle-ciutat-del-pensament-obri-de-nou-les-portes-al-debat-i-lintercanvi-didees\\\/\"},\"author\":{\"name\":\"Rosa\",\"@id\":\"https:\\\/\\\/canfali.com\\\/ca-es\\\/#\\\/schema\\\/person\\\/c861a7aa2b2495357b95f35bd5d82f88\"},\"headline\":\"El cicle \u2018Ciutat del Pensament\u2019 obri de nou les portes al debat i l&#8217;intercanvi d&#8217;idees\",\"datePublished\":\"2026-03-11T18:05:45+00:00\",\"dateModified\":\"2026-03-12T10:08:32+00:00\",\"mainEntityOfPage\":{\"@id\":\"https:\\\/\\\/canfali.com\\\/ca-es\\\/el-cicle-ciutat-del-pensament-obri-de-nou-les-portes-al-debat-i-lintercanvi-didees\\\/\"},\"wordCount\":954,\"publisher\":{\"@id\":\"https:\\\/\\\/canfali.com\\\/ca-es\\\/#organization\"},\"image\":{\"@id\":\"https:\\\/\\\/canfali.com\\\/ca-es\\\/el-cicle-ciutat-del-pensament-obri-de-nou-les-portes-al-debat-i-lintercanvi-didees\\\/#primaryimage\"},\"thumbnailUrl\":\"https:\\\/\\\/canfali.com\\\/app\\\/uploads\\\/2026\\\/03\\\/pensament-6-scaled.jpg\",\"keywords\":[\"ciutat del pensament\",\"debat\",\"idees\",\"reflexi\u00f3\"],\"articleSection\":[\"Cultura\"],\"inLanguage\":\"va-ES\",\"copyrightYear\":\"2026\",\"copyrightHolder\":{\"@id\":\"https:\\\/\\\/canfali.com\\\/#organization\"}},{\"@type\":\"WebPage\",\"@id\":\"https:\\\/\\\/canfali.com\\\/ca-es\\\/el-cicle-ciutat-del-pensament-obri-de-nou-les-portes-al-debat-i-lintercanvi-didees\\\/\",\"url\":\"https:\\\/\\\/canfali.com\\\/ca-es\\\/el-cicle-ciutat-del-pensament-obri-de-nou-les-portes-al-debat-i-lintercanvi-didees\\\/\",\"name\":\"El cicle \u2018Ciutat del Pensament\u2019 obri de nou les portes al debat i l'intercanvi d'idees - Canfali\",\"isPartOf\":{\"@id\":\"https:\\\/\\\/canfali.com\\\/ca-es\\\/#website\"},\"primaryImageOfPage\":{\"@id\":\"https:\\\/\\\/canfali.com\\\/ca-es\\\/el-cicle-ciutat-del-pensament-obri-de-nou-les-portes-al-debat-i-lintercanvi-didees\\\/#primaryimage\"},\"image\":{\"@id\":\"https:\\\/\\\/canfali.com\\\/ca-es\\\/el-cicle-ciutat-del-pensament-obri-de-nou-les-portes-al-debat-i-lintercanvi-didees\\\/#primaryimage\"},\"thumbnailUrl\":\"https:\\\/\\\/canfali.com\\\/app\\\/uploads\\\/2026\\\/03\\\/pensament-6-scaled.jpg\",\"datePublished\":\"2026-03-11T18:05:45+00:00\",\"dateModified\":\"2026-03-12T10:08:32+00:00\",\"description\":\"Confer\u00e8ncies, tallers, exposicions i trobades entorn de quatre espais tem\u00e0tics -Humanitats, Territori, Ci\u00e8ncies Socials i Art- conformen el gruix de \u2018D\u00e9nia Ciutat del Pensament\u2019, un cicle d'activitats que conviden a la reflexi\u00f3 sobre temes d'actualitat. La programaci\u00f3 es desenvolupar\u00e0 entre el 23 de mar\u00e7 i l'11 de desembre.\",\"breadcrumb\":{\"@id\":\"https:\\\/\\\/canfali.com\\\/ca-es\\\/el-cicle-ciutat-del-pensament-obri-de-nou-les-portes-al-debat-i-lintercanvi-didees\\\/#breadcrumb\"},\"inLanguage\":\"va-ES\",\"potentialAction\":[{\"@type\":\"ReadAction\",\"target\":[\"https:\\\/\\\/canfali.com\\\/ca-es\\\/el-cicle-ciutat-del-pensament-obri-de-nou-les-portes-al-debat-i-lintercanvi-didees\\\/\"]}]},{\"@type\":\"ImageObject\",\"inLanguage\":\"va-ES\",\"@id\":\"https:\\\/\\\/canfali.com\\\/ca-es\\\/el-cicle-ciutat-del-pensament-obri-de-nou-les-portes-al-debat-i-lintercanvi-didees\\\/#primaryimage\",\"url\":\"https:\\\/\\\/canfali.com\\\/app\\\/uploads\\\/2026\\\/03\\\/pensament-6-scaled.jpg\",\"contentUrl\":\"https:\\\/\\\/canfali.com\\\/app\\\/uploads\\\/2026\\\/03\\\/pensament-6-scaled.jpg\",\"width\":2560,\"height\":1696},{\"@type\":\"BreadcrumbList\",\"@id\":\"https:\\\/\\\/canfali.com\\\/ca-es\\\/el-cicle-ciutat-del-pensament-obri-de-nou-les-portes-al-debat-i-lintercanvi-didees\\\/#breadcrumb\",\"itemListElement\":[{\"@type\":\"ListItem\",\"position\":1,\"name\":\"Portada\",\"item\":\"https:\\\/\\\/canfali.com\\\/ca-es\\\/\"},{\"@type\":\"ListItem\",\"position\":2,\"name\":\"El cicle \u2018Ciutat del Pensament\u2019 obri de nou les portes al debat i l&#8217;intercanvi d&#8217;idees\"}]},{\"@type\":\"WebSite\",\"@id\":\"https:\\\/\\\/canfali.com\\\/ca-es\\\/#website\",\"url\":\"https:\\\/\\\/canfali.com\\\/ca-es\\\/\",\"name\":\"Canfali\",\"description\":\"\",\"publisher\":{\"@id\":\"https:\\\/\\\/canfali.com\\\/ca-es\\\/#organization\"},\"potentialAction\":[{\"@type\":\"SearchAction\",\"target\":{\"@type\":\"EntryPoint\",\"urlTemplate\":\"https:\\\/\\\/canfali.com\\\/ca-es\\\/?s={search_term_string}\"},\"query-input\":{\"@type\":\"PropertyValueSpecification\",\"valueRequired\":true,\"valueName\":\"search_term_string\"}}],\"inLanguage\":\"va-ES\"},{\"@type\":\"Organization\",\"@id\":\"https:\\\/\\\/canfali.com\\\/ca-es\\\/#organization\",\"name\":\"Canfali\",\"url\":\"https:\\\/\\\/canfali.com\\\/ca-es\\\/\",\"logo\":{\"@type\":\"ImageObject\",\"inLanguage\":\"va-ES\",\"@id\":\"https:\\\/\\\/canfali.com\\\/ca-es\\\/#\\\/schema\\\/logo\\\/image\\\/\",\"url\":\"https:\\\/\\\/canfali.com\\\/app\\\/uploads\\\/2025\\\/12\\\/canfali_marina_alta_logo.png\",\"contentUrl\":\"https:\\\/\\\/canfali.com\\\/app\\\/uploads\\\/2025\\\/12\\\/canfali_marina_alta_logo.png\",\"width\":225,\"height\":225,\"caption\":\"Canfali\"},\"image\":{\"@id\":\"https:\\\/\\\/canfali.com\\\/ca-es\\\/#\\\/schema\\\/logo\\\/image\\\/\"},\"sameAs\":[\"https:\\\/\\\/es-es.facebook.com\\\/CANFALIMarinaAlta\",\"https:\\\/\\\/x.com\\\/canfalima\",\"https:\\\/\\\/www.instagram.com\\\/canfalimarinaalta\\\/\"]},{\"@type\":\"Person\",\"@id\":\"https:\\\/\\\/canfali.com\\\/ca-es\\\/#\\\/schema\\\/person\\\/c861a7aa2b2495357b95f35bd5d82f88\",\"name\":\"Rosa\",\"image\":{\"@type\":\"ImageObject\",\"inLanguage\":\"va-ES\",\"@id\":\"https:\\\/\\\/secure.gravatar.com\\\/avatar\\\/47fb83d99423a6ef1cf9f83f02a5e91366c671dec76c5c24badf1b0494e1d960?s=96&d=mm&r=g\",\"url\":\"https:\\\/\\\/secure.gravatar.com\\\/avatar\\\/47fb83d99423a6ef1cf9f83f02a5e91366c671dec76c5c24badf1b0494e1d960?s=96&d=mm&r=g\",\"contentUrl\":\"https:\\\/\\\/secure.gravatar.com\\\/avatar\\\/47fb83d99423a6ef1cf9f83f02a5e91366c671dec76c5c24badf1b0494e1d960?s=96&d=mm&r=g\",\"caption\":\"Rosa\"},\"url\":\"https:\\\/\\\/canfali.com\\\/ca-es\\\/author\\\/rosa\\\/\"}]}<\/script>\n<!-- \/ Yoast SEO Premium plugin. -->","yoast_head_json":{"title":"El cicle \u2018Ciutat del Pensament\u2019 obri de nou les portes al debat i l'intercanvi d'idees - Canfali","description":"Confer\u00e8ncies, tallers, exposicions i trobades entorn de quatre espais tem\u00e0tics -Humanitats, Territori, Ci\u00e8ncies Socials i Art- conformen el gruix de \u2018D\u00e9nia Ciutat del Pensament\u2019, un cicle d'activitats que conviden a la reflexi\u00f3 sobre temes d'actualitat. La programaci\u00f3 es desenvolupar\u00e0 entre el 23 de mar\u00e7 i l'11 de desembre.","robots":{"index":"index","follow":"follow","max-snippet":"max-snippet:-1","max-image-preview":"max-image-preview:large","max-video-preview":"max-video-preview:-1"},"canonical":"https:\/\/canfali.com\/ca-es\/el-cicle-ciutat-del-pensament-obri-de-nou-les-portes-al-debat-i-lintercanvi-didees\/","og_locale":"en_US","og_type":"article","og_title":"El cicle \u2018Ciutat del Pensament\u2019 obri de nou les portes al debat i l'intercanvi d'idees","og_description":"Confer\u00e8ncies, tallers, exposicions i trobades entorn de quatre espais tem\u00e0tics -Humanitats, Territori, Ci\u00e8ncies Socials i Art- conformen el gruix de \u2018D\u00e9nia Ciutat del Pensament\u2019, un cicle d'activitats que conviden a la reflexi\u00f3 sobre temes d'actualitat. La programaci\u00f3 es desenvolupar\u00e0 entre el 23 de mar\u00e7 i l'11 de desembre.","og_url":"https:\/\/canfali.com\/ca-es\/el-cicle-ciutat-del-pensament-obri-de-nou-les-portes-al-debat-i-lintercanvi-didees\/","og_site_name":"Canfali","article_publisher":"https:\/\/es-es.facebook.com\/CANFALIMarinaAlta","article_published_time":"2026-03-11T18:05:45+00:00","article_modified_time":"2026-03-12T10:08:32+00:00","og_image":[{"width":2560,"height":1696,"url":"https:\/\/canfali.com\/app\/uploads\/2026\/03\/pensament-6-scaled.jpg","type":"image\/jpeg"}],"author":"Rosa","twitter_card":"summary_large_image","twitter_creator":"@canfalima","twitter_site":"@canfalima","twitter_misc":{"Written by":"Rosa","Est. reading time":"4 minutes"},"schema":{"@context":"https:\/\/schema.org","@graph":[{"@type":"NewsArticle","@id":"https:\/\/canfali.com\/ca-es\/el-cicle-ciutat-del-pensament-obri-de-nou-les-portes-al-debat-i-lintercanvi-didees\/#article","isPartOf":{"@id":"https:\/\/canfali.com\/ca-es\/el-cicle-ciutat-del-pensament-obri-de-nou-les-portes-al-debat-i-lintercanvi-didees\/"},"author":{"name":"Rosa","@id":"https:\/\/canfali.com\/ca-es\/#\/schema\/person\/c861a7aa2b2495357b95f35bd5d82f88"},"headline":"El cicle \u2018Ciutat del Pensament\u2019 obri de nou les portes al debat i l&#8217;intercanvi d&#8217;idees","datePublished":"2026-03-11T18:05:45+00:00","dateModified":"2026-03-12T10:08:32+00:00","mainEntityOfPage":{"@id":"https:\/\/canfali.com\/ca-es\/el-cicle-ciutat-del-pensament-obri-de-nou-les-portes-al-debat-i-lintercanvi-didees\/"},"wordCount":954,"publisher":{"@id":"https:\/\/canfali.com\/ca-es\/#organization"},"image":{"@id":"https:\/\/canfali.com\/ca-es\/el-cicle-ciutat-del-pensament-obri-de-nou-les-portes-al-debat-i-lintercanvi-didees\/#primaryimage"},"thumbnailUrl":"https:\/\/canfali.com\/app\/uploads\/2026\/03\/pensament-6-scaled.jpg","keywords":["ciutat del pensament","debat","idees","reflexi\u00f3"],"articleSection":["Cultura"],"inLanguage":"va-ES","copyrightYear":"2026","copyrightHolder":{"@id":"https:\/\/canfali.com\/#organization"}},{"@type":"WebPage","@id":"https:\/\/canfali.com\/ca-es\/el-cicle-ciutat-del-pensament-obri-de-nou-les-portes-al-debat-i-lintercanvi-didees\/","url":"https:\/\/canfali.com\/ca-es\/el-cicle-ciutat-del-pensament-obri-de-nou-les-portes-al-debat-i-lintercanvi-didees\/","name":"El cicle \u2018Ciutat del Pensament\u2019 obri de nou les portes al debat i l'intercanvi d'idees - Canfali","isPartOf":{"@id":"https:\/\/canfali.com\/ca-es\/#website"},"primaryImageOfPage":{"@id":"https:\/\/canfali.com\/ca-es\/el-cicle-ciutat-del-pensament-obri-de-nou-les-portes-al-debat-i-lintercanvi-didees\/#primaryimage"},"image":{"@id":"https:\/\/canfali.com\/ca-es\/el-cicle-ciutat-del-pensament-obri-de-nou-les-portes-al-debat-i-lintercanvi-didees\/#primaryimage"},"thumbnailUrl":"https:\/\/canfali.com\/app\/uploads\/2026\/03\/pensament-6-scaled.jpg","datePublished":"2026-03-11T18:05:45+00:00","dateModified":"2026-03-12T10:08:32+00:00","description":"Confer\u00e8ncies, tallers, exposicions i trobades entorn de quatre espais tem\u00e0tics -Humanitats, Territori, Ci\u00e8ncies Socials i Art- conformen el gruix de \u2018D\u00e9nia Ciutat del Pensament\u2019, un cicle d'activitats que conviden a la reflexi\u00f3 sobre temes d'actualitat. La programaci\u00f3 es desenvolupar\u00e0 entre el 23 de mar\u00e7 i l'11 de desembre.","breadcrumb":{"@id":"https:\/\/canfali.com\/ca-es\/el-cicle-ciutat-del-pensament-obri-de-nou-les-portes-al-debat-i-lintercanvi-didees\/#breadcrumb"},"inLanguage":"va-ES","potentialAction":[{"@type":"ReadAction","target":["https:\/\/canfali.com\/ca-es\/el-cicle-ciutat-del-pensament-obri-de-nou-les-portes-al-debat-i-lintercanvi-didees\/"]}]},{"@type":"ImageObject","inLanguage":"va-ES","@id":"https:\/\/canfali.com\/ca-es\/el-cicle-ciutat-del-pensament-obri-de-nou-les-portes-al-debat-i-lintercanvi-didees\/#primaryimage","url":"https:\/\/canfali.com\/app\/uploads\/2026\/03\/pensament-6-scaled.jpg","contentUrl":"https:\/\/canfali.com\/app\/uploads\/2026\/03\/pensament-6-scaled.jpg","width":2560,"height":1696},{"@type":"BreadcrumbList","@id":"https:\/\/canfali.com\/ca-es\/el-cicle-ciutat-del-pensament-obri-de-nou-les-portes-al-debat-i-lintercanvi-didees\/#breadcrumb","itemListElement":[{"@type":"ListItem","position":1,"name":"Portada","item":"https:\/\/canfali.com\/ca-es\/"},{"@type":"ListItem","position":2,"name":"El cicle \u2018Ciutat del Pensament\u2019 obri de nou les portes al debat i l&#8217;intercanvi d&#8217;idees"}]},{"@type":"WebSite","@id":"https:\/\/canfali.com\/ca-es\/#website","url":"https:\/\/canfali.com\/ca-es\/","name":"Canfali","description":"","publisher":{"@id":"https:\/\/canfali.com\/ca-es\/#organization"},"potentialAction":[{"@type":"SearchAction","target":{"@type":"EntryPoint","urlTemplate":"https:\/\/canfali.com\/ca-es\/?s={search_term_string}"},"query-input":{"@type":"PropertyValueSpecification","valueRequired":true,"valueName":"search_term_string"}}],"inLanguage":"va-ES"},{"@type":"Organization","@id":"https:\/\/canfali.com\/ca-es\/#organization","name":"Canfali","url":"https:\/\/canfali.com\/ca-es\/","logo":{"@type":"ImageObject","inLanguage":"va-ES","@id":"https:\/\/canfali.com\/ca-es\/#\/schema\/logo\/image\/","url":"https:\/\/canfali.com\/app\/uploads\/2025\/12\/canfali_marina_alta_logo.png","contentUrl":"https:\/\/canfali.com\/app\/uploads\/2025\/12\/canfali_marina_alta_logo.png","width":225,"height":225,"caption":"Canfali"},"image":{"@id":"https:\/\/canfali.com\/ca-es\/#\/schema\/logo\/image\/"},"sameAs":["https:\/\/es-es.facebook.com\/CANFALIMarinaAlta","https:\/\/x.com\/canfalima","https:\/\/www.instagram.com\/canfalimarinaalta\/"]},{"@type":"Person","@id":"https:\/\/canfali.com\/ca-es\/#\/schema\/person\/c861a7aa2b2495357b95f35bd5d82f88","name":"Rosa","image":{"@type":"ImageObject","inLanguage":"va-ES","@id":"https:\/\/secure.gravatar.com\/avatar\/47fb83d99423a6ef1cf9f83f02a5e91366c671dec76c5c24badf1b0494e1d960?s=96&d=mm&r=g","url":"https:\/\/secure.gravatar.com\/avatar\/47fb83d99423a6ef1cf9f83f02a5e91366c671dec76c5c24badf1b0494e1d960?s=96&d=mm&r=g","contentUrl":"https:\/\/secure.gravatar.com\/avatar\/47fb83d99423a6ef1cf9f83f02a5e91366c671dec76c5c24badf1b0494e1d960?s=96&d=mm&r=g","caption":"Rosa"},"url":"https:\/\/canfali.com\/ca-es\/author\/rosa\/"}]}},"_links":{"self":[{"href":"https:\/\/canfali.com\/ca-es\/wp-json\/wp\/v2\/posts\/90971","targetHints":{"allow":["GET"]}}],"collection":[{"href":"https:\/\/canfali.com\/ca-es\/wp-json\/wp\/v2\/posts"}],"about":[{"href":"https:\/\/canfali.com\/ca-es\/wp-json\/wp\/v2\/types\/post"}],"author":[{"embeddable":true,"href":"https:\/\/canfali.com\/ca-es\/wp-json\/wp\/v2\/users\/6"}],"replies":[{"embeddable":true,"href":"https:\/\/canfali.com\/ca-es\/wp-json\/wp\/v2\/comments?post=90971"}],"version-history":[{"count":1,"href":"https:\/\/canfali.com\/ca-es\/wp-json\/wp\/v2\/posts\/90971\/revisions"}],"predecessor-version":[{"id":90972,"href":"https:\/\/canfali.com\/ca-es\/wp-json\/wp\/v2\/posts\/90971\/revisions\/90972"}],"wp:featuredmedia":[{"embeddable":true,"href":"https:\/\/canfali.com\/ca-es\/wp-json\/wp\/v2\/media\/90909"}],"wp:attachment":[{"href":"https:\/\/canfali.com\/ca-es\/wp-json\/wp\/v2\/media?parent=90971"}],"wp:term":[{"taxonomy":"category","embeddable":true,"href":"https:\/\/canfali.com\/ca-es\/wp-json\/wp\/v2\/categories?post=90971"},{"taxonomy":"post_tag","embeddable":true,"href":"https:\/\/canfali.com\/ca-es\/wp-json\/wp\/v2\/tags?post=90971"}],"curies":[{"name":"wp","href":"https:\/\/api.w.org\/{rel}","templated":true}]}}