{"id":90965,"date":"2026-03-12T11:02:59","date_gmt":"2026-03-12T10:02:59","guid":{"rendered":"https:\/\/canfali.com\/?p=90965"},"modified":"2026-03-12T11:03:01","modified_gmt":"2026-03-12T10:03:01","slug":"la-corporacio-dondara-ajorna-la-votacio-del-pla-dinversions-2026-a-peticio-de-compromis","status":"publish","type":"post","link":"https:\/\/canfali.com\/ca-es\/la-corporacio-dondara-ajorna-la-votacio-del-pla-dinversions-2026-a-peticio-de-compromis\/","title":{"rendered":"La corporaci\u00f3 d\u2019Ondara ajorna la votaci\u00f3 del Pla d\u2019inversions 2026 a petici\u00f3 de Comprom\u00eds"},"content":{"rendered":"\n<p>La modificaci\u00f3 de cr\u00e8dit d\u2019un mili\u00f3 d\u2019euros per a finan\u00e7ar el Pla d\u2019inversions 2026 amb el romanent de tresoreria de 2025 plantejada per l\u2019equip de govern del PSPV s\u2019ha vist retirada de l\u2019ordre del dia del ple extraordinari d\u2019aquesta setmana al sumar els seus respectius vots els grups de PP i Comprom\u00eds.<\/p>\n\n\n\n<p>Des d\u2019aquest \u00faltim ha proposat deixar el punt sobre la taula per tal de permetre una negociaci\u00f3 real, al afirmar el seu portaveu, Llu\u00eds Forn\u00e9s que \u201cno s\u2019ha consultat ni a l\u2019oposici\u00f3 ni a la ciutadania\u201d. En eixe sentit, ha exposat diverses propostes recollides pel seu grup en els darrers dies, com millores en il\u00b7luminaci\u00f3, voreres, manteniment urb\u00e0, adquisici\u00f3 de solars per a aparcament, ampliaci\u00f3 de l\u2019escoleta municipal o pol\u00edtiques d\u2019habitatge.<\/p>\n\n\n\n<figure class=\"wp-block-image size-large\"><img decoding=\"async\" src=\"https:\/\/canfali.com\/app\/uploads\/2026\/03\/pleextraordinari-dig2-1024x683.jpg.webp\" alt=\"\" class=\"wp-image-90968\"\/><\/figure>\n\n\n\n<p>La no negociaci\u00f3 pr\u00e8viament amb ells les actuacions proposades per part de l\u2019equip de govern, ha estat tamb\u00e9 al\u00b7ludida pel portaveu popular, \u00c0lex Hern\u00e1ndez, per a advertir que \u201ccap de les actuacions plantejades prov\u00e9 de les propostes del nostre programa\u201d i reclamar tindre en compte les prioritats de la formaci\u00f3, com possibles solucions a les necessitats d\u2019aparcament del municipi.<\/p>\n\n\n\n<p>Els arguments eren rebatuts des del govern local tant per part del regidor d\u2019Hisenda, Jordi Ruiz, com pel de &nbsp;Participaci\u00f3, Miguel Gomis per a incidir que el Pla d\u2019Inversions havia estat elaborat a partir de les reunions de barri i de les propostes m\u00e9s demandades per la ciutadania.<\/p>\n\n\n\n<p>Per la seua banda, l\u2019alcalde, Jos\u00e9 Ramiro, remarcava que les propostes de l\u2019oposici\u00f3 havien d\u2019haver-se presentat formalment \u201cper tal de qu\u00e8 els serveis t\u00e8cnics valoraren la seua viabilitat\u201d. Aix\u00ed mateix, Ramiro insistia en que \u201cl\u2019equip de el govern sempre ha mantingut la porta oberta a negociar\u201d.<\/p>\n\n\n\n<p>Una vegada retirada la proposta de modificaci\u00f3 de cr\u00e8dit, els tres grups pol\u00edtics van acordar celebrar una nova reuni\u00f3 la setmana vinent amb l\u2019objectiu d\u2019acostar postures i consensuar quines actuacions s\u2019han d\u2019incloure en el Pla d\u2019Inversions 2026 abans de sotmetre de nou el punt a votaci\u00f3 en un ple extraordinari o ordinari.<\/p>\n\n\n\n<p>En eixa deriva, des del grup socialista es reiterava la voluntat de di\u00e0leg per a incorporar propostes de tots els grups, sempre que siguen t\u00e8cnicament viables i s\u2019ajusten als criteris d\u2019inversi\u00f3 financerament sostenible que fixa la normativa estatal.<\/p>\n\n\n\n<p>ACATAMENT DE L\u2019EXECUCI\u00d3 DE SENT\u00c8NCIA A L\u2019ESPAI JOVE<\/p>\n\n\n\n<p>&nbsp;&nbsp;&nbsp;&nbsp;&nbsp;&nbsp; L\u2019altre punt destacable de la sessi\u00f3 ha estat l\u2019aprovaci\u00f3 de l\u2019execuci\u00f3 de la sent\u00e8ncia de les obres de l\u2019Espai Jove, i la modificaci\u00f3 de cr\u00e8dit necess\u00e0ria per a afrontar el pagament.<\/p>\n\n\n\n<p>La mesura, ha eixit endavant amb els vots favorables del PSPV i Comprom\u00eds i l\u2019abstenci\u00f3 del PP, tant l\u2019execuci\u00f3 de la sent\u00e8ncia de les obres de l\u2019Espai Jove, com la modificaci\u00f3 de cr\u00e8dit necess\u00e0ria per a afrontar el pagament.<\/p>\n\n\n\n<p>El popular, \u00c0lex Hern\u00e1ndez, argumentava que la formaci\u00f3 que presideix optava per eixa postura en ares aq que \u201cno est\u00e0vem d\u2019acord amb este edifici ni amb el sobrecost que ja sab\u00edem que anava a tindre, per\u00f2 hem d\u2019acceptar la sent\u00e8ncia judicial i facilitar el pagament\u201d. No obstant aix\u00f2, remarcava que, tot i el desacord inicial amb el projecte, el des del PP s\u2019entenia que ara calia complir amb la resoluci\u00f3 ferma del tribunal.<\/p>\n\n\n\n<p>Per la seua part, el portaveu de Comprom\u00eds indicava &nbsp;que des del grup municipal valencianista s\u2019havia contrastat informaci\u00f3 tant amb els t\u00e8cnics com amb els regidors que van formar part del govern quan es va executar l\u2019obra. \u201cLa constructora no s\u2019ha portat b\u00e9 en el proc\u00e9s i volia cobrar un cost major al pactat\u201d, manifestava, per a subratllar que, al seu parer, \u201cel jutge li ha concedit massa diners\u201d. Tot i aix\u00f2, es mostrava partidari d\u2019acatar la sent\u00e8ncia, ja que, segons remarca \u201cno hi ha res m\u00e9s que puguem fer i \u00e9s positiu que el tema quede tancat\u201d.<\/p>\n\n\n\n<p>En eixa l\u00ednia, l\u2019alcalde ha valorat que les resolucions \u201cconfirmen que l\u2019Ajuntament va actuar amb rigor\u201d i permeten donar per concl\u00f2s definitivament un litigi on les sent\u00e8ncies del &nbsp;TSJCV determinen que l\u2019Ajuntament haur\u00e0 d\u2019abonar les partides justificades t\u00e8cnicament, per un import total de 162.825 euros m\u00e9s interessos, despr\u00e9s que el tribunal haja descartat m\u00e9s de la meitat de la quantitat inicialment reclamada per l\u2019empresa. <a><\/a><\/p>\n","protected":false},"excerpt":{"rendered":"La modificaci\u00f3 de cr\u00e8dit d\u2019un mili\u00f3 d\u2019euros per a finan\u00e7ar el Pla d\u2019inversions 2026 amb el romanent de&hellip;","protected":false},"author":4,"featured_media":90966,"comment_status":"closed","ping_status":"closed","sticky":false,"template":"","format":"standard","meta":{"csco_display_header_overlay":false,"csco_singular_sidebar":"","csco_page_header_type":"","csco_page_load_nextpost":"","csco_post_video_location":[],"csco_post_video_location_hash":"","csco_post_video_url":"","csco_post_video_bg_start_time":0,"csco_post_video_bg_end_time":0,"footnotes":""},"categories":[614],"tags":[7064,661,7063,4429],"class_list":{"0":"post-90965","1":"post","2":"type-post","3":"status-publish","4":"format-standard","5":"has-post-thumbnail","7":"category-municipal-ca-es","8":"tag-ajornada-votacio","9":"tag-ondara-2","10":"tag-pla-dinversions","11":"tag-ple-extraordinari","12":"cs-entry","13":"cs-video-wrap"},"yoast_head":"<!-- This site is optimized with the Yoast SEO Premium plugin v26.6 (Yoast SEO v27.3) - https:\/\/yoast.com\/product\/yoast-seo-premium-wordpress\/ -->\n<title>La corporaci\u00f3 d\u2019Ondara ajorna la votaci\u00f3 del Pla d\u2019inversions 2026 a petici\u00f3 de Comprom\u00eds - Canfali<\/title>\n<meta name=\"robots\" content=\"index, follow, max-snippet:-1, max-image-preview:large, max-video-preview:-1\" \/>\n<link rel=\"canonical\" href=\"https:\/\/canfali.com\/ca-es\/la-corporacio-dondara-ajorna-la-votacio-del-pla-dinversions-2026-a-peticio-de-compromis\/\" \/>\n<meta property=\"og:locale\" content=\"en_US\" \/>\n<meta property=\"og:type\" content=\"article\" \/>\n<meta property=\"og:title\" content=\"La corporaci\u00f3 d\u2019Ondara ajorna la votaci\u00f3 del Pla d\u2019inversions 2026 a petici\u00f3 de Comprom\u00eds\" \/>\n<meta property=\"og:description\" content=\"La modificaci\u00f3 de cr\u00e8dit d\u2019un mili\u00f3 d\u2019euros per a finan\u00e7ar el Pla d\u2019inversions 2026 amb el romanent de&hellip;\" \/>\n<meta property=\"og:url\" content=\"https:\/\/canfali.com\/ca-es\/la-corporacio-dondara-ajorna-la-votacio-del-pla-dinversions-2026-a-peticio-de-compromis\/\" \/>\n<meta property=\"og:site_name\" content=\"Canfali\" \/>\n<meta property=\"article:publisher\" content=\"https:\/\/es-es.facebook.com\/CANFALIMarinaAlta\" \/>\n<meta property=\"article:published_time\" content=\"2026-03-12T10:02:59+00:00\" \/>\n<meta property=\"article:modified_time\" content=\"2026-03-12T10:03:01+00:00\" \/>\n<meta property=\"og:image\" content=\"https:\/\/canfali.com\/app\/uploads\/2026\/03\/pleextraordinari-dig1.jpg\" \/>\n\t<meta property=\"og:image:width\" content=\"1920\" \/>\n\t<meta property=\"og:image:height\" content=\"1280\" \/>\n\t<meta property=\"og:image:type\" content=\"image\/jpeg\" \/>\n<meta name=\"author\" content=\"JJ Mas\" \/>\n<meta name=\"twitter:card\" content=\"summary_large_image\" \/>\n<meta name=\"twitter:creator\" content=\"@canfalima\" \/>\n<meta name=\"twitter:site\" content=\"@canfalima\" \/>\n<meta name=\"twitter:label1\" content=\"Written by\" \/>\n\t<meta name=\"twitter:data1\" content=\"JJ Mas\" \/>\n\t<meta name=\"twitter:label2\" content=\"Est. reading time\" \/>\n\t<meta name=\"twitter:data2\" content=\"4 minutes\" \/>\n<script type=\"application\/ld+json\" class=\"yoast-schema-graph\">{\"@context\":\"https:\\\/\\\/schema.org\",\"@graph\":[{\"@type\":\"NewsArticle\",\"@id\":\"https:\\\/\\\/canfali.com\\\/ca-es\\\/la-corporacio-dondara-ajorna-la-votacio-del-pla-dinversions-2026-a-peticio-de-compromis\\\/#article\",\"isPartOf\":{\"@id\":\"https:\\\/\\\/canfali.com\\\/ca-es\\\/la-corporacio-dondara-ajorna-la-votacio-del-pla-dinversions-2026-a-peticio-de-compromis\\\/\"},\"author\":{\"name\":\"JJ Mas\",\"@id\":\"https:\\\/\\\/canfali.com\\\/ca-es\\\/#\\\/schema\\\/person\\\/d834d2d4df17cac754d3c314d4c404ef\"},\"headline\":\"La corporaci\u00f3 d\u2019Ondara ajorna la votaci\u00f3 del Pla d\u2019inversions 2026 a petici\u00f3 de Comprom\u00eds\",\"datePublished\":\"2026-03-12T10:02:59+00:00\",\"dateModified\":\"2026-03-12T10:03:01+00:00\",\"mainEntityOfPage\":{\"@id\":\"https:\\\/\\\/canfali.com\\\/ca-es\\\/la-corporacio-dondara-ajorna-la-votacio-del-pla-dinversions-2026-a-peticio-de-compromis\\\/\"},\"wordCount\":788,\"publisher\":{\"@id\":\"https:\\\/\\\/canfali.com\\\/ca-es\\\/#organization\"},\"image\":{\"@id\":\"https:\\\/\\\/canfali.com\\\/ca-es\\\/la-corporacio-dondara-ajorna-la-votacio-del-pla-dinversions-2026-a-peticio-de-compromis\\\/#primaryimage\"},\"thumbnailUrl\":\"https:\\\/\\\/canfali.com\\\/app\\\/uploads\\\/2026\\\/03\\\/pleextraordinari-dig1.jpg\",\"keywords\":[\"ajornada votaci\u00f3\",\"Ondara\",\"Pla d'Inversions\",\"ple extraordin\u00e0ri\"],\"articleSection\":[\"Municipal\"],\"inLanguage\":\"va-ES\",\"copyrightYear\":\"2026\",\"copyrightHolder\":{\"@id\":\"https:\\\/\\\/canfali.com\\\/#organization\"}},{\"@type\":\"WebPage\",\"@id\":\"https:\\\/\\\/canfali.com\\\/ca-es\\\/la-corporacio-dondara-ajorna-la-votacio-del-pla-dinversions-2026-a-peticio-de-compromis\\\/\",\"url\":\"https:\\\/\\\/canfali.com\\\/ca-es\\\/la-corporacio-dondara-ajorna-la-votacio-del-pla-dinversions-2026-a-peticio-de-compromis\\\/\",\"name\":\"La corporaci\u00f3 d\u2019Ondara ajorna la votaci\u00f3 del Pla d\u2019inversions 2026 a petici\u00f3 de Comprom\u00eds - Canfali\",\"isPartOf\":{\"@id\":\"https:\\\/\\\/canfali.com\\\/ca-es\\\/#website\"},\"primaryImageOfPage\":{\"@id\":\"https:\\\/\\\/canfali.com\\\/ca-es\\\/la-corporacio-dondara-ajorna-la-votacio-del-pla-dinversions-2026-a-peticio-de-compromis\\\/#primaryimage\"},\"image\":{\"@id\":\"https:\\\/\\\/canfali.com\\\/ca-es\\\/la-corporacio-dondara-ajorna-la-votacio-del-pla-dinversions-2026-a-peticio-de-compromis\\\/#primaryimage\"},\"thumbnailUrl\":\"https:\\\/\\\/canfali.com\\\/app\\\/uploads\\\/2026\\\/03\\\/pleextraordinari-dig1.jpg\",\"datePublished\":\"2026-03-12T10:02:59+00:00\",\"dateModified\":\"2026-03-12T10:03:01+00:00\",\"breadcrumb\":{\"@id\":\"https:\\\/\\\/canfali.com\\\/ca-es\\\/la-corporacio-dondara-ajorna-la-votacio-del-pla-dinversions-2026-a-peticio-de-compromis\\\/#breadcrumb\"},\"inLanguage\":\"va-ES\",\"potentialAction\":[{\"@type\":\"ReadAction\",\"target\":[\"https:\\\/\\\/canfali.com\\\/ca-es\\\/la-corporacio-dondara-ajorna-la-votacio-del-pla-dinversions-2026-a-peticio-de-compromis\\\/\"]}]},{\"@type\":\"ImageObject\",\"inLanguage\":\"va-ES\",\"@id\":\"https:\\\/\\\/canfali.com\\\/ca-es\\\/la-corporacio-dondara-ajorna-la-votacio-del-pla-dinversions-2026-a-peticio-de-compromis\\\/#primaryimage\",\"url\":\"https:\\\/\\\/canfali.com\\\/app\\\/uploads\\\/2026\\\/03\\\/pleextraordinari-dig1.jpg\",\"contentUrl\":\"https:\\\/\\\/canfali.com\\\/app\\\/uploads\\\/2026\\\/03\\\/pleextraordinari-dig1.jpg\",\"width\":1920,\"height\":1280},{\"@type\":\"BreadcrumbList\",\"@id\":\"https:\\\/\\\/canfali.com\\\/ca-es\\\/la-corporacio-dondara-ajorna-la-votacio-del-pla-dinversions-2026-a-peticio-de-compromis\\\/#breadcrumb\",\"itemListElement\":[{\"@type\":\"ListItem\",\"position\":1,\"name\":\"Portada\",\"item\":\"https:\\\/\\\/canfali.com\\\/ca-es\\\/\"},{\"@type\":\"ListItem\",\"position\":2,\"name\":\"La corporaci\u00f3 d\u2019Ondara ajorna la votaci\u00f3 del Pla d\u2019inversions 2026 a petici\u00f3 de Comprom\u00eds\"}]},{\"@type\":\"WebSite\",\"@id\":\"https:\\\/\\\/canfali.com\\\/ca-es\\\/#website\",\"url\":\"https:\\\/\\\/canfali.com\\\/ca-es\\\/\",\"name\":\"Canfali\",\"description\":\"\",\"publisher\":{\"@id\":\"https:\\\/\\\/canfali.com\\\/ca-es\\\/#organization\"},\"potentialAction\":[{\"@type\":\"SearchAction\",\"target\":{\"@type\":\"EntryPoint\",\"urlTemplate\":\"https:\\\/\\\/canfali.com\\\/ca-es\\\/?s={search_term_string}\"},\"query-input\":{\"@type\":\"PropertyValueSpecification\",\"valueRequired\":true,\"valueName\":\"search_term_string\"}}],\"inLanguage\":\"va-ES\"},{\"@type\":\"Organization\",\"@id\":\"https:\\\/\\\/canfali.com\\\/ca-es\\\/#organization\",\"name\":\"Canfali\",\"url\":\"https:\\\/\\\/canfali.com\\\/ca-es\\\/\",\"logo\":{\"@type\":\"ImageObject\",\"inLanguage\":\"va-ES\",\"@id\":\"https:\\\/\\\/canfali.com\\\/ca-es\\\/#\\\/schema\\\/logo\\\/image\\\/\",\"url\":\"https:\\\/\\\/canfali.com\\\/app\\\/uploads\\\/2025\\\/12\\\/canfali_marina_alta_logo.png\",\"contentUrl\":\"https:\\\/\\\/canfali.com\\\/app\\\/uploads\\\/2025\\\/12\\\/canfali_marina_alta_logo.png\",\"width\":225,\"height\":225,\"caption\":\"Canfali\"},\"image\":{\"@id\":\"https:\\\/\\\/canfali.com\\\/ca-es\\\/#\\\/schema\\\/logo\\\/image\\\/\"},\"sameAs\":[\"https:\\\/\\\/es-es.facebook.com\\\/CANFALIMarinaAlta\",\"https:\\\/\\\/x.com\\\/canfalima\",\"https:\\\/\\\/www.instagram.com\\\/canfalimarinaalta\\\/\"]},{\"@type\":\"Person\",\"@id\":\"https:\\\/\\\/canfali.com\\\/ca-es\\\/#\\\/schema\\\/person\\\/d834d2d4df17cac754d3c314d4c404ef\",\"name\":\"JJ Mas\",\"image\":{\"@type\":\"ImageObject\",\"inLanguage\":\"va-ES\",\"@id\":\"https:\\\/\\\/secure.gravatar.com\\\/avatar\\\/65a5191f5438bf88c2394f6d1a625a6ff903c8785268e603c623a83bc15ba1ee?s=96&d=mm&r=g\",\"url\":\"https:\\\/\\\/secure.gravatar.com\\\/avatar\\\/65a5191f5438bf88c2394f6d1a625a6ff903c8785268e603c623a83bc15ba1ee?s=96&d=mm&r=g\",\"contentUrl\":\"https:\\\/\\\/secure.gravatar.com\\\/avatar\\\/65a5191f5438bf88c2394f6d1a625a6ff903c8785268e603c623a83bc15ba1ee?s=96&d=mm&r=g\",\"caption\":\"JJ Mas\"},\"url\":\"https:\\\/\\\/canfali.com\\\/ca-es\\\/author\\\/jj\\\/\"}]}<\/script>\n<!-- \/ Yoast SEO Premium plugin. -->","yoast_head_json":{"title":"La corporaci\u00f3 d\u2019Ondara ajorna la votaci\u00f3 del Pla d\u2019inversions 2026 a petici\u00f3 de Comprom\u00eds - Canfali","robots":{"index":"index","follow":"follow","max-snippet":"max-snippet:-1","max-image-preview":"max-image-preview:large","max-video-preview":"max-video-preview:-1"},"canonical":"https:\/\/canfali.com\/ca-es\/la-corporacio-dondara-ajorna-la-votacio-del-pla-dinversions-2026-a-peticio-de-compromis\/","og_locale":"en_US","og_type":"article","og_title":"La corporaci\u00f3 d\u2019Ondara ajorna la votaci\u00f3 del Pla d\u2019inversions 2026 a petici\u00f3 de Comprom\u00eds","og_description":"La modificaci\u00f3 de cr\u00e8dit d\u2019un mili\u00f3 d\u2019euros per a finan\u00e7ar el Pla d\u2019inversions 2026 amb el romanent de&hellip;","og_url":"https:\/\/canfali.com\/ca-es\/la-corporacio-dondara-ajorna-la-votacio-del-pla-dinversions-2026-a-peticio-de-compromis\/","og_site_name":"Canfali","article_publisher":"https:\/\/es-es.facebook.com\/CANFALIMarinaAlta","article_published_time":"2026-03-12T10:02:59+00:00","article_modified_time":"2026-03-12T10:03:01+00:00","og_image":[{"width":1920,"height":1280,"url":"https:\/\/canfali.com\/app\/uploads\/2026\/03\/pleextraordinari-dig1.jpg","type":"image\/jpeg"}],"author":"JJ Mas","twitter_card":"summary_large_image","twitter_creator":"@canfalima","twitter_site":"@canfalima","twitter_misc":{"Written by":"JJ Mas","Est. reading time":"4 minutes"},"schema":{"@context":"https:\/\/schema.org","@graph":[{"@type":"NewsArticle","@id":"https:\/\/canfali.com\/ca-es\/la-corporacio-dondara-ajorna-la-votacio-del-pla-dinversions-2026-a-peticio-de-compromis\/#article","isPartOf":{"@id":"https:\/\/canfali.com\/ca-es\/la-corporacio-dondara-ajorna-la-votacio-del-pla-dinversions-2026-a-peticio-de-compromis\/"},"author":{"name":"JJ Mas","@id":"https:\/\/canfali.com\/ca-es\/#\/schema\/person\/d834d2d4df17cac754d3c314d4c404ef"},"headline":"La corporaci\u00f3 d\u2019Ondara ajorna la votaci\u00f3 del Pla d\u2019inversions 2026 a petici\u00f3 de Comprom\u00eds","datePublished":"2026-03-12T10:02:59+00:00","dateModified":"2026-03-12T10:03:01+00:00","mainEntityOfPage":{"@id":"https:\/\/canfali.com\/ca-es\/la-corporacio-dondara-ajorna-la-votacio-del-pla-dinversions-2026-a-peticio-de-compromis\/"},"wordCount":788,"publisher":{"@id":"https:\/\/canfali.com\/ca-es\/#organization"},"image":{"@id":"https:\/\/canfali.com\/ca-es\/la-corporacio-dondara-ajorna-la-votacio-del-pla-dinversions-2026-a-peticio-de-compromis\/#primaryimage"},"thumbnailUrl":"https:\/\/canfali.com\/app\/uploads\/2026\/03\/pleextraordinari-dig1.jpg","keywords":["ajornada votaci\u00f3","Ondara","Pla d'Inversions","ple extraordin\u00e0ri"],"articleSection":["Municipal"],"inLanguage":"va-ES","copyrightYear":"2026","copyrightHolder":{"@id":"https:\/\/canfali.com\/#organization"}},{"@type":"WebPage","@id":"https:\/\/canfali.com\/ca-es\/la-corporacio-dondara-ajorna-la-votacio-del-pla-dinversions-2026-a-peticio-de-compromis\/","url":"https:\/\/canfali.com\/ca-es\/la-corporacio-dondara-ajorna-la-votacio-del-pla-dinversions-2026-a-peticio-de-compromis\/","name":"La corporaci\u00f3 d\u2019Ondara ajorna la votaci\u00f3 del Pla d\u2019inversions 2026 a petici\u00f3 de Comprom\u00eds - Canfali","isPartOf":{"@id":"https:\/\/canfali.com\/ca-es\/#website"},"primaryImageOfPage":{"@id":"https:\/\/canfali.com\/ca-es\/la-corporacio-dondara-ajorna-la-votacio-del-pla-dinversions-2026-a-peticio-de-compromis\/#primaryimage"},"image":{"@id":"https:\/\/canfali.com\/ca-es\/la-corporacio-dondara-ajorna-la-votacio-del-pla-dinversions-2026-a-peticio-de-compromis\/#primaryimage"},"thumbnailUrl":"https:\/\/canfali.com\/app\/uploads\/2026\/03\/pleextraordinari-dig1.jpg","datePublished":"2026-03-12T10:02:59+00:00","dateModified":"2026-03-12T10:03:01+00:00","breadcrumb":{"@id":"https:\/\/canfali.com\/ca-es\/la-corporacio-dondara-ajorna-la-votacio-del-pla-dinversions-2026-a-peticio-de-compromis\/#breadcrumb"},"inLanguage":"va-ES","potentialAction":[{"@type":"ReadAction","target":["https:\/\/canfali.com\/ca-es\/la-corporacio-dondara-ajorna-la-votacio-del-pla-dinversions-2026-a-peticio-de-compromis\/"]}]},{"@type":"ImageObject","inLanguage":"va-ES","@id":"https:\/\/canfali.com\/ca-es\/la-corporacio-dondara-ajorna-la-votacio-del-pla-dinversions-2026-a-peticio-de-compromis\/#primaryimage","url":"https:\/\/canfali.com\/app\/uploads\/2026\/03\/pleextraordinari-dig1.jpg","contentUrl":"https:\/\/canfali.com\/app\/uploads\/2026\/03\/pleextraordinari-dig1.jpg","width":1920,"height":1280},{"@type":"BreadcrumbList","@id":"https:\/\/canfali.com\/ca-es\/la-corporacio-dondara-ajorna-la-votacio-del-pla-dinversions-2026-a-peticio-de-compromis\/#breadcrumb","itemListElement":[{"@type":"ListItem","position":1,"name":"Portada","item":"https:\/\/canfali.com\/ca-es\/"},{"@type":"ListItem","position":2,"name":"La corporaci\u00f3 d\u2019Ondara ajorna la votaci\u00f3 del Pla d\u2019inversions 2026 a petici\u00f3 de Comprom\u00eds"}]},{"@type":"WebSite","@id":"https:\/\/canfali.com\/ca-es\/#website","url":"https:\/\/canfali.com\/ca-es\/","name":"Canfali","description":"","publisher":{"@id":"https:\/\/canfali.com\/ca-es\/#organization"},"potentialAction":[{"@type":"SearchAction","target":{"@type":"EntryPoint","urlTemplate":"https:\/\/canfali.com\/ca-es\/?s={search_term_string}"},"query-input":{"@type":"PropertyValueSpecification","valueRequired":true,"valueName":"search_term_string"}}],"inLanguage":"va-ES"},{"@type":"Organization","@id":"https:\/\/canfali.com\/ca-es\/#organization","name":"Canfali","url":"https:\/\/canfali.com\/ca-es\/","logo":{"@type":"ImageObject","inLanguage":"va-ES","@id":"https:\/\/canfali.com\/ca-es\/#\/schema\/logo\/image\/","url":"https:\/\/canfali.com\/app\/uploads\/2025\/12\/canfali_marina_alta_logo.png","contentUrl":"https:\/\/canfali.com\/app\/uploads\/2025\/12\/canfali_marina_alta_logo.png","width":225,"height":225,"caption":"Canfali"},"image":{"@id":"https:\/\/canfali.com\/ca-es\/#\/schema\/logo\/image\/"},"sameAs":["https:\/\/es-es.facebook.com\/CANFALIMarinaAlta","https:\/\/x.com\/canfalima","https:\/\/www.instagram.com\/canfalimarinaalta\/"]},{"@type":"Person","@id":"https:\/\/canfali.com\/ca-es\/#\/schema\/person\/d834d2d4df17cac754d3c314d4c404ef","name":"JJ Mas","image":{"@type":"ImageObject","inLanguage":"va-ES","@id":"https:\/\/secure.gravatar.com\/avatar\/65a5191f5438bf88c2394f6d1a625a6ff903c8785268e603c623a83bc15ba1ee?s=96&d=mm&r=g","url":"https:\/\/secure.gravatar.com\/avatar\/65a5191f5438bf88c2394f6d1a625a6ff903c8785268e603c623a83bc15ba1ee?s=96&d=mm&r=g","contentUrl":"https:\/\/secure.gravatar.com\/avatar\/65a5191f5438bf88c2394f6d1a625a6ff903c8785268e603c623a83bc15ba1ee?s=96&d=mm&r=g","caption":"JJ Mas"},"url":"https:\/\/canfali.com\/ca-es\/author\/jj\/"}]}},"_links":{"self":[{"href":"https:\/\/canfali.com\/ca-es\/wp-json\/wp\/v2\/posts\/90965","targetHints":{"allow":["GET"]}}],"collection":[{"href":"https:\/\/canfali.com\/ca-es\/wp-json\/wp\/v2\/posts"}],"about":[{"href":"https:\/\/canfali.com\/ca-es\/wp-json\/wp\/v2\/types\/post"}],"author":[{"embeddable":true,"href":"https:\/\/canfali.com\/ca-es\/wp-json\/wp\/v2\/users\/4"}],"replies":[{"embeddable":true,"href":"https:\/\/canfali.com\/ca-es\/wp-json\/wp\/v2\/comments?post=90965"}],"version-history":[{"count":1,"href":"https:\/\/canfali.com\/ca-es\/wp-json\/wp\/v2\/posts\/90965\/revisions"}],"predecessor-version":[{"id":90970,"href":"https:\/\/canfali.com\/ca-es\/wp-json\/wp\/v2\/posts\/90965\/revisions\/90970"}],"wp:featuredmedia":[{"embeddable":true,"href":"https:\/\/canfali.com\/ca-es\/wp-json\/wp\/v2\/media\/90966"}],"wp:attachment":[{"href":"https:\/\/canfali.com\/ca-es\/wp-json\/wp\/v2\/media?parent=90965"}],"wp:term":[{"taxonomy":"category","embeddable":true,"href":"https:\/\/canfali.com\/ca-es\/wp-json\/wp\/v2\/categories?post=90965"},{"taxonomy":"post_tag","embeddable":true,"href":"https:\/\/canfali.com\/ca-es\/wp-json\/wp\/v2\/tags?post=90965"}],"curies":[{"name":"wp","href":"https:\/\/api.w.org\/{rel}","templated":true}]}}