{"id":90959,"date":"2026-03-10T13:56:26","date_gmt":"2026-03-10T12:56:26","guid":{"rendered":"https:\/\/canfali.com\/les-obres-de-millora-del-club-nautic-de-denis-comencaran-despres-de-setmana-santa\/"},"modified":"2026-03-12T10:08:36","modified_gmt":"2026-03-12T09:08:36","slug":"les-obres-de-millora-del-club-nautic-de-denis-comencaran-despres-de-setmana-santa","status":"publish","type":"post","link":"https:\/\/canfali.com\/ca-es\/les-obres-de-millora-del-club-nautic-de-denis-comencaran-despres-de-setmana-santa\/","title":{"rendered":"Les obres de millora del Club N\u00e0utic de D\u00e9nia comen\u00e7aran despr\u00e9s de Setmana Santa"},"content":{"rendered":"\n<p><\/p>\n\n<blockquote class=\"wp-block-quote is-layout-flow wp-block-quote-is-layout-flow\">\n<p>S&#8217;interrompran durant l&#8217;estiu per a no afectar la temporada tur\u00edstica<\/p>\n<\/blockquote>\n\n<p>Les obres preparat\u00f2ries per a la millora i reurbanitzaci\u00f3 del Club N\u00e0utic de D\u00e9nia comen\u00e7aran previsiblement despr\u00e9s de Setmana Santa, segons ha anunciat la Vicepresid\u00e8ncia Tercera i Conselleria de Medi Ambient, Infraestructures, Territori i de la Recuperaci\u00f3. Este projecte, que compta amb una inversi\u00f3 de 3,5 milions d&#8217;euros, es desenrotllar\u00e0 sota un model de col\u00b7laboraci\u00f3 p\u00fablic-privada entre la Generalitat Valenciana i l&#8217;entitat concession\u00e0ria amb l&#8217;objectiu de modernitzar el front portuari.&#13;\n<\/p>\n\n<p> El director general de Costas, Ports i Aeroports, Marc Garc\u00eda Manzana, ha explicat que el calendari dels treballs s&#8217;ha dissenyat per a minimitzar l&#8217;impacte en la temporada tur\u00edstica. Per este motiu, les actuacions s&#8217;interrompran durant els mesos d&#8217;estiu i el gruix de la intervenci\u00f3 es reprendr\u00e0 a partir de setembre, amb un termini d&#8217;execuci\u00f3 total de 18 mesos. Esta iniciativa ha perm\u00e9s, a m\u00e9s, una pr\u00f2rroga de 15 anys en la concessi\u00f3 del club.&#13;\n&#13;\n<\/p>\n\n<p> L&#8217;actuaci\u00f3 se centra en la primera fase de reurbanitzaci\u00f3 del tram compr\u00e9s entre l&#8217;avinguda Joan Fuster i el carrer Aldebar\u00e1n. L&#8217;objectiu principal \u00e9s refor\u00e7ar la qualitat ambiental i paisatg\u00edstica de la zona, aconseguint una integraci\u00f3 m\u00e9s fluida entre el port i el nucli urb\u00e0 de D\u00e9nia perqu\u00e8 l&#8217;espai siga m\u00e9s permeable a la ciutat i als seus habitants.&#13;\n&#13;\n <\/p>\n\n<p>El projecte abasta la urbanitzaci\u00f3 d&#8217;aproximadament 12.500 metres quadrats, distribu\u00efts en espais d&#8217;\u00fas per als vianants, zones de circulaci\u00f3 i aparcament, aix\u00ed com \u00e0rees enjardinades i instal\u00b7lacions esportives. Garc\u00eda Manzana ha detallat que es reservaran 3.700 m\u00b2 per a una escola de vela i altres 1.500 m\u00b2 destinats exclusivament a zones verdes amb vegetaci\u00f3 mediterr\u00e0nia de baix manteniment.&#13;\n&#13;\n <\/p>\n\n<p>Entre les intervencions t\u00e8cniques previstes es troba l&#8217;eliminaci\u00f3 de barreres i tancats actuals per a crear nous itineraris per als vianants i ordenar els accessos vehiculars. Aix\u00ed mateix, es contempla l&#8217;adequaci\u00f3 de les instal\u00b7lacions de l&#8217;escola de vela i la creaci\u00f3 d&#8217;una pla\u00e7a dissenyada espec\u00edficament per a albergar actes i esdeveniments vinculats a l&#8217;activitat n\u00e0utica.&#13;\n&#13;\n &#13;\n<\/p>\n\n<p>El director general ha subratllat que esta actuaci\u00f3 permet avan\u00e7ar cap a ports m\u00e9s oberts i sostenibles. A l&#8217;acte d&#8217;aprovaci\u00f3 del projecte, a m\u00e9s de Garc\u00eda Manzana, han assistit representants de l&#8217;empresa concession\u00e0ria i la comissionada de la Generalitat per al port de D\u00e9nia, Pepa Font, els qui han destacat la import\u00e0ncia d&#8217;esta obra per a la integraci\u00f3 urbana i la millora del front mar\u00edtim.&#13;\n&#13;\n<\/p>\n\n<p><\/p>\n\n<p>Entre les intervencions t\u00e8cniques previstes es troba l&#8217;eliminaci\u00f3 de barreres i tancats actuals per a crear nous itineraris per als vianants i ordenar els accessos vehiculars. Aix\u00ed mateix, es contempla l&#8217;adequaci\u00f3 de les instal\u00b7lacions de l&#8217;escola de vela i la creaci\u00f3 d&#8217;una pla\u00e7a dissenyada per a albergar actes i esdeveniments vinculats a l&#8217;activitat n\u00e0utica.&#13;\n&#13;\n<\/p>\n\n<p>Respecte al cronograma dels treballs, el director general ha assenyalat que les labors preparat\u00f2ries comen\u00e7aran previsiblement despr\u00e9s de Setmana Santa. Amb la finalitat de minimitzar l&#8217;impacte negatiu en la temporada tur\u00edstica, les obres s&#8217;interrompran durant els mesos d&#8217;estiu i es reprendran amb major intensitat a partir de setembre. La resoluci\u00f3 oficial establix un termini d&#8217;execuci\u00f3 total de 18 mesos per a completar les obres autoritzades.&#13;\n<\/p>\n\n<p>A l&#8217;acte d&#8217;aprovaci\u00f3 del projecte, a m\u00e9s de Garc\u00eda Manzana, han assistit representants de l&#8217;empresa concession\u00e0ria i la comissionada de la Generalitat per al port de D\u00e9nia, Pepa Font.<\/p>\n\n<figure class=\"wp-block-image size-large\"><img decoding=\"async\" src=\"https:\/\/canfali.com\/app\/uploads\/2026\/03\/260310-Club-Nautico-Denia-2-1024x621.jpeg.webp\" alt=\"\" class=\"wp-image-90786\"\/><\/figure>\n","protected":false},"excerpt":{"rendered":"S&#8217;interrompran durant l&#8217;estiu per a no afectar la temporada tur\u00edstica Les obres preparat\u00f2ries per a la millora i&hellip;","protected":false},"author":7,"featured_media":90785,"comment_status":"closed","ping_status":"closed","sticky":false,"template":"","format":"standard","meta":{"csco_display_header_overlay":false,"csco_singular_sidebar":"","csco_page_header_type":"","csco_page_load_nextpost":"","csco_post_video_location":[],"csco_post_video_location_hash":"","csco_post_video_url":"","csco_post_video_bg_start_time":0,"csco_post_video_bg_end_time":0,"footnotes":""},"categories":[614],"tags":[2070,831,656],"class_list":{"0":"post-90959","1":"post","2":"type-post","3":"status-publish","4":"format-standard","5":"has-post-thumbnail","7":"category-municipal-ca-es","8":"tag-generalitat-ca-es","9":"tag-obres","10":"tag-reial-club-nautic-denia","11":"cs-entry","12":"cs-video-wrap"},"yoast_head":"<!-- This site is optimized with the Yoast SEO Premium plugin v26.6 (Yoast SEO v27.3) - https:\/\/yoast.com\/product\/yoast-seo-premium-wordpress\/ -->\n<title>Les obres de millora del Club N\u00e0utic de D\u00e9nia comen\u00e7aran despr\u00e9s de Setmana Santa - Canfali<\/title>\n<meta name=\"robots\" content=\"index, follow, max-snippet:-1, max-image-preview:large, max-video-preview:-1\" \/>\n<link rel=\"canonical\" href=\"https:\/\/canfali.com\/ca-es\/les-obres-de-millora-del-club-nautic-de-denis-comencaran-despres-de-setmana-santa\/\" \/>\n<meta property=\"og:locale\" content=\"en_US\" \/>\n<meta property=\"og:type\" content=\"article\" \/>\n<meta property=\"og:title\" content=\"Les obres de millora del Club N\u00e0utic de D\u00e9nia comen\u00e7aran despr\u00e9s de Setmana Santa\" \/>\n<meta property=\"og:description\" content=\"S&#8217;interrompran durant l&#8217;estiu per a no afectar la temporada tur\u00edstica Les obres preparat\u00f2ries per a la millora i&hellip;\" \/>\n<meta property=\"og:url\" content=\"https:\/\/canfali.com\/ca-es\/les-obres-de-millora-del-club-nautic-de-denis-comencaran-despres-de-setmana-santa\/\" \/>\n<meta property=\"og:site_name\" content=\"Canfali\" \/>\n<meta property=\"article:publisher\" content=\"https:\/\/es-es.facebook.com\/CANFALIMarinaAlta\" \/>\n<meta property=\"article:published_time\" content=\"2026-03-10T12:56:26+00:00\" \/>\n<meta property=\"article:modified_time\" content=\"2026-03-12T09:08:36+00:00\" \/>\n<meta property=\"og:image\" content=\"https:\/\/canfali.com\/app\/uploads\/2026\/03\/260310-Club-Nautico-Denia.jpeg\" \/>\n\t<meta property=\"og:image:width\" content=\"1600\" \/>\n\t<meta property=\"og:image:height\" content=\"1200\" \/>\n\t<meta property=\"og:image:type\" content=\"image\/jpeg\" \/>\n<meta name=\"author\" content=\"Bolta\" \/>\n<meta name=\"twitter:card\" content=\"summary_large_image\" \/>\n<meta name=\"twitter:creator\" content=\"@canfalima\" \/>\n<meta name=\"twitter:site\" content=\"@canfalima\" \/>\n<meta name=\"twitter:label1\" content=\"Written by\" \/>\n\t<meta name=\"twitter:data1\" content=\"Bolta\" \/>\n\t<meta name=\"twitter:label2\" content=\"Est. reading time\" \/>\n\t<meta name=\"twitter:data2\" content=\"3 minutes\" \/>\n<script type=\"application\/ld+json\" class=\"yoast-schema-graph\">{\"@context\":\"https:\\\/\\\/schema.org\",\"@graph\":[{\"@type\":\"NewsArticle\",\"@id\":\"https:\\\/\\\/canfali.com\\\/ca-es\\\/les-obres-de-millora-del-club-nautic-de-denis-comencaran-despres-de-setmana-santa\\\/#article\",\"isPartOf\":{\"@id\":\"https:\\\/\\\/canfali.com\\\/ca-es\\\/les-obres-de-millora-del-club-nautic-de-denis-comencaran-despres-de-setmana-santa\\\/\"},\"author\":{\"name\":\"Bolta\",\"@id\":\"https:\\\/\\\/canfali.com\\\/ca-es\\\/#\\\/schema\\\/person\\\/9c651adc904f3c4e0243f54407751557\"},\"headline\":\"Les obres de millora del Club N\u00e0utic de D\u00e9nia comen\u00e7aran despr\u00e9s de Setmana Santa\",\"datePublished\":\"2026-03-10T12:56:26+00:00\",\"dateModified\":\"2026-03-12T09:08:36+00:00\",\"mainEntityOfPage\":{\"@id\":\"https:\\\/\\\/canfali.com\\\/ca-es\\\/les-obres-de-millora-del-club-nautic-de-denis-comencaran-despres-de-setmana-santa\\\/\"},\"wordCount\":637,\"publisher\":{\"@id\":\"https:\\\/\\\/canfali.com\\\/ca-es\\\/#organization\"},\"image\":{\"@id\":\"https:\\\/\\\/canfali.com\\\/ca-es\\\/les-obres-de-millora-del-club-nautic-de-denis-comencaran-despres-de-setmana-santa\\\/#primaryimage\"},\"thumbnailUrl\":\"https:\\\/\\\/canfali.com\\\/app\\\/uploads\\\/2026\\\/03\\\/260310-Club-Nautico-Denia.jpeg\",\"keywords\":[\"Generalitat\",\"obres\",\"Reial Club N\u00e0utic D\u00e9nia\"],\"articleSection\":[\"Municipal\"],\"inLanguage\":\"va-ES\",\"copyrightYear\":\"2026\",\"copyrightHolder\":{\"@id\":\"https:\\\/\\\/canfali.com\\\/#organization\"}},{\"@type\":\"WebPage\",\"@id\":\"https:\\\/\\\/canfali.com\\\/ca-es\\\/les-obres-de-millora-del-club-nautic-de-denis-comencaran-despres-de-setmana-santa\\\/\",\"url\":\"https:\\\/\\\/canfali.com\\\/ca-es\\\/les-obres-de-millora-del-club-nautic-de-denis-comencaran-despres-de-setmana-santa\\\/\",\"name\":\"Les obres de millora del Club N\u00e0utic de D\u00e9nia comen\u00e7aran despr\u00e9s de Setmana Santa - Canfali\",\"isPartOf\":{\"@id\":\"https:\\\/\\\/canfali.com\\\/ca-es\\\/#website\"},\"primaryImageOfPage\":{\"@id\":\"https:\\\/\\\/canfali.com\\\/ca-es\\\/les-obres-de-millora-del-club-nautic-de-denis-comencaran-despres-de-setmana-santa\\\/#primaryimage\"},\"image\":{\"@id\":\"https:\\\/\\\/canfali.com\\\/ca-es\\\/les-obres-de-millora-del-club-nautic-de-denis-comencaran-despres-de-setmana-santa\\\/#primaryimage\"},\"thumbnailUrl\":\"https:\\\/\\\/canfali.com\\\/app\\\/uploads\\\/2026\\\/03\\\/260310-Club-Nautico-Denia.jpeg\",\"datePublished\":\"2026-03-10T12:56:26+00:00\",\"dateModified\":\"2026-03-12T09:08:36+00:00\",\"breadcrumb\":{\"@id\":\"https:\\\/\\\/canfali.com\\\/ca-es\\\/les-obres-de-millora-del-club-nautic-de-denis-comencaran-despres-de-setmana-santa\\\/#breadcrumb\"},\"inLanguage\":\"va-ES\",\"potentialAction\":[{\"@type\":\"ReadAction\",\"target\":[\"https:\\\/\\\/canfali.com\\\/ca-es\\\/les-obres-de-millora-del-club-nautic-de-denis-comencaran-despres-de-setmana-santa\\\/\"]}]},{\"@type\":\"ImageObject\",\"inLanguage\":\"va-ES\",\"@id\":\"https:\\\/\\\/canfali.com\\\/ca-es\\\/les-obres-de-millora-del-club-nautic-de-denis-comencaran-despres-de-setmana-santa\\\/#primaryimage\",\"url\":\"https:\\\/\\\/canfali.com\\\/app\\\/uploads\\\/2026\\\/03\\\/260310-Club-Nautico-Denia.jpeg\",\"contentUrl\":\"https:\\\/\\\/canfali.com\\\/app\\\/uploads\\\/2026\\\/03\\\/260310-Club-Nautico-Denia.jpeg\",\"width\":1600,\"height\":1200},{\"@type\":\"BreadcrumbList\",\"@id\":\"https:\\\/\\\/canfali.com\\\/ca-es\\\/les-obres-de-millora-del-club-nautic-de-denis-comencaran-despres-de-setmana-santa\\\/#breadcrumb\",\"itemListElement\":[{\"@type\":\"ListItem\",\"position\":1,\"name\":\"Portada\",\"item\":\"https:\\\/\\\/canfali.com\\\/ca-es\\\/\"},{\"@type\":\"ListItem\",\"position\":2,\"name\":\"Les obres de millora del Club N\u00e0utic de D\u00e9nia comen\u00e7aran despr\u00e9s de Setmana Santa\"}]},{\"@type\":\"WebSite\",\"@id\":\"https:\\\/\\\/canfali.com\\\/ca-es\\\/#website\",\"url\":\"https:\\\/\\\/canfali.com\\\/ca-es\\\/\",\"name\":\"Canfali\",\"description\":\"\",\"publisher\":{\"@id\":\"https:\\\/\\\/canfali.com\\\/ca-es\\\/#organization\"},\"potentialAction\":[{\"@type\":\"SearchAction\",\"target\":{\"@type\":\"EntryPoint\",\"urlTemplate\":\"https:\\\/\\\/canfali.com\\\/ca-es\\\/?s={search_term_string}\"},\"query-input\":{\"@type\":\"PropertyValueSpecification\",\"valueRequired\":true,\"valueName\":\"search_term_string\"}}],\"inLanguage\":\"va-ES\"},{\"@type\":\"Organization\",\"@id\":\"https:\\\/\\\/canfali.com\\\/ca-es\\\/#organization\",\"name\":\"Canfali\",\"url\":\"https:\\\/\\\/canfali.com\\\/ca-es\\\/\",\"logo\":{\"@type\":\"ImageObject\",\"inLanguage\":\"va-ES\",\"@id\":\"https:\\\/\\\/canfali.com\\\/ca-es\\\/#\\\/schema\\\/logo\\\/image\\\/\",\"url\":\"https:\\\/\\\/canfali.com\\\/app\\\/uploads\\\/2025\\\/12\\\/canfali_marina_alta_logo.png\",\"contentUrl\":\"https:\\\/\\\/canfali.com\\\/app\\\/uploads\\\/2025\\\/12\\\/canfali_marina_alta_logo.png\",\"width\":225,\"height\":225,\"caption\":\"Canfali\"},\"image\":{\"@id\":\"https:\\\/\\\/canfali.com\\\/ca-es\\\/#\\\/schema\\\/logo\\\/image\\\/\"},\"sameAs\":[\"https:\\\/\\\/es-es.facebook.com\\\/CANFALIMarinaAlta\",\"https:\\\/\\\/x.com\\\/canfalima\",\"https:\\\/\\\/www.instagram.com\\\/canfalimarinaalta\\\/\"]},{\"@type\":\"Person\",\"@id\":\"https:\\\/\\\/canfali.com\\\/ca-es\\\/#\\\/schema\\\/person\\\/9c651adc904f3c4e0243f54407751557\",\"name\":\"Bolta\",\"image\":{\"@type\":\"ImageObject\",\"inLanguage\":\"va-ES\",\"@id\":\"https:\\\/\\\/secure.gravatar.com\\\/avatar\\\/550a5d97fe3cfba5caf077b9600e46529e1977e9d14396836e775d6d9d895a81?s=96&d=mm&r=g\",\"url\":\"https:\\\/\\\/secure.gravatar.com\\\/avatar\\\/550a5d97fe3cfba5caf077b9600e46529e1977e9d14396836e775d6d9d895a81?s=96&d=mm&r=g\",\"contentUrl\":\"https:\\\/\\\/secure.gravatar.com\\\/avatar\\\/550a5d97fe3cfba5caf077b9600e46529e1977e9d14396836e775d6d9d895a81?s=96&d=mm&r=g\",\"caption\":\"Bolta\"},\"url\":\"https:\\\/\\\/canfali.com\\\/ca-es\\\/author\\\/bolta\\\/\"}]}<\/script>\n<!-- \/ Yoast SEO Premium plugin. -->","yoast_head_json":{"title":"Les obres de millora del Club N\u00e0utic de D\u00e9nia comen\u00e7aran despr\u00e9s de Setmana Santa - Canfali","robots":{"index":"index","follow":"follow","max-snippet":"max-snippet:-1","max-image-preview":"max-image-preview:large","max-video-preview":"max-video-preview:-1"},"canonical":"https:\/\/canfali.com\/ca-es\/les-obres-de-millora-del-club-nautic-de-denis-comencaran-despres-de-setmana-santa\/","og_locale":"en_US","og_type":"article","og_title":"Les obres de millora del Club N\u00e0utic de D\u00e9nia comen\u00e7aran despr\u00e9s de Setmana Santa","og_description":"S&#8217;interrompran durant l&#8217;estiu per a no afectar la temporada tur\u00edstica Les obres preparat\u00f2ries per a la millora i&hellip;","og_url":"https:\/\/canfali.com\/ca-es\/les-obres-de-millora-del-club-nautic-de-denis-comencaran-despres-de-setmana-santa\/","og_site_name":"Canfali","article_publisher":"https:\/\/es-es.facebook.com\/CANFALIMarinaAlta","article_published_time":"2026-03-10T12:56:26+00:00","article_modified_time":"2026-03-12T09:08:36+00:00","og_image":[{"width":1600,"height":1200,"url":"https:\/\/canfali.com\/app\/uploads\/2026\/03\/260310-Club-Nautico-Denia.jpeg","type":"image\/jpeg"}],"author":"Bolta","twitter_card":"summary_large_image","twitter_creator":"@canfalima","twitter_site":"@canfalima","twitter_misc":{"Written by":"Bolta","Est. reading time":"3 minutes"},"schema":{"@context":"https:\/\/schema.org","@graph":[{"@type":"NewsArticle","@id":"https:\/\/canfali.com\/ca-es\/les-obres-de-millora-del-club-nautic-de-denis-comencaran-despres-de-setmana-santa\/#article","isPartOf":{"@id":"https:\/\/canfali.com\/ca-es\/les-obres-de-millora-del-club-nautic-de-denis-comencaran-despres-de-setmana-santa\/"},"author":{"name":"Bolta","@id":"https:\/\/canfali.com\/ca-es\/#\/schema\/person\/9c651adc904f3c4e0243f54407751557"},"headline":"Les obres de millora del Club N\u00e0utic de D\u00e9nia comen\u00e7aran despr\u00e9s de Setmana Santa","datePublished":"2026-03-10T12:56:26+00:00","dateModified":"2026-03-12T09:08:36+00:00","mainEntityOfPage":{"@id":"https:\/\/canfali.com\/ca-es\/les-obres-de-millora-del-club-nautic-de-denis-comencaran-despres-de-setmana-santa\/"},"wordCount":637,"publisher":{"@id":"https:\/\/canfali.com\/ca-es\/#organization"},"image":{"@id":"https:\/\/canfali.com\/ca-es\/les-obres-de-millora-del-club-nautic-de-denis-comencaran-despres-de-setmana-santa\/#primaryimage"},"thumbnailUrl":"https:\/\/canfali.com\/app\/uploads\/2026\/03\/260310-Club-Nautico-Denia.jpeg","keywords":["Generalitat","obres","Reial Club N\u00e0utic D\u00e9nia"],"articleSection":["Municipal"],"inLanguage":"va-ES","copyrightYear":"2026","copyrightHolder":{"@id":"https:\/\/canfali.com\/#organization"}},{"@type":"WebPage","@id":"https:\/\/canfali.com\/ca-es\/les-obres-de-millora-del-club-nautic-de-denis-comencaran-despres-de-setmana-santa\/","url":"https:\/\/canfali.com\/ca-es\/les-obres-de-millora-del-club-nautic-de-denis-comencaran-despres-de-setmana-santa\/","name":"Les obres de millora del Club N\u00e0utic de D\u00e9nia comen\u00e7aran despr\u00e9s de Setmana Santa - Canfali","isPartOf":{"@id":"https:\/\/canfali.com\/ca-es\/#website"},"primaryImageOfPage":{"@id":"https:\/\/canfali.com\/ca-es\/les-obres-de-millora-del-club-nautic-de-denis-comencaran-despres-de-setmana-santa\/#primaryimage"},"image":{"@id":"https:\/\/canfali.com\/ca-es\/les-obres-de-millora-del-club-nautic-de-denis-comencaran-despres-de-setmana-santa\/#primaryimage"},"thumbnailUrl":"https:\/\/canfali.com\/app\/uploads\/2026\/03\/260310-Club-Nautico-Denia.jpeg","datePublished":"2026-03-10T12:56:26+00:00","dateModified":"2026-03-12T09:08:36+00:00","breadcrumb":{"@id":"https:\/\/canfali.com\/ca-es\/les-obres-de-millora-del-club-nautic-de-denis-comencaran-despres-de-setmana-santa\/#breadcrumb"},"inLanguage":"va-ES","potentialAction":[{"@type":"ReadAction","target":["https:\/\/canfali.com\/ca-es\/les-obres-de-millora-del-club-nautic-de-denis-comencaran-despres-de-setmana-santa\/"]}]},{"@type":"ImageObject","inLanguage":"va-ES","@id":"https:\/\/canfali.com\/ca-es\/les-obres-de-millora-del-club-nautic-de-denis-comencaran-despres-de-setmana-santa\/#primaryimage","url":"https:\/\/canfali.com\/app\/uploads\/2026\/03\/260310-Club-Nautico-Denia.jpeg","contentUrl":"https:\/\/canfali.com\/app\/uploads\/2026\/03\/260310-Club-Nautico-Denia.jpeg","width":1600,"height":1200},{"@type":"BreadcrumbList","@id":"https:\/\/canfali.com\/ca-es\/les-obres-de-millora-del-club-nautic-de-denis-comencaran-despres-de-setmana-santa\/#breadcrumb","itemListElement":[{"@type":"ListItem","position":1,"name":"Portada","item":"https:\/\/canfali.com\/ca-es\/"},{"@type":"ListItem","position":2,"name":"Les obres de millora del Club N\u00e0utic de D\u00e9nia comen\u00e7aran despr\u00e9s de Setmana Santa"}]},{"@type":"WebSite","@id":"https:\/\/canfali.com\/ca-es\/#website","url":"https:\/\/canfali.com\/ca-es\/","name":"Canfali","description":"","publisher":{"@id":"https:\/\/canfali.com\/ca-es\/#organization"},"potentialAction":[{"@type":"SearchAction","target":{"@type":"EntryPoint","urlTemplate":"https:\/\/canfali.com\/ca-es\/?s={search_term_string}"},"query-input":{"@type":"PropertyValueSpecification","valueRequired":true,"valueName":"search_term_string"}}],"inLanguage":"va-ES"},{"@type":"Organization","@id":"https:\/\/canfali.com\/ca-es\/#organization","name":"Canfali","url":"https:\/\/canfali.com\/ca-es\/","logo":{"@type":"ImageObject","inLanguage":"va-ES","@id":"https:\/\/canfali.com\/ca-es\/#\/schema\/logo\/image\/","url":"https:\/\/canfali.com\/app\/uploads\/2025\/12\/canfali_marina_alta_logo.png","contentUrl":"https:\/\/canfali.com\/app\/uploads\/2025\/12\/canfali_marina_alta_logo.png","width":225,"height":225,"caption":"Canfali"},"image":{"@id":"https:\/\/canfali.com\/ca-es\/#\/schema\/logo\/image\/"},"sameAs":["https:\/\/es-es.facebook.com\/CANFALIMarinaAlta","https:\/\/x.com\/canfalima","https:\/\/www.instagram.com\/canfalimarinaalta\/"]},{"@type":"Person","@id":"https:\/\/canfali.com\/ca-es\/#\/schema\/person\/9c651adc904f3c4e0243f54407751557","name":"Bolta","image":{"@type":"ImageObject","inLanguage":"va-ES","@id":"https:\/\/secure.gravatar.com\/avatar\/550a5d97fe3cfba5caf077b9600e46529e1977e9d14396836e775d6d9d895a81?s=96&d=mm&r=g","url":"https:\/\/secure.gravatar.com\/avatar\/550a5d97fe3cfba5caf077b9600e46529e1977e9d14396836e775d6d9d895a81?s=96&d=mm&r=g","contentUrl":"https:\/\/secure.gravatar.com\/avatar\/550a5d97fe3cfba5caf077b9600e46529e1977e9d14396836e775d6d9d895a81?s=96&d=mm&r=g","caption":"Bolta"},"url":"https:\/\/canfali.com\/ca-es\/author\/bolta\/"}]}},"_links":{"self":[{"href":"https:\/\/canfali.com\/ca-es\/wp-json\/wp\/v2\/posts\/90959","targetHints":{"allow":["GET"]}}],"collection":[{"href":"https:\/\/canfali.com\/ca-es\/wp-json\/wp\/v2\/posts"}],"about":[{"href":"https:\/\/canfali.com\/ca-es\/wp-json\/wp\/v2\/types\/post"}],"author":[{"embeddable":true,"href":"https:\/\/canfali.com\/ca-es\/wp-json\/wp\/v2\/users\/7"}],"replies":[{"embeddable":true,"href":"https:\/\/canfali.com\/ca-es\/wp-json\/wp\/v2\/comments?post=90959"}],"version-history":[{"count":2,"href":"https:\/\/canfali.com\/ca-es\/wp-json\/wp\/v2\/posts\/90959\/revisions"}],"predecessor-version":[{"id":90961,"href":"https:\/\/canfali.com\/ca-es\/wp-json\/wp\/v2\/posts\/90959\/revisions\/90961"}],"wp:featuredmedia":[{"embeddable":true,"href":"https:\/\/canfali.com\/ca-es\/wp-json\/wp\/v2\/media\/90785"}],"wp:attachment":[{"href":"https:\/\/canfali.com\/ca-es\/wp-json\/wp\/v2\/media?parent=90959"}],"wp:term":[{"taxonomy":"category","embeddable":true,"href":"https:\/\/canfali.com\/ca-es\/wp-json\/wp\/v2\/categories?post=90959"},{"taxonomy":"post_tag","embeddable":true,"href":"https:\/\/canfali.com\/ca-es\/wp-json\/wp\/v2\/tags?post=90959"}],"curies":[{"name":"wp","href":"https:\/\/api.w.org\/{rel}","templated":true}]}}