{"id":90957,"date":"2026-03-12T09:35:41","date_gmt":"2026-03-12T08:35:41","guid":{"rendered":"https:\/\/canfali.com\/els-poblets-llanca-dialegs-com-un-espai-per-al-debat-i-les-idees\/"},"modified":"2026-03-12T09:41:13","modified_gmt":"2026-03-12T08:41:13","slug":"els-poblets-llanca-dialegs-com-un-espai-per-al-debat-i-les-idees","status":"publish","type":"post","link":"https:\/\/canfali.com\/ca-es\/els-poblets-llanca-dialegs-com-un-espai-per-al-debat-i-les-idees\/","title":{"rendered":"Els Poblets llan\u00e7a \u201cDi\u00e0legs\u201d com un espai per al debat i les idees"},"content":{"rendered":"\n<p><p class=\"p1\">L\u2019Ajuntament d\u2019Els Poblets ha posat en marxa el cicle \u201cDi\u00e0legs als Poblets 2026\u201d, una iniciativa que pret\u00e9n oferir a la ciutadania un espai de reflexi\u00f3 i debat al voltant de q\u00fcestions d\u2019inter\u00e9s social i cultural. El programa inclou diverses trobades amb escriptors, especialistes i representants del m\u00f3n cultural que abordaran temes vinculats a la lectura, la hist\u00f2ria, la democr\u00e0cia o el turisme.<\/p><\/p>\n\n<p><p class=\"p1\">Segons explica l\u2019alcalde, Jos\u00e9 Luis Mas, la proposta naix amb la voluntat de \u201ccrear una taula de di\u00e0leg oberta a la ciutadania, on parlar i aportar idees sobre temes espec\u00edfics i transcendents per a la societat\u201d. L\u2019objectiu \u00e9s convertir aquestes sessions en un punt de trobada que fomente el pensament cr\u00edtic i la participaci\u00f3.<\/p><\/p>\n\n<p><p class=\"p1\">El cicle arrancar\u00e0 el 25 de mar\u00e7 a la Biblioteca Municipal amb la sessi\u00f3 \u201cLlegir ens fa m\u00e9s lliures\u201d, que comptar\u00e0 amb la participaci\u00f3 de Mar\u00eda Jos\u00e9 G\u00e1lvez i de l\u2019escriptor Ferran Torrent.<\/p><\/p>\n\n<p><p class=\"p1\">La segona cita tindr\u00e0 lloc el 28 d\u2019abril, tamb\u00e9 a la biblioteca, amb la confer\u00e8ncia \u201cEl m\u00f3n de la cavalleria entre Tirant lo Blanc i la vida\u201d, a c\u00e0rrec de l\u2019escriptor i activista cultural Tom\u00e0s Llopis.<\/p><\/p>\n\n<p><p class=\"p1\">El 20 de maig, a la Casa de Cultura, se celebrar\u00e0 una conversa al voltant del llibre \u201cJaque a la democr\u00e0cia\u201d, amb la participaci\u00f3 de Joaquim Bosch i l\u2019escriptora \u00c0ngels Gregori.<\/p><\/p>\n\n<p><p class=\"p1\">El programa es tancar\u00e0 el 16 de juny amb la confer\u00e8ncia-debat \u201cDe la riquesa a la prosperitat: els residents al centre de la gesti\u00f3 tur\u00edstica\u201d, una sessi\u00f3 dedicada a reflexionar sobre el model tur\u00edstic i el paper de la poblaci\u00f3 resident en la seua gesti\u00f3, i que de nou se celebrar\u00e0 a la Biblioteca.<\/p><\/p>\n\n<p><p class=\"p1\">Totes les sessions tindran lloc a les 20 hores Amb aquest cicle, l\u2019Ajuntament d\u2019Els Poblets aposta per acostar el debat p\u00fablic i la cultura a la ciutadania, convertint la biblioteca i la casa de cultura en espais de trobada per compartir idees i perspectives sobre q\u00fcestions d\u2019actualitat.<\/p><\/p>\n","protected":false},"excerpt":{"rendered":"L\u2019Ajuntament d\u2019Els Poblets ha posat en marxa el cicle \u201cDi\u00e0legs als Poblets 2026\u201d, una iniciativa que pret\u00e9n oferir&hellip;","protected":false},"author":8,"featured_media":90955,"comment_status":"closed","ping_status":"closed","sticky":false,"template":"","format":"standard","meta":{"csco_display_header_overlay":false,"csco_singular_sidebar":"","csco_page_header_type":"","csco_page_load_nextpost":"","csco_post_video_location":[],"csco_post_video_location_hash":"","csco_post_video_url":"","csco_post_video_bg_start_time":0,"csco_post_video_bg_end_time":0,"footnotes":""},"categories":[579,597],"tags":[],"class_list":{"0":"post-90957","1":"post","2":"type-post","3":"status-publish","4":"format-standard","5":"has-post-thumbnail","7":"category-cultura-2","8":"category-cultura-ca-es","9":"cs-entry","10":"cs-video-wrap"},"yoast_head":"<!-- This site is optimized with the Yoast SEO Premium plugin v26.6 (Yoast SEO v27.3) - https:\/\/yoast.com\/product\/yoast-seo-premium-wordpress\/ -->\n<title>Els Poblets llan\u00e7a \u201cDi\u00e0legs\u201d com un espai per al debat i les idees - Canfali<\/title>\n<meta name=\"description\" content=\"La iniciativa pret\u00e9n oferir a la ciutadania un espai de reflexi\u00f3 i debat al voltant de q\u00fcestions d\u2019inter\u00e9s social i cultural\" \/>\n<meta name=\"robots\" content=\"index, follow, max-snippet:-1, max-image-preview:large, max-video-preview:-1\" \/>\n<link rel=\"canonical\" href=\"https:\/\/canfali.com\/ca-es\/els-poblets-llanca-dialegs-com-un-espai-per-al-debat-i-les-idees\/\" \/>\n<meta property=\"og:locale\" content=\"en_US\" \/>\n<meta property=\"og:type\" content=\"article\" \/>\n<meta property=\"og:title\" content=\"Els Poblets llan\u00e7a \u201cDi\u00e0legs\u201d com un espai per al debat i les idees\" \/>\n<meta property=\"og:description\" content=\"La iniciativa pret\u00e9n oferir a la ciutadania un espai de reflexi\u00f3 i debat al voltant de q\u00fcestions d\u2019inter\u00e9s social i cultural\" \/>\n<meta property=\"og:url\" content=\"https:\/\/canfali.com\/ca-es\/els-poblets-llanca-dialegs-com-un-espai-per-al-debat-i-les-idees\/\" \/>\n<meta property=\"og:site_name\" content=\"Canfali\" \/>\n<meta property=\"article:publisher\" content=\"https:\/\/es-es.facebook.com\/CANFALIMarinaAlta\" \/>\n<meta property=\"article:published_time\" content=\"2026-03-12T08:35:41+00:00\" \/>\n<meta property=\"article:modified_time\" content=\"2026-03-12T08:41:13+00:00\" \/>\n<meta property=\"og:image\" content=\"https:\/\/canfali.com\/app\/uploads\/2026\/03\/dialegs.jpeg\" \/>\n\t<meta property=\"og:image:width\" content=\"1131\" \/>\n\t<meta property=\"og:image:height\" content=\"663\" \/>\n\t<meta property=\"og:image:type\" content=\"image\/jpeg\" \/>\n<meta name=\"author\" content=\"Lluis\" \/>\n<meta name=\"twitter:card\" content=\"summary_large_image\" \/>\n<meta name=\"twitter:creator\" content=\"@canfalima\" \/>\n<meta name=\"twitter:site\" content=\"@canfalima\" \/>\n<meta name=\"twitter:label1\" content=\"Written by\" \/>\n\t<meta name=\"twitter:data1\" content=\"Lluis\" \/>\n\t<meta name=\"twitter:label2\" content=\"Est. reading time\" \/>\n\t<meta name=\"twitter:data2\" content=\"2 minutes\" \/>\n<script type=\"application\/ld+json\" class=\"yoast-schema-graph\">{\"@context\":\"https:\\\/\\\/schema.org\",\"@graph\":[{\"@type\":\"NewsArticle\",\"@id\":\"https:\\\/\\\/canfali.com\\\/ca-es\\\/els-poblets-llanca-dialegs-com-un-espai-per-al-debat-i-les-idees\\\/#article\",\"isPartOf\":{\"@id\":\"https:\\\/\\\/canfali.com\\\/ca-es\\\/els-poblets-llanca-dialegs-com-un-espai-per-al-debat-i-les-idees\\\/\"},\"author\":{\"name\":\"Lluis\",\"@id\":\"https:\\\/\\\/canfali.com\\\/ca-es\\\/#\\\/schema\\\/person\\\/f540a86fb33e10daaae53c59ceaa1194\"},\"headline\":\"Els Poblets llan\u00e7a \u201cDi\u00e0legs\u201d com un espai per al debat i les idees\",\"datePublished\":\"2026-03-12T08:35:41+00:00\",\"dateModified\":\"2026-03-12T08:41:13+00:00\",\"mainEntityOfPage\":{\"@id\":\"https:\\\/\\\/canfali.com\\\/ca-es\\\/els-poblets-llanca-dialegs-com-un-espai-per-al-debat-i-les-idees\\\/\"},\"wordCount\":361,\"publisher\":{\"@id\":\"https:\\\/\\\/canfali.com\\\/ca-es\\\/#organization\"},\"image\":{\"@id\":\"https:\\\/\\\/canfali.com\\\/ca-es\\\/els-poblets-llanca-dialegs-com-un-espai-per-al-debat-i-les-idees\\\/#primaryimage\"},\"thumbnailUrl\":\"https:\\\/\\\/canfali.com\\\/app\\\/uploads\\\/2026\\\/03\\\/dialegs.jpeg\",\"articleSection\":[\"Cultura\",\"Cultura\"],\"inLanguage\":\"va-ES\",\"copyrightYear\":\"2026\",\"copyrightHolder\":{\"@id\":\"https:\\\/\\\/canfali.com\\\/#organization\"}},{\"@type\":\"WebPage\",\"@id\":\"https:\\\/\\\/canfali.com\\\/ca-es\\\/els-poblets-llanca-dialegs-com-un-espai-per-al-debat-i-les-idees\\\/\",\"url\":\"https:\\\/\\\/canfali.com\\\/ca-es\\\/els-poblets-llanca-dialegs-com-un-espai-per-al-debat-i-les-idees\\\/\",\"name\":\"Els Poblets llan\u00e7a \u201cDi\u00e0legs\u201d com un espai per al debat i les idees - Canfali\",\"isPartOf\":{\"@id\":\"https:\\\/\\\/canfali.com\\\/ca-es\\\/#website\"},\"primaryImageOfPage\":{\"@id\":\"https:\\\/\\\/canfali.com\\\/ca-es\\\/els-poblets-llanca-dialegs-com-un-espai-per-al-debat-i-les-idees\\\/#primaryimage\"},\"image\":{\"@id\":\"https:\\\/\\\/canfali.com\\\/ca-es\\\/els-poblets-llanca-dialegs-com-un-espai-per-al-debat-i-les-idees\\\/#primaryimage\"},\"thumbnailUrl\":\"https:\\\/\\\/canfali.com\\\/app\\\/uploads\\\/2026\\\/03\\\/dialegs.jpeg\",\"datePublished\":\"2026-03-12T08:35:41+00:00\",\"dateModified\":\"2026-03-12T08:41:13+00:00\",\"description\":\"La iniciativa pret\u00e9n oferir a la ciutadania un espai de reflexi\u00f3 i debat al voltant de q\u00fcestions d\u2019inter\u00e9s social i cultural\",\"breadcrumb\":{\"@id\":\"https:\\\/\\\/canfali.com\\\/ca-es\\\/els-poblets-llanca-dialegs-com-un-espai-per-al-debat-i-les-idees\\\/#breadcrumb\"},\"inLanguage\":\"va-ES\",\"potentialAction\":[{\"@type\":\"ReadAction\",\"target\":[\"https:\\\/\\\/canfali.com\\\/ca-es\\\/els-poblets-llanca-dialegs-com-un-espai-per-al-debat-i-les-idees\\\/\"]}]},{\"@type\":\"ImageObject\",\"inLanguage\":\"va-ES\",\"@id\":\"https:\\\/\\\/canfali.com\\\/ca-es\\\/els-poblets-llanca-dialegs-com-un-espai-per-al-debat-i-les-idees\\\/#primaryimage\",\"url\":\"https:\\\/\\\/canfali.com\\\/app\\\/uploads\\\/2026\\\/03\\\/dialegs.jpeg\",\"contentUrl\":\"https:\\\/\\\/canfali.com\\\/app\\\/uploads\\\/2026\\\/03\\\/dialegs.jpeg\",\"width\":1131,\"height\":663},{\"@type\":\"BreadcrumbList\",\"@id\":\"https:\\\/\\\/canfali.com\\\/ca-es\\\/els-poblets-llanca-dialegs-com-un-espai-per-al-debat-i-les-idees\\\/#breadcrumb\",\"itemListElement\":[{\"@type\":\"ListItem\",\"position\":1,\"name\":\"Portada\",\"item\":\"https:\\\/\\\/canfali.com\\\/ca-es\\\/\"},{\"@type\":\"ListItem\",\"position\":2,\"name\":\"Els Poblets llan\u00e7a \u201cDi\u00e0legs\u201d com un espai per al debat i les idees\"}]},{\"@type\":\"WebSite\",\"@id\":\"https:\\\/\\\/canfali.com\\\/ca-es\\\/#website\",\"url\":\"https:\\\/\\\/canfali.com\\\/ca-es\\\/\",\"name\":\"Canfali\",\"description\":\"\",\"publisher\":{\"@id\":\"https:\\\/\\\/canfali.com\\\/ca-es\\\/#organization\"},\"potentialAction\":[{\"@type\":\"SearchAction\",\"target\":{\"@type\":\"EntryPoint\",\"urlTemplate\":\"https:\\\/\\\/canfali.com\\\/ca-es\\\/?s={search_term_string}\"},\"query-input\":{\"@type\":\"PropertyValueSpecification\",\"valueRequired\":true,\"valueName\":\"search_term_string\"}}],\"inLanguage\":\"va-ES\"},{\"@type\":\"Organization\",\"@id\":\"https:\\\/\\\/canfali.com\\\/ca-es\\\/#organization\",\"name\":\"Canfali\",\"url\":\"https:\\\/\\\/canfali.com\\\/ca-es\\\/\",\"logo\":{\"@type\":\"ImageObject\",\"inLanguage\":\"va-ES\",\"@id\":\"https:\\\/\\\/canfali.com\\\/ca-es\\\/#\\\/schema\\\/logo\\\/image\\\/\",\"url\":\"https:\\\/\\\/canfali.com\\\/app\\\/uploads\\\/2025\\\/12\\\/canfali_marina_alta_logo.png\",\"contentUrl\":\"https:\\\/\\\/canfali.com\\\/app\\\/uploads\\\/2025\\\/12\\\/canfali_marina_alta_logo.png\",\"width\":225,\"height\":225,\"caption\":\"Canfali\"},\"image\":{\"@id\":\"https:\\\/\\\/canfali.com\\\/ca-es\\\/#\\\/schema\\\/logo\\\/image\\\/\"},\"sameAs\":[\"https:\\\/\\\/es-es.facebook.com\\\/CANFALIMarinaAlta\",\"https:\\\/\\\/x.com\\\/canfalima\",\"https:\\\/\\\/www.instagram.com\\\/canfalimarinaalta\\\/\"]},{\"@type\":\"Person\",\"@id\":\"https:\\\/\\\/canfali.com\\\/ca-es\\\/#\\\/schema\\\/person\\\/f540a86fb33e10daaae53c59ceaa1194\",\"name\":\"Lluis\",\"image\":{\"@type\":\"ImageObject\",\"inLanguage\":\"va-ES\",\"@id\":\"https:\\\/\\\/secure.gravatar.com\\\/avatar\\\/a21ec8835290e4e02ed0886b8cb327d807d0eb6ec8ccf25d4c2a0a415f506c0d?s=96&d=mm&r=g\",\"url\":\"https:\\\/\\\/secure.gravatar.com\\\/avatar\\\/a21ec8835290e4e02ed0886b8cb327d807d0eb6ec8ccf25d4c2a0a415f506c0d?s=96&d=mm&r=g\",\"contentUrl\":\"https:\\\/\\\/secure.gravatar.com\\\/avatar\\\/a21ec8835290e4e02ed0886b8cb327d807d0eb6ec8ccf25d4c2a0a415f506c0d?s=96&d=mm&r=g\",\"caption\":\"Lluis\"},\"url\":\"https:\\\/\\\/canfali.com\\\/ca-es\\\/author\\\/lluis\\\/\"}]}<\/script>\n<!-- \/ Yoast SEO Premium plugin. -->","yoast_head_json":{"title":"Els Poblets llan\u00e7a \u201cDi\u00e0legs\u201d com un espai per al debat i les idees - Canfali","description":"La iniciativa pret\u00e9n oferir a la ciutadania un espai de reflexi\u00f3 i debat al voltant de q\u00fcestions d\u2019inter\u00e9s social i cultural","robots":{"index":"index","follow":"follow","max-snippet":"max-snippet:-1","max-image-preview":"max-image-preview:large","max-video-preview":"max-video-preview:-1"},"canonical":"https:\/\/canfali.com\/ca-es\/els-poblets-llanca-dialegs-com-un-espai-per-al-debat-i-les-idees\/","og_locale":"en_US","og_type":"article","og_title":"Els Poblets llan\u00e7a \u201cDi\u00e0legs\u201d com un espai per al debat i les idees","og_description":"La iniciativa pret\u00e9n oferir a la ciutadania un espai de reflexi\u00f3 i debat al voltant de q\u00fcestions d\u2019inter\u00e9s social i cultural","og_url":"https:\/\/canfali.com\/ca-es\/els-poblets-llanca-dialegs-com-un-espai-per-al-debat-i-les-idees\/","og_site_name":"Canfali","article_publisher":"https:\/\/es-es.facebook.com\/CANFALIMarinaAlta","article_published_time":"2026-03-12T08:35:41+00:00","article_modified_time":"2026-03-12T08:41:13+00:00","og_image":[{"width":1131,"height":663,"url":"https:\/\/canfali.com\/app\/uploads\/2026\/03\/dialegs.jpeg","type":"image\/jpeg"}],"author":"Lluis","twitter_card":"summary_large_image","twitter_creator":"@canfalima","twitter_site":"@canfalima","twitter_misc":{"Written by":"Lluis","Est. reading time":"2 minutes"},"schema":{"@context":"https:\/\/schema.org","@graph":[{"@type":"NewsArticle","@id":"https:\/\/canfali.com\/ca-es\/els-poblets-llanca-dialegs-com-un-espai-per-al-debat-i-les-idees\/#article","isPartOf":{"@id":"https:\/\/canfali.com\/ca-es\/els-poblets-llanca-dialegs-com-un-espai-per-al-debat-i-les-idees\/"},"author":{"name":"Lluis","@id":"https:\/\/canfali.com\/ca-es\/#\/schema\/person\/f540a86fb33e10daaae53c59ceaa1194"},"headline":"Els Poblets llan\u00e7a \u201cDi\u00e0legs\u201d com un espai per al debat i les idees","datePublished":"2026-03-12T08:35:41+00:00","dateModified":"2026-03-12T08:41:13+00:00","mainEntityOfPage":{"@id":"https:\/\/canfali.com\/ca-es\/els-poblets-llanca-dialegs-com-un-espai-per-al-debat-i-les-idees\/"},"wordCount":361,"publisher":{"@id":"https:\/\/canfali.com\/ca-es\/#organization"},"image":{"@id":"https:\/\/canfali.com\/ca-es\/els-poblets-llanca-dialegs-com-un-espai-per-al-debat-i-les-idees\/#primaryimage"},"thumbnailUrl":"https:\/\/canfali.com\/app\/uploads\/2026\/03\/dialegs.jpeg","articleSection":["Cultura","Cultura"],"inLanguage":"va-ES","copyrightYear":"2026","copyrightHolder":{"@id":"https:\/\/canfali.com\/#organization"}},{"@type":"WebPage","@id":"https:\/\/canfali.com\/ca-es\/els-poblets-llanca-dialegs-com-un-espai-per-al-debat-i-les-idees\/","url":"https:\/\/canfali.com\/ca-es\/els-poblets-llanca-dialegs-com-un-espai-per-al-debat-i-les-idees\/","name":"Els Poblets llan\u00e7a \u201cDi\u00e0legs\u201d com un espai per al debat i les idees - Canfali","isPartOf":{"@id":"https:\/\/canfali.com\/ca-es\/#website"},"primaryImageOfPage":{"@id":"https:\/\/canfali.com\/ca-es\/els-poblets-llanca-dialegs-com-un-espai-per-al-debat-i-les-idees\/#primaryimage"},"image":{"@id":"https:\/\/canfali.com\/ca-es\/els-poblets-llanca-dialegs-com-un-espai-per-al-debat-i-les-idees\/#primaryimage"},"thumbnailUrl":"https:\/\/canfali.com\/app\/uploads\/2026\/03\/dialegs.jpeg","datePublished":"2026-03-12T08:35:41+00:00","dateModified":"2026-03-12T08:41:13+00:00","description":"La iniciativa pret\u00e9n oferir a la ciutadania un espai de reflexi\u00f3 i debat al voltant de q\u00fcestions d\u2019inter\u00e9s social i cultural","breadcrumb":{"@id":"https:\/\/canfali.com\/ca-es\/els-poblets-llanca-dialegs-com-un-espai-per-al-debat-i-les-idees\/#breadcrumb"},"inLanguage":"va-ES","potentialAction":[{"@type":"ReadAction","target":["https:\/\/canfali.com\/ca-es\/els-poblets-llanca-dialegs-com-un-espai-per-al-debat-i-les-idees\/"]}]},{"@type":"ImageObject","inLanguage":"va-ES","@id":"https:\/\/canfali.com\/ca-es\/els-poblets-llanca-dialegs-com-un-espai-per-al-debat-i-les-idees\/#primaryimage","url":"https:\/\/canfali.com\/app\/uploads\/2026\/03\/dialegs.jpeg","contentUrl":"https:\/\/canfali.com\/app\/uploads\/2026\/03\/dialegs.jpeg","width":1131,"height":663},{"@type":"BreadcrumbList","@id":"https:\/\/canfali.com\/ca-es\/els-poblets-llanca-dialegs-com-un-espai-per-al-debat-i-les-idees\/#breadcrumb","itemListElement":[{"@type":"ListItem","position":1,"name":"Portada","item":"https:\/\/canfali.com\/ca-es\/"},{"@type":"ListItem","position":2,"name":"Els Poblets llan\u00e7a \u201cDi\u00e0legs\u201d com un espai per al debat i les idees"}]},{"@type":"WebSite","@id":"https:\/\/canfali.com\/ca-es\/#website","url":"https:\/\/canfali.com\/ca-es\/","name":"Canfali","description":"","publisher":{"@id":"https:\/\/canfali.com\/ca-es\/#organization"},"potentialAction":[{"@type":"SearchAction","target":{"@type":"EntryPoint","urlTemplate":"https:\/\/canfali.com\/ca-es\/?s={search_term_string}"},"query-input":{"@type":"PropertyValueSpecification","valueRequired":true,"valueName":"search_term_string"}}],"inLanguage":"va-ES"},{"@type":"Organization","@id":"https:\/\/canfali.com\/ca-es\/#organization","name":"Canfali","url":"https:\/\/canfali.com\/ca-es\/","logo":{"@type":"ImageObject","inLanguage":"va-ES","@id":"https:\/\/canfali.com\/ca-es\/#\/schema\/logo\/image\/","url":"https:\/\/canfali.com\/app\/uploads\/2025\/12\/canfali_marina_alta_logo.png","contentUrl":"https:\/\/canfali.com\/app\/uploads\/2025\/12\/canfali_marina_alta_logo.png","width":225,"height":225,"caption":"Canfali"},"image":{"@id":"https:\/\/canfali.com\/ca-es\/#\/schema\/logo\/image\/"},"sameAs":["https:\/\/es-es.facebook.com\/CANFALIMarinaAlta","https:\/\/x.com\/canfalima","https:\/\/www.instagram.com\/canfalimarinaalta\/"]},{"@type":"Person","@id":"https:\/\/canfali.com\/ca-es\/#\/schema\/person\/f540a86fb33e10daaae53c59ceaa1194","name":"Lluis","image":{"@type":"ImageObject","inLanguage":"va-ES","@id":"https:\/\/secure.gravatar.com\/avatar\/a21ec8835290e4e02ed0886b8cb327d807d0eb6ec8ccf25d4c2a0a415f506c0d?s=96&d=mm&r=g","url":"https:\/\/secure.gravatar.com\/avatar\/a21ec8835290e4e02ed0886b8cb327d807d0eb6ec8ccf25d4c2a0a415f506c0d?s=96&d=mm&r=g","contentUrl":"https:\/\/secure.gravatar.com\/avatar\/a21ec8835290e4e02ed0886b8cb327d807d0eb6ec8ccf25d4c2a0a415f506c0d?s=96&d=mm&r=g","caption":"Lluis"},"url":"https:\/\/canfali.com\/ca-es\/author\/lluis\/"}]}},"_links":{"self":[{"href":"https:\/\/canfali.com\/ca-es\/wp-json\/wp\/v2\/posts\/90957","targetHints":{"allow":["GET"]}}],"collection":[{"href":"https:\/\/canfali.com\/ca-es\/wp-json\/wp\/v2\/posts"}],"about":[{"href":"https:\/\/canfali.com\/ca-es\/wp-json\/wp\/v2\/types\/post"}],"author":[{"embeddable":true,"href":"https:\/\/canfali.com\/ca-es\/wp-json\/wp\/v2\/users\/8"}],"replies":[{"embeddable":true,"href":"https:\/\/canfali.com\/ca-es\/wp-json\/wp\/v2\/comments?post=90957"}],"version-history":[{"count":1,"href":"https:\/\/canfali.com\/ca-es\/wp-json\/wp\/v2\/posts\/90957\/revisions"}],"predecessor-version":[{"id":90958,"href":"https:\/\/canfali.com\/ca-es\/wp-json\/wp\/v2\/posts\/90957\/revisions\/90958"}],"wp:featuredmedia":[{"embeddable":true,"href":"https:\/\/canfali.com\/ca-es\/wp-json\/wp\/v2\/media\/90955"}],"wp:attachment":[{"href":"https:\/\/canfali.com\/ca-es\/wp-json\/wp\/v2\/media?parent=90957"}],"wp:term":[{"taxonomy":"category","embeddable":true,"href":"https:\/\/canfali.com\/ca-es\/wp-json\/wp\/v2\/categories?post=90957"},{"taxonomy":"post_tag","embeddable":true,"href":"https:\/\/canfali.com\/ca-es\/wp-json\/wp\/v2\/tags?post=90957"}],"curies":[{"name":"wp","href":"https:\/\/api.w.org\/{rel}","templated":true}]}}