{"id":90950,"date":"2026-03-12T09:15:43","date_gmt":"2026-03-12T08:15:43","guid":{"rendered":"https:\/\/canfali.com\/cinquena-edicio-del-premi-destudis-amb-perspectiva-de-genere-vila-de-pedreguer\/"},"modified":"2026-03-12T09:17:21","modified_gmt":"2026-03-12T08:17:21","slug":"cinquena-edicio-del-premi-destudis-amb-perspectiva-de-genere-vila-de-pedreguer","status":"publish","type":"post","link":"https:\/\/canfali.com\/ca-es\/cinquena-edicio-del-premi-destudis-amb-perspectiva-de-genere-vila-de-pedreguer\/","title":{"rendered":"Cinquena edici\u00f3 del Premi d\u2019Estudis amb Perspectiva de G\u00e8nere Vila de Pedreguer"},"content":{"rendered":"\n<p>L\u2019Ajuntament de Pedreguer ha aprovat la convocat\u00f2ria de la cinquena edici\u00f3 del Premi d\u2019Estudis amb Perspectiva de G\u00e8nere Vila de Pedreguer 2026, una iniciativa que t\u00e9 com a objectiu impulsar la investigaci\u00f3 i l\u2019an\u00e0lisi feminista vinculats al municipi.&#13;\n<\/p>\n\n<p>Amb aquesta convocat\u00f2ria, el consistori reafirma el seu comprom\u00eds amb la igualtat entre dones i homes, el coneixement de la realitat social de Pedreguer i la promoci\u00f3 d\u2019estudis que incorporen la perspectiva de g\u00e8nere com a eina d\u2019an\u00e0lisi i transformaci\u00f3 social.&#13;\n<\/p>\n\n<p>La convocat\u00f2ria est\u00e0 oberta a persones f\u00edsiques que podran participar tant de manera individual com col\u00b7lectiva mitjan\u00e7ant la presentaci\u00f3 d\u2019un avantprojecte d\u2019investigaci\u00f3 ajustat a les bases reguladores. En el cas de projectes col\u00b7lectius, caldr\u00e0 designar una persona coordinadora o representant responsable.&#13;\n<\/p>\n\n<p>El projecte guanyador rebr\u00e0 una dotaci\u00f3 econ\u00f2mica de 2.000 euros, destinada al desenvolupament del treball d\u2019investigaci\u00f3. La beca-premi est\u00e0 dirigida a estudis, tant d\u2019\u00e0mbit actual com hist\u00f2ric, que aborden qualsevol disciplina des d\u2019una metodologia feminista o de g\u00e8nere, aix\u00ed com treballs centrats en dones destacades de la hist\u00f2ria i la cultura de Pedreguer o en diferents \u00e0mbits de la vida social del municipi.&#13;\n<\/p>\n\n<p>Entre els criteris de valoraci\u00f3, la comissi\u00f3 seleccionadora tindr\u00e0 especialment en compte la incorporaci\u00f3 de la perspectiva de g\u00e8nere, el rigor metodol\u00f2gic i cient\u00edfic i l\u2019inter\u00e9s del tema per al municipi de Pedreguer.&#13;\n<\/p>\n\n<p>El termini per a presentar els avantprojectes finalitzar\u00e0 el 8 de maig de 2026, incl\u00f2s. La documentaci\u00f3 es podr\u00e0 presentar en el registre de l\u2019Ajuntament de Pedreguer o per qualsevol dels mitjans previstos en la normativa administrativa vigent.&#13;\n<\/p>\n\n<p>La resoluci\u00f3 de la convocat\u00f2ria es far\u00e0 p\u00fablica, com a m\u00e0xim, el 8 de juny de 2026. La persona o equip investigador seleccionat disposar\u00e0 posteriorment de vuit mesos per a presentar el treball final.&#13;\n<\/p>\n\n<p>Les bases completes de la convocat\u00f2ria es poden consultar en la p\u00e0gina web municipal i en el tauler d\u2019anuncis de la seu electr\u00f2nica de l\u2019Ajuntament de Pedreguer.&#13;\n<\/p>\n","protected":false},"excerpt":{"rendered":"L\u2019Ajuntament de Pedreguer ha aprovat la convocat\u00f2ria de la cinquena edici\u00f3 del Premi d\u2019Estudis amb Perspectiva de G\u00e8nere&hellip;","protected":false},"author":8,"featured_media":90948,"comment_status":"closed","ping_status":"closed","sticky":false,"template":"","format":"standard","meta":{"csco_display_header_overlay":false,"csco_singular_sidebar":"","csco_page_header_type":"","csco_page_load_nextpost":"","csco_post_video_location":[],"csco_post_video_location_hash":"","csco_post_video_url":"","csco_post_video_bg_start_time":0,"csco_post_video_bg_end_time":0,"footnotes":""},"categories":[579,597],"tags":[],"class_list":{"0":"post-90950","1":"post","2":"type-post","3":"status-publish","4":"format-standard","5":"has-post-thumbnail","7":"category-cultura-2","8":"category-cultura-ca-es","9":"cs-entry","10":"cs-video-wrap"},"yoast_head":"<!-- This site is optimized with the Yoast SEO Premium plugin v26.6 (Yoast SEO v27.3) - https:\/\/yoast.com\/product\/yoast-seo-premium-wordpress\/ -->\n<title>Cinquena edici\u00f3 del Premi d\u2019Estudis amb Perspectiva de G\u00e8nere Vila de Pedreguer - Canfali<\/title>\n<meta name=\"description\" content=\"La iniciativa t\u00e9 com a objectiu impulsar la investigaci\u00f3 i l\u2019an\u00e0lisi feminista vinculats al municipi.\" \/>\n<meta name=\"robots\" content=\"index, follow, max-snippet:-1, max-image-preview:large, max-video-preview:-1\" \/>\n<link rel=\"canonical\" href=\"https:\/\/canfali.com\/ca-es\/cinquena-edicio-del-premi-destudis-amb-perspectiva-de-genere-vila-de-pedreguer\/\" \/>\n<meta property=\"og:locale\" content=\"en_US\" \/>\n<meta property=\"og:type\" content=\"article\" \/>\n<meta property=\"og:title\" content=\"Cinquena edici\u00f3 del Premi d\u2019Estudis amb Perspectiva de G\u00e8nere Vila de Pedreguer\" \/>\n<meta property=\"og:description\" content=\"La iniciativa t\u00e9 com a objectiu impulsar la investigaci\u00f3 i l\u2019an\u00e0lisi feminista vinculats al municipi.\" \/>\n<meta property=\"og:url\" content=\"https:\/\/canfali.com\/ca-es\/cinquena-edicio-del-premi-destudis-amb-perspectiva-de-genere-vila-de-pedreguer\/\" \/>\n<meta property=\"og:site_name\" content=\"Canfali\" \/>\n<meta property=\"article:publisher\" content=\"https:\/\/es-es.facebook.com\/CANFALIMarinaAlta\" \/>\n<meta property=\"article:published_time\" content=\"2026-03-12T08:15:43+00:00\" \/>\n<meta property=\"article:modified_time\" content=\"2026-03-12T08:17:21+00:00\" \/>\n<meta property=\"og:image\" content=\"https:\/\/canfali.com\/app\/uploads\/2026\/03\/1585825918_whatsapp-image-2020-04-01-at-12.17.25-1773299205.jpeg\" \/>\n\t<meta property=\"og:image:width\" content=\"768\" \/>\n\t<meta property=\"og:image:height\" content=\"491\" \/>\n\t<meta property=\"og:image:type\" content=\"image\/jpeg\" \/>\n<meta name=\"author\" content=\"Lluis\" \/>\n<meta name=\"twitter:card\" content=\"summary_large_image\" \/>\n<meta name=\"twitter:creator\" content=\"@canfalima\" \/>\n<meta name=\"twitter:site\" content=\"@canfalima\" \/>\n<meta name=\"twitter:label1\" content=\"Written by\" \/>\n\t<meta name=\"twitter:data1\" content=\"Lluis\" \/>\n\t<meta name=\"twitter:label2\" content=\"Est. reading time\" \/>\n\t<meta name=\"twitter:data2\" content=\"2 minutes\" \/>\n<script type=\"application\/ld+json\" class=\"yoast-schema-graph\">{\"@context\":\"https:\\\/\\\/schema.org\",\"@graph\":[{\"@type\":\"NewsArticle\",\"@id\":\"https:\\\/\\\/canfali.com\\\/ca-es\\\/cinquena-edicio-del-premi-destudis-amb-perspectiva-de-genere-vila-de-pedreguer\\\/#article\",\"isPartOf\":{\"@id\":\"https:\\\/\\\/canfali.com\\\/ca-es\\\/cinquena-edicio-del-premi-destudis-amb-perspectiva-de-genere-vila-de-pedreguer\\\/\"},\"author\":{\"name\":\"Lluis\",\"@id\":\"https:\\\/\\\/canfali.com\\\/ca-es\\\/#\\\/schema\\\/person\\\/f540a86fb33e10daaae53c59ceaa1194\"},\"headline\":\"Cinquena edici\u00f3 del Premi d\u2019Estudis amb Perspectiva de G\u00e8nere Vila de Pedreguer\",\"datePublished\":\"2026-03-12T08:15:43+00:00\",\"dateModified\":\"2026-03-12T08:17:21+00:00\",\"mainEntityOfPage\":{\"@id\":\"https:\\\/\\\/canfali.com\\\/ca-es\\\/cinquena-edicio-del-premi-destudis-amb-perspectiva-de-genere-vila-de-pedreguer\\\/\"},\"wordCount\":364,\"publisher\":{\"@id\":\"https:\\\/\\\/canfali.com\\\/ca-es\\\/#organization\"},\"image\":{\"@id\":\"https:\\\/\\\/canfali.com\\\/ca-es\\\/cinquena-edicio-del-premi-destudis-amb-perspectiva-de-genere-vila-de-pedreguer\\\/#primaryimage\"},\"thumbnailUrl\":\"https:\\\/\\\/canfali.com\\\/app\\\/uploads\\\/2026\\\/03\\\/1585825918_whatsapp-image-2020-04-01-at-12.17.25-1773299205.jpeg\",\"articleSection\":[\"Cultura\",\"Cultura\"],\"inLanguage\":\"va-ES\",\"copyrightYear\":\"2026\",\"copyrightHolder\":{\"@id\":\"https:\\\/\\\/canfali.com\\\/#organization\"}},{\"@type\":\"WebPage\",\"@id\":\"https:\\\/\\\/canfali.com\\\/ca-es\\\/cinquena-edicio-del-premi-destudis-amb-perspectiva-de-genere-vila-de-pedreguer\\\/\",\"url\":\"https:\\\/\\\/canfali.com\\\/ca-es\\\/cinquena-edicio-del-premi-destudis-amb-perspectiva-de-genere-vila-de-pedreguer\\\/\",\"name\":\"Cinquena edici\u00f3 del Premi d\u2019Estudis amb Perspectiva de G\u00e8nere Vila de Pedreguer - Canfali\",\"isPartOf\":{\"@id\":\"https:\\\/\\\/canfali.com\\\/ca-es\\\/#website\"},\"primaryImageOfPage\":{\"@id\":\"https:\\\/\\\/canfali.com\\\/ca-es\\\/cinquena-edicio-del-premi-destudis-amb-perspectiva-de-genere-vila-de-pedreguer\\\/#primaryimage\"},\"image\":{\"@id\":\"https:\\\/\\\/canfali.com\\\/ca-es\\\/cinquena-edicio-del-premi-destudis-amb-perspectiva-de-genere-vila-de-pedreguer\\\/#primaryimage\"},\"thumbnailUrl\":\"https:\\\/\\\/canfali.com\\\/app\\\/uploads\\\/2026\\\/03\\\/1585825918_whatsapp-image-2020-04-01-at-12.17.25-1773299205.jpeg\",\"datePublished\":\"2026-03-12T08:15:43+00:00\",\"dateModified\":\"2026-03-12T08:17:21+00:00\",\"description\":\"La iniciativa t\u00e9 com a objectiu impulsar la investigaci\u00f3 i l\u2019an\u00e0lisi feminista vinculats al municipi.\",\"breadcrumb\":{\"@id\":\"https:\\\/\\\/canfali.com\\\/ca-es\\\/cinquena-edicio-del-premi-destudis-amb-perspectiva-de-genere-vila-de-pedreguer\\\/#breadcrumb\"},\"inLanguage\":\"va-ES\",\"potentialAction\":[{\"@type\":\"ReadAction\",\"target\":[\"https:\\\/\\\/canfali.com\\\/ca-es\\\/cinquena-edicio-del-premi-destudis-amb-perspectiva-de-genere-vila-de-pedreguer\\\/\"]}]},{\"@type\":\"ImageObject\",\"inLanguage\":\"va-ES\",\"@id\":\"https:\\\/\\\/canfali.com\\\/ca-es\\\/cinquena-edicio-del-premi-destudis-amb-perspectiva-de-genere-vila-de-pedreguer\\\/#primaryimage\",\"url\":\"https:\\\/\\\/canfali.com\\\/app\\\/uploads\\\/2026\\\/03\\\/1585825918_whatsapp-image-2020-04-01-at-12.17.25-1773299205.jpeg\",\"contentUrl\":\"https:\\\/\\\/canfali.com\\\/app\\\/uploads\\\/2026\\\/03\\\/1585825918_whatsapp-image-2020-04-01-at-12.17.25-1773299205.jpeg\",\"width\":768,\"height\":491},{\"@type\":\"BreadcrumbList\",\"@id\":\"https:\\\/\\\/canfali.com\\\/ca-es\\\/cinquena-edicio-del-premi-destudis-amb-perspectiva-de-genere-vila-de-pedreguer\\\/#breadcrumb\",\"itemListElement\":[{\"@type\":\"ListItem\",\"position\":1,\"name\":\"Portada\",\"item\":\"https:\\\/\\\/canfali.com\\\/ca-es\\\/\"},{\"@type\":\"ListItem\",\"position\":2,\"name\":\"Cinquena edici\u00f3 del Premi d\u2019Estudis amb Perspectiva de G\u00e8nere Vila de Pedreguer\"}]},{\"@type\":\"WebSite\",\"@id\":\"https:\\\/\\\/canfali.com\\\/ca-es\\\/#website\",\"url\":\"https:\\\/\\\/canfali.com\\\/ca-es\\\/\",\"name\":\"Canfali\",\"description\":\"\",\"publisher\":{\"@id\":\"https:\\\/\\\/canfali.com\\\/ca-es\\\/#organization\"},\"potentialAction\":[{\"@type\":\"SearchAction\",\"target\":{\"@type\":\"EntryPoint\",\"urlTemplate\":\"https:\\\/\\\/canfali.com\\\/ca-es\\\/?s={search_term_string}\"},\"query-input\":{\"@type\":\"PropertyValueSpecification\",\"valueRequired\":true,\"valueName\":\"search_term_string\"}}],\"inLanguage\":\"va-ES\"},{\"@type\":\"Organization\",\"@id\":\"https:\\\/\\\/canfali.com\\\/ca-es\\\/#organization\",\"name\":\"Canfali\",\"url\":\"https:\\\/\\\/canfali.com\\\/ca-es\\\/\",\"logo\":{\"@type\":\"ImageObject\",\"inLanguage\":\"va-ES\",\"@id\":\"https:\\\/\\\/canfali.com\\\/ca-es\\\/#\\\/schema\\\/logo\\\/image\\\/\",\"url\":\"https:\\\/\\\/canfali.com\\\/app\\\/uploads\\\/2025\\\/12\\\/canfali_marina_alta_logo.png\",\"contentUrl\":\"https:\\\/\\\/canfali.com\\\/app\\\/uploads\\\/2025\\\/12\\\/canfali_marina_alta_logo.png\",\"width\":225,\"height\":225,\"caption\":\"Canfali\"},\"image\":{\"@id\":\"https:\\\/\\\/canfali.com\\\/ca-es\\\/#\\\/schema\\\/logo\\\/image\\\/\"},\"sameAs\":[\"https:\\\/\\\/es-es.facebook.com\\\/CANFALIMarinaAlta\",\"https:\\\/\\\/x.com\\\/canfalima\",\"https:\\\/\\\/www.instagram.com\\\/canfalimarinaalta\\\/\"]},{\"@type\":\"Person\",\"@id\":\"https:\\\/\\\/canfali.com\\\/ca-es\\\/#\\\/schema\\\/person\\\/f540a86fb33e10daaae53c59ceaa1194\",\"name\":\"Lluis\",\"image\":{\"@type\":\"ImageObject\",\"inLanguage\":\"va-ES\",\"@id\":\"https:\\\/\\\/secure.gravatar.com\\\/avatar\\\/a21ec8835290e4e02ed0886b8cb327d807d0eb6ec8ccf25d4c2a0a415f506c0d?s=96&d=mm&r=g\",\"url\":\"https:\\\/\\\/secure.gravatar.com\\\/avatar\\\/a21ec8835290e4e02ed0886b8cb327d807d0eb6ec8ccf25d4c2a0a415f506c0d?s=96&d=mm&r=g\",\"contentUrl\":\"https:\\\/\\\/secure.gravatar.com\\\/avatar\\\/a21ec8835290e4e02ed0886b8cb327d807d0eb6ec8ccf25d4c2a0a415f506c0d?s=96&d=mm&r=g\",\"caption\":\"Lluis\"},\"url\":\"https:\\\/\\\/canfali.com\\\/ca-es\\\/author\\\/lluis\\\/\"}]}<\/script>\n<!-- \/ Yoast SEO Premium plugin. -->","yoast_head_json":{"title":"Cinquena edici\u00f3 del Premi d\u2019Estudis amb Perspectiva de G\u00e8nere Vila de Pedreguer - Canfali","description":"La iniciativa t\u00e9 com a objectiu impulsar la investigaci\u00f3 i l\u2019an\u00e0lisi feminista vinculats al municipi.","robots":{"index":"index","follow":"follow","max-snippet":"max-snippet:-1","max-image-preview":"max-image-preview:large","max-video-preview":"max-video-preview:-1"},"canonical":"https:\/\/canfali.com\/ca-es\/cinquena-edicio-del-premi-destudis-amb-perspectiva-de-genere-vila-de-pedreguer\/","og_locale":"en_US","og_type":"article","og_title":"Cinquena edici\u00f3 del Premi d\u2019Estudis amb Perspectiva de G\u00e8nere Vila de Pedreguer","og_description":"La iniciativa t\u00e9 com a objectiu impulsar la investigaci\u00f3 i l\u2019an\u00e0lisi feminista vinculats al municipi.","og_url":"https:\/\/canfali.com\/ca-es\/cinquena-edicio-del-premi-destudis-amb-perspectiva-de-genere-vila-de-pedreguer\/","og_site_name":"Canfali","article_publisher":"https:\/\/es-es.facebook.com\/CANFALIMarinaAlta","article_published_time":"2026-03-12T08:15:43+00:00","article_modified_time":"2026-03-12T08:17:21+00:00","og_image":[{"width":768,"height":491,"url":"https:\/\/canfali.com\/app\/uploads\/2026\/03\/1585825918_whatsapp-image-2020-04-01-at-12.17.25-1773299205.jpeg","type":"image\/jpeg"}],"author":"Lluis","twitter_card":"summary_large_image","twitter_creator":"@canfalima","twitter_site":"@canfalima","twitter_misc":{"Written by":"Lluis","Est. reading time":"2 minutes"},"schema":{"@context":"https:\/\/schema.org","@graph":[{"@type":"NewsArticle","@id":"https:\/\/canfali.com\/ca-es\/cinquena-edicio-del-premi-destudis-amb-perspectiva-de-genere-vila-de-pedreguer\/#article","isPartOf":{"@id":"https:\/\/canfali.com\/ca-es\/cinquena-edicio-del-premi-destudis-amb-perspectiva-de-genere-vila-de-pedreguer\/"},"author":{"name":"Lluis","@id":"https:\/\/canfali.com\/ca-es\/#\/schema\/person\/f540a86fb33e10daaae53c59ceaa1194"},"headline":"Cinquena edici\u00f3 del Premi d\u2019Estudis amb Perspectiva de G\u00e8nere Vila de Pedreguer","datePublished":"2026-03-12T08:15:43+00:00","dateModified":"2026-03-12T08:17:21+00:00","mainEntityOfPage":{"@id":"https:\/\/canfali.com\/ca-es\/cinquena-edicio-del-premi-destudis-amb-perspectiva-de-genere-vila-de-pedreguer\/"},"wordCount":364,"publisher":{"@id":"https:\/\/canfali.com\/ca-es\/#organization"},"image":{"@id":"https:\/\/canfali.com\/ca-es\/cinquena-edicio-del-premi-destudis-amb-perspectiva-de-genere-vila-de-pedreguer\/#primaryimage"},"thumbnailUrl":"https:\/\/canfali.com\/app\/uploads\/2026\/03\/1585825918_whatsapp-image-2020-04-01-at-12.17.25-1773299205.jpeg","articleSection":["Cultura","Cultura"],"inLanguage":"va-ES","copyrightYear":"2026","copyrightHolder":{"@id":"https:\/\/canfali.com\/#organization"}},{"@type":"WebPage","@id":"https:\/\/canfali.com\/ca-es\/cinquena-edicio-del-premi-destudis-amb-perspectiva-de-genere-vila-de-pedreguer\/","url":"https:\/\/canfali.com\/ca-es\/cinquena-edicio-del-premi-destudis-amb-perspectiva-de-genere-vila-de-pedreguer\/","name":"Cinquena edici\u00f3 del Premi d\u2019Estudis amb Perspectiva de G\u00e8nere Vila de Pedreguer - Canfali","isPartOf":{"@id":"https:\/\/canfali.com\/ca-es\/#website"},"primaryImageOfPage":{"@id":"https:\/\/canfali.com\/ca-es\/cinquena-edicio-del-premi-destudis-amb-perspectiva-de-genere-vila-de-pedreguer\/#primaryimage"},"image":{"@id":"https:\/\/canfali.com\/ca-es\/cinquena-edicio-del-premi-destudis-amb-perspectiva-de-genere-vila-de-pedreguer\/#primaryimage"},"thumbnailUrl":"https:\/\/canfali.com\/app\/uploads\/2026\/03\/1585825918_whatsapp-image-2020-04-01-at-12.17.25-1773299205.jpeg","datePublished":"2026-03-12T08:15:43+00:00","dateModified":"2026-03-12T08:17:21+00:00","description":"La iniciativa t\u00e9 com a objectiu impulsar la investigaci\u00f3 i l\u2019an\u00e0lisi feminista vinculats al municipi.","breadcrumb":{"@id":"https:\/\/canfali.com\/ca-es\/cinquena-edicio-del-premi-destudis-amb-perspectiva-de-genere-vila-de-pedreguer\/#breadcrumb"},"inLanguage":"va-ES","potentialAction":[{"@type":"ReadAction","target":["https:\/\/canfali.com\/ca-es\/cinquena-edicio-del-premi-destudis-amb-perspectiva-de-genere-vila-de-pedreguer\/"]}]},{"@type":"ImageObject","inLanguage":"va-ES","@id":"https:\/\/canfali.com\/ca-es\/cinquena-edicio-del-premi-destudis-amb-perspectiva-de-genere-vila-de-pedreguer\/#primaryimage","url":"https:\/\/canfali.com\/app\/uploads\/2026\/03\/1585825918_whatsapp-image-2020-04-01-at-12.17.25-1773299205.jpeg","contentUrl":"https:\/\/canfali.com\/app\/uploads\/2026\/03\/1585825918_whatsapp-image-2020-04-01-at-12.17.25-1773299205.jpeg","width":768,"height":491},{"@type":"BreadcrumbList","@id":"https:\/\/canfali.com\/ca-es\/cinquena-edicio-del-premi-destudis-amb-perspectiva-de-genere-vila-de-pedreguer\/#breadcrumb","itemListElement":[{"@type":"ListItem","position":1,"name":"Portada","item":"https:\/\/canfali.com\/ca-es\/"},{"@type":"ListItem","position":2,"name":"Cinquena edici\u00f3 del Premi d\u2019Estudis amb Perspectiva de G\u00e8nere Vila de Pedreguer"}]},{"@type":"WebSite","@id":"https:\/\/canfali.com\/ca-es\/#website","url":"https:\/\/canfali.com\/ca-es\/","name":"Canfali","description":"","publisher":{"@id":"https:\/\/canfali.com\/ca-es\/#organization"},"potentialAction":[{"@type":"SearchAction","target":{"@type":"EntryPoint","urlTemplate":"https:\/\/canfali.com\/ca-es\/?s={search_term_string}"},"query-input":{"@type":"PropertyValueSpecification","valueRequired":true,"valueName":"search_term_string"}}],"inLanguage":"va-ES"},{"@type":"Organization","@id":"https:\/\/canfali.com\/ca-es\/#organization","name":"Canfali","url":"https:\/\/canfali.com\/ca-es\/","logo":{"@type":"ImageObject","inLanguage":"va-ES","@id":"https:\/\/canfali.com\/ca-es\/#\/schema\/logo\/image\/","url":"https:\/\/canfali.com\/app\/uploads\/2025\/12\/canfali_marina_alta_logo.png","contentUrl":"https:\/\/canfali.com\/app\/uploads\/2025\/12\/canfali_marina_alta_logo.png","width":225,"height":225,"caption":"Canfali"},"image":{"@id":"https:\/\/canfali.com\/ca-es\/#\/schema\/logo\/image\/"},"sameAs":["https:\/\/es-es.facebook.com\/CANFALIMarinaAlta","https:\/\/x.com\/canfalima","https:\/\/www.instagram.com\/canfalimarinaalta\/"]},{"@type":"Person","@id":"https:\/\/canfali.com\/ca-es\/#\/schema\/person\/f540a86fb33e10daaae53c59ceaa1194","name":"Lluis","image":{"@type":"ImageObject","inLanguage":"va-ES","@id":"https:\/\/secure.gravatar.com\/avatar\/a21ec8835290e4e02ed0886b8cb327d807d0eb6ec8ccf25d4c2a0a415f506c0d?s=96&d=mm&r=g","url":"https:\/\/secure.gravatar.com\/avatar\/a21ec8835290e4e02ed0886b8cb327d807d0eb6ec8ccf25d4c2a0a415f506c0d?s=96&d=mm&r=g","contentUrl":"https:\/\/secure.gravatar.com\/avatar\/a21ec8835290e4e02ed0886b8cb327d807d0eb6ec8ccf25d4c2a0a415f506c0d?s=96&d=mm&r=g","caption":"Lluis"},"url":"https:\/\/canfali.com\/ca-es\/author\/lluis\/"}]}},"_links":{"self":[{"href":"https:\/\/canfali.com\/ca-es\/wp-json\/wp\/v2\/posts\/90950","targetHints":{"allow":["GET"]}}],"collection":[{"href":"https:\/\/canfali.com\/ca-es\/wp-json\/wp\/v2\/posts"}],"about":[{"href":"https:\/\/canfali.com\/ca-es\/wp-json\/wp\/v2\/types\/post"}],"author":[{"embeddable":true,"href":"https:\/\/canfali.com\/ca-es\/wp-json\/wp\/v2\/users\/8"}],"replies":[{"embeddable":true,"href":"https:\/\/canfali.com\/ca-es\/wp-json\/wp\/v2\/comments?post=90950"}],"version-history":[{"count":1,"href":"https:\/\/canfali.com\/ca-es\/wp-json\/wp\/v2\/posts\/90950\/revisions"}],"predecessor-version":[{"id":90951,"href":"https:\/\/canfali.com\/ca-es\/wp-json\/wp\/v2\/posts\/90950\/revisions\/90951"}],"wp:featuredmedia":[{"embeddable":true,"href":"https:\/\/canfali.com\/ca-es\/wp-json\/wp\/v2\/media\/90948"}],"wp:attachment":[{"href":"https:\/\/canfali.com\/ca-es\/wp-json\/wp\/v2\/media?parent=90950"}],"wp:term":[{"taxonomy":"category","embeddable":true,"href":"https:\/\/canfali.com\/ca-es\/wp-json\/wp\/v2\/categories?post=90950"},{"taxonomy":"post_tag","embeddable":true,"href":"https:\/\/canfali.com\/ca-es\/wp-json\/wp\/v2\/tags?post=90950"}],"curies":[{"name":"wp","href":"https:\/\/api.w.org\/{rel}","templated":true}]}}