{"id":90937,"date":"2026-03-12T08:59:38","date_gmt":"2026-03-12T07:59:38","guid":{"rendered":"https:\/\/canfali.com\/caritas-xabia-lliura-de-diplomes-del-curs-de-cura-de-majors\/"},"modified":"2026-03-12T09:01:50","modified_gmt":"2026-03-12T08:01:50","slug":"caritas-xabia-lliura-de-diplomes-del-curs-de-cura-de-majors","status":"publish","type":"post","link":"https:\/\/canfali.com\/ca-es\/caritas-xabia-lliura-de-diplomes-del-curs-de-cura-de-majors\/","title":{"rendered":"C\u00e0ritas X\u00e0bia lliura de diplomes del curs de cura de majors"},"content":{"rendered":"\n<p>Catorze dones, d&#8217;edats compreses entre els 22 i els 51 anys, i quatre nacionalitats han rebut el diploma acreditatiu del curs de 185 hores realitzat sobre la cura sociosanit\u00e0ria dels majors, que ha incl\u00f2s dues setmanes de pr\u00e0ctiques en centres assistencials de X\u00e0bia. En l&#8217;acte van ser presents, al costat de familiars, amics i voluntaris de C\u00e0ritas, l&#8217;alcaldessa, Rosa Cardona, els presidents de les C\u00e0ritas Parroquials, Juan Antonio Navarro i Juan Jos\u00e9 Monfort, els directors de les C\u00e0ritas Parroquials Jos\u00e9 Ram\u00f3n Sapena i M.\u00aa Jos\u00e9 Costa, aix\u00ed com Jos\u00e9 Antonio Manuel Navarro, gerent de la Fundaci\u00f3 Jos\u00e9 Mar\u00eda Haro-Intra, responsable acad\u00e8mic del curs.<\/p>\n\n<p>Fonts oficials de C\u00e0ritas Parroquial apunten que \u201cquan la societat construeix murs, els nostres voluntaris han de construir ponts amb la seva comunitat parroquial i ser capaces de dir en l&#8217;entorn que el que ocorre als m\u00e9s febles a nosaltres ens importa\u201d.<\/p>\n\n<p>L&#8217;alcaldessa va felicitar les diplomades per aquest t\u00edtol \u201cque referenda la seva voluntat d&#8217;integraci\u00f3 social, la seva preparaci\u00f3 \u2013 en aquests dies tan especials entorn de la figura de la dona- per a cuidar amb atenci\u00f3 i manyaga als majors que viuen entre nosaltres\u201d. \u201cUs dono la meva enhorabona\u201d, va afegir Cardona, \u201ci espere que trobeu treball i que ajudeu a moltes persones\u201d.<\/p>\n","protected":false},"excerpt":{"rendered":"Catorze dones, d&#8217;edats compreses entre els 22 i els 51 anys, i quatre nacionalitats han rebut el diploma&hellip;","protected":false},"author":5,"featured_media":90933,"comment_status":"closed","ping_status":"closed","sticky":false,"template":"","format":"standard","meta":{"csco_display_header_overlay":false,"csco_singular_sidebar":"","csco_page_header_type":"","csco_page_load_nextpost":"","csco_post_video_location":[],"csco_post_video_location_hash":"","csco_post_video_url":"","csco_post_video_bg_start_time":0,"csco_post_video_bg_end_time":0,"footnotes":""},"categories":[614],"tags":[7059,3979,7060],"class_list":{"0":"post-90937","1":"post","2":"type-post","3":"status-publish","4":"format-standard","5":"has-post-thumbnail","7":"category-municipal-ca-es","8":"tag-atencio-majors","9":"tag-curs","10":"tag-insercio","11":"cs-entry","12":"cs-video-wrap"},"yoast_head":"<!-- This site is optimized with the Yoast SEO Premium plugin v26.6 (Yoast SEO v27.3) - https:\/\/yoast.com\/product\/yoast-seo-premium-wordpress\/ -->\n<title>C\u00e0ritas X\u00e0bia lliura de diplomes del curs de cura de majors - Canfali<\/title>\n<meta name=\"robots\" content=\"index, follow, max-snippet:-1, max-image-preview:large, max-video-preview:-1\" \/>\n<link rel=\"canonical\" href=\"https:\/\/canfali.com\/ca-es\/caritas-xabia-lliura-de-diplomes-del-curs-de-cura-de-majors\/\" \/>\n<meta property=\"og:locale\" content=\"en_US\" \/>\n<meta property=\"og:type\" content=\"article\" \/>\n<meta property=\"og:title\" content=\"C\u00e0ritas X\u00e0bia lliura de diplomes del curs de cura de majors\" \/>\n<meta property=\"og:description\" content=\"Catorze dones, d&#8217;edats compreses entre els 22 i els 51 anys, i quatre nacionalitats han rebut el diploma&hellip;\" \/>\n<meta property=\"og:url\" content=\"https:\/\/canfali.com\/ca-es\/caritas-xabia-lliura-de-diplomes-del-curs-de-cura-de-majors\/\" \/>\n<meta property=\"og:site_name\" content=\"Canfali\" \/>\n<meta property=\"article:publisher\" content=\"https:\/\/es-es.facebook.com\/CANFALIMarinaAlta\" \/>\n<meta property=\"article:published_time\" content=\"2026-03-12T07:59:38+00:00\" \/>\n<meta property=\"article:modified_time\" content=\"2026-03-12T08:01:50+00:00\" \/>\n<meta property=\"og:image\" content=\"https:\/\/canfali.com\/app\/uploads\/2026\/03\/caritas-xabia-scaled.jpg\" \/>\n\t<meta property=\"og:image:width\" content=\"2560\" \/>\n\t<meta property=\"og:image:height\" content=\"1920\" \/>\n\t<meta property=\"og:image:type\" content=\"image\/jpeg\" \/>\n<meta name=\"author\" content=\"D\u00eddac\" \/>\n<meta name=\"twitter:card\" content=\"summary_large_image\" \/>\n<meta name=\"twitter:creator\" content=\"@canfalima\" \/>\n<meta name=\"twitter:site\" content=\"@canfalima\" \/>\n<meta name=\"twitter:label1\" content=\"Written by\" \/>\n\t<meta name=\"twitter:data1\" content=\"D\u00eddac\" \/>\n\t<meta name=\"twitter:label2\" content=\"Est. reading time\" \/>\n\t<meta name=\"twitter:data2\" content=\"1 minute\" \/>\n<script type=\"application\/ld+json\" class=\"yoast-schema-graph\">{\"@context\":\"https:\\\/\\\/schema.org\",\"@graph\":[{\"@type\":\"NewsArticle\",\"@id\":\"https:\\\/\\\/canfali.com\\\/ca-es\\\/caritas-xabia-lliura-de-diplomes-del-curs-de-cura-de-majors\\\/#article\",\"isPartOf\":{\"@id\":\"https:\\\/\\\/canfali.com\\\/ca-es\\\/caritas-xabia-lliura-de-diplomes-del-curs-de-cura-de-majors\\\/\"},\"author\":{\"name\":\"D\u00eddac\",\"@id\":\"https:\\\/\\\/canfali.com\\\/ca-es\\\/#\\\/schema\\\/person\\\/5211f51be1ed486a218e6a4f53355b6d\"},\"headline\":\"C\u00e0ritas X\u00e0bia lliura de diplomes del curs de cura de majors\",\"datePublished\":\"2026-03-12T07:59:38+00:00\",\"dateModified\":\"2026-03-12T08:01:50+00:00\",\"mainEntityOfPage\":{\"@id\":\"https:\\\/\\\/canfali.com\\\/ca-es\\\/caritas-xabia-lliura-de-diplomes-del-curs-de-cura-de-majors\\\/\"},\"wordCount\":236,\"publisher\":{\"@id\":\"https:\\\/\\\/canfali.com\\\/ca-es\\\/#organization\"},\"image\":{\"@id\":\"https:\\\/\\\/canfali.com\\\/ca-es\\\/caritas-xabia-lliura-de-diplomes-del-curs-de-cura-de-majors\\\/#primaryimage\"},\"thumbnailUrl\":\"https:\\\/\\\/canfali.com\\\/app\\\/uploads\\\/2026\\\/03\\\/caritas-xabia-scaled.jpg\",\"keywords\":[\"atenci\u00f3 majors\",\"curs\",\"inserci\u00f3\"],\"articleSection\":[\"Municipal\"],\"inLanguage\":\"va-ES\",\"copyrightYear\":\"2026\",\"copyrightHolder\":{\"@id\":\"https:\\\/\\\/canfali.com\\\/#organization\"}},{\"@type\":\"WebPage\",\"@id\":\"https:\\\/\\\/canfali.com\\\/ca-es\\\/caritas-xabia-lliura-de-diplomes-del-curs-de-cura-de-majors\\\/\",\"url\":\"https:\\\/\\\/canfali.com\\\/ca-es\\\/caritas-xabia-lliura-de-diplomes-del-curs-de-cura-de-majors\\\/\",\"name\":\"C\u00e0ritas X\u00e0bia lliura de diplomes del curs de cura de majors - Canfali\",\"isPartOf\":{\"@id\":\"https:\\\/\\\/canfali.com\\\/ca-es\\\/#website\"},\"primaryImageOfPage\":{\"@id\":\"https:\\\/\\\/canfali.com\\\/ca-es\\\/caritas-xabia-lliura-de-diplomes-del-curs-de-cura-de-majors\\\/#primaryimage\"},\"image\":{\"@id\":\"https:\\\/\\\/canfali.com\\\/ca-es\\\/caritas-xabia-lliura-de-diplomes-del-curs-de-cura-de-majors\\\/#primaryimage\"},\"thumbnailUrl\":\"https:\\\/\\\/canfali.com\\\/app\\\/uploads\\\/2026\\\/03\\\/caritas-xabia-scaled.jpg\",\"datePublished\":\"2026-03-12T07:59:38+00:00\",\"dateModified\":\"2026-03-12T08:01:50+00:00\",\"breadcrumb\":{\"@id\":\"https:\\\/\\\/canfali.com\\\/ca-es\\\/caritas-xabia-lliura-de-diplomes-del-curs-de-cura-de-majors\\\/#breadcrumb\"},\"inLanguage\":\"va-ES\",\"potentialAction\":[{\"@type\":\"ReadAction\",\"target\":[\"https:\\\/\\\/canfali.com\\\/ca-es\\\/caritas-xabia-lliura-de-diplomes-del-curs-de-cura-de-majors\\\/\"]}]},{\"@type\":\"ImageObject\",\"inLanguage\":\"va-ES\",\"@id\":\"https:\\\/\\\/canfali.com\\\/ca-es\\\/caritas-xabia-lliura-de-diplomes-del-curs-de-cura-de-majors\\\/#primaryimage\",\"url\":\"https:\\\/\\\/canfali.com\\\/app\\\/uploads\\\/2026\\\/03\\\/caritas-xabia-scaled.jpg\",\"contentUrl\":\"https:\\\/\\\/canfali.com\\\/app\\\/uploads\\\/2026\\\/03\\\/caritas-xabia-scaled.jpg\",\"width\":2560,\"height\":1920},{\"@type\":\"BreadcrumbList\",\"@id\":\"https:\\\/\\\/canfali.com\\\/ca-es\\\/caritas-xabia-lliura-de-diplomes-del-curs-de-cura-de-majors\\\/#breadcrumb\",\"itemListElement\":[{\"@type\":\"ListItem\",\"position\":1,\"name\":\"Portada\",\"item\":\"https:\\\/\\\/canfali.com\\\/ca-es\\\/\"},{\"@type\":\"ListItem\",\"position\":2,\"name\":\"C\u00e0ritas X\u00e0bia lliura de diplomes del curs de cura de majors\"}]},{\"@type\":\"WebSite\",\"@id\":\"https:\\\/\\\/canfali.com\\\/ca-es\\\/#website\",\"url\":\"https:\\\/\\\/canfali.com\\\/ca-es\\\/\",\"name\":\"Canfali\",\"description\":\"\",\"publisher\":{\"@id\":\"https:\\\/\\\/canfali.com\\\/ca-es\\\/#organization\"},\"potentialAction\":[{\"@type\":\"SearchAction\",\"target\":{\"@type\":\"EntryPoint\",\"urlTemplate\":\"https:\\\/\\\/canfali.com\\\/ca-es\\\/?s={search_term_string}\"},\"query-input\":{\"@type\":\"PropertyValueSpecification\",\"valueRequired\":true,\"valueName\":\"search_term_string\"}}],\"inLanguage\":\"va-ES\"},{\"@type\":\"Organization\",\"@id\":\"https:\\\/\\\/canfali.com\\\/ca-es\\\/#organization\",\"name\":\"Canfali\",\"url\":\"https:\\\/\\\/canfali.com\\\/ca-es\\\/\",\"logo\":{\"@type\":\"ImageObject\",\"inLanguage\":\"va-ES\",\"@id\":\"https:\\\/\\\/canfali.com\\\/ca-es\\\/#\\\/schema\\\/logo\\\/image\\\/\",\"url\":\"https:\\\/\\\/canfali.com\\\/app\\\/uploads\\\/2025\\\/12\\\/canfali_marina_alta_logo.png\",\"contentUrl\":\"https:\\\/\\\/canfali.com\\\/app\\\/uploads\\\/2025\\\/12\\\/canfali_marina_alta_logo.png\",\"width\":225,\"height\":225,\"caption\":\"Canfali\"},\"image\":{\"@id\":\"https:\\\/\\\/canfali.com\\\/ca-es\\\/#\\\/schema\\\/logo\\\/image\\\/\"},\"sameAs\":[\"https:\\\/\\\/es-es.facebook.com\\\/CANFALIMarinaAlta\",\"https:\\\/\\\/x.com\\\/canfalima\",\"https:\\\/\\\/www.instagram.com\\\/canfalimarinaalta\\\/\"]},{\"@type\":\"Person\",\"@id\":\"https:\\\/\\\/canfali.com\\\/ca-es\\\/#\\\/schema\\\/person\\\/5211f51be1ed486a218e6a4f53355b6d\",\"name\":\"D\u00eddac\",\"image\":{\"@type\":\"ImageObject\",\"inLanguage\":\"va-ES\",\"@id\":\"https:\\\/\\\/secure.gravatar.com\\\/avatar\\\/a68a2078c12da8a6dd6cff4f3f3f69f7eb69a2d31ac1aac4da61c3761e4557f4?s=96&d=mm&r=g\",\"url\":\"https:\\\/\\\/secure.gravatar.com\\\/avatar\\\/a68a2078c12da8a6dd6cff4f3f3f69f7eb69a2d31ac1aac4da61c3761e4557f4?s=96&d=mm&r=g\",\"contentUrl\":\"https:\\\/\\\/secure.gravatar.com\\\/avatar\\\/a68a2078c12da8a6dd6cff4f3f3f69f7eb69a2d31ac1aac4da61c3761e4557f4?s=96&d=mm&r=g\",\"caption\":\"D\u00eddac\"},\"url\":\"https:\\\/\\\/canfali.com\\\/ca-es\\\/author\\\/didac\\\/\"}]}<\/script>\n<!-- \/ Yoast SEO Premium plugin. -->","yoast_head_json":{"title":"C\u00e0ritas X\u00e0bia lliura de diplomes del curs de cura de majors - Canfali","robots":{"index":"index","follow":"follow","max-snippet":"max-snippet:-1","max-image-preview":"max-image-preview:large","max-video-preview":"max-video-preview:-1"},"canonical":"https:\/\/canfali.com\/ca-es\/caritas-xabia-lliura-de-diplomes-del-curs-de-cura-de-majors\/","og_locale":"en_US","og_type":"article","og_title":"C\u00e0ritas X\u00e0bia lliura de diplomes del curs de cura de majors","og_description":"Catorze dones, d&#8217;edats compreses entre els 22 i els 51 anys, i quatre nacionalitats han rebut el diploma&hellip;","og_url":"https:\/\/canfali.com\/ca-es\/caritas-xabia-lliura-de-diplomes-del-curs-de-cura-de-majors\/","og_site_name":"Canfali","article_publisher":"https:\/\/es-es.facebook.com\/CANFALIMarinaAlta","article_published_time":"2026-03-12T07:59:38+00:00","article_modified_time":"2026-03-12T08:01:50+00:00","og_image":[{"width":2560,"height":1920,"url":"https:\/\/canfali.com\/app\/uploads\/2026\/03\/caritas-xabia-scaled.jpg","type":"image\/jpeg"}],"author":"D\u00eddac","twitter_card":"summary_large_image","twitter_creator":"@canfalima","twitter_site":"@canfalima","twitter_misc":{"Written by":"D\u00eddac","Est. reading time":"1 minute"},"schema":{"@context":"https:\/\/schema.org","@graph":[{"@type":"NewsArticle","@id":"https:\/\/canfali.com\/ca-es\/caritas-xabia-lliura-de-diplomes-del-curs-de-cura-de-majors\/#article","isPartOf":{"@id":"https:\/\/canfali.com\/ca-es\/caritas-xabia-lliura-de-diplomes-del-curs-de-cura-de-majors\/"},"author":{"name":"D\u00eddac","@id":"https:\/\/canfali.com\/ca-es\/#\/schema\/person\/5211f51be1ed486a218e6a4f53355b6d"},"headline":"C\u00e0ritas X\u00e0bia lliura de diplomes del curs de cura de majors","datePublished":"2026-03-12T07:59:38+00:00","dateModified":"2026-03-12T08:01:50+00:00","mainEntityOfPage":{"@id":"https:\/\/canfali.com\/ca-es\/caritas-xabia-lliura-de-diplomes-del-curs-de-cura-de-majors\/"},"wordCount":236,"publisher":{"@id":"https:\/\/canfali.com\/ca-es\/#organization"},"image":{"@id":"https:\/\/canfali.com\/ca-es\/caritas-xabia-lliura-de-diplomes-del-curs-de-cura-de-majors\/#primaryimage"},"thumbnailUrl":"https:\/\/canfali.com\/app\/uploads\/2026\/03\/caritas-xabia-scaled.jpg","keywords":["atenci\u00f3 majors","curs","inserci\u00f3"],"articleSection":["Municipal"],"inLanguage":"va-ES","copyrightYear":"2026","copyrightHolder":{"@id":"https:\/\/canfali.com\/#organization"}},{"@type":"WebPage","@id":"https:\/\/canfali.com\/ca-es\/caritas-xabia-lliura-de-diplomes-del-curs-de-cura-de-majors\/","url":"https:\/\/canfali.com\/ca-es\/caritas-xabia-lliura-de-diplomes-del-curs-de-cura-de-majors\/","name":"C\u00e0ritas X\u00e0bia lliura de diplomes del curs de cura de majors - Canfali","isPartOf":{"@id":"https:\/\/canfali.com\/ca-es\/#website"},"primaryImageOfPage":{"@id":"https:\/\/canfali.com\/ca-es\/caritas-xabia-lliura-de-diplomes-del-curs-de-cura-de-majors\/#primaryimage"},"image":{"@id":"https:\/\/canfali.com\/ca-es\/caritas-xabia-lliura-de-diplomes-del-curs-de-cura-de-majors\/#primaryimage"},"thumbnailUrl":"https:\/\/canfali.com\/app\/uploads\/2026\/03\/caritas-xabia-scaled.jpg","datePublished":"2026-03-12T07:59:38+00:00","dateModified":"2026-03-12T08:01:50+00:00","breadcrumb":{"@id":"https:\/\/canfali.com\/ca-es\/caritas-xabia-lliura-de-diplomes-del-curs-de-cura-de-majors\/#breadcrumb"},"inLanguage":"va-ES","potentialAction":[{"@type":"ReadAction","target":["https:\/\/canfali.com\/ca-es\/caritas-xabia-lliura-de-diplomes-del-curs-de-cura-de-majors\/"]}]},{"@type":"ImageObject","inLanguage":"va-ES","@id":"https:\/\/canfali.com\/ca-es\/caritas-xabia-lliura-de-diplomes-del-curs-de-cura-de-majors\/#primaryimage","url":"https:\/\/canfali.com\/app\/uploads\/2026\/03\/caritas-xabia-scaled.jpg","contentUrl":"https:\/\/canfali.com\/app\/uploads\/2026\/03\/caritas-xabia-scaled.jpg","width":2560,"height":1920},{"@type":"BreadcrumbList","@id":"https:\/\/canfali.com\/ca-es\/caritas-xabia-lliura-de-diplomes-del-curs-de-cura-de-majors\/#breadcrumb","itemListElement":[{"@type":"ListItem","position":1,"name":"Portada","item":"https:\/\/canfali.com\/ca-es\/"},{"@type":"ListItem","position":2,"name":"C\u00e0ritas X\u00e0bia lliura de diplomes del curs de cura de majors"}]},{"@type":"WebSite","@id":"https:\/\/canfali.com\/ca-es\/#website","url":"https:\/\/canfali.com\/ca-es\/","name":"Canfali","description":"","publisher":{"@id":"https:\/\/canfali.com\/ca-es\/#organization"},"potentialAction":[{"@type":"SearchAction","target":{"@type":"EntryPoint","urlTemplate":"https:\/\/canfali.com\/ca-es\/?s={search_term_string}"},"query-input":{"@type":"PropertyValueSpecification","valueRequired":true,"valueName":"search_term_string"}}],"inLanguage":"va-ES"},{"@type":"Organization","@id":"https:\/\/canfali.com\/ca-es\/#organization","name":"Canfali","url":"https:\/\/canfali.com\/ca-es\/","logo":{"@type":"ImageObject","inLanguage":"va-ES","@id":"https:\/\/canfali.com\/ca-es\/#\/schema\/logo\/image\/","url":"https:\/\/canfali.com\/app\/uploads\/2025\/12\/canfali_marina_alta_logo.png","contentUrl":"https:\/\/canfali.com\/app\/uploads\/2025\/12\/canfali_marina_alta_logo.png","width":225,"height":225,"caption":"Canfali"},"image":{"@id":"https:\/\/canfali.com\/ca-es\/#\/schema\/logo\/image\/"},"sameAs":["https:\/\/es-es.facebook.com\/CANFALIMarinaAlta","https:\/\/x.com\/canfalima","https:\/\/www.instagram.com\/canfalimarinaalta\/"]},{"@type":"Person","@id":"https:\/\/canfali.com\/ca-es\/#\/schema\/person\/5211f51be1ed486a218e6a4f53355b6d","name":"D\u00eddac","image":{"@type":"ImageObject","inLanguage":"va-ES","@id":"https:\/\/secure.gravatar.com\/avatar\/a68a2078c12da8a6dd6cff4f3f3f69f7eb69a2d31ac1aac4da61c3761e4557f4?s=96&d=mm&r=g","url":"https:\/\/secure.gravatar.com\/avatar\/a68a2078c12da8a6dd6cff4f3f3f69f7eb69a2d31ac1aac4da61c3761e4557f4?s=96&d=mm&r=g","contentUrl":"https:\/\/secure.gravatar.com\/avatar\/a68a2078c12da8a6dd6cff4f3f3f69f7eb69a2d31ac1aac4da61c3761e4557f4?s=96&d=mm&r=g","caption":"D\u00eddac"},"url":"https:\/\/canfali.com\/ca-es\/author\/didac\/"}]}},"_links":{"self":[{"href":"https:\/\/canfali.com\/ca-es\/wp-json\/wp\/v2\/posts\/90937","targetHints":{"allow":["GET"]}}],"collection":[{"href":"https:\/\/canfali.com\/ca-es\/wp-json\/wp\/v2\/posts"}],"about":[{"href":"https:\/\/canfali.com\/ca-es\/wp-json\/wp\/v2\/types\/post"}],"author":[{"embeddable":true,"href":"https:\/\/canfali.com\/ca-es\/wp-json\/wp\/v2\/users\/5"}],"replies":[{"embeddable":true,"href":"https:\/\/canfali.com\/ca-es\/wp-json\/wp\/v2\/comments?post=90937"}],"version-history":[{"count":1,"href":"https:\/\/canfali.com\/ca-es\/wp-json\/wp\/v2\/posts\/90937\/revisions"}],"predecessor-version":[{"id":90938,"href":"https:\/\/canfali.com\/ca-es\/wp-json\/wp\/v2\/posts\/90937\/revisions\/90938"}],"wp:featuredmedia":[{"embeddable":true,"href":"https:\/\/canfali.com\/ca-es\/wp-json\/wp\/v2\/media\/90933"}],"wp:attachment":[{"href":"https:\/\/canfali.com\/ca-es\/wp-json\/wp\/v2\/media?parent=90937"}],"wp:term":[{"taxonomy":"category","embeddable":true,"href":"https:\/\/canfali.com\/ca-es\/wp-json\/wp\/v2\/categories?post=90937"},{"taxonomy":"post_tag","embeddable":true,"href":"https:\/\/canfali.com\/ca-es\/wp-json\/wp\/v2\/tags?post=90937"}],"curies":[{"name":"wp","href":"https:\/\/api.w.org\/{rel}","templated":true}]}}