{"id":90923,"date":"2026-03-12T08:49:14","date_gmt":"2026-03-12T07:49:14","guid":{"rendered":"https:\/\/canfali.com\/valentes-i-positives-estrenen-la-seua-vuitena-temporada-de-teatre-amb-la-turista-i-la-porga\/"},"modified":"2026-03-12T09:01:56","modified_gmt":"2026-03-12T08:01:56","slug":"valentes-i-positives-estrenen-la-seua-vuitena-temporada-de-teatre-amb-la-turista-i-la-porga","status":"publish","type":"post","link":"https:\/\/canfali.com\/ca-es\/valentes-i-positives-estrenen-la-seua-vuitena-temporada-de-teatre-amb-la-turista-i-la-porga\/","title":{"rendered":"Valentes i Positives estrenen la seua vuitena temporada de teatre amb \u201cLa Turista\u201d i \u201cLa Porga\u201d"},"content":{"rendered":"\n<p class=\"has-medium-font-size\"><strong>El grup de dones de Pedreguer destinar\u00e0 enguany la recaptaci\u00f3 a la investigaci\u00f3 del c\u00e0ncer de fetge i d\u2019\u00fater<\/strong><\/p>\n\n<p>El grup Valentes i Positives, format principalment per ve\u00efnes de Pedreguer que han hagut d\u2019afrontar al llarg de la seua vida la malaltia del c\u00e0ncer, prepara ja la seua vuitena temporada de teatre solidari, que arrancar\u00e0 el pr\u00f2xim mes d\u2019abril amb l\u2019estrena de les dues noves obres teatrals: La Turista i La Porga.<br\/><p class=\"p1\">El grup de dones de Pedreguer destinar\u00e0 enguany la recaptaci\u00f3 a la investigaci\u00f3 del c\u00e0ncer de fetge i d\u2019\u00fater<\/p><br\/><p class=\"p1\">El grup de dones de Pedreguer destinar\u00e0 enguany la recaptaci\u00f3 a la investigaci\u00f3 del c\u00e0ncer de fetge i d\u2019\u00fater<\/p><\/p>\n\n<p><p class=\"p1\">Des de fa anys, aquest grup de dones utilitza el teatre com una eina de ter\u00e0pia, superaci\u00f3 i motivaci\u00f3 personal, per\u00f2 tamb\u00e9 com una manera de contribuir a la lluita contra la malaltia. De fet, les recaptacions de les funcions es destinen \u00edntegrament a la investigaci\u00f3 oncol\u00f2gica. En aquesta ocasi\u00f3, els fons que s\u2019arrepleguen es dirigiran a projectes d\u2019investigaci\u00f3 sobre c\u00e0ncer de fetge i d\u2019\u00fater.<\/p><\/p>\n\n<p>\tAmb l\u2019energia i l\u2019esperit solidari que les caracteritza, les Valentes i Positives afronten una nova temporada amb un calendari d\u2019actuacions que recorrer\u00e0 diferents municipis de la Marina Alta.&#13;\n<\/p>\n\n<p><p class=\"p1\">La gira comen\u00e7ar\u00e0 el 18 d\u2019abril a Benidoleig i continuar\u00e0 el 19 d\u2019abril a Alcalal\u00ed i el 26 d\u2019abril a Benimeli. Durant el mes de maig actuaran el 2 de maig a X\u00e0bia i el 3 de maig a Gata, mentre que Pedreguer acollir\u00e0 tres representacions els dies 15, 16 i 17 de maig.<\/p><\/p>\n\n<p><p class=\"p1\">La programaci\u00f3 seguir\u00e0 el 19 de juny a Benissa i el 21 de juny a Parcent. Despr\u00e9s de l\u2019estiu, el grup reprendr\u00e0 les actuacions el 26 de setembre a Ondara i el 27 de setembre al Verger.<\/p><\/p>\n\n<p><p class=\"p1\">La gira continuar\u00e0 a l\u2019octubre amb funcions el 4 a Teulada, el 17 a Beniarbeig, el 18 al R\u00e0fol i el 24 a Sagra.<\/p><\/p>\n\n<p><p class=\"p1\">Amb aquesta nova temporada, les Valentes i Positives tornen a demostrar que el teatre pot convertir-se en una eina de resili\u00e8ncia, solidaritat i esperan\u00e7a, transformant l\u2019experi\u00e8ncia personal de la malaltia en una iniciativa col\u00b7lectiva per ajudar a avan\u00e7ar en la investigaci\u00f3 contra el c\u00e0ncer.<\/p><\/p>\n","protected":false},"excerpt":{"rendered":"El grup de dones de Pedreguer destinar\u00e0 enguany la recaptaci\u00f3 a la investigaci\u00f3 del c\u00e0ncer de fetge i&hellip;","protected":false},"author":8,"featured_media":90920,"comment_status":"closed","ping_status":"closed","sticky":false,"template":"","format":"standard","meta":{"csco_display_header_overlay":false,"csco_singular_sidebar":"","csco_page_header_type":"","csco_page_load_nextpost":"","csco_post_video_location":[],"csco_post_video_location_hash":"","csco_post_video_url":"","csco_post_video_bg_start_time":0,"csco_post_video_bg_end_time":0,"footnotes":""},"categories":[579,597],"tags":[],"class_list":{"0":"post-90923","1":"post","2":"type-post","3":"status-publish","4":"format-standard","5":"has-post-thumbnail","7":"category-cultura-2","8":"category-cultura-ca-es","9":"cs-entry","10":"cs-video-wrap"},"yoast_head":"<!-- This site is optimized with the Yoast SEO Premium plugin v26.6 (Yoast SEO v27.3) - https:\/\/yoast.com\/product\/yoast-seo-premium-wordpress\/ -->\n<title>Valentes i Positives estrenen la seua vuitena temporada de teatre amb \u201cLa Turista\u201d i \u201cLa Porga\u201d - Canfali<\/title>\n<meta name=\"description\" content=\"El grup de dones de Pedreguer destinar\u00e0 enguany la recaptaci\u00f3 a la investigaci\u00f3 del c\u00e0ncer de fetge i d\u2019\u00fater\" \/>\n<meta name=\"robots\" content=\"index, follow, max-snippet:-1, max-image-preview:large, max-video-preview:-1\" \/>\n<link rel=\"canonical\" href=\"https:\/\/canfali.com\/ca-es\/valentes-i-positives-estrenen-la-seua-vuitena-temporada-de-teatre-amb-la-turista-i-la-porga\/\" \/>\n<meta property=\"og:locale\" content=\"en_US\" \/>\n<meta property=\"og:type\" content=\"article\" \/>\n<meta property=\"og:title\" content=\"Valentes i Positives estrenen la seua vuitena temporada de teatre amb \u201cLa Turista\u201d i \u201cLa Porga\u201d\" \/>\n<meta property=\"og:description\" content=\"El grup de dones de Pedreguer destinar\u00e0 enguany la recaptaci\u00f3 a la investigaci\u00f3 del c\u00e0ncer de fetge i d\u2019\u00fater\" \/>\n<meta property=\"og:url\" content=\"https:\/\/canfali.com\/ca-es\/valentes-i-positives-estrenen-la-seua-vuitena-temporada-de-teatre-amb-la-turista-i-la-porga\/\" \/>\n<meta property=\"og:site_name\" content=\"Canfali\" \/>\n<meta property=\"article:publisher\" content=\"https:\/\/es-es.facebook.com\/CANFALIMarinaAlta\" \/>\n<meta property=\"article:published_time\" content=\"2026-03-12T07:49:14+00:00\" \/>\n<meta property=\"article:modified_time\" content=\"2026-03-12T08:01:56+00:00\" \/>\n<meta property=\"og:image\" content=\"https:\/\/canfali.com\/app\/uploads\/2026\/03\/8valentes.jpeg\" \/>\n\t<meta property=\"og:image:width\" content=\"1468\" \/>\n\t<meta property=\"og:image:height\" content=\"826\" \/>\n\t<meta property=\"og:image:type\" content=\"image\/jpeg\" \/>\n<meta name=\"author\" content=\"Lluis\" \/>\n<meta name=\"twitter:card\" content=\"summary_large_image\" \/>\n<meta name=\"twitter:creator\" content=\"@canfalima\" \/>\n<meta name=\"twitter:site\" content=\"@canfalima\" \/>\n<meta name=\"twitter:label1\" content=\"Written by\" \/>\n\t<meta name=\"twitter:data1\" content=\"Lluis\" \/>\n\t<meta name=\"twitter:label2\" content=\"Est. reading time\" \/>\n\t<meta name=\"twitter:data2\" content=\"2 minutes\" \/>\n<script type=\"application\/ld+json\" class=\"yoast-schema-graph\">{\"@context\":\"https:\\\/\\\/schema.org\",\"@graph\":[{\"@type\":\"NewsArticle\",\"@id\":\"https:\\\/\\\/canfali.com\\\/ca-es\\\/valentes-i-positives-estrenen-la-seua-vuitena-temporada-de-teatre-amb-la-turista-i-la-porga\\\/#article\",\"isPartOf\":{\"@id\":\"https:\\\/\\\/canfali.com\\\/ca-es\\\/valentes-i-positives-estrenen-la-seua-vuitena-temporada-de-teatre-amb-la-turista-i-la-porga\\\/\"},\"author\":{\"name\":\"Lluis\",\"@id\":\"https:\\\/\\\/canfali.com\\\/ca-es\\\/#\\\/schema\\\/person\\\/f540a86fb33e10daaae53c59ceaa1194\"},\"headline\":\"Valentes i Positives estrenen la seua vuitena temporada de teatre amb \u201cLa Turista\u201d i \u201cLa Porga\u201d\",\"datePublished\":\"2026-03-12T07:49:14+00:00\",\"dateModified\":\"2026-03-12T08:01:56+00:00\",\"mainEntityOfPage\":{\"@id\":\"https:\\\/\\\/canfali.com\\\/ca-es\\\/valentes-i-positives-estrenen-la-seua-vuitena-temporada-de-teatre-amb-la-turista-i-la-porga\\\/\"},\"wordCount\":399,\"publisher\":{\"@id\":\"https:\\\/\\\/canfali.com\\\/ca-es\\\/#organization\"},\"image\":{\"@id\":\"https:\\\/\\\/canfali.com\\\/ca-es\\\/valentes-i-positives-estrenen-la-seua-vuitena-temporada-de-teatre-amb-la-turista-i-la-porga\\\/#primaryimage\"},\"thumbnailUrl\":\"https:\\\/\\\/canfali.com\\\/app\\\/uploads\\\/2026\\\/03\\\/8valentes.jpeg\",\"articleSection\":[\"Cultura\",\"Cultura\"],\"inLanguage\":\"va-ES\",\"copyrightYear\":\"2026\",\"copyrightHolder\":{\"@id\":\"https:\\\/\\\/canfali.com\\\/#organization\"}},{\"@type\":\"WebPage\",\"@id\":\"https:\\\/\\\/canfali.com\\\/ca-es\\\/valentes-i-positives-estrenen-la-seua-vuitena-temporada-de-teatre-amb-la-turista-i-la-porga\\\/\",\"url\":\"https:\\\/\\\/canfali.com\\\/ca-es\\\/valentes-i-positives-estrenen-la-seua-vuitena-temporada-de-teatre-amb-la-turista-i-la-porga\\\/\",\"name\":\"Valentes i Positives estrenen la seua vuitena temporada de teatre amb \u201cLa Turista\u201d i \u201cLa Porga\u201d - Canfali\",\"isPartOf\":{\"@id\":\"https:\\\/\\\/canfali.com\\\/ca-es\\\/#website\"},\"primaryImageOfPage\":{\"@id\":\"https:\\\/\\\/canfali.com\\\/ca-es\\\/valentes-i-positives-estrenen-la-seua-vuitena-temporada-de-teatre-amb-la-turista-i-la-porga\\\/#primaryimage\"},\"image\":{\"@id\":\"https:\\\/\\\/canfali.com\\\/ca-es\\\/valentes-i-positives-estrenen-la-seua-vuitena-temporada-de-teatre-amb-la-turista-i-la-porga\\\/#primaryimage\"},\"thumbnailUrl\":\"https:\\\/\\\/canfali.com\\\/app\\\/uploads\\\/2026\\\/03\\\/8valentes.jpeg\",\"datePublished\":\"2026-03-12T07:49:14+00:00\",\"dateModified\":\"2026-03-12T08:01:56+00:00\",\"description\":\"El grup de dones de Pedreguer destinar\u00e0 enguany la recaptaci\u00f3 a la investigaci\u00f3 del c\u00e0ncer de fetge i d\u2019\u00fater\",\"breadcrumb\":{\"@id\":\"https:\\\/\\\/canfali.com\\\/ca-es\\\/valentes-i-positives-estrenen-la-seua-vuitena-temporada-de-teatre-amb-la-turista-i-la-porga\\\/#breadcrumb\"},\"inLanguage\":\"va-ES\",\"potentialAction\":[{\"@type\":\"ReadAction\",\"target\":[\"https:\\\/\\\/canfali.com\\\/ca-es\\\/valentes-i-positives-estrenen-la-seua-vuitena-temporada-de-teatre-amb-la-turista-i-la-porga\\\/\"]}]},{\"@type\":\"ImageObject\",\"inLanguage\":\"va-ES\",\"@id\":\"https:\\\/\\\/canfali.com\\\/ca-es\\\/valentes-i-positives-estrenen-la-seua-vuitena-temporada-de-teatre-amb-la-turista-i-la-porga\\\/#primaryimage\",\"url\":\"https:\\\/\\\/canfali.com\\\/app\\\/uploads\\\/2026\\\/03\\\/8valentes.jpeg\",\"contentUrl\":\"https:\\\/\\\/canfali.com\\\/app\\\/uploads\\\/2026\\\/03\\\/8valentes.jpeg\",\"width\":1468,\"height\":826},{\"@type\":\"BreadcrumbList\",\"@id\":\"https:\\\/\\\/canfali.com\\\/ca-es\\\/valentes-i-positives-estrenen-la-seua-vuitena-temporada-de-teatre-amb-la-turista-i-la-porga\\\/#breadcrumb\",\"itemListElement\":[{\"@type\":\"ListItem\",\"position\":1,\"name\":\"Portada\",\"item\":\"https:\\\/\\\/canfali.com\\\/ca-es\\\/\"},{\"@type\":\"ListItem\",\"position\":2,\"name\":\"Valentes i Positives estrenen la seua vuitena temporada de teatre amb \u201cLa Turista\u201d i \u201cLa Porga\u201d\"}]},{\"@type\":\"WebSite\",\"@id\":\"https:\\\/\\\/canfali.com\\\/ca-es\\\/#website\",\"url\":\"https:\\\/\\\/canfali.com\\\/ca-es\\\/\",\"name\":\"Canfali\",\"description\":\"\",\"publisher\":{\"@id\":\"https:\\\/\\\/canfali.com\\\/ca-es\\\/#organization\"},\"potentialAction\":[{\"@type\":\"SearchAction\",\"target\":{\"@type\":\"EntryPoint\",\"urlTemplate\":\"https:\\\/\\\/canfali.com\\\/ca-es\\\/?s={search_term_string}\"},\"query-input\":{\"@type\":\"PropertyValueSpecification\",\"valueRequired\":true,\"valueName\":\"search_term_string\"}}],\"inLanguage\":\"va-ES\"},{\"@type\":\"Organization\",\"@id\":\"https:\\\/\\\/canfali.com\\\/ca-es\\\/#organization\",\"name\":\"Canfali\",\"url\":\"https:\\\/\\\/canfali.com\\\/ca-es\\\/\",\"logo\":{\"@type\":\"ImageObject\",\"inLanguage\":\"va-ES\",\"@id\":\"https:\\\/\\\/canfali.com\\\/ca-es\\\/#\\\/schema\\\/logo\\\/image\\\/\",\"url\":\"https:\\\/\\\/canfali.com\\\/app\\\/uploads\\\/2025\\\/12\\\/canfali_marina_alta_logo.png\",\"contentUrl\":\"https:\\\/\\\/canfali.com\\\/app\\\/uploads\\\/2025\\\/12\\\/canfali_marina_alta_logo.png\",\"width\":225,\"height\":225,\"caption\":\"Canfali\"},\"image\":{\"@id\":\"https:\\\/\\\/canfali.com\\\/ca-es\\\/#\\\/schema\\\/logo\\\/image\\\/\"},\"sameAs\":[\"https:\\\/\\\/es-es.facebook.com\\\/CANFALIMarinaAlta\",\"https:\\\/\\\/x.com\\\/canfalima\",\"https:\\\/\\\/www.instagram.com\\\/canfalimarinaalta\\\/\"]},{\"@type\":\"Person\",\"@id\":\"https:\\\/\\\/canfali.com\\\/ca-es\\\/#\\\/schema\\\/person\\\/f540a86fb33e10daaae53c59ceaa1194\",\"name\":\"Lluis\",\"image\":{\"@type\":\"ImageObject\",\"inLanguage\":\"va-ES\",\"@id\":\"https:\\\/\\\/secure.gravatar.com\\\/avatar\\\/a21ec8835290e4e02ed0886b8cb327d807d0eb6ec8ccf25d4c2a0a415f506c0d?s=96&d=mm&r=g\",\"url\":\"https:\\\/\\\/secure.gravatar.com\\\/avatar\\\/a21ec8835290e4e02ed0886b8cb327d807d0eb6ec8ccf25d4c2a0a415f506c0d?s=96&d=mm&r=g\",\"contentUrl\":\"https:\\\/\\\/secure.gravatar.com\\\/avatar\\\/a21ec8835290e4e02ed0886b8cb327d807d0eb6ec8ccf25d4c2a0a415f506c0d?s=96&d=mm&r=g\",\"caption\":\"Lluis\"},\"url\":\"https:\\\/\\\/canfali.com\\\/ca-es\\\/author\\\/lluis\\\/\"}]}<\/script>\n<!-- \/ Yoast SEO Premium plugin. -->","yoast_head_json":{"title":"Valentes i Positives estrenen la seua vuitena temporada de teatre amb \u201cLa Turista\u201d i \u201cLa Porga\u201d - Canfali","description":"El grup de dones de Pedreguer destinar\u00e0 enguany la recaptaci\u00f3 a la investigaci\u00f3 del c\u00e0ncer de fetge i d\u2019\u00fater","robots":{"index":"index","follow":"follow","max-snippet":"max-snippet:-1","max-image-preview":"max-image-preview:large","max-video-preview":"max-video-preview:-1"},"canonical":"https:\/\/canfali.com\/ca-es\/valentes-i-positives-estrenen-la-seua-vuitena-temporada-de-teatre-amb-la-turista-i-la-porga\/","og_locale":"en_US","og_type":"article","og_title":"Valentes i Positives estrenen la seua vuitena temporada de teatre amb \u201cLa Turista\u201d i \u201cLa Porga\u201d","og_description":"El grup de dones de Pedreguer destinar\u00e0 enguany la recaptaci\u00f3 a la investigaci\u00f3 del c\u00e0ncer de fetge i d\u2019\u00fater","og_url":"https:\/\/canfali.com\/ca-es\/valentes-i-positives-estrenen-la-seua-vuitena-temporada-de-teatre-amb-la-turista-i-la-porga\/","og_site_name":"Canfali","article_publisher":"https:\/\/es-es.facebook.com\/CANFALIMarinaAlta","article_published_time":"2026-03-12T07:49:14+00:00","article_modified_time":"2026-03-12T08:01:56+00:00","og_image":[{"width":1468,"height":826,"url":"https:\/\/canfali.com\/app\/uploads\/2026\/03\/8valentes.jpeg","type":"image\/jpeg"}],"author":"Lluis","twitter_card":"summary_large_image","twitter_creator":"@canfalima","twitter_site":"@canfalima","twitter_misc":{"Written by":"Lluis","Est. reading time":"2 minutes"},"schema":{"@context":"https:\/\/schema.org","@graph":[{"@type":"NewsArticle","@id":"https:\/\/canfali.com\/ca-es\/valentes-i-positives-estrenen-la-seua-vuitena-temporada-de-teatre-amb-la-turista-i-la-porga\/#article","isPartOf":{"@id":"https:\/\/canfali.com\/ca-es\/valentes-i-positives-estrenen-la-seua-vuitena-temporada-de-teatre-amb-la-turista-i-la-porga\/"},"author":{"name":"Lluis","@id":"https:\/\/canfali.com\/ca-es\/#\/schema\/person\/f540a86fb33e10daaae53c59ceaa1194"},"headline":"Valentes i Positives estrenen la seua vuitena temporada de teatre amb \u201cLa Turista\u201d i \u201cLa Porga\u201d","datePublished":"2026-03-12T07:49:14+00:00","dateModified":"2026-03-12T08:01:56+00:00","mainEntityOfPage":{"@id":"https:\/\/canfali.com\/ca-es\/valentes-i-positives-estrenen-la-seua-vuitena-temporada-de-teatre-amb-la-turista-i-la-porga\/"},"wordCount":399,"publisher":{"@id":"https:\/\/canfali.com\/ca-es\/#organization"},"image":{"@id":"https:\/\/canfali.com\/ca-es\/valentes-i-positives-estrenen-la-seua-vuitena-temporada-de-teatre-amb-la-turista-i-la-porga\/#primaryimage"},"thumbnailUrl":"https:\/\/canfali.com\/app\/uploads\/2026\/03\/8valentes.jpeg","articleSection":["Cultura","Cultura"],"inLanguage":"va-ES","copyrightYear":"2026","copyrightHolder":{"@id":"https:\/\/canfali.com\/#organization"}},{"@type":"WebPage","@id":"https:\/\/canfali.com\/ca-es\/valentes-i-positives-estrenen-la-seua-vuitena-temporada-de-teatre-amb-la-turista-i-la-porga\/","url":"https:\/\/canfali.com\/ca-es\/valentes-i-positives-estrenen-la-seua-vuitena-temporada-de-teatre-amb-la-turista-i-la-porga\/","name":"Valentes i Positives estrenen la seua vuitena temporada de teatre amb \u201cLa Turista\u201d i \u201cLa Porga\u201d - Canfali","isPartOf":{"@id":"https:\/\/canfali.com\/ca-es\/#website"},"primaryImageOfPage":{"@id":"https:\/\/canfali.com\/ca-es\/valentes-i-positives-estrenen-la-seua-vuitena-temporada-de-teatre-amb-la-turista-i-la-porga\/#primaryimage"},"image":{"@id":"https:\/\/canfali.com\/ca-es\/valentes-i-positives-estrenen-la-seua-vuitena-temporada-de-teatre-amb-la-turista-i-la-porga\/#primaryimage"},"thumbnailUrl":"https:\/\/canfali.com\/app\/uploads\/2026\/03\/8valentes.jpeg","datePublished":"2026-03-12T07:49:14+00:00","dateModified":"2026-03-12T08:01:56+00:00","description":"El grup de dones de Pedreguer destinar\u00e0 enguany la recaptaci\u00f3 a la investigaci\u00f3 del c\u00e0ncer de fetge i d\u2019\u00fater","breadcrumb":{"@id":"https:\/\/canfali.com\/ca-es\/valentes-i-positives-estrenen-la-seua-vuitena-temporada-de-teatre-amb-la-turista-i-la-porga\/#breadcrumb"},"inLanguage":"va-ES","potentialAction":[{"@type":"ReadAction","target":["https:\/\/canfali.com\/ca-es\/valentes-i-positives-estrenen-la-seua-vuitena-temporada-de-teatre-amb-la-turista-i-la-porga\/"]}]},{"@type":"ImageObject","inLanguage":"va-ES","@id":"https:\/\/canfali.com\/ca-es\/valentes-i-positives-estrenen-la-seua-vuitena-temporada-de-teatre-amb-la-turista-i-la-porga\/#primaryimage","url":"https:\/\/canfali.com\/app\/uploads\/2026\/03\/8valentes.jpeg","contentUrl":"https:\/\/canfali.com\/app\/uploads\/2026\/03\/8valentes.jpeg","width":1468,"height":826},{"@type":"BreadcrumbList","@id":"https:\/\/canfali.com\/ca-es\/valentes-i-positives-estrenen-la-seua-vuitena-temporada-de-teatre-amb-la-turista-i-la-porga\/#breadcrumb","itemListElement":[{"@type":"ListItem","position":1,"name":"Portada","item":"https:\/\/canfali.com\/ca-es\/"},{"@type":"ListItem","position":2,"name":"Valentes i Positives estrenen la seua vuitena temporada de teatre amb \u201cLa Turista\u201d i \u201cLa Porga\u201d"}]},{"@type":"WebSite","@id":"https:\/\/canfali.com\/ca-es\/#website","url":"https:\/\/canfali.com\/ca-es\/","name":"Canfali","description":"","publisher":{"@id":"https:\/\/canfali.com\/ca-es\/#organization"},"potentialAction":[{"@type":"SearchAction","target":{"@type":"EntryPoint","urlTemplate":"https:\/\/canfali.com\/ca-es\/?s={search_term_string}"},"query-input":{"@type":"PropertyValueSpecification","valueRequired":true,"valueName":"search_term_string"}}],"inLanguage":"va-ES"},{"@type":"Organization","@id":"https:\/\/canfali.com\/ca-es\/#organization","name":"Canfali","url":"https:\/\/canfali.com\/ca-es\/","logo":{"@type":"ImageObject","inLanguage":"va-ES","@id":"https:\/\/canfali.com\/ca-es\/#\/schema\/logo\/image\/","url":"https:\/\/canfali.com\/app\/uploads\/2025\/12\/canfali_marina_alta_logo.png","contentUrl":"https:\/\/canfali.com\/app\/uploads\/2025\/12\/canfali_marina_alta_logo.png","width":225,"height":225,"caption":"Canfali"},"image":{"@id":"https:\/\/canfali.com\/ca-es\/#\/schema\/logo\/image\/"},"sameAs":["https:\/\/es-es.facebook.com\/CANFALIMarinaAlta","https:\/\/x.com\/canfalima","https:\/\/www.instagram.com\/canfalimarinaalta\/"]},{"@type":"Person","@id":"https:\/\/canfali.com\/ca-es\/#\/schema\/person\/f540a86fb33e10daaae53c59ceaa1194","name":"Lluis","image":{"@type":"ImageObject","inLanguage":"va-ES","@id":"https:\/\/secure.gravatar.com\/avatar\/a21ec8835290e4e02ed0886b8cb327d807d0eb6ec8ccf25d4c2a0a415f506c0d?s=96&d=mm&r=g","url":"https:\/\/secure.gravatar.com\/avatar\/a21ec8835290e4e02ed0886b8cb327d807d0eb6ec8ccf25d4c2a0a415f506c0d?s=96&d=mm&r=g","contentUrl":"https:\/\/secure.gravatar.com\/avatar\/a21ec8835290e4e02ed0886b8cb327d807d0eb6ec8ccf25d4c2a0a415f506c0d?s=96&d=mm&r=g","caption":"Lluis"},"url":"https:\/\/canfali.com\/ca-es\/author\/lluis\/"}]}},"_links":{"self":[{"href":"https:\/\/canfali.com\/ca-es\/wp-json\/wp\/v2\/posts\/90923","targetHints":{"allow":["GET"]}}],"collection":[{"href":"https:\/\/canfali.com\/ca-es\/wp-json\/wp\/v2\/posts"}],"about":[{"href":"https:\/\/canfali.com\/ca-es\/wp-json\/wp\/v2\/types\/post"}],"author":[{"embeddable":true,"href":"https:\/\/canfali.com\/ca-es\/wp-json\/wp\/v2\/users\/8"}],"replies":[{"embeddable":true,"href":"https:\/\/canfali.com\/ca-es\/wp-json\/wp\/v2\/comments?post=90923"}],"version-history":[{"count":7,"href":"https:\/\/canfali.com\/ca-es\/wp-json\/wp\/v2\/posts\/90923\/revisions"}],"predecessor-version":[{"id":90939,"href":"https:\/\/canfali.com\/ca-es\/wp-json\/wp\/v2\/posts\/90923\/revisions\/90939"}],"wp:featuredmedia":[{"embeddable":true,"href":"https:\/\/canfali.com\/ca-es\/wp-json\/wp\/v2\/media\/90920"}],"wp:attachment":[{"href":"https:\/\/canfali.com\/ca-es\/wp-json\/wp\/v2\/media?parent=90923"}],"wp:term":[{"taxonomy":"category","embeddable":true,"href":"https:\/\/canfali.com\/ca-es\/wp-json\/wp\/v2\/categories?post=90923"},{"taxonomy":"post_tag","embeddable":true,"href":"https:\/\/canfali.com\/ca-es\/wp-json\/wp\/v2\/tags?post=90923"}],"curies":[{"name":"wp","href":"https:\/\/api.w.org\/{rel}","templated":true}]}}