{"id":90901,"date":"2026-03-11T13:09:52","date_gmt":"2026-03-11T12:09:52","guid":{"rendered":"https:\/\/canfali.com\/denia-es-torna-a-sentir-menyspreada-per-la-generalitat\/"},"modified":"2026-03-11T18:14:56","modified_gmt":"2026-03-11T17:14:56","slug":"denia-es-torna-a-sentir-menyspreada-per-la-generalitat","status":"publish","type":"post","link":"https:\/\/canfali.com\/ca-es\/denia-es-torna-a-sentir-menyspreada-per-la-generalitat\/","title":{"rendered":"D\u00e9nia es torna a sentir menyspreada per la Generalitat"},"content":{"rendered":"\n<p><\/p>\n\n<figure class=\"wp-block-pullquote\"><blockquote><p>Qualifica la visita de Garc\u00eda *Manzana com una nova mostra de \u201cmenyspreu institucional\u201d <\/p><\/blockquote><\/figure>\n\n<p>Una vegada m\u00e9s, els directors generals se salten als representants del govern municipal en una visita a D\u00e9nia. \u00c9s el cas de la reuni\u00f3 que ha mantingut el director general de Costas, Ports i Aeroports, Marc Garc\u00eda Manzana, amb representants del Club N\u00e0utic i la comissionada de la Generalitat per al port i portaveu popular, Pepa Font. Des de l&#8217;equip de govern, es parla de \u201cninguneig&#8221; i \u201cmenyspreu\u201d cap a D\u00e9nia i els seus leg\u00edtims representants i es posa la visita com a exemple de falta de comunicaci\u00f3 entre govern auton\u00f2mic i local, una t\u00f2nica que es repeteix des de l&#8217;inici de la legislatura.&#13;\n&#13;\n\t<\/p>\n\n<p>L&#8217;alcalde, Vicent Grimalt, ha subratllat que la visita es va realitzar per a tractar un assumpte que afecta la ciutat, el projecte de millora del Club N\u00e0utic. L&#8217;actuaci\u00f3 no se cenyeix a l&#8217;\u00e0mbit exclusiu del club. Afecta tamb\u00e9 a l&#8217;espai p\u00fablic -voreres, vials, una nova rotonda-, per la qual cosa les obres no haurien de realitzar-se \u201cd&#8217;esquena a la ciutat\u201d, assenyala la regidora de Territori, Maria Josep Ripoll. <\/p>\n\n<p>Desde el ayuntamiento se desconoce en qu\u00e9 estudios e informes se amparan a la hora de abordar cuestiones como los pluviales, el alumbrado p\u00fablico o la afecci\u00f3n a la zona arqueol\u00f3gica. Se pide por ello mayor transparencia e informaci\u00f3n y se rechaza de pleno el \u201cdesprecio institucional\u201d del que D\u00e9nia est\u00e1 siendo objeto.<\/p>\n\n<p>Grimalt ha fet recompte de les reunions i cites que s&#8217;han sol\u00b7licitat per a abordar q\u00fcestions relaciones amb el port -dragat, amarraments, accessibilitat, museu de la mar, espai n\u00e0utic municipal- sense que s&#8217;haja obtingut resposta. Tampoc en altres \u00e0mbits, com ara urbanisme o sanitat, ha estat possible reunir-se amb el conseller responsable i s&#8217;ha rem\u00e8s als representants municipals a algun director general. Ha ocorregut aix\u00ed mateix amb altres q\u00fcestions d&#8217;\u00e0mbit comarcal, com el CRIS o el *CEEM, on tot continua estant pendent\u201d, precisava l&#8217;alcalde.&#13;\n&#13;\n<\/p>\n\n<p>\u201cEl port no pot estar d&#8217;esquena a la ciutat, necessita d&#8217;ella i ella d&#8217;ell\u201d, ha indicat el vicealcalde, Rafa Carri\u00f3, qui ha recordat que des que es va constituir en 2017 l&#8217;Espai Port Ciutat -on estan representats empreses concession\u00e0ries, l&#8217;ajuntament i la Generalitat Valenciana- no s&#8217;ha tornat a reunir. Carri\u00f3 ha apostat pel di\u00e0leg i la informaci\u00f3 per a la presa de decisions que afecten la ciutadania i per evitar la confrontaci\u00f3. Perqu\u00e8 un projecte amb el suport de la majoria cohesiona i permet afrontar millor els reptes de futur, afegia. <\/p>\n\n<p>El govern local reclama un conveni amb Ports on queden definides les obligacions i drets de cada administraci\u00f3. En l&#8217;actualitat, l&#8217;ajuntament assumeix q\u00fcestions com la poda de les palmeres, les despeses d&#8217;enllumenat i l&#8217;arranjament dels clots dels carrers en l&#8217;\u00e0mbit portuari, que \u00e9s compet\u00e8ncia de Ports, i ha de pagar per ocupaci\u00f3 de la via p\u00fablica.<\/p>\n\n<p><\/p>\n","protected":false},"excerpt":{"rendered":"Qualifica la visita de Garc\u00eda *Manzana com una nova mostra de \u201cmenyspreu institucional\u201d Una vegada m\u00e9s, els directors&hellip;","protected":false},"author":6,"featured_media":90892,"comment_status":"closed","ping_status":"closed","sticky":false,"template":"","format":"standard","meta":{"csco_display_header_overlay":false,"csco_singular_sidebar":"","csco_page_header_type":"","csco_page_load_nextpost":"","csco_post_video_location":[],"csco_post_video_location_hash":"","csco_post_video_url":"","csco_post_video_bg_start_time":0,"csco_post_video_bg_end_time":0,"footnotes":""},"categories":[1],"tags":[],"class_list":{"0":"post-90901","1":"post","2":"type-post","3":"status-publish","4":"format-standard","5":"has-post-thumbnail","7":"category-sin-categorizar","8":"cs-entry","9":"cs-video-wrap"},"yoast_head":"<!-- This site is optimized with the Yoast SEO Premium plugin v26.6 (Yoast SEO v27.3) - https:\/\/yoast.com\/product\/yoast-seo-premium-wordpress\/ -->\n<title>D\u00e9nia es torna a sentir menyspreada per la Generalitat - Canfali<\/title>\n<meta name=\"description\" content=\"El govern parla de \u201cninguneig\u201d i \u201cmenyspreu\u201d cap a D\u00e9nia i els seus leg\u00edtims representants despr\u00e9s de la reuni\u00f3 de Garc\u00eda Manzano amb la comissionada a la seva esquena.\" \/>\n<meta name=\"robots\" content=\"index, follow, max-snippet:-1, max-image-preview:large, max-video-preview:-1\" \/>\n<link rel=\"canonical\" href=\"https:\/\/canfali.com\/ca-es\/denia-es-torna-a-sentir-menyspreada-per-la-generalitat\/\" \/>\n<meta property=\"og:locale\" content=\"en_US\" \/>\n<meta property=\"og:type\" content=\"article\" \/>\n<meta property=\"og:title\" content=\"D\u00e9nia es torna a sentir menyspreada per la Generalitat\" \/>\n<meta property=\"og:description\" content=\"El govern parla de \u201cninguneig\u201d i \u201cmenyspreu\u201d cap a D\u00e9nia i els seus leg\u00edtims representants despr\u00e9s de la reuni\u00f3 de Garc\u00eda Manzano amb la comissionada a la seva esquena.\" \/>\n<meta property=\"og:url\" content=\"https:\/\/canfali.com\/ca-es\/denia-es-torna-a-sentir-menyspreada-per-la-generalitat\/\" \/>\n<meta property=\"og:site_name\" content=\"Canfali\" \/>\n<meta property=\"article:publisher\" content=\"https:\/\/es-es.facebook.com\/CANFALIMarinaAlta\" \/>\n<meta property=\"article:published_time\" content=\"2026-03-11T12:09:52+00:00\" \/>\n<meta property=\"article:modified_time\" content=\"2026-03-11T17:14:56+00:00\" \/>\n<meta property=\"og:image\" content=\"https:\/\/canfali.com\/app\/uploads\/2026\/03\/manzana-2-scaled.jpg\" \/>\n\t<meta property=\"og:image:width\" content=\"2560\" \/>\n\t<meta property=\"og:image:height\" content=\"1696\" \/>\n\t<meta property=\"og:image:type\" content=\"image\/jpeg\" \/>\n<meta name=\"author\" content=\"Rosa\" \/>\n<meta name=\"twitter:card\" content=\"summary_large_image\" \/>\n<meta name=\"twitter:creator\" content=\"@canfalima\" \/>\n<meta name=\"twitter:site\" content=\"@canfalima\" \/>\n<meta name=\"twitter:label1\" content=\"Written by\" \/>\n\t<meta name=\"twitter:data1\" content=\"Rosa\" \/>\n\t<meta name=\"twitter:label2\" content=\"Est. reading time\" \/>\n\t<meta name=\"twitter:data2\" content=\"2 minutes\" \/>\n<script type=\"application\/ld+json\" class=\"yoast-schema-graph\">{\"@context\":\"https:\\\/\\\/schema.org\",\"@graph\":[{\"@type\":\"NewsArticle\",\"@id\":\"https:\\\/\\\/canfali.com\\\/ca-es\\\/denia-es-torna-a-sentir-menyspreada-per-la-generalitat\\\/#article\",\"isPartOf\":{\"@id\":\"https:\\\/\\\/canfali.com\\\/ca-es\\\/denia-es-torna-a-sentir-menyspreada-per-la-generalitat\\\/\"},\"author\":{\"name\":\"Rosa\",\"@id\":\"https:\\\/\\\/canfali.com\\\/ca-es\\\/#\\\/schema\\\/person\\\/c861a7aa2b2495357b95f35bd5d82f88\"},\"headline\":\"D\u00e9nia es torna a sentir menyspreada per la Generalitat\",\"datePublished\":\"2026-03-11T12:09:52+00:00\",\"dateModified\":\"2026-03-11T17:14:56+00:00\",\"mainEntityOfPage\":{\"@id\":\"https:\\\/\\\/canfali.com\\\/ca-es\\\/denia-es-torna-a-sentir-menyspreada-per-la-generalitat\\\/\"},\"wordCount\":527,\"publisher\":{\"@id\":\"https:\\\/\\\/canfali.com\\\/ca-es\\\/#organization\"},\"image\":{\"@id\":\"https:\\\/\\\/canfali.com\\\/ca-es\\\/denia-es-torna-a-sentir-menyspreada-per-la-generalitat\\\/#primaryimage\"},\"thumbnailUrl\":\"https:\\\/\\\/canfali.com\\\/app\\\/uploads\\\/2026\\\/03\\\/manzana-2-scaled.jpg\",\"articleSection\":[\"Sin categorizar\"],\"inLanguage\":\"va-ES\",\"copyrightYear\":\"2026\",\"copyrightHolder\":{\"@id\":\"https:\\\/\\\/canfali.com\\\/#organization\"}},{\"@type\":\"WebPage\",\"@id\":\"https:\\\/\\\/canfali.com\\\/ca-es\\\/denia-es-torna-a-sentir-menyspreada-per-la-generalitat\\\/\",\"url\":\"https:\\\/\\\/canfali.com\\\/ca-es\\\/denia-es-torna-a-sentir-menyspreada-per-la-generalitat\\\/\",\"name\":\"D\u00e9nia es torna a sentir menyspreada per la Generalitat - Canfali\",\"isPartOf\":{\"@id\":\"https:\\\/\\\/canfali.com\\\/ca-es\\\/#website\"},\"primaryImageOfPage\":{\"@id\":\"https:\\\/\\\/canfali.com\\\/ca-es\\\/denia-es-torna-a-sentir-menyspreada-per-la-generalitat\\\/#primaryimage\"},\"image\":{\"@id\":\"https:\\\/\\\/canfali.com\\\/ca-es\\\/denia-es-torna-a-sentir-menyspreada-per-la-generalitat\\\/#primaryimage\"},\"thumbnailUrl\":\"https:\\\/\\\/canfali.com\\\/app\\\/uploads\\\/2026\\\/03\\\/manzana-2-scaled.jpg\",\"datePublished\":\"2026-03-11T12:09:52+00:00\",\"dateModified\":\"2026-03-11T17:14:56+00:00\",\"description\":\"El govern parla de \u201cninguneig\u201d i \u201cmenyspreu\u201d cap a D\u00e9nia i els seus leg\u00edtims representants despr\u00e9s de la reuni\u00f3 de Garc\u00eda Manzano amb la comissionada a la seva esquena.\",\"breadcrumb\":{\"@id\":\"https:\\\/\\\/canfali.com\\\/ca-es\\\/denia-es-torna-a-sentir-menyspreada-per-la-generalitat\\\/#breadcrumb\"},\"inLanguage\":\"va-ES\",\"potentialAction\":[{\"@type\":\"ReadAction\",\"target\":[\"https:\\\/\\\/canfali.com\\\/ca-es\\\/denia-es-torna-a-sentir-menyspreada-per-la-generalitat\\\/\"]}]},{\"@type\":\"ImageObject\",\"inLanguage\":\"va-ES\",\"@id\":\"https:\\\/\\\/canfali.com\\\/ca-es\\\/denia-es-torna-a-sentir-menyspreada-per-la-generalitat\\\/#primaryimage\",\"url\":\"https:\\\/\\\/canfali.com\\\/app\\\/uploads\\\/2026\\\/03\\\/manzana-2-scaled.jpg\",\"contentUrl\":\"https:\\\/\\\/canfali.com\\\/app\\\/uploads\\\/2026\\\/03\\\/manzana-2-scaled.jpg\",\"width\":2560,\"height\":1696},{\"@type\":\"BreadcrumbList\",\"@id\":\"https:\\\/\\\/canfali.com\\\/ca-es\\\/denia-es-torna-a-sentir-menyspreada-per-la-generalitat\\\/#breadcrumb\",\"itemListElement\":[{\"@type\":\"ListItem\",\"position\":1,\"name\":\"Portada\",\"item\":\"https:\\\/\\\/canfali.com\\\/ca-es\\\/\"},{\"@type\":\"ListItem\",\"position\":2,\"name\":\"D\u00e9nia es torna a sentir menyspreada per la Generalitat\"}]},{\"@type\":\"WebSite\",\"@id\":\"https:\\\/\\\/canfali.com\\\/ca-es\\\/#website\",\"url\":\"https:\\\/\\\/canfali.com\\\/ca-es\\\/\",\"name\":\"Canfali\",\"description\":\"\",\"publisher\":{\"@id\":\"https:\\\/\\\/canfali.com\\\/ca-es\\\/#organization\"},\"potentialAction\":[{\"@type\":\"SearchAction\",\"target\":{\"@type\":\"EntryPoint\",\"urlTemplate\":\"https:\\\/\\\/canfali.com\\\/ca-es\\\/?s={search_term_string}\"},\"query-input\":{\"@type\":\"PropertyValueSpecification\",\"valueRequired\":true,\"valueName\":\"search_term_string\"}}],\"inLanguage\":\"va-ES\"},{\"@type\":\"Organization\",\"@id\":\"https:\\\/\\\/canfali.com\\\/ca-es\\\/#organization\",\"name\":\"Canfali\",\"url\":\"https:\\\/\\\/canfali.com\\\/ca-es\\\/\",\"logo\":{\"@type\":\"ImageObject\",\"inLanguage\":\"va-ES\",\"@id\":\"https:\\\/\\\/canfali.com\\\/ca-es\\\/#\\\/schema\\\/logo\\\/image\\\/\",\"url\":\"https:\\\/\\\/canfali.com\\\/app\\\/uploads\\\/2025\\\/12\\\/canfali_marina_alta_logo.png\",\"contentUrl\":\"https:\\\/\\\/canfali.com\\\/app\\\/uploads\\\/2025\\\/12\\\/canfali_marina_alta_logo.png\",\"width\":225,\"height\":225,\"caption\":\"Canfali\"},\"image\":{\"@id\":\"https:\\\/\\\/canfali.com\\\/ca-es\\\/#\\\/schema\\\/logo\\\/image\\\/\"},\"sameAs\":[\"https:\\\/\\\/es-es.facebook.com\\\/CANFALIMarinaAlta\",\"https:\\\/\\\/x.com\\\/canfalima\",\"https:\\\/\\\/www.instagram.com\\\/canfalimarinaalta\\\/\"]},{\"@type\":\"Person\",\"@id\":\"https:\\\/\\\/canfali.com\\\/ca-es\\\/#\\\/schema\\\/person\\\/c861a7aa2b2495357b95f35bd5d82f88\",\"name\":\"Rosa\",\"image\":{\"@type\":\"ImageObject\",\"inLanguage\":\"va-ES\",\"@id\":\"https:\\\/\\\/secure.gravatar.com\\\/avatar\\\/47fb83d99423a6ef1cf9f83f02a5e91366c671dec76c5c24badf1b0494e1d960?s=96&d=mm&r=g\",\"url\":\"https:\\\/\\\/secure.gravatar.com\\\/avatar\\\/47fb83d99423a6ef1cf9f83f02a5e91366c671dec76c5c24badf1b0494e1d960?s=96&d=mm&r=g\",\"contentUrl\":\"https:\\\/\\\/secure.gravatar.com\\\/avatar\\\/47fb83d99423a6ef1cf9f83f02a5e91366c671dec76c5c24badf1b0494e1d960?s=96&d=mm&r=g\",\"caption\":\"Rosa\"},\"url\":\"https:\\\/\\\/canfali.com\\\/ca-es\\\/author\\\/rosa\\\/\"}]}<\/script>\n<!-- \/ Yoast SEO Premium plugin. -->","yoast_head_json":{"title":"D\u00e9nia es torna a sentir menyspreada per la Generalitat - Canfali","description":"El govern parla de \u201cninguneig\u201d i \u201cmenyspreu\u201d cap a D\u00e9nia i els seus leg\u00edtims representants despr\u00e9s de la reuni\u00f3 de Garc\u00eda Manzano amb la comissionada a la seva esquena.","robots":{"index":"index","follow":"follow","max-snippet":"max-snippet:-1","max-image-preview":"max-image-preview:large","max-video-preview":"max-video-preview:-1"},"canonical":"https:\/\/canfali.com\/ca-es\/denia-es-torna-a-sentir-menyspreada-per-la-generalitat\/","og_locale":"en_US","og_type":"article","og_title":"D\u00e9nia es torna a sentir menyspreada per la Generalitat","og_description":"El govern parla de \u201cninguneig\u201d i \u201cmenyspreu\u201d cap a D\u00e9nia i els seus leg\u00edtims representants despr\u00e9s de la reuni\u00f3 de Garc\u00eda Manzano amb la comissionada a la seva esquena.","og_url":"https:\/\/canfali.com\/ca-es\/denia-es-torna-a-sentir-menyspreada-per-la-generalitat\/","og_site_name":"Canfali","article_publisher":"https:\/\/es-es.facebook.com\/CANFALIMarinaAlta","article_published_time":"2026-03-11T12:09:52+00:00","article_modified_time":"2026-03-11T17:14:56+00:00","og_image":[{"width":2560,"height":1696,"url":"https:\/\/canfali.com\/app\/uploads\/2026\/03\/manzana-2-scaled.jpg","type":"image\/jpeg"}],"author":"Rosa","twitter_card":"summary_large_image","twitter_creator":"@canfalima","twitter_site":"@canfalima","twitter_misc":{"Written by":"Rosa","Est. reading time":"2 minutes"},"schema":{"@context":"https:\/\/schema.org","@graph":[{"@type":"NewsArticle","@id":"https:\/\/canfali.com\/ca-es\/denia-es-torna-a-sentir-menyspreada-per-la-generalitat\/#article","isPartOf":{"@id":"https:\/\/canfali.com\/ca-es\/denia-es-torna-a-sentir-menyspreada-per-la-generalitat\/"},"author":{"name":"Rosa","@id":"https:\/\/canfali.com\/ca-es\/#\/schema\/person\/c861a7aa2b2495357b95f35bd5d82f88"},"headline":"D\u00e9nia es torna a sentir menyspreada per la Generalitat","datePublished":"2026-03-11T12:09:52+00:00","dateModified":"2026-03-11T17:14:56+00:00","mainEntityOfPage":{"@id":"https:\/\/canfali.com\/ca-es\/denia-es-torna-a-sentir-menyspreada-per-la-generalitat\/"},"wordCount":527,"publisher":{"@id":"https:\/\/canfali.com\/ca-es\/#organization"},"image":{"@id":"https:\/\/canfali.com\/ca-es\/denia-es-torna-a-sentir-menyspreada-per-la-generalitat\/#primaryimage"},"thumbnailUrl":"https:\/\/canfali.com\/app\/uploads\/2026\/03\/manzana-2-scaled.jpg","articleSection":["Sin categorizar"],"inLanguage":"va-ES","copyrightYear":"2026","copyrightHolder":{"@id":"https:\/\/canfali.com\/#organization"}},{"@type":"WebPage","@id":"https:\/\/canfali.com\/ca-es\/denia-es-torna-a-sentir-menyspreada-per-la-generalitat\/","url":"https:\/\/canfali.com\/ca-es\/denia-es-torna-a-sentir-menyspreada-per-la-generalitat\/","name":"D\u00e9nia es torna a sentir menyspreada per la Generalitat - Canfali","isPartOf":{"@id":"https:\/\/canfali.com\/ca-es\/#website"},"primaryImageOfPage":{"@id":"https:\/\/canfali.com\/ca-es\/denia-es-torna-a-sentir-menyspreada-per-la-generalitat\/#primaryimage"},"image":{"@id":"https:\/\/canfali.com\/ca-es\/denia-es-torna-a-sentir-menyspreada-per-la-generalitat\/#primaryimage"},"thumbnailUrl":"https:\/\/canfali.com\/app\/uploads\/2026\/03\/manzana-2-scaled.jpg","datePublished":"2026-03-11T12:09:52+00:00","dateModified":"2026-03-11T17:14:56+00:00","description":"El govern parla de \u201cninguneig\u201d i \u201cmenyspreu\u201d cap a D\u00e9nia i els seus leg\u00edtims representants despr\u00e9s de la reuni\u00f3 de Garc\u00eda Manzano amb la comissionada a la seva esquena.","breadcrumb":{"@id":"https:\/\/canfali.com\/ca-es\/denia-es-torna-a-sentir-menyspreada-per-la-generalitat\/#breadcrumb"},"inLanguage":"va-ES","potentialAction":[{"@type":"ReadAction","target":["https:\/\/canfali.com\/ca-es\/denia-es-torna-a-sentir-menyspreada-per-la-generalitat\/"]}]},{"@type":"ImageObject","inLanguage":"va-ES","@id":"https:\/\/canfali.com\/ca-es\/denia-es-torna-a-sentir-menyspreada-per-la-generalitat\/#primaryimage","url":"https:\/\/canfali.com\/app\/uploads\/2026\/03\/manzana-2-scaled.jpg","contentUrl":"https:\/\/canfali.com\/app\/uploads\/2026\/03\/manzana-2-scaled.jpg","width":2560,"height":1696},{"@type":"BreadcrumbList","@id":"https:\/\/canfali.com\/ca-es\/denia-es-torna-a-sentir-menyspreada-per-la-generalitat\/#breadcrumb","itemListElement":[{"@type":"ListItem","position":1,"name":"Portada","item":"https:\/\/canfali.com\/ca-es\/"},{"@type":"ListItem","position":2,"name":"D\u00e9nia es torna a sentir menyspreada per la Generalitat"}]},{"@type":"WebSite","@id":"https:\/\/canfali.com\/ca-es\/#website","url":"https:\/\/canfali.com\/ca-es\/","name":"Canfali","description":"","publisher":{"@id":"https:\/\/canfali.com\/ca-es\/#organization"},"potentialAction":[{"@type":"SearchAction","target":{"@type":"EntryPoint","urlTemplate":"https:\/\/canfali.com\/ca-es\/?s={search_term_string}"},"query-input":{"@type":"PropertyValueSpecification","valueRequired":true,"valueName":"search_term_string"}}],"inLanguage":"va-ES"},{"@type":"Organization","@id":"https:\/\/canfali.com\/ca-es\/#organization","name":"Canfali","url":"https:\/\/canfali.com\/ca-es\/","logo":{"@type":"ImageObject","inLanguage":"va-ES","@id":"https:\/\/canfali.com\/ca-es\/#\/schema\/logo\/image\/","url":"https:\/\/canfali.com\/app\/uploads\/2025\/12\/canfali_marina_alta_logo.png","contentUrl":"https:\/\/canfali.com\/app\/uploads\/2025\/12\/canfali_marina_alta_logo.png","width":225,"height":225,"caption":"Canfali"},"image":{"@id":"https:\/\/canfali.com\/ca-es\/#\/schema\/logo\/image\/"},"sameAs":["https:\/\/es-es.facebook.com\/CANFALIMarinaAlta","https:\/\/x.com\/canfalima","https:\/\/www.instagram.com\/canfalimarinaalta\/"]},{"@type":"Person","@id":"https:\/\/canfali.com\/ca-es\/#\/schema\/person\/c861a7aa2b2495357b95f35bd5d82f88","name":"Rosa","image":{"@type":"ImageObject","inLanguage":"va-ES","@id":"https:\/\/secure.gravatar.com\/avatar\/47fb83d99423a6ef1cf9f83f02a5e91366c671dec76c5c24badf1b0494e1d960?s=96&d=mm&r=g","url":"https:\/\/secure.gravatar.com\/avatar\/47fb83d99423a6ef1cf9f83f02a5e91366c671dec76c5c24badf1b0494e1d960?s=96&d=mm&r=g","contentUrl":"https:\/\/secure.gravatar.com\/avatar\/47fb83d99423a6ef1cf9f83f02a5e91366c671dec76c5c24badf1b0494e1d960?s=96&d=mm&r=g","caption":"Rosa"},"url":"https:\/\/canfali.com\/ca-es\/author\/rosa\/"}]}},"_links":{"self":[{"href":"https:\/\/canfali.com\/ca-es\/wp-json\/wp\/v2\/posts\/90901","targetHints":{"allow":["GET"]}}],"collection":[{"href":"https:\/\/canfali.com\/ca-es\/wp-json\/wp\/v2\/posts"}],"about":[{"href":"https:\/\/canfali.com\/ca-es\/wp-json\/wp\/v2\/types\/post"}],"author":[{"embeddable":true,"href":"https:\/\/canfali.com\/ca-es\/wp-json\/wp\/v2\/users\/6"}],"replies":[{"embeddable":true,"href":"https:\/\/canfali.com\/ca-es\/wp-json\/wp\/v2\/comments?post=90901"}],"version-history":[{"count":2,"href":"https:\/\/canfali.com\/ca-es\/wp-json\/wp\/v2\/posts\/90901\/revisions"}],"predecessor-version":[{"id":90906,"href":"https:\/\/canfali.com\/ca-es\/wp-json\/wp\/v2\/posts\/90901\/revisions\/90906"}],"wp:featuredmedia":[{"embeddable":true,"href":"https:\/\/canfali.com\/ca-es\/wp-json\/wp\/v2\/media\/90892"}],"wp:attachment":[{"href":"https:\/\/canfali.com\/ca-es\/wp-json\/wp\/v2\/media?parent=90901"}],"wp:term":[{"taxonomy":"category","embeddable":true,"href":"https:\/\/canfali.com\/ca-es\/wp-json\/wp\/v2\/categories?post=90901"},{"taxonomy":"post_tag","embeddable":true,"href":"https:\/\/canfali.com\/ca-es\/wp-json\/wp\/v2\/tags?post=90901"}],"curies":[{"name":"wp","href":"https:\/\/api.w.org\/{rel}","templated":true}]}}