{"id":90849,"date":"2026-03-11T10:33:49","date_gmt":"2026-03-11T09:33:49","guid":{"rendered":"https:\/\/canfali.com\/?p=90849"},"modified":"2026-03-11T10:33:53","modified_gmt":"2026-03-11T09:33:53","slug":"813-212-euros-de-subvencio-per-a-ondara-apostem-pel-teu-futur-xii-i-xiii","status":"publish","type":"post","link":"https:\/\/canfali.com\/ca-es\/813-212-euros-de-subvencio-per-a-ondara-apostem-pel-teu-futur-xii-i-xiii\/","title":{"rendered":"813.212 euros de subvenci\u00f3 per a Ondara, apostem pel teu futur XII i XIII"},"content":{"rendered":"\n<p><strong>Al taller que ocupa a vint operaris s\u2019uneix una escola taller per a una desena de joves<\/strong><\/p>\n\n\n\n<p>La trentena de persones que integren els programes formatius de l\u2019Ajuntament d\u2019Ondara -vint contractades al Taller d\u2019Ocupaci\u00f3 i deu a l\u2019Escola Taller- han iniciat aquesta setmana una activitat que preveu durar fins a febrer de 2027.<\/p>\n\n\n\n<p>&nbsp;&nbsp;&nbsp;&nbsp;&nbsp;&nbsp; Ambd\u00f3s programes han estat presentats oficialment per part de l\u2019alcalde, Jos\u00e9 Ramiro; la regidora d\u2019Ocupaci\u00f3 i Formaci\u00f3, Raquel Mengual; i el regidor de Personal, Jordi Ruiz, que han donat la benvinguda al nou alumnat.<\/p>\n\n\n\n<p>Entre aquest destaquen els integrants de l\u2019Escola Taller que ofereix l\u2019especialitat d\u2019activitats auxiliars en conservaci\u00f3 i millora de muntanyes -certificat nivell 1- i repoblacions forestals i tractaments silv\u00edcoles -certificat nivell 2-. El projecte, dirigit a alumnes d\u2019entre 16 i 30 anys, compta amb una subvenci\u00f3 per part del Labora de 247.827,30 euros, per a impartir-los formaci\u00f3 a l\u2019Espai Jove i pr\u00e0ctiques en la conservaci\u00f3 del parc p\u00fablic de Seg\u00e0ria , amb beca durant els primers tres mesos, de cara a que, posteriorment, siguen contractats per l\u2019Ajuntament per completar la seua qualificaci\u00f3 professional.<\/p>\n\n\n\n<figure class=\"wp-block-image size-large\"><img decoding=\"async\" src=\"https:\/\/canfali.com\/app\/uploads\/2026\/03\/taller-ocupacio-XII-9-1024x683.jpg.webp\" alt=\"\" class=\"wp-image-90852\"\/><\/figure>\n\n\n\n<p>&nbsp;&nbsp;&nbsp;&nbsp;&nbsp;&nbsp; Per la seua banda, el Taller d\u2019Ocupaci\u00f3, amb seu a la casa de Cultura, compta amb subvenci\u00f3 de 565.384,80 euros per a la contractaci\u00f3 de vint operaris durant un any, que rebran 1920 hores de formaci\u00f3 remunerada fins al 28 de febrer de 2027. Segons han explicat els quatre formadors al cap del projecte, en aquesta edici\u00f3 s\u2019imparteixen dues l\u00ednies formatives com s\u00f3n l\u2019atenci\u00f3 sociosanit\u00e0ria a persones dependents en institucions socials, amb certificat professional de nivell 2; i, d\u2019altra, l\u2019\u00e0rea de construcci\u00f3. Aquesta \u00faltima, precisen, inclou operacions auxiliars d\u2019obra de f\u00e0briques i cobertes -nivell 1- i f\u00e0briques d\u2019obra -nivell 2- amb una respectiva desena de participants. Aix\u00ed mateix han apuntat que la primera de les activitats desenvolupar\u00e0 les&nbsp; pr\u00e0ctiques tant a la Resid\u00e8ncia com al &nbsp;Centre de Dia, i la segona a la pla\u00e7a de bous mitjan\u00e7ant treballs d\u2019adequaci\u00f3.<\/p>\n\n\n\n<p>&nbsp;&nbsp;&nbsp;&nbsp;&nbsp;&nbsp; Els representants municipals han ressaltat el doble impacte d\u2019aquests programes, tant en mat\u00e8ria de formaci\u00f3 i contractaci\u00f3 de persones censades al municipi, com de la millora directa d\u2019espais p\u00fablics i serveis municipals.<\/p>\n\n\n\n<p>REFERENT COMARCAL EN POL\u00cdTIQUES ACTIVES D\u2019OCUPACI\u00d3<\/p>\n\n\n\n<p>&nbsp;&nbsp;&nbsp;&nbsp;&nbsp;&nbsp; En concret, l\u2019alcalde ha subratllat \u201cla import\u00e0ncia de consolidar programes que no sols formen, sin\u00f3 que contracten i donen una oportunitat laboral real a les persones participants\u201d. Ramiro ha destacat que \u201cm\u00e9s de 813.000 euros invertits directament en ocupaci\u00f3 i formaci\u00f3 representen una aposta ferma d\u2019Ondara per impulsar l&#8217;autonomia professional, millorar infraestructures municipals i crear valor social\u201d.<\/p>\n\n\n\n<p>Aquesta consideraci\u00f3 ha estat compartida per la regidora de Formaci\u00f3, per a incidir en que \u201cenguany fem un pas endavant amb la incorporaci\u00f3 de la nova Escola Taller, centrada en joves i en especialitats vinculades al medi natural, pel fet que suposa una manera d\u2019obrir portes a noves professions i de capacitar persones que, despr\u00e9s del projecte, entren al mercat laboral amb una formaci\u00f3 molt completa\u201d.<\/p>\n\n\n\n<p>El regidor de Personal ha remarcat la condici\u00f3 de referent comarcal en pol\u00edtiques d\u2019ocupaci\u00f3 a Ondara, pel fet que, al seu entendre \u201ctant el Ttaller com l\u2019Escola Taller tenen un efecte doblement positiu: milloren la qualificaci\u00f3 professional dels alumnes i, al mateix temps, permeten al municipi avan\u00e7ar en actuacions necess\u00e0ries, des de millores a la pla\u00e7a de bous fins a la conservaci\u00f3 del nostre entorn natural\u201d.<\/p>\n","protected":false},"excerpt":{"rendered":"Al taller que ocupa a vint operaris s\u2019uneix una escola taller per a una desena de joves La&hellip;","protected":false},"author":4,"featured_media":90850,"comment_status":"closed","ping_status":"closed","sticky":false,"template":"","format":"standard","meta":{"csco_display_header_overlay":false,"csco_singular_sidebar":"","csco_page_header_type":"","csco_page_load_nextpost":"","csco_post_video_location":[],"csco_post_video_location_hash":"","csco_post_video_url":"","csco_post_video_bg_start_time":0,"csco_post_video_bg_end_time":0,"footnotes":""},"categories":[607],"tags":[6633,2868,4783,2739],"class_list":{"0":"post-90849","1":"post","2":"type-post","3":"status-publish","4":"format-standard","5":"has-post-thumbnail","7":"category-economia-i-empreses","8":"tag-ajuntament-dondara","9":"tag-labora-ca-es","10":"tag-subvencio","11":"tag-tallers","12":"cs-entry","13":"cs-video-wrap"},"yoast_head":"<!-- This site is optimized with the Yoast SEO Premium plugin v26.6 (Yoast SEO v27.3) - https:\/\/yoast.com\/product\/yoast-seo-premium-wordpress\/ -->\n<title>813.212 euros de subvenci\u00f3 per a Ondara, apostem pel teu futur XII i XIII - Canfali<\/title>\n<meta name=\"robots\" content=\"index, follow, max-snippet:-1, max-image-preview:large, max-video-preview:-1\" \/>\n<link rel=\"canonical\" href=\"https:\/\/canfali.com\/ca-es\/813-212-euros-de-subvencio-per-a-ondara-apostem-pel-teu-futur-xii-i-xiii\/\" \/>\n<meta property=\"og:locale\" content=\"en_US\" \/>\n<meta property=\"og:type\" content=\"article\" \/>\n<meta property=\"og:title\" content=\"813.212 euros de subvenci\u00f3 per a Ondara, apostem pel teu futur XII i XIII\" \/>\n<meta property=\"og:description\" content=\"Al taller que ocupa a vint operaris s\u2019uneix una escola taller per a una desena de joves La&hellip;\" \/>\n<meta property=\"og:url\" content=\"https:\/\/canfali.com\/ca-es\/813-212-euros-de-subvencio-per-a-ondara-apostem-pel-teu-futur-xii-i-xiii\/\" \/>\n<meta property=\"og:site_name\" content=\"Canfali\" \/>\n<meta property=\"article:publisher\" content=\"https:\/\/es-es.facebook.com\/CANFALIMarinaAlta\" \/>\n<meta property=\"article:published_time\" content=\"2026-03-11T09:33:49+00:00\" \/>\n<meta property=\"article:modified_time\" content=\"2026-03-11T09:33:53+00:00\" \/>\n<meta property=\"og:image\" content=\"https:\/\/canfali.com\/app\/uploads\/2026\/03\/escola-taller-XIII-8-rotated.jpg\" \/>\n\t<meta property=\"og:image:width\" content=\"1280\" \/>\n\t<meta property=\"og:image:height\" content=\"1920\" \/>\n\t<meta property=\"og:image:type\" content=\"image\/jpeg\" \/>\n<meta name=\"author\" content=\"JJ Mas\" \/>\n<meta name=\"twitter:card\" content=\"summary_large_image\" \/>\n<meta name=\"twitter:creator\" content=\"@canfalima\" \/>\n<meta name=\"twitter:site\" content=\"@canfalima\" \/>\n<meta name=\"twitter:label1\" content=\"Written by\" \/>\n\t<meta name=\"twitter:data1\" content=\"JJ Mas\" \/>\n\t<meta name=\"twitter:label2\" content=\"Est. reading time\" \/>\n\t<meta name=\"twitter:data2\" content=\"3 minutes\" \/>\n<script type=\"application\/ld+json\" class=\"yoast-schema-graph\">{\"@context\":\"https:\\\/\\\/schema.org\",\"@graph\":[{\"@type\":\"NewsArticle\",\"@id\":\"https:\\\/\\\/canfali.com\\\/ca-es\\\/813-212-euros-de-subvencio-per-a-ondara-apostem-pel-teu-futur-xii-i-xiii\\\/#article\",\"isPartOf\":{\"@id\":\"https:\\\/\\\/canfali.com\\\/ca-es\\\/813-212-euros-de-subvencio-per-a-ondara-apostem-pel-teu-futur-xii-i-xiii\\\/\"},\"author\":{\"name\":\"JJ Mas\",\"@id\":\"https:\\\/\\\/canfali.com\\\/ca-es\\\/#\\\/schema\\\/person\\\/d834d2d4df17cac754d3c314d4c404ef\"},\"headline\":\"813.212 euros de subvenci\u00f3 per a Ondara, apostem pel teu futur XII i XIII\",\"datePublished\":\"2026-03-11T09:33:49+00:00\",\"dateModified\":\"2026-03-11T09:33:53+00:00\",\"mainEntityOfPage\":{\"@id\":\"https:\\\/\\\/canfali.com\\\/ca-es\\\/813-212-euros-de-subvencio-per-a-ondara-apostem-pel-teu-futur-xii-i-xiii\\\/\"},\"wordCount\":627,\"publisher\":{\"@id\":\"https:\\\/\\\/canfali.com\\\/ca-es\\\/#organization\"},\"image\":{\"@id\":\"https:\\\/\\\/canfali.com\\\/ca-es\\\/813-212-euros-de-subvencio-per-a-ondara-apostem-pel-teu-futur-xii-i-xiii\\\/#primaryimage\"},\"thumbnailUrl\":\"https:\\\/\\\/canfali.com\\\/app\\\/uploads\\\/2026\\\/03\\\/escola-taller-XIII-8-rotated.jpg\",\"keywords\":[\"Ajuntament d'Ondara\",\"Labora\",\"subvenci\u00f3\",\"tallers\"],\"articleSection\":[\"Economia i Empreses\"],\"inLanguage\":\"va-ES\",\"copyrightYear\":\"2026\",\"copyrightHolder\":{\"@id\":\"https:\\\/\\\/canfali.com\\\/#organization\"}},{\"@type\":\"WebPage\",\"@id\":\"https:\\\/\\\/canfali.com\\\/ca-es\\\/813-212-euros-de-subvencio-per-a-ondara-apostem-pel-teu-futur-xii-i-xiii\\\/\",\"url\":\"https:\\\/\\\/canfali.com\\\/ca-es\\\/813-212-euros-de-subvencio-per-a-ondara-apostem-pel-teu-futur-xii-i-xiii\\\/\",\"name\":\"813.212 euros de subvenci\u00f3 per a Ondara, apostem pel teu futur XII i XIII - Canfali\",\"isPartOf\":{\"@id\":\"https:\\\/\\\/canfali.com\\\/ca-es\\\/#website\"},\"primaryImageOfPage\":{\"@id\":\"https:\\\/\\\/canfali.com\\\/ca-es\\\/813-212-euros-de-subvencio-per-a-ondara-apostem-pel-teu-futur-xii-i-xiii\\\/#primaryimage\"},\"image\":{\"@id\":\"https:\\\/\\\/canfali.com\\\/ca-es\\\/813-212-euros-de-subvencio-per-a-ondara-apostem-pel-teu-futur-xii-i-xiii\\\/#primaryimage\"},\"thumbnailUrl\":\"https:\\\/\\\/canfali.com\\\/app\\\/uploads\\\/2026\\\/03\\\/escola-taller-XIII-8-rotated.jpg\",\"datePublished\":\"2026-03-11T09:33:49+00:00\",\"dateModified\":\"2026-03-11T09:33:53+00:00\",\"breadcrumb\":{\"@id\":\"https:\\\/\\\/canfali.com\\\/ca-es\\\/813-212-euros-de-subvencio-per-a-ondara-apostem-pel-teu-futur-xii-i-xiii\\\/#breadcrumb\"},\"inLanguage\":\"va-ES\",\"potentialAction\":[{\"@type\":\"ReadAction\",\"target\":[\"https:\\\/\\\/canfali.com\\\/ca-es\\\/813-212-euros-de-subvencio-per-a-ondara-apostem-pel-teu-futur-xii-i-xiii\\\/\"]}]},{\"@type\":\"ImageObject\",\"inLanguage\":\"va-ES\",\"@id\":\"https:\\\/\\\/canfali.com\\\/ca-es\\\/813-212-euros-de-subvencio-per-a-ondara-apostem-pel-teu-futur-xii-i-xiii\\\/#primaryimage\",\"url\":\"https:\\\/\\\/canfali.com\\\/app\\\/uploads\\\/2026\\\/03\\\/escola-taller-XIII-8-rotated.jpg\",\"contentUrl\":\"https:\\\/\\\/canfali.com\\\/app\\\/uploads\\\/2026\\\/03\\\/escola-taller-XIII-8-rotated.jpg\",\"width\":1280,\"height\":1920},{\"@type\":\"BreadcrumbList\",\"@id\":\"https:\\\/\\\/canfali.com\\\/ca-es\\\/813-212-euros-de-subvencio-per-a-ondara-apostem-pel-teu-futur-xii-i-xiii\\\/#breadcrumb\",\"itemListElement\":[{\"@type\":\"ListItem\",\"position\":1,\"name\":\"Portada\",\"item\":\"https:\\\/\\\/canfali.com\\\/ca-es\\\/\"},{\"@type\":\"ListItem\",\"position\":2,\"name\":\"813.212 euros de subvenci\u00f3 per a Ondara, apostem pel teu futur XII i XIII\"}]},{\"@type\":\"WebSite\",\"@id\":\"https:\\\/\\\/canfali.com\\\/ca-es\\\/#website\",\"url\":\"https:\\\/\\\/canfali.com\\\/ca-es\\\/\",\"name\":\"Canfali\",\"description\":\"\",\"publisher\":{\"@id\":\"https:\\\/\\\/canfali.com\\\/ca-es\\\/#organization\"},\"potentialAction\":[{\"@type\":\"SearchAction\",\"target\":{\"@type\":\"EntryPoint\",\"urlTemplate\":\"https:\\\/\\\/canfali.com\\\/ca-es\\\/?s={search_term_string}\"},\"query-input\":{\"@type\":\"PropertyValueSpecification\",\"valueRequired\":true,\"valueName\":\"search_term_string\"}}],\"inLanguage\":\"va-ES\"},{\"@type\":\"Organization\",\"@id\":\"https:\\\/\\\/canfali.com\\\/ca-es\\\/#organization\",\"name\":\"Canfali\",\"url\":\"https:\\\/\\\/canfali.com\\\/ca-es\\\/\",\"logo\":{\"@type\":\"ImageObject\",\"inLanguage\":\"va-ES\",\"@id\":\"https:\\\/\\\/canfali.com\\\/ca-es\\\/#\\\/schema\\\/logo\\\/image\\\/\",\"url\":\"https:\\\/\\\/canfali.com\\\/app\\\/uploads\\\/2025\\\/12\\\/canfali_marina_alta_logo.png\",\"contentUrl\":\"https:\\\/\\\/canfali.com\\\/app\\\/uploads\\\/2025\\\/12\\\/canfali_marina_alta_logo.png\",\"width\":225,\"height\":225,\"caption\":\"Canfali\"},\"image\":{\"@id\":\"https:\\\/\\\/canfali.com\\\/ca-es\\\/#\\\/schema\\\/logo\\\/image\\\/\"},\"sameAs\":[\"https:\\\/\\\/es-es.facebook.com\\\/CANFALIMarinaAlta\",\"https:\\\/\\\/x.com\\\/canfalima\",\"https:\\\/\\\/www.instagram.com\\\/canfalimarinaalta\\\/\"]},{\"@type\":\"Person\",\"@id\":\"https:\\\/\\\/canfali.com\\\/ca-es\\\/#\\\/schema\\\/person\\\/d834d2d4df17cac754d3c314d4c404ef\",\"name\":\"JJ Mas\",\"image\":{\"@type\":\"ImageObject\",\"inLanguage\":\"va-ES\",\"@id\":\"https:\\\/\\\/secure.gravatar.com\\\/avatar\\\/65a5191f5438bf88c2394f6d1a625a6ff903c8785268e603c623a83bc15ba1ee?s=96&d=mm&r=g\",\"url\":\"https:\\\/\\\/secure.gravatar.com\\\/avatar\\\/65a5191f5438bf88c2394f6d1a625a6ff903c8785268e603c623a83bc15ba1ee?s=96&d=mm&r=g\",\"contentUrl\":\"https:\\\/\\\/secure.gravatar.com\\\/avatar\\\/65a5191f5438bf88c2394f6d1a625a6ff903c8785268e603c623a83bc15ba1ee?s=96&d=mm&r=g\",\"caption\":\"JJ Mas\"},\"url\":\"https:\\\/\\\/canfali.com\\\/ca-es\\\/author\\\/jj\\\/\"}]}<\/script>\n<!-- \/ Yoast SEO Premium plugin. -->","yoast_head_json":{"title":"813.212 euros de subvenci\u00f3 per a Ondara, apostem pel teu futur XII i XIII - Canfali","robots":{"index":"index","follow":"follow","max-snippet":"max-snippet:-1","max-image-preview":"max-image-preview:large","max-video-preview":"max-video-preview:-1"},"canonical":"https:\/\/canfali.com\/ca-es\/813-212-euros-de-subvencio-per-a-ondara-apostem-pel-teu-futur-xii-i-xiii\/","og_locale":"en_US","og_type":"article","og_title":"813.212 euros de subvenci\u00f3 per a Ondara, apostem pel teu futur XII i XIII","og_description":"Al taller que ocupa a vint operaris s\u2019uneix una escola taller per a una desena de joves La&hellip;","og_url":"https:\/\/canfali.com\/ca-es\/813-212-euros-de-subvencio-per-a-ondara-apostem-pel-teu-futur-xii-i-xiii\/","og_site_name":"Canfali","article_publisher":"https:\/\/es-es.facebook.com\/CANFALIMarinaAlta","article_published_time":"2026-03-11T09:33:49+00:00","article_modified_time":"2026-03-11T09:33:53+00:00","og_image":[{"width":1280,"height":1920,"url":"https:\/\/canfali.com\/app\/uploads\/2026\/03\/escola-taller-XIII-8-rotated.jpg","type":"image\/jpeg"}],"author":"JJ Mas","twitter_card":"summary_large_image","twitter_creator":"@canfalima","twitter_site":"@canfalima","twitter_misc":{"Written by":"JJ Mas","Est. reading time":"3 minutes"},"schema":{"@context":"https:\/\/schema.org","@graph":[{"@type":"NewsArticle","@id":"https:\/\/canfali.com\/ca-es\/813-212-euros-de-subvencio-per-a-ondara-apostem-pel-teu-futur-xii-i-xiii\/#article","isPartOf":{"@id":"https:\/\/canfali.com\/ca-es\/813-212-euros-de-subvencio-per-a-ondara-apostem-pel-teu-futur-xii-i-xiii\/"},"author":{"name":"JJ Mas","@id":"https:\/\/canfali.com\/ca-es\/#\/schema\/person\/d834d2d4df17cac754d3c314d4c404ef"},"headline":"813.212 euros de subvenci\u00f3 per a Ondara, apostem pel teu futur XII i XIII","datePublished":"2026-03-11T09:33:49+00:00","dateModified":"2026-03-11T09:33:53+00:00","mainEntityOfPage":{"@id":"https:\/\/canfali.com\/ca-es\/813-212-euros-de-subvencio-per-a-ondara-apostem-pel-teu-futur-xii-i-xiii\/"},"wordCount":627,"publisher":{"@id":"https:\/\/canfali.com\/ca-es\/#organization"},"image":{"@id":"https:\/\/canfali.com\/ca-es\/813-212-euros-de-subvencio-per-a-ondara-apostem-pel-teu-futur-xii-i-xiii\/#primaryimage"},"thumbnailUrl":"https:\/\/canfali.com\/app\/uploads\/2026\/03\/escola-taller-XIII-8-rotated.jpg","keywords":["Ajuntament d'Ondara","Labora","subvenci\u00f3","tallers"],"articleSection":["Economia i Empreses"],"inLanguage":"va-ES","copyrightYear":"2026","copyrightHolder":{"@id":"https:\/\/canfali.com\/#organization"}},{"@type":"WebPage","@id":"https:\/\/canfali.com\/ca-es\/813-212-euros-de-subvencio-per-a-ondara-apostem-pel-teu-futur-xii-i-xiii\/","url":"https:\/\/canfali.com\/ca-es\/813-212-euros-de-subvencio-per-a-ondara-apostem-pel-teu-futur-xii-i-xiii\/","name":"813.212 euros de subvenci\u00f3 per a Ondara, apostem pel teu futur XII i XIII - Canfali","isPartOf":{"@id":"https:\/\/canfali.com\/ca-es\/#website"},"primaryImageOfPage":{"@id":"https:\/\/canfali.com\/ca-es\/813-212-euros-de-subvencio-per-a-ondara-apostem-pel-teu-futur-xii-i-xiii\/#primaryimage"},"image":{"@id":"https:\/\/canfali.com\/ca-es\/813-212-euros-de-subvencio-per-a-ondara-apostem-pel-teu-futur-xii-i-xiii\/#primaryimage"},"thumbnailUrl":"https:\/\/canfali.com\/app\/uploads\/2026\/03\/escola-taller-XIII-8-rotated.jpg","datePublished":"2026-03-11T09:33:49+00:00","dateModified":"2026-03-11T09:33:53+00:00","breadcrumb":{"@id":"https:\/\/canfali.com\/ca-es\/813-212-euros-de-subvencio-per-a-ondara-apostem-pel-teu-futur-xii-i-xiii\/#breadcrumb"},"inLanguage":"va-ES","potentialAction":[{"@type":"ReadAction","target":["https:\/\/canfali.com\/ca-es\/813-212-euros-de-subvencio-per-a-ondara-apostem-pel-teu-futur-xii-i-xiii\/"]}]},{"@type":"ImageObject","inLanguage":"va-ES","@id":"https:\/\/canfali.com\/ca-es\/813-212-euros-de-subvencio-per-a-ondara-apostem-pel-teu-futur-xii-i-xiii\/#primaryimage","url":"https:\/\/canfali.com\/app\/uploads\/2026\/03\/escola-taller-XIII-8-rotated.jpg","contentUrl":"https:\/\/canfali.com\/app\/uploads\/2026\/03\/escola-taller-XIII-8-rotated.jpg","width":1280,"height":1920},{"@type":"BreadcrumbList","@id":"https:\/\/canfali.com\/ca-es\/813-212-euros-de-subvencio-per-a-ondara-apostem-pel-teu-futur-xii-i-xiii\/#breadcrumb","itemListElement":[{"@type":"ListItem","position":1,"name":"Portada","item":"https:\/\/canfali.com\/ca-es\/"},{"@type":"ListItem","position":2,"name":"813.212 euros de subvenci\u00f3 per a Ondara, apostem pel teu futur XII i XIII"}]},{"@type":"WebSite","@id":"https:\/\/canfali.com\/ca-es\/#website","url":"https:\/\/canfali.com\/ca-es\/","name":"Canfali","description":"","publisher":{"@id":"https:\/\/canfali.com\/ca-es\/#organization"},"potentialAction":[{"@type":"SearchAction","target":{"@type":"EntryPoint","urlTemplate":"https:\/\/canfali.com\/ca-es\/?s={search_term_string}"},"query-input":{"@type":"PropertyValueSpecification","valueRequired":true,"valueName":"search_term_string"}}],"inLanguage":"va-ES"},{"@type":"Organization","@id":"https:\/\/canfali.com\/ca-es\/#organization","name":"Canfali","url":"https:\/\/canfali.com\/ca-es\/","logo":{"@type":"ImageObject","inLanguage":"va-ES","@id":"https:\/\/canfali.com\/ca-es\/#\/schema\/logo\/image\/","url":"https:\/\/canfali.com\/app\/uploads\/2025\/12\/canfali_marina_alta_logo.png","contentUrl":"https:\/\/canfali.com\/app\/uploads\/2025\/12\/canfali_marina_alta_logo.png","width":225,"height":225,"caption":"Canfali"},"image":{"@id":"https:\/\/canfali.com\/ca-es\/#\/schema\/logo\/image\/"},"sameAs":["https:\/\/es-es.facebook.com\/CANFALIMarinaAlta","https:\/\/x.com\/canfalima","https:\/\/www.instagram.com\/canfalimarinaalta\/"]},{"@type":"Person","@id":"https:\/\/canfali.com\/ca-es\/#\/schema\/person\/d834d2d4df17cac754d3c314d4c404ef","name":"JJ Mas","image":{"@type":"ImageObject","inLanguage":"va-ES","@id":"https:\/\/secure.gravatar.com\/avatar\/65a5191f5438bf88c2394f6d1a625a6ff903c8785268e603c623a83bc15ba1ee?s=96&d=mm&r=g","url":"https:\/\/secure.gravatar.com\/avatar\/65a5191f5438bf88c2394f6d1a625a6ff903c8785268e603c623a83bc15ba1ee?s=96&d=mm&r=g","contentUrl":"https:\/\/secure.gravatar.com\/avatar\/65a5191f5438bf88c2394f6d1a625a6ff903c8785268e603c623a83bc15ba1ee?s=96&d=mm&r=g","caption":"JJ Mas"},"url":"https:\/\/canfali.com\/ca-es\/author\/jj\/"}]}},"_links":{"self":[{"href":"https:\/\/canfali.com\/ca-es\/wp-json\/wp\/v2\/posts\/90849","targetHints":{"allow":["GET"]}}],"collection":[{"href":"https:\/\/canfali.com\/ca-es\/wp-json\/wp\/v2\/posts"}],"about":[{"href":"https:\/\/canfali.com\/ca-es\/wp-json\/wp\/v2\/types\/post"}],"author":[{"embeddable":true,"href":"https:\/\/canfali.com\/ca-es\/wp-json\/wp\/v2\/users\/4"}],"replies":[{"embeddable":true,"href":"https:\/\/canfali.com\/ca-es\/wp-json\/wp\/v2\/comments?post=90849"}],"version-history":[{"count":1,"href":"https:\/\/canfali.com\/ca-es\/wp-json\/wp\/v2\/posts\/90849\/revisions"}],"predecessor-version":[{"id":90854,"href":"https:\/\/canfali.com\/ca-es\/wp-json\/wp\/v2\/posts\/90849\/revisions\/90854"}],"wp:featuredmedia":[{"embeddable":true,"href":"https:\/\/canfali.com\/ca-es\/wp-json\/wp\/v2\/media\/90850"}],"wp:attachment":[{"href":"https:\/\/canfali.com\/ca-es\/wp-json\/wp\/v2\/media?parent=90849"}],"wp:term":[{"taxonomy":"category","embeddable":true,"href":"https:\/\/canfali.com\/ca-es\/wp-json\/wp\/v2\/categories?post=90849"},{"taxonomy":"post_tag","embeddable":true,"href":"https:\/\/canfali.com\/ca-es\/wp-json\/wp\/v2\/tags?post=90849"}],"curies":[{"name":"wp","href":"https:\/\/api.w.org\/{rel}","templated":true}]}}