{"id":90845,"date":"2026-03-10T18:58:41","date_gmt":"2026-03-10T17:58:41","guid":{"rendered":"https:\/\/canfali.com\/el-consell-de-la-infancia-demana-mesures-per-a-fer-un-us-respectuos-dels-petards\/"},"modified":"2026-03-10T19:00:30","modified_gmt":"2026-03-10T18:00:30","slug":"el-consell-de-la-infancia-demana-mesures-per-a-fer-un-us-respectuos-dels-petards","status":"publish","type":"post","link":"https:\/\/canfali.com\/ca-es\/el-consell-de-la-infancia-demana-mesures-per-a-fer-un-us-respectuos-dels-petards\/","title":{"rendered":"El Consell de la Inf\u00e0ncia demana mesures per a fer un \u00fas respectu\u00f3s dels petards"},"content":{"rendered":"\n<p><\/p>\n\n<blockquote class=\"wp-block-quote is-layout-flow wp-block-quote-is-layout-flow\">\n<p>Es pret\u00e9n evitar mol\u00e8sties a les persones amb sensibilitat ac\u00fastica i als animals<\/p>\n<\/blockquote>\n\n<p>El Consell Local de la Inf\u00e0ncia i l&#8217;Adolesc\u00e8ncia (CLIA) ha demanat a l&#8217;Ajuntament de D\u00e9nia que impulse una s\u00e8rie de mesures per a garantir que l&#8217;\u00fas de pirot\u00e8cnia durant les falles siga respectu\u00f3s amb les persones amb sensibilitat ac\u00fastica i amb els animals. El conseller del CLIA, David Garc\u00eda, es va reunir el dilluns amb l&#8217;alcalde, Vicent Grimalt; la regidora d&#8217;Inf\u00e0ncia, Melani Ivars, i el regidor de Festes, Ra\u00fal Garc\u00eda de la Reina, i amb les Falleres Majors de D\u00e9nia, Paula Argudo i Elia Lull, i el delegat de la JLF Lorenzo Mart\u00edn, per a explicar-los de primera m\u00e0 les propostes del Consell.<br\/>Durant la reuni\u00f3, els representants municipals i de la JLF tamb\u00e9 van escoltar un missatge d&#8217;\u00e0udio de la consellera Nal\u00faa Iannuzi explicant la seua pr\u00f2pia experi\u00e8ncia d&#8217;hipersensibilitat ac\u00fastica i expressant el seu desig de gaudir de les Falles sense patir pels coets.<br\/>Despr\u00e9s de la conversa, el Consell de la Inf\u00e0ncia, entre els escolars de la ciutat, i la Junta Local Fallera, entre les comissions, donaran difusi\u00f3 a les seg\u00fcents recomanacions per a unes falles respectuoses:<br\/>\u201cRespectem les persones i animals que porten un mocador blanc al coll i no tirem coets prop d&#8217;ells (s&#8217;hi ha optat per aquest color per a evitar la identificaci\u00f3 amb alguna comissi\u00f3 concreta i per tractar-se d&#8217;un color universal que simbolitza la pau i la conviv\u00e8ncia).<br\/>S&#8217;hi estableix una franja hor\u00e0ria lliure de petards respectuosa amb les persones amb sensibilitat ac\u00fastica i els animals, de 15 a 17 h., perqu\u00e8 hi puguen passejar. A aquesta franja hor\u00e0ria s&#8217;hi suma la iniciativa de la JLF de celebrar una hora sense coets diumenge, 15 de mar\u00e7, de 9.30 a 10.30 h, per a conscienciar la ciutadania en general i el m\u00f3n faller en particular.<br\/>A partir de les 21.30 h, i fins a l&#8217;hora d&#8217;inici de les mascletades, es prega evitar l&#8217;\u00fas de pirot\u00e8cnia per a facilitar a persones i animals un nou per\u00edode de calma per a eixir al carrer.<br\/>&#8211; Respectem els parcs infantils i les zones verdes on xiquetes i xiquets i persones de totes les edats juguen i passegen. No s\u00f3n zones per a tirar coets.<br\/>&#8211; Estem atents per si alguna persona o animal se sent afectat o amb por davant la pirot\u00e8cnia i no tirem coets durant el seu pas.<br\/>L&#8217;objectiu \u00e9s que totes i tots puguem gaudir de les Falles de D\u00e9nia\u201d.<br\/>L\u2019ajuntament col\u00b7laborar\u00e0 perqu\u00e8 estos consells arriben a tota la poblaci\u00f3<\/p>\n\n<figure class=\"wp-block-image size-large\"><img decoding=\"async\" src=\"https:\/\/canfali.com\/app\/uploads\/2026\/03\/IMG_5550-1024x683.jpg.webp\" alt=\"\" class=\"wp-image-90842\"\/><\/figure>\n\n<p><\/p>\n","protected":false},"excerpt":{"rendered":"Es pret\u00e9n evitar mol\u00e8sties a les persones amb sensibilitat ac\u00fastica i als animals El Consell Local de la&hellip;","protected":false},"author":7,"featured_media":90841,"comment_status":"closed","ping_status":"closed","sticky":false,"template":"","format":"standard","meta":{"csco_display_header_overlay":false,"csco_singular_sidebar":"","csco_page_header_type":"","csco_page_load_nextpost":"","csco_post_video_location":[],"csco_post_video_location_hash":"","csco_post_video_url":"","csco_post_video_bg_start_time":0,"csco_post_video_bg_end_time":0,"footnotes":""},"categories":[587],"tags":[7045,1289,7043,7044],"class_list":{"0":"post-90845","1":"post","2":"type-post","3":"status-publish","4":"format-standard","5":"has-post-thumbnail","7":"category-festes","8":"tag-consell-de-la-infancia","9":"tag-falles","10":"tag-petards","11":"tag-sensibilitat-acustica","12":"cs-entry","13":"cs-video-wrap"},"yoast_head":"<!-- This site is optimized with the Yoast SEO Premium plugin v26.6 (Yoast SEO v27.3) - https:\/\/yoast.com\/product\/yoast-seo-premium-wordpress\/ -->\n<title>El Consell de la Inf\u00e0ncia demana mesures per a fer un \u00fas respectu\u00f3s dels petards - Canfali<\/title>\n<meta name=\"robots\" content=\"index, follow, max-snippet:-1, max-image-preview:large, max-video-preview:-1\" \/>\n<link rel=\"canonical\" href=\"https:\/\/canfali.com\/ca-es\/el-consell-de-la-infancia-demana-mesures-per-a-fer-un-us-respectuos-dels-petards\/\" \/>\n<meta property=\"og:locale\" content=\"en_US\" \/>\n<meta property=\"og:type\" content=\"article\" \/>\n<meta property=\"og:title\" content=\"El Consell de la Inf\u00e0ncia demana mesures per a fer un \u00fas respectu\u00f3s dels petards\" \/>\n<meta property=\"og:description\" content=\"Es pret\u00e9n evitar mol\u00e8sties a les persones amb sensibilitat ac\u00fastica i als animals El Consell Local de la&hellip;\" \/>\n<meta property=\"og:url\" content=\"https:\/\/canfali.com\/ca-es\/el-consell-de-la-infancia-demana-mesures-per-a-fer-un-us-respectuos-dels-petards\/\" \/>\n<meta property=\"og:site_name\" content=\"Canfali\" \/>\n<meta property=\"article:publisher\" content=\"https:\/\/es-es.facebook.com\/CANFALIMarinaAlta\" \/>\n<meta property=\"article:published_time\" content=\"2026-03-10T17:58:41+00:00\" \/>\n<meta property=\"article:modified_time\" content=\"2026-03-10T18:00:30+00:00\" \/>\n<meta property=\"og:image\" content=\"https:\/\/canfali.com\/app\/uploads\/2026\/03\/infancia-scaled.jpg\" \/>\n\t<meta property=\"og:image:width\" content=\"2560\" \/>\n\t<meta property=\"og:image:height\" content=\"1707\" \/>\n\t<meta property=\"og:image:type\" content=\"image\/jpeg\" \/>\n<meta name=\"author\" content=\"Bolta\" \/>\n<meta name=\"twitter:card\" content=\"summary_large_image\" \/>\n<meta name=\"twitter:creator\" content=\"@canfalima\" \/>\n<meta name=\"twitter:site\" content=\"@canfalima\" \/>\n<meta name=\"twitter:label1\" content=\"Written by\" \/>\n\t<meta name=\"twitter:data1\" content=\"Bolta\" \/>\n\t<meta name=\"twitter:label2\" content=\"Est. reading time\" \/>\n\t<meta name=\"twitter:data2\" content=\"2 minutes\" \/>\n<script type=\"application\/ld+json\" class=\"yoast-schema-graph\">{\"@context\":\"https:\\\/\\\/schema.org\",\"@graph\":[{\"@type\":\"NewsArticle\",\"@id\":\"https:\\\/\\\/canfali.com\\\/ca-es\\\/el-consell-de-la-infancia-demana-mesures-per-a-fer-un-us-respectuos-dels-petards\\\/#article\",\"isPartOf\":{\"@id\":\"https:\\\/\\\/canfali.com\\\/ca-es\\\/el-consell-de-la-infancia-demana-mesures-per-a-fer-un-us-respectuos-dels-petards\\\/\"},\"author\":{\"name\":\"Bolta\",\"@id\":\"https:\\\/\\\/canfali.com\\\/ca-es\\\/#\\\/schema\\\/person\\\/9c651adc904f3c4e0243f54407751557\"},\"headline\":\"El Consell de la Inf\u00e0ncia demana mesures per a fer un \u00fas respectu\u00f3s dels petards\",\"datePublished\":\"2026-03-10T17:58:41+00:00\",\"dateModified\":\"2026-03-10T18:00:30+00:00\",\"mainEntityOfPage\":{\"@id\":\"https:\\\/\\\/canfali.com\\\/ca-es\\\/el-consell-de-la-infancia-demana-mesures-per-a-fer-un-us-respectuos-dels-petards\\\/\"},\"wordCount\":481,\"publisher\":{\"@id\":\"https:\\\/\\\/canfali.com\\\/ca-es\\\/#organization\"},\"image\":{\"@id\":\"https:\\\/\\\/canfali.com\\\/ca-es\\\/el-consell-de-la-infancia-demana-mesures-per-a-fer-un-us-respectuos-dels-petards\\\/#primaryimage\"},\"thumbnailUrl\":\"https:\\\/\\\/canfali.com\\\/app\\\/uploads\\\/2026\\\/03\\\/infancia-scaled.jpg\",\"keywords\":[\"Consell de la Inf\u00e0ncia\",\"falles\",\"petards\",\"sensibilitat ac\u00fastica\"],\"articleSection\":[\"Festes\"],\"inLanguage\":\"va-ES\",\"copyrightYear\":\"2026\",\"copyrightHolder\":{\"@id\":\"https:\\\/\\\/canfali.com\\\/#organization\"}},{\"@type\":\"WebPage\",\"@id\":\"https:\\\/\\\/canfali.com\\\/ca-es\\\/el-consell-de-la-infancia-demana-mesures-per-a-fer-un-us-respectuos-dels-petards\\\/\",\"url\":\"https:\\\/\\\/canfali.com\\\/ca-es\\\/el-consell-de-la-infancia-demana-mesures-per-a-fer-un-us-respectuos-dels-petards\\\/\",\"name\":\"El Consell de la Inf\u00e0ncia demana mesures per a fer un \u00fas respectu\u00f3s dels petards - Canfali\",\"isPartOf\":{\"@id\":\"https:\\\/\\\/canfali.com\\\/ca-es\\\/#website\"},\"primaryImageOfPage\":{\"@id\":\"https:\\\/\\\/canfali.com\\\/ca-es\\\/el-consell-de-la-infancia-demana-mesures-per-a-fer-un-us-respectuos-dels-petards\\\/#primaryimage\"},\"image\":{\"@id\":\"https:\\\/\\\/canfali.com\\\/ca-es\\\/el-consell-de-la-infancia-demana-mesures-per-a-fer-un-us-respectuos-dels-petards\\\/#primaryimage\"},\"thumbnailUrl\":\"https:\\\/\\\/canfali.com\\\/app\\\/uploads\\\/2026\\\/03\\\/infancia-scaled.jpg\",\"datePublished\":\"2026-03-10T17:58:41+00:00\",\"dateModified\":\"2026-03-10T18:00:30+00:00\",\"breadcrumb\":{\"@id\":\"https:\\\/\\\/canfali.com\\\/ca-es\\\/el-consell-de-la-infancia-demana-mesures-per-a-fer-un-us-respectuos-dels-petards\\\/#breadcrumb\"},\"inLanguage\":\"va-ES\",\"potentialAction\":[{\"@type\":\"ReadAction\",\"target\":[\"https:\\\/\\\/canfali.com\\\/ca-es\\\/el-consell-de-la-infancia-demana-mesures-per-a-fer-un-us-respectuos-dels-petards\\\/\"]}]},{\"@type\":\"ImageObject\",\"inLanguage\":\"va-ES\",\"@id\":\"https:\\\/\\\/canfali.com\\\/ca-es\\\/el-consell-de-la-infancia-demana-mesures-per-a-fer-un-us-respectuos-dels-petards\\\/#primaryimage\",\"url\":\"https:\\\/\\\/canfali.com\\\/app\\\/uploads\\\/2026\\\/03\\\/infancia-scaled.jpg\",\"contentUrl\":\"https:\\\/\\\/canfali.com\\\/app\\\/uploads\\\/2026\\\/03\\\/infancia-scaled.jpg\",\"width\":2560,\"height\":1707},{\"@type\":\"BreadcrumbList\",\"@id\":\"https:\\\/\\\/canfali.com\\\/ca-es\\\/el-consell-de-la-infancia-demana-mesures-per-a-fer-un-us-respectuos-dels-petards\\\/#breadcrumb\",\"itemListElement\":[{\"@type\":\"ListItem\",\"position\":1,\"name\":\"Portada\",\"item\":\"https:\\\/\\\/canfali.com\\\/ca-es\\\/\"},{\"@type\":\"ListItem\",\"position\":2,\"name\":\"El Consell de la Inf\u00e0ncia demana mesures per a fer un \u00fas respectu\u00f3s dels petards\"}]},{\"@type\":\"WebSite\",\"@id\":\"https:\\\/\\\/canfali.com\\\/ca-es\\\/#website\",\"url\":\"https:\\\/\\\/canfali.com\\\/ca-es\\\/\",\"name\":\"Canfali\",\"description\":\"\",\"publisher\":{\"@id\":\"https:\\\/\\\/canfali.com\\\/ca-es\\\/#organization\"},\"potentialAction\":[{\"@type\":\"SearchAction\",\"target\":{\"@type\":\"EntryPoint\",\"urlTemplate\":\"https:\\\/\\\/canfali.com\\\/ca-es\\\/?s={search_term_string}\"},\"query-input\":{\"@type\":\"PropertyValueSpecification\",\"valueRequired\":true,\"valueName\":\"search_term_string\"}}],\"inLanguage\":\"va-ES\"},{\"@type\":\"Organization\",\"@id\":\"https:\\\/\\\/canfali.com\\\/ca-es\\\/#organization\",\"name\":\"Canfali\",\"url\":\"https:\\\/\\\/canfali.com\\\/ca-es\\\/\",\"logo\":{\"@type\":\"ImageObject\",\"inLanguage\":\"va-ES\",\"@id\":\"https:\\\/\\\/canfali.com\\\/ca-es\\\/#\\\/schema\\\/logo\\\/image\\\/\",\"url\":\"https:\\\/\\\/canfali.com\\\/app\\\/uploads\\\/2025\\\/12\\\/canfali_marina_alta_logo.png\",\"contentUrl\":\"https:\\\/\\\/canfali.com\\\/app\\\/uploads\\\/2025\\\/12\\\/canfali_marina_alta_logo.png\",\"width\":225,\"height\":225,\"caption\":\"Canfali\"},\"image\":{\"@id\":\"https:\\\/\\\/canfali.com\\\/ca-es\\\/#\\\/schema\\\/logo\\\/image\\\/\"},\"sameAs\":[\"https:\\\/\\\/es-es.facebook.com\\\/CANFALIMarinaAlta\",\"https:\\\/\\\/x.com\\\/canfalima\",\"https:\\\/\\\/www.instagram.com\\\/canfalimarinaalta\\\/\"]},{\"@type\":\"Person\",\"@id\":\"https:\\\/\\\/canfali.com\\\/ca-es\\\/#\\\/schema\\\/person\\\/9c651adc904f3c4e0243f54407751557\",\"name\":\"Bolta\",\"image\":{\"@type\":\"ImageObject\",\"inLanguage\":\"va-ES\",\"@id\":\"https:\\\/\\\/secure.gravatar.com\\\/avatar\\\/550a5d97fe3cfba5caf077b9600e46529e1977e9d14396836e775d6d9d895a81?s=96&d=mm&r=g\",\"url\":\"https:\\\/\\\/secure.gravatar.com\\\/avatar\\\/550a5d97fe3cfba5caf077b9600e46529e1977e9d14396836e775d6d9d895a81?s=96&d=mm&r=g\",\"contentUrl\":\"https:\\\/\\\/secure.gravatar.com\\\/avatar\\\/550a5d97fe3cfba5caf077b9600e46529e1977e9d14396836e775d6d9d895a81?s=96&d=mm&r=g\",\"caption\":\"Bolta\"},\"url\":\"https:\\\/\\\/canfali.com\\\/ca-es\\\/author\\\/bolta\\\/\"}]}<\/script>\n<!-- \/ Yoast SEO Premium plugin. -->","yoast_head_json":{"title":"El Consell de la Inf\u00e0ncia demana mesures per a fer un \u00fas respectu\u00f3s dels petards - Canfali","robots":{"index":"index","follow":"follow","max-snippet":"max-snippet:-1","max-image-preview":"max-image-preview:large","max-video-preview":"max-video-preview:-1"},"canonical":"https:\/\/canfali.com\/ca-es\/el-consell-de-la-infancia-demana-mesures-per-a-fer-un-us-respectuos-dels-petards\/","og_locale":"en_US","og_type":"article","og_title":"El Consell de la Inf\u00e0ncia demana mesures per a fer un \u00fas respectu\u00f3s dels petards","og_description":"Es pret\u00e9n evitar mol\u00e8sties a les persones amb sensibilitat ac\u00fastica i als animals El Consell Local de la&hellip;","og_url":"https:\/\/canfali.com\/ca-es\/el-consell-de-la-infancia-demana-mesures-per-a-fer-un-us-respectuos-dels-petards\/","og_site_name":"Canfali","article_publisher":"https:\/\/es-es.facebook.com\/CANFALIMarinaAlta","article_published_time":"2026-03-10T17:58:41+00:00","article_modified_time":"2026-03-10T18:00:30+00:00","og_image":[{"width":2560,"height":1707,"url":"https:\/\/canfali.com\/app\/uploads\/2026\/03\/infancia-scaled.jpg","type":"image\/jpeg"}],"author":"Bolta","twitter_card":"summary_large_image","twitter_creator":"@canfalima","twitter_site":"@canfalima","twitter_misc":{"Written by":"Bolta","Est. reading time":"2 minutes"},"schema":{"@context":"https:\/\/schema.org","@graph":[{"@type":"NewsArticle","@id":"https:\/\/canfali.com\/ca-es\/el-consell-de-la-infancia-demana-mesures-per-a-fer-un-us-respectuos-dels-petards\/#article","isPartOf":{"@id":"https:\/\/canfali.com\/ca-es\/el-consell-de-la-infancia-demana-mesures-per-a-fer-un-us-respectuos-dels-petards\/"},"author":{"name":"Bolta","@id":"https:\/\/canfali.com\/ca-es\/#\/schema\/person\/9c651adc904f3c4e0243f54407751557"},"headline":"El Consell de la Inf\u00e0ncia demana mesures per a fer un \u00fas respectu\u00f3s dels petards","datePublished":"2026-03-10T17:58:41+00:00","dateModified":"2026-03-10T18:00:30+00:00","mainEntityOfPage":{"@id":"https:\/\/canfali.com\/ca-es\/el-consell-de-la-infancia-demana-mesures-per-a-fer-un-us-respectuos-dels-petards\/"},"wordCount":481,"publisher":{"@id":"https:\/\/canfali.com\/ca-es\/#organization"},"image":{"@id":"https:\/\/canfali.com\/ca-es\/el-consell-de-la-infancia-demana-mesures-per-a-fer-un-us-respectuos-dels-petards\/#primaryimage"},"thumbnailUrl":"https:\/\/canfali.com\/app\/uploads\/2026\/03\/infancia-scaled.jpg","keywords":["Consell de la Inf\u00e0ncia","falles","petards","sensibilitat ac\u00fastica"],"articleSection":["Festes"],"inLanguage":"va-ES","copyrightYear":"2026","copyrightHolder":{"@id":"https:\/\/canfali.com\/#organization"}},{"@type":"WebPage","@id":"https:\/\/canfali.com\/ca-es\/el-consell-de-la-infancia-demana-mesures-per-a-fer-un-us-respectuos-dels-petards\/","url":"https:\/\/canfali.com\/ca-es\/el-consell-de-la-infancia-demana-mesures-per-a-fer-un-us-respectuos-dels-petards\/","name":"El Consell de la Inf\u00e0ncia demana mesures per a fer un \u00fas respectu\u00f3s dels petards - Canfali","isPartOf":{"@id":"https:\/\/canfali.com\/ca-es\/#website"},"primaryImageOfPage":{"@id":"https:\/\/canfali.com\/ca-es\/el-consell-de-la-infancia-demana-mesures-per-a-fer-un-us-respectuos-dels-petards\/#primaryimage"},"image":{"@id":"https:\/\/canfali.com\/ca-es\/el-consell-de-la-infancia-demana-mesures-per-a-fer-un-us-respectuos-dels-petards\/#primaryimage"},"thumbnailUrl":"https:\/\/canfali.com\/app\/uploads\/2026\/03\/infancia-scaled.jpg","datePublished":"2026-03-10T17:58:41+00:00","dateModified":"2026-03-10T18:00:30+00:00","breadcrumb":{"@id":"https:\/\/canfali.com\/ca-es\/el-consell-de-la-infancia-demana-mesures-per-a-fer-un-us-respectuos-dels-petards\/#breadcrumb"},"inLanguage":"va-ES","potentialAction":[{"@type":"ReadAction","target":["https:\/\/canfali.com\/ca-es\/el-consell-de-la-infancia-demana-mesures-per-a-fer-un-us-respectuos-dels-petards\/"]}]},{"@type":"ImageObject","inLanguage":"va-ES","@id":"https:\/\/canfali.com\/ca-es\/el-consell-de-la-infancia-demana-mesures-per-a-fer-un-us-respectuos-dels-petards\/#primaryimage","url":"https:\/\/canfali.com\/app\/uploads\/2026\/03\/infancia-scaled.jpg","contentUrl":"https:\/\/canfali.com\/app\/uploads\/2026\/03\/infancia-scaled.jpg","width":2560,"height":1707},{"@type":"BreadcrumbList","@id":"https:\/\/canfali.com\/ca-es\/el-consell-de-la-infancia-demana-mesures-per-a-fer-un-us-respectuos-dels-petards\/#breadcrumb","itemListElement":[{"@type":"ListItem","position":1,"name":"Portada","item":"https:\/\/canfali.com\/ca-es\/"},{"@type":"ListItem","position":2,"name":"El Consell de la Inf\u00e0ncia demana mesures per a fer un \u00fas respectu\u00f3s dels petards"}]},{"@type":"WebSite","@id":"https:\/\/canfali.com\/ca-es\/#website","url":"https:\/\/canfali.com\/ca-es\/","name":"Canfali","description":"","publisher":{"@id":"https:\/\/canfali.com\/ca-es\/#organization"},"potentialAction":[{"@type":"SearchAction","target":{"@type":"EntryPoint","urlTemplate":"https:\/\/canfali.com\/ca-es\/?s={search_term_string}"},"query-input":{"@type":"PropertyValueSpecification","valueRequired":true,"valueName":"search_term_string"}}],"inLanguage":"va-ES"},{"@type":"Organization","@id":"https:\/\/canfali.com\/ca-es\/#organization","name":"Canfali","url":"https:\/\/canfali.com\/ca-es\/","logo":{"@type":"ImageObject","inLanguage":"va-ES","@id":"https:\/\/canfali.com\/ca-es\/#\/schema\/logo\/image\/","url":"https:\/\/canfali.com\/app\/uploads\/2025\/12\/canfali_marina_alta_logo.png","contentUrl":"https:\/\/canfali.com\/app\/uploads\/2025\/12\/canfali_marina_alta_logo.png","width":225,"height":225,"caption":"Canfali"},"image":{"@id":"https:\/\/canfali.com\/ca-es\/#\/schema\/logo\/image\/"},"sameAs":["https:\/\/es-es.facebook.com\/CANFALIMarinaAlta","https:\/\/x.com\/canfalima","https:\/\/www.instagram.com\/canfalimarinaalta\/"]},{"@type":"Person","@id":"https:\/\/canfali.com\/ca-es\/#\/schema\/person\/9c651adc904f3c4e0243f54407751557","name":"Bolta","image":{"@type":"ImageObject","inLanguage":"va-ES","@id":"https:\/\/secure.gravatar.com\/avatar\/550a5d97fe3cfba5caf077b9600e46529e1977e9d14396836e775d6d9d895a81?s=96&d=mm&r=g","url":"https:\/\/secure.gravatar.com\/avatar\/550a5d97fe3cfba5caf077b9600e46529e1977e9d14396836e775d6d9d895a81?s=96&d=mm&r=g","contentUrl":"https:\/\/secure.gravatar.com\/avatar\/550a5d97fe3cfba5caf077b9600e46529e1977e9d14396836e775d6d9d895a81?s=96&d=mm&r=g","caption":"Bolta"},"url":"https:\/\/canfali.com\/ca-es\/author\/bolta\/"}]}},"_links":{"self":[{"href":"https:\/\/canfali.com\/ca-es\/wp-json\/wp\/v2\/posts\/90845","targetHints":{"allow":["GET"]}}],"collection":[{"href":"https:\/\/canfali.com\/ca-es\/wp-json\/wp\/v2\/posts"}],"about":[{"href":"https:\/\/canfali.com\/ca-es\/wp-json\/wp\/v2\/types\/post"}],"author":[{"embeddable":true,"href":"https:\/\/canfali.com\/ca-es\/wp-json\/wp\/v2\/users\/7"}],"replies":[{"embeddable":true,"href":"https:\/\/canfali.com\/ca-es\/wp-json\/wp\/v2\/comments?post=90845"}],"version-history":[{"count":1,"href":"https:\/\/canfali.com\/ca-es\/wp-json\/wp\/v2\/posts\/90845\/revisions"}],"predecessor-version":[{"id":90846,"href":"https:\/\/canfali.com\/ca-es\/wp-json\/wp\/v2\/posts\/90845\/revisions\/90846"}],"wp:featuredmedia":[{"embeddable":true,"href":"https:\/\/canfali.com\/ca-es\/wp-json\/wp\/v2\/media\/90841"}],"wp:attachment":[{"href":"https:\/\/canfali.com\/ca-es\/wp-json\/wp\/v2\/media?parent=90845"}],"wp:term":[{"taxonomy":"category","embeddable":true,"href":"https:\/\/canfali.com\/ca-es\/wp-json\/wp\/v2\/categories?post=90845"},{"taxonomy":"post_tag","embeddable":true,"href":"https:\/\/canfali.com\/ca-es\/wp-json\/wp\/v2\/tags?post=90845"}],"curies":[{"name":"wp","href":"https:\/\/api.w.org\/{rel}","templated":true}]}}