{"id":90818,"date":"2026-03-10T17:12:12","date_gmt":"2026-03-10T16:12:12","guid":{"rendered":"https:\/\/canfali.com\/xabia-valora-posar-en-marxa-un-sise-centre-escolar-mitjancant-instal%c2%b7lacions-temporals\/"},"modified":"2026-03-10T17:15:41","modified_gmt":"2026-03-10T16:15:41","slug":"xabia-valora-posar-en-marxa-un-sise-centre-escolar-mitjancant-instal%c2%b7lacions-temporals","status":"publish","type":"post","link":"https:\/\/canfali.com\/ca-es\/xabia-valora-posar-en-marxa-un-sise-centre-escolar-mitjancant-instal%c2%b7lacions-temporals\/","title":{"rendered":"X\u00e0bia valora posar en marxa un sis\u00e9 centre escolar mitjan\u00e7ant instal\u00b7lacions temporals"},"content":{"rendered":"\n<h2 class=\"wp-block-heading\" id=\"h-el-consejo-municipal-repasa-la-situacion-educativa-y-alega-contra-la-inhabilitacion-del-aula-de-3-anos-del-graull\"><br\/>El Consejo Municipal repasa la situaci\u00f3n educativa y alega contra la inhabilitaci\u00f3n del aula de 3 a\u00f1os del Gra\u00fcll<\/h2>\n\n<p>La mesura de reorganitzar les unitats escolars que proposa la Conselleria d\u2019Educaci\u00f3 ha despertat inquietud en la comunitat educativa en general, tamb\u00e9 en la de X\u00e0bia. Davant estos canvis anunciats i amb l\u2019objectiu d\u2019informar, l\u2019Ajuntament ha celebrat un Consell Escolar Municipal que ha fet un rep\u00e0s de l\u2019actualitat educativa.&#13;\n<\/p>\n\n<p>\tUn dels assumptes que ha generat m\u00e9s inter\u00e9s durant la trobada ha sigut el futur CEIP n\u00fam. 6 de X\u00e0bia, un projecte molt demandat per la comunitat educativa. Segons ha assenyalat la regidora d\u2019Educaci\u00f3, Mavi P\u00e9rez, despr\u00e9s de nombroses gestions i reunions amb la Conselleria d\u2019Educaci\u00f3, l\u2019Ajuntament ha aconseguit que l\u2019administraci\u00f3 auton\u00f2mica accepte impulsar una actuaci\u00f3 r\u00e0pida per a la creaci\u00f3 del nou centre educatiu mitjan\u00e7ant instal\u00b7lacions provisionals. Paral\u00b7lelament, es tramitaria la delegaci\u00f3 de compet\u00e8ncies a l\u2019Ajuntament per a la redacci\u00f3 del projecte definitiu i l\u2019execuci\u00f3 de les obres, tal com va informar la regidora.&#13;\n<\/p>\n\n<p>\tL\u2019\u00f2rgan municipal va comptar amb la participaci\u00f3 dels equips directius dels centres educatius, representants de les AMPES, sindicats i professorat. Durant la reuni\u00f3, la regidora d\u2019Educaci\u00f3, Mavi P\u00e9rez, va informar de manera detallada tots els membres del consell sobre l\u2019estat de cadascun dels centres i les actuacions que el consistori est\u00e0 impulsant per a millorar les condicions educatives en la localitat.&#13;\n<\/p>\n\n<p>\tEn relaci\u00f3 amb la reorganitzaci\u00f3 d\u2019unitats escolars comunicada per la Conselleria d\u2019Educaci\u00f3, la regidora va voler transmetre un missatge de tranquil\u00b7litat, aclarint que no es tracta d\u2019un \u201ctancament d\u2019aules\u201d en sentit estricte, sin\u00f3 d\u2019una reorganitzaci\u00f3 d\u2019unitats educatives en funci\u00f3 de l\u2019evoluci\u00f3 de l\u2019alumnat i de les necessitats reals d\u2019escolaritzaci\u00f3.&#13;\n<\/p>\n\n<p>\tEn este sentit, P\u00e9rez va explicar que durant el curs 2025\/2026 alguns centres van habilitar unitats addicionals per a atendre l\u2019augment puntual d\u2019alumnat. No obstant aix\u00f2, conforme avan\u00e7a el cicle educatiu i es produeixen canvis d\u2019etapa \u2014especialment el pas de l\u2019alumnat de sis\u00e9 de prim\u00e0ria a secund\u00e0ria\u2014 estes unitats poden deixar de ser necess\u00e0ries. En qualsevol cas, va aclarir que la decisi\u00f3 de reordenaci\u00f3 correspon exclusivament a l\u2019\u00f2rgan competent de la Conselleria d\u2019Educaci\u00f3.&#13;\n<\/p>\n\n<p>\tUn exemple d\u2019esta redistribuci\u00f3 es dona en el CEIP Port de X\u00e0bia, que compta amb una unitat per curs excepte en quint i sis\u00e9. Amb la finalitzaci\u00f3 del curs, l\u2019alumnat de sis\u00e9 passar\u00e0 a l\u2019etapa de secund\u00e0ria, mentre que l\u2019alumnat de quint mantindr\u00e0 les seues dos unitats actuals. En el cas d\u2019Educaci\u00f3 Infantil, la regidora va assenyalar que el descens de la natalitat tamb\u00e9 est\u00e0 influint en la planificaci\u00f3 educativa, motiu pel qual algunes aules habilitades en anys anteriors no ser\u00e0 necessari mantindre-les el pr\u00f2xim curs, com ocorre en el CEIP Gra\u00fcll. No obstant aix\u00f2, el Consell va acordar presentar al\u00b7legacions per la inhabilitaci\u00f3 de l\u2019aula de 3 anys del Gra\u00fcll, prevista en esta reorganitzaci\u00f3 de la Conselleria.&#13;\n<\/p>\n\n<p>\tPel que fa al CEIP Trenc d\u2019Alba, les dos unitats existents en sis\u00e9 de prim\u00e0ria es van desdoblar en tercer curs i ara, en arribar a sis\u00e9, el pr\u00f2xim any se\u2019n deshabilitar\u00e0 una en no ser necess\u00e0ria.&#13;\n<\/p>\n\n<p>MILLORA DE LES INSTAL\u00b7LACIONS<\/p>\n\n<p>\tPel que fa a les actuacions i projectes en marxa en els diferents centres educatius, P\u00e9rez va detallar les gestions que l\u2019Ajuntament est\u00e0 realitzant per a avan\u00e7ar en la millora de les instal\u00b7lacions.&#13;\n<\/p>\n\n<p>\tEn el CEIP Arenal, el consistori ha intervingut fins al l\u00edmit de les seues compet\u00e8ncies davant el deteriorament de les cobertes de l\u2019aulari d\u2019Infantil, que presenta filtracions i goteres. En este sentit, des de l\u2019Ajuntament han traslladat formalment a la Direcci\u00f3 Territorial d\u2019Infraestructures Educatives la necessitat d\u2019actuar amb la m\u00e0xima urg\u00e8ncia possible. Paral\u00b7lelament, l\u2019equip de govern ha mantingut diverses reunions amb la direcci\u00f3 del centre i amb l\u2019AMPA per a mantindre\u2019ls informats dels passos que s\u2019estan donant.&#13;\n<\/p>\n\n<p>\tD\u2019altra banda, el projecte per a habilitar l\u2019antiga vivenda del conserge com a aula d\u2019Infantil de dos anys ja ha sigut adjudicat a l\u2019\u00fanica empresa presentada al proc\u00e9s de licitaci\u00f3. L\u2019Ajuntament preveu que les obres puguen iniciar-se en breu, fet que permetr\u00e0 ampliar els espais destinats a l\u2019etapa educativa de 2 anys.&#13;\n<\/p>\n\n<p>\tRespecte al CEIP Trenc d\u2019Alba, la regidora va anunciar que el seg\u00fcent pas ser\u00e0 tornar a licitar el projecte de les obres d\u2019ampliaci\u00f3 amb la corresponent actualitzaci\u00f3 de preus. L\u2019empresa adjudicat\u00e0ria inicial va desistir del contracte despr\u00e9s de rebutjar esta actualitzaci\u00f3 a causa del temps transcorregut des de la redacci\u00f3 del projecte, per la qual cosa l\u2019Ajuntament ja treballa per a reactivar com m\u00e9s prompte millor el procediment administratiu.&#13;\n<\/p>\n\n<p>\tEn el cas del CEIP Gra\u00fcll, la Direcci\u00f3 Territorial d\u2019Infraestructures Educatives est\u00e0 actualment redactant el projecte d\u2019accessibilitat del centre, una actuaci\u00f3 que permetr\u00e0 millorar les condicions de mobilitat i accessibilitat en les instal\u00b7lacions escolars.&#13;\n<\/p>\n\n<p>\tEn el CEIP Mediterr\u00e0nia, la Conselleria d\u2019Educaci\u00f3 va licitar recentment la instal\u00b7laci\u00f3 d\u2019ascensors en diversos centres de la Comunitat Valenciana. No obstant aix\u00f2, els cinc lots del proc\u00e9s van quedar deserts en no presentar-se cap empresa, quatre d\u2019ells corresponents a centres educatius de la ciutat d\u2019Elx. L\u2019Ajuntament de X\u00e0bia continua en contacte amb l\u2019administraci\u00f3 auton\u00f2mica per a con\u00e9ixer els pr\u00f2xims passos i perqu\u00e8 esta actuaci\u00f3 puga reprendre\u2019s. D\u2019altra banda, el projecte d\u2019accessibilitat dels lavabos, aix\u00ed com de l\u2019escala d\u2019emerg\u00e8ncia, est\u00e0 a l\u2019espera de l\u2019informe jur\u00eddic que ha d\u2019emetre la Conselleria.&#13;\n<\/p>\n\n<p>\tEn les \u00faltimes setmanes, tant P\u00e9rez com t\u00e8cnics municipals han mantingut reunions amb els responsables de la Direcci\u00f3 Territorial per a tractar el futur projecte i les necessitats del nou centre, fet que suposa un pas important per a avan\u00e7ar en la seua posada en marxa.&#13;\n<\/p>\n\n<p>\tLa regidora d\u2019Educaci\u00f3 ha destacat el treball constant que l\u2019Ajuntament est\u00e0 realitzant per a donar resposta a les necessitats de la comunitat educativa. \u201cDes del primer moment estem treballant amb determinaci\u00f3 per a millorar les infraestructures educatives de X\u00e0bia i per a acompanyar cada centre en les seues necessitats. Sabem que l\u2019educaci\u00f3 \u00e9s una prioritat i per aix\u00f2 continuem insistint davant totes les administracions perqu\u00e8 els projectes avancen\u201d, ha assenyalat.&#13;\n<\/p>\n\n<p>\tAix\u00ed mateix, P\u00e9rez ha subratllat que este comprom\u00eds \u00e9s compartit per tot l\u2019equip de govern. \u201cTant l\u2019alcaldessa, Rosa Cardona, com la resta de l\u2019equip municipal estem bolcats a buscar solucions i a garantir que els xiquets i xiquetes de X\u00e0bia puguen estudiar en les millors condicions possibles\u201d, ha afirmat.&#13;\n<\/p>\n\n<p>\t\u201cCom a docent conec de primera m\u00e0 la realitat dels centres i les necessitats de la comunitat educativa. Per aix\u00f2 continuarem treballant amb responsabilitat i di\u00e0leg per a oferir al nostre alumnat una educaci\u00f3 digna i de qualitat\u201d, va concloure la regidora.<\/p>\n","protected":false},"excerpt":{"rendered":"El Consejo Municipal repasa la situaci\u00f3n educativa y alega contra la inhabilitaci\u00f3n del aula de 3 a\u00f1os del&hellip;","protected":false},"author":8,"featured_media":90816,"comment_status":"closed","ping_status":"closed","sticky":false,"template":"","format":"standard","meta":{"csco_display_header_overlay":false,"csco_singular_sidebar":"","csco_page_header_type":"","csco_page_load_nextpost":"","csco_post_video_location":[],"csco_post_video_location_hash":"","csco_post_video_url":"","csco_post_video_bg_start_time":0,"csco_post_video_bg_end_time":0,"footnotes":""},"categories":[759],"tags":[],"class_list":{"0":"post-90818","1":"post","2":"type-post","3":"status-publish","4":"format-standard","5":"has-post-thumbnail","7":"category-educacio","8":"cs-entry","9":"cs-video-wrap"},"yoast_head":"<!-- This site is optimized with the Yoast SEO Premium plugin v26.6 (Yoast SEO v27.3) - https:\/\/yoast.com\/product\/yoast-seo-premium-wordpress\/ -->\n<title>X\u00e0bia valora posar en marxa un sis\u00e9 centre escolar mitjan\u00e7ant instal\u00b7lacions temporals - Canfali<\/title>\n<meta name=\"description\" content=\"El Consell Municipal repassa la situaci\u00f3 educativa i al\u00b7lega contra la inhabilitaci\u00f3 de l\u2019aula de 3 anys del Gra\u00fcll\" \/>\n<meta name=\"robots\" content=\"index, follow, max-snippet:-1, max-image-preview:large, max-video-preview:-1\" \/>\n<link rel=\"canonical\" href=\"https:\/\/canfali.com\/ca-es\/xabia-valora-posar-en-marxa-un-sise-centre-escolar-mitjancant-instal%c2%b7lacions-temporals\/\" \/>\n<meta property=\"og:locale\" content=\"en_US\" \/>\n<meta property=\"og:type\" content=\"article\" \/>\n<meta property=\"og:title\" content=\"X\u00e0bia valora posar en marxa un sis\u00e9 centre escolar mitjan\u00e7ant instal\u00b7lacions temporals\" \/>\n<meta property=\"og:description\" content=\"El Consell Municipal repassa la situaci\u00f3 educativa i al\u00b7lega contra la inhabilitaci\u00f3 de l\u2019aula de 3 anys del Gra\u00fcll\" \/>\n<meta property=\"og:url\" content=\"https:\/\/canfali.com\/ca-es\/xabia-valora-posar-en-marxa-un-sise-centre-escolar-mitjancant-instal%c2%b7lacions-temporals\/\" \/>\n<meta property=\"og:site_name\" content=\"Canfali\" \/>\n<meta property=\"article:publisher\" content=\"https:\/\/es-es.facebook.com\/CANFALIMarinaAlta\" \/>\n<meta property=\"article:published_time\" content=\"2026-03-10T16:12:12+00:00\" \/>\n<meta property=\"article:modified_time\" content=\"2026-03-10T16:15:41+00:00\" \/>\n<meta property=\"og:image\" content=\"https:\/\/canfali.com\/app\/uploads\/2026\/03\/Captura-de-pantalla-2026-03-10-a-las-17.10.01.png\" \/>\n\t<meta property=\"og:image:width\" content=\"1580\" \/>\n\t<meta property=\"og:image:height\" content=\"844\" \/>\n\t<meta property=\"og:image:type\" content=\"image\/png\" \/>\n<meta name=\"author\" content=\"Lluis\" \/>\n<meta name=\"twitter:card\" content=\"summary_large_image\" \/>\n<meta name=\"twitter:creator\" content=\"@canfalima\" \/>\n<meta name=\"twitter:site\" content=\"@canfalima\" \/>\n<meta name=\"twitter:label1\" content=\"Written by\" \/>\n\t<meta name=\"twitter:data1\" content=\"Lluis\" \/>\n\t<meta name=\"twitter:label2\" content=\"Est. reading time\" \/>\n\t<meta name=\"twitter:data2\" content=\"6 minutes\" \/>\n<script type=\"application\/ld+json\" class=\"yoast-schema-graph\">{\"@context\":\"https:\\\/\\\/schema.org\",\"@graph\":[{\"@type\":\"NewsArticle\",\"@id\":\"https:\\\/\\\/canfali.com\\\/ca-es\\\/xabia-valora-posar-en-marxa-un-sise-centre-escolar-mitjancant-instal%c2%b7lacions-temporals\\\/#article\",\"isPartOf\":{\"@id\":\"https:\\\/\\\/canfali.com\\\/ca-es\\\/xabia-valora-posar-en-marxa-un-sise-centre-escolar-mitjancant-instal%c2%b7lacions-temporals\\\/\"},\"author\":{\"name\":\"Lluis\",\"@id\":\"https:\\\/\\\/canfali.com\\\/ca-es\\\/#\\\/schema\\\/person\\\/f540a86fb33e10daaae53c59ceaa1194\"},\"headline\":\"X\u00e0bia valora posar en marxa un sis\u00e9 centre escolar mitjan\u00e7ant instal\u00b7lacions temporals\",\"datePublished\":\"2026-03-10T16:12:12+00:00\",\"dateModified\":\"2026-03-10T16:15:41+00:00\",\"mainEntityOfPage\":{\"@id\":\"https:\\\/\\\/canfali.com\\\/ca-es\\\/xabia-valora-posar-en-marxa-un-sise-centre-escolar-mitjancant-instal%c2%b7lacions-temporals\\\/\"},\"wordCount\":1223,\"publisher\":{\"@id\":\"https:\\\/\\\/canfali.com\\\/ca-es\\\/#organization\"},\"image\":{\"@id\":\"https:\\\/\\\/canfali.com\\\/ca-es\\\/xabia-valora-posar-en-marxa-un-sise-centre-escolar-mitjancant-instal%c2%b7lacions-temporals\\\/#primaryimage\"},\"thumbnailUrl\":\"https:\\\/\\\/canfali.com\\\/app\\\/uploads\\\/2026\\\/03\\\/Captura-de-pantalla-2026-03-10-a-las-17.10.01.png\",\"articleSection\":[\"Educaci\u00f3\"],\"inLanguage\":\"va-ES\",\"copyrightYear\":\"2026\",\"copyrightHolder\":{\"@id\":\"https:\\\/\\\/canfali.com\\\/#organization\"}},{\"@type\":\"WebPage\",\"@id\":\"https:\\\/\\\/canfali.com\\\/ca-es\\\/xabia-valora-posar-en-marxa-un-sise-centre-escolar-mitjancant-instal%c2%b7lacions-temporals\\\/\",\"url\":\"https:\\\/\\\/canfali.com\\\/ca-es\\\/xabia-valora-posar-en-marxa-un-sise-centre-escolar-mitjancant-instal%c2%b7lacions-temporals\\\/\",\"name\":\"X\u00e0bia valora posar en marxa un sis\u00e9 centre escolar mitjan\u00e7ant instal\u00b7lacions temporals - Canfali\",\"isPartOf\":{\"@id\":\"https:\\\/\\\/canfali.com\\\/ca-es\\\/#website\"},\"primaryImageOfPage\":{\"@id\":\"https:\\\/\\\/canfali.com\\\/ca-es\\\/xabia-valora-posar-en-marxa-un-sise-centre-escolar-mitjancant-instal%c2%b7lacions-temporals\\\/#primaryimage\"},\"image\":{\"@id\":\"https:\\\/\\\/canfali.com\\\/ca-es\\\/xabia-valora-posar-en-marxa-un-sise-centre-escolar-mitjancant-instal%c2%b7lacions-temporals\\\/#primaryimage\"},\"thumbnailUrl\":\"https:\\\/\\\/canfali.com\\\/app\\\/uploads\\\/2026\\\/03\\\/Captura-de-pantalla-2026-03-10-a-las-17.10.01.png\",\"datePublished\":\"2026-03-10T16:12:12+00:00\",\"dateModified\":\"2026-03-10T16:15:41+00:00\",\"description\":\"El Consell Municipal repassa la situaci\u00f3 educativa i al\u00b7lega contra la inhabilitaci\u00f3 de l\u2019aula de 3 anys del Gra\u00fcll\",\"breadcrumb\":{\"@id\":\"https:\\\/\\\/canfali.com\\\/ca-es\\\/xabia-valora-posar-en-marxa-un-sise-centre-escolar-mitjancant-instal%c2%b7lacions-temporals\\\/#breadcrumb\"},\"inLanguage\":\"va-ES\",\"potentialAction\":[{\"@type\":\"ReadAction\",\"target\":[\"https:\\\/\\\/canfali.com\\\/ca-es\\\/xabia-valora-posar-en-marxa-un-sise-centre-escolar-mitjancant-instal%c2%b7lacions-temporals\\\/\"]}]},{\"@type\":\"ImageObject\",\"inLanguage\":\"va-ES\",\"@id\":\"https:\\\/\\\/canfali.com\\\/ca-es\\\/xabia-valora-posar-en-marxa-un-sise-centre-escolar-mitjancant-instal%c2%b7lacions-temporals\\\/#primaryimage\",\"url\":\"https:\\\/\\\/canfali.com\\\/app\\\/uploads\\\/2026\\\/03\\\/Captura-de-pantalla-2026-03-10-a-las-17.10.01.png\",\"contentUrl\":\"https:\\\/\\\/canfali.com\\\/app\\\/uploads\\\/2026\\\/03\\\/Captura-de-pantalla-2026-03-10-a-las-17.10.01.png\",\"width\":1580,\"height\":844},{\"@type\":\"BreadcrumbList\",\"@id\":\"https:\\\/\\\/canfali.com\\\/ca-es\\\/xabia-valora-posar-en-marxa-un-sise-centre-escolar-mitjancant-instal%c2%b7lacions-temporals\\\/#breadcrumb\",\"itemListElement\":[{\"@type\":\"ListItem\",\"position\":1,\"name\":\"Portada\",\"item\":\"https:\\\/\\\/canfali.com\\\/ca-es\\\/\"},{\"@type\":\"ListItem\",\"position\":2,\"name\":\"X\u00e0bia valora posar en marxa un sis\u00e9 centre escolar mitjan\u00e7ant instal\u00b7lacions temporals\"}]},{\"@type\":\"WebSite\",\"@id\":\"https:\\\/\\\/canfali.com\\\/ca-es\\\/#website\",\"url\":\"https:\\\/\\\/canfali.com\\\/ca-es\\\/\",\"name\":\"Canfali\",\"description\":\"\",\"publisher\":{\"@id\":\"https:\\\/\\\/canfali.com\\\/ca-es\\\/#organization\"},\"potentialAction\":[{\"@type\":\"SearchAction\",\"target\":{\"@type\":\"EntryPoint\",\"urlTemplate\":\"https:\\\/\\\/canfali.com\\\/ca-es\\\/?s={search_term_string}\"},\"query-input\":{\"@type\":\"PropertyValueSpecification\",\"valueRequired\":true,\"valueName\":\"search_term_string\"}}],\"inLanguage\":\"va-ES\"},{\"@type\":\"Organization\",\"@id\":\"https:\\\/\\\/canfali.com\\\/ca-es\\\/#organization\",\"name\":\"Canfali\",\"url\":\"https:\\\/\\\/canfali.com\\\/ca-es\\\/\",\"logo\":{\"@type\":\"ImageObject\",\"inLanguage\":\"va-ES\",\"@id\":\"https:\\\/\\\/canfali.com\\\/ca-es\\\/#\\\/schema\\\/logo\\\/image\\\/\",\"url\":\"https:\\\/\\\/canfali.com\\\/app\\\/uploads\\\/2025\\\/12\\\/canfali_marina_alta_logo.png\",\"contentUrl\":\"https:\\\/\\\/canfali.com\\\/app\\\/uploads\\\/2025\\\/12\\\/canfali_marina_alta_logo.png\",\"width\":225,\"height\":225,\"caption\":\"Canfali\"},\"image\":{\"@id\":\"https:\\\/\\\/canfali.com\\\/ca-es\\\/#\\\/schema\\\/logo\\\/image\\\/\"},\"sameAs\":[\"https:\\\/\\\/es-es.facebook.com\\\/CANFALIMarinaAlta\",\"https:\\\/\\\/x.com\\\/canfalima\",\"https:\\\/\\\/www.instagram.com\\\/canfalimarinaalta\\\/\"]},{\"@type\":\"Person\",\"@id\":\"https:\\\/\\\/canfali.com\\\/ca-es\\\/#\\\/schema\\\/person\\\/f540a86fb33e10daaae53c59ceaa1194\",\"name\":\"Lluis\",\"image\":{\"@type\":\"ImageObject\",\"inLanguage\":\"va-ES\",\"@id\":\"https:\\\/\\\/secure.gravatar.com\\\/avatar\\\/a21ec8835290e4e02ed0886b8cb327d807d0eb6ec8ccf25d4c2a0a415f506c0d?s=96&d=mm&r=g\",\"url\":\"https:\\\/\\\/secure.gravatar.com\\\/avatar\\\/a21ec8835290e4e02ed0886b8cb327d807d0eb6ec8ccf25d4c2a0a415f506c0d?s=96&d=mm&r=g\",\"contentUrl\":\"https:\\\/\\\/secure.gravatar.com\\\/avatar\\\/a21ec8835290e4e02ed0886b8cb327d807d0eb6ec8ccf25d4c2a0a415f506c0d?s=96&d=mm&r=g\",\"caption\":\"Lluis\"},\"url\":\"https:\\\/\\\/canfali.com\\\/ca-es\\\/author\\\/lluis\\\/\"}]}<\/script>\n<!-- \/ Yoast SEO Premium plugin. -->","yoast_head_json":{"title":"X\u00e0bia valora posar en marxa un sis\u00e9 centre escolar mitjan\u00e7ant instal\u00b7lacions temporals - Canfali","description":"El Consell Municipal repassa la situaci\u00f3 educativa i al\u00b7lega contra la inhabilitaci\u00f3 de l\u2019aula de 3 anys del Gra\u00fcll","robots":{"index":"index","follow":"follow","max-snippet":"max-snippet:-1","max-image-preview":"max-image-preview:large","max-video-preview":"max-video-preview:-1"},"canonical":"https:\/\/canfali.com\/ca-es\/xabia-valora-posar-en-marxa-un-sise-centre-escolar-mitjancant-instal%c2%b7lacions-temporals\/","og_locale":"en_US","og_type":"article","og_title":"X\u00e0bia valora posar en marxa un sis\u00e9 centre escolar mitjan\u00e7ant instal\u00b7lacions temporals","og_description":"El Consell Municipal repassa la situaci\u00f3 educativa i al\u00b7lega contra la inhabilitaci\u00f3 de l\u2019aula de 3 anys del Gra\u00fcll","og_url":"https:\/\/canfali.com\/ca-es\/xabia-valora-posar-en-marxa-un-sise-centre-escolar-mitjancant-instal%c2%b7lacions-temporals\/","og_site_name":"Canfali","article_publisher":"https:\/\/es-es.facebook.com\/CANFALIMarinaAlta","article_published_time":"2026-03-10T16:12:12+00:00","article_modified_time":"2026-03-10T16:15:41+00:00","og_image":[{"width":1580,"height":844,"url":"https:\/\/canfali.com\/app\/uploads\/2026\/03\/Captura-de-pantalla-2026-03-10-a-las-17.10.01.png","type":"image\/png"}],"author":"Lluis","twitter_card":"summary_large_image","twitter_creator":"@canfalima","twitter_site":"@canfalima","twitter_misc":{"Written by":"Lluis","Est. reading time":"6 minutes"},"schema":{"@context":"https:\/\/schema.org","@graph":[{"@type":"NewsArticle","@id":"https:\/\/canfali.com\/ca-es\/xabia-valora-posar-en-marxa-un-sise-centre-escolar-mitjancant-instal%c2%b7lacions-temporals\/#article","isPartOf":{"@id":"https:\/\/canfali.com\/ca-es\/xabia-valora-posar-en-marxa-un-sise-centre-escolar-mitjancant-instal%c2%b7lacions-temporals\/"},"author":{"name":"Lluis","@id":"https:\/\/canfali.com\/ca-es\/#\/schema\/person\/f540a86fb33e10daaae53c59ceaa1194"},"headline":"X\u00e0bia valora posar en marxa un sis\u00e9 centre escolar mitjan\u00e7ant instal\u00b7lacions temporals","datePublished":"2026-03-10T16:12:12+00:00","dateModified":"2026-03-10T16:15:41+00:00","mainEntityOfPage":{"@id":"https:\/\/canfali.com\/ca-es\/xabia-valora-posar-en-marxa-un-sise-centre-escolar-mitjancant-instal%c2%b7lacions-temporals\/"},"wordCount":1223,"publisher":{"@id":"https:\/\/canfali.com\/ca-es\/#organization"},"image":{"@id":"https:\/\/canfali.com\/ca-es\/xabia-valora-posar-en-marxa-un-sise-centre-escolar-mitjancant-instal%c2%b7lacions-temporals\/#primaryimage"},"thumbnailUrl":"https:\/\/canfali.com\/app\/uploads\/2026\/03\/Captura-de-pantalla-2026-03-10-a-las-17.10.01.png","articleSection":["Educaci\u00f3"],"inLanguage":"va-ES","copyrightYear":"2026","copyrightHolder":{"@id":"https:\/\/canfali.com\/#organization"}},{"@type":"WebPage","@id":"https:\/\/canfali.com\/ca-es\/xabia-valora-posar-en-marxa-un-sise-centre-escolar-mitjancant-instal%c2%b7lacions-temporals\/","url":"https:\/\/canfali.com\/ca-es\/xabia-valora-posar-en-marxa-un-sise-centre-escolar-mitjancant-instal%c2%b7lacions-temporals\/","name":"X\u00e0bia valora posar en marxa un sis\u00e9 centre escolar mitjan\u00e7ant instal\u00b7lacions temporals - Canfali","isPartOf":{"@id":"https:\/\/canfali.com\/ca-es\/#website"},"primaryImageOfPage":{"@id":"https:\/\/canfali.com\/ca-es\/xabia-valora-posar-en-marxa-un-sise-centre-escolar-mitjancant-instal%c2%b7lacions-temporals\/#primaryimage"},"image":{"@id":"https:\/\/canfali.com\/ca-es\/xabia-valora-posar-en-marxa-un-sise-centre-escolar-mitjancant-instal%c2%b7lacions-temporals\/#primaryimage"},"thumbnailUrl":"https:\/\/canfali.com\/app\/uploads\/2026\/03\/Captura-de-pantalla-2026-03-10-a-las-17.10.01.png","datePublished":"2026-03-10T16:12:12+00:00","dateModified":"2026-03-10T16:15:41+00:00","description":"El Consell Municipal repassa la situaci\u00f3 educativa i al\u00b7lega contra la inhabilitaci\u00f3 de l\u2019aula de 3 anys del Gra\u00fcll","breadcrumb":{"@id":"https:\/\/canfali.com\/ca-es\/xabia-valora-posar-en-marxa-un-sise-centre-escolar-mitjancant-instal%c2%b7lacions-temporals\/#breadcrumb"},"inLanguage":"va-ES","potentialAction":[{"@type":"ReadAction","target":["https:\/\/canfali.com\/ca-es\/xabia-valora-posar-en-marxa-un-sise-centre-escolar-mitjancant-instal%c2%b7lacions-temporals\/"]}]},{"@type":"ImageObject","inLanguage":"va-ES","@id":"https:\/\/canfali.com\/ca-es\/xabia-valora-posar-en-marxa-un-sise-centre-escolar-mitjancant-instal%c2%b7lacions-temporals\/#primaryimage","url":"https:\/\/canfali.com\/app\/uploads\/2026\/03\/Captura-de-pantalla-2026-03-10-a-las-17.10.01.png","contentUrl":"https:\/\/canfali.com\/app\/uploads\/2026\/03\/Captura-de-pantalla-2026-03-10-a-las-17.10.01.png","width":1580,"height":844},{"@type":"BreadcrumbList","@id":"https:\/\/canfali.com\/ca-es\/xabia-valora-posar-en-marxa-un-sise-centre-escolar-mitjancant-instal%c2%b7lacions-temporals\/#breadcrumb","itemListElement":[{"@type":"ListItem","position":1,"name":"Portada","item":"https:\/\/canfali.com\/ca-es\/"},{"@type":"ListItem","position":2,"name":"X\u00e0bia valora posar en marxa un sis\u00e9 centre escolar mitjan\u00e7ant instal\u00b7lacions temporals"}]},{"@type":"WebSite","@id":"https:\/\/canfali.com\/ca-es\/#website","url":"https:\/\/canfali.com\/ca-es\/","name":"Canfali","description":"","publisher":{"@id":"https:\/\/canfali.com\/ca-es\/#organization"},"potentialAction":[{"@type":"SearchAction","target":{"@type":"EntryPoint","urlTemplate":"https:\/\/canfali.com\/ca-es\/?s={search_term_string}"},"query-input":{"@type":"PropertyValueSpecification","valueRequired":true,"valueName":"search_term_string"}}],"inLanguage":"va-ES"},{"@type":"Organization","@id":"https:\/\/canfali.com\/ca-es\/#organization","name":"Canfali","url":"https:\/\/canfali.com\/ca-es\/","logo":{"@type":"ImageObject","inLanguage":"va-ES","@id":"https:\/\/canfali.com\/ca-es\/#\/schema\/logo\/image\/","url":"https:\/\/canfali.com\/app\/uploads\/2025\/12\/canfali_marina_alta_logo.png","contentUrl":"https:\/\/canfali.com\/app\/uploads\/2025\/12\/canfali_marina_alta_logo.png","width":225,"height":225,"caption":"Canfali"},"image":{"@id":"https:\/\/canfali.com\/ca-es\/#\/schema\/logo\/image\/"},"sameAs":["https:\/\/es-es.facebook.com\/CANFALIMarinaAlta","https:\/\/x.com\/canfalima","https:\/\/www.instagram.com\/canfalimarinaalta\/"]},{"@type":"Person","@id":"https:\/\/canfali.com\/ca-es\/#\/schema\/person\/f540a86fb33e10daaae53c59ceaa1194","name":"Lluis","image":{"@type":"ImageObject","inLanguage":"va-ES","@id":"https:\/\/secure.gravatar.com\/avatar\/a21ec8835290e4e02ed0886b8cb327d807d0eb6ec8ccf25d4c2a0a415f506c0d?s=96&d=mm&r=g","url":"https:\/\/secure.gravatar.com\/avatar\/a21ec8835290e4e02ed0886b8cb327d807d0eb6ec8ccf25d4c2a0a415f506c0d?s=96&d=mm&r=g","contentUrl":"https:\/\/secure.gravatar.com\/avatar\/a21ec8835290e4e02ed0886b8cb327d807d0eb6ec8ccf25d4c2a0a415f506c0d?s=96&d=mm&r=g","caption":"Lluis"},"url":"https:\/\/canfali.com\/ca-es\/author\/lluis\/"}]}},"_links":{"self":[{"href":"https:\/\/canfali.com\/ca-es\/wp-json\/wp\/v2\/posts\/90818","targetHints":{"allow":["GET"]}}],"collection":[{"href":"https:\/\/canfali.com\/ca-es\/wp-json\/wp\/v2\/posts"}],"about":[{"href":"https:\/\/canfali.com\/ca-es\/wp-json\/wp\/v2\/types\/post"}],"author":[{"embeddable":true,"href":"https:\/\/canfali.com\/ca-es\/wp-json\/wp\/v2\/users\/8"}],"replies":[{"embeddable":true,"href":"https:\/\/canfali.com\/ca-es\/wp-json\/wp\/v2\/comments?post=90818"}],"version-history":[{"count":2,"href":"https:\/\/canfali.com\/ca-es\/wp-json\/wp\/v2\/posts\/90818\/revisions"}],"predecessor-version":[{"id":90821,"href":"https:\/\/canfali.com\/ca-es\/wp-json\/wp\/v2\/posts\/90818\/revisions\/90821"}],"wp:featuredmedia":[{"embeddable":true,"href":"https:\/\/canfali.com\/ca-es\/wp-json\/wp\/v2\/media\/90816"}],"wp:attachment":[{"href":"https:\/\/canfali.com\/ca-es\/wp-json\/wp\/v2\/media?parent=90818"}],"wp:term":[{"taxonomy":"category","embeddable":true,"href":"https:\/\/canfali.com\/ca-es\/wp-json\/wp\/v2\/categories?post=90818"},{"taxonomy":"post_tag","embeddable":true,"href":"https:\/\/canfali.com\/ca-es\/wp-json\/wp\/v2\/tags?post=90818"}],"curies":[{"name":"wp","href":"https:\/\/api.w.org\/{rel}","templated":true}]}}