{"id":90775,"date":"2026-03-10T12:57:56","date_gmt":"2026-03-10T11:57:56","guid":{"rendered":"https:\/\/canfali.com\/calp-destina-mes-de-8-milions-del-romanent-a-inversions\/"},"modified":"2026-03-10T12:59:55","modified_gmt":"2026-03-10T11:59:55","slug":"calp-destina-mes-de-8-milions-del-romanent-a-inversions","status":"publish","type":"post","link":"https:\/\/canfali.com\/ca-es\/calp-destina-mes-de-8-milions-del-romanent-a-inversions\/","title":{"rendered":"Calp destina m\u00e9s de 8 milions del romanent a inversions"},"content":{"rendered":"\n<p>L&#8217;equip de govern ha presentat una modificaci\u00f3 pressupost\u00e0ria per a incorporar 8.159.000 euros del romanent de tresoreria a inversions. Una de les partides amb m\u00e9s dotaci\u00f3, amb gaireb\u00e9 dos milions, es destinar\u00e0 a modernitzar l&#8217;enllumenat p\u00fablic amb fanals el\u00e8ctrics i solars. A m\u00e9s, es condicionar\u00e0 el p\u00e0rquing del Pla Senieta situat al costat del barranc del Pou Roig. En mat\u00e8ria de Seguretat i Protecci\u00f3 Civil, s&#8217;invertir\u00e0 en un nou vehicle i material per a la Policia Local i en cursos de formaci\u00f3.<\/p>\n\n<p>\tPer a platges i medi ambient es reserven 760.000 euros per a projectes com la posada en marxa dels llavapeus, una caseta i carpes per a l&#8217;\u00e0rea reservada per a les persones amb mobilitat redu\u00efda en La Fossa i l&#8217;habilitaci\u00f3 d&#8217;aparells de calistenia. Hi haur\u00e0 una partida per a la neteja forestal de la partida Gargasindi i per a un local de refugi de gats.<\/p>\n\n<p>El pla d&#8217;inversions recull gaireb\u00e9 2,5 milions per a l&#8217;adquisici\u00f3 dels locals dotacionals de l&#8217;Edifici Els Muralles i per a la construcci\u00f3 de la nova oficina de turisme en el centre hist\u00f2ric. Una de les novetats \u00e9s un concurs perqu\u00e8 estudis professionals presentin idees per a la remodelaci\u00f3 dels carrers La Nena i Portalet, l&#8217;Avinguda Europa i la Pla\u00e7a Col\u00f3n. I es destinen gaireb\u00e9 800.000 euros per al tancament perimetral de la zona esportiva, entre altres temes.<\/p>\n\n<p>\tL&#8217;alcaldessa, Ana Sala, comenta que \u201ctenim marge de maniobra perqu\u00e8 els comptes estan sanejats i, a m\u00e9s, no hi ha deute\u201d. Segons els n\u00fameros que maneja l&#8217;equip de govern, hi ha a disposici\u00f3 uns 35 milions d&#8217;euros \u201ci aix\u00f2 ens dona m\u00fascul. Ara incloem m\u00e9s de 8 milions m\u00e9s al pla d&#8217;inversions que ja ten\u00edem en el pressupost ordinari\u201d, en paraules de Sala.<\/p>\n","protected":false},"excerpt":{"rendered":"L&#8217;equip de govern ha presentat una modificaci\u00f3 pressupost\u00e0ria per a incorporar 8.159.000 euros del romanent de tresoreria a&hellip;","protected":false},"author":5,"featured_media":90773,"comment_status":"closed","ping_status":"closed","sticky":false,"template":"","format":"standard","meta":{"csco_display_header_overlay":false,"csco_singular_sidebar":"","csco_page_header_type":"","csco_page_load_nextpost":"","csco_post_video_location":[],"csco_post_video_location_hash":"","csco_post_video_url":"","csco_post_video_bg_start_time":0,"csco_post_video_bg_end_time":0,"footnotes":""},"categories":[614],"tags":[2113,4259,3055],"class_list":{"0":"post-90775","1":"post","2":"type-post","3":"status-publish","4":"format-standard","5":"has-post-thumbnail","7":"category-municipal-ca-es","8":"tag-inversions","9":"tag-pressupost-ca-es","10":"tag-projectes","11":"cs-entry","12":"cs-video-wrap"},"yoast_head":"<!-- This site is optimized with the Yoast SEO Premium plugin v26.6 (Yoast SEO v27.3) - https:\/\/yoast.com\/product\/yoast-seo-premium-wordpress\/ -->\n<title>Calp destina m\u00e9s de 8 milions del romanent a inversions - Canfali<\/title>\n<meta name=\"robots\" content=\"index, follow, max-snippet:-1, max-image-preview:large, max-video-preview:-1\" \/>\n<link rel=\"canonical\" href=\"https:\/\/canfali.com\/ca-es\/calp-destina-mes-de-8-milions-del-romanent-a-inversions\/\" \/>\n<meta property=\"og:locale\" content=\"en_US\" \/>\n<meta property=\"og:type\" content=\"article\" \/>\n<meta property=\"og:title\" content=\"Calp destina m\u00e9s de 8 milions del romanent a inversions\" \/>\n<meta property=\"og:description\" content=\"L&#8217;equip de govern ha presentat una modificaci\u00f3 pressupost\u00e0ria per a incorporar 8.159.000 euros del romanent de tresoreria a&hellip;\" \/>\n<meta property=\"og:url\" content=\"https:\/\/canfali.com\/ca-es\/calp-destina-mes-de-8-milions-del-romanent-a-inversions\/\" \/>\n<meta property=\"og:site_name\" content=\"Canfali\" \/>\n<meta property=\"article:publisher\" content=\"https:\/\/es-es.facebook.com\/CANFALIMarinaAlta\" \/>\n<meta property=\"article:published_time\" content=\"2026-03-10T11:57:56+00:00\" \/>\n<meta property=\"article:modified_time\" content=\"2026-03-10T11:59:55+00:00\" \/>\n<meta property=\"og:image\" content=\"https:\/\/canfali.com\/app\/uploads\/2026\/03\/comerc-calp.jpg\" \/>\n\t<meta property=\"og:image:width\" content=\"2016\" \/>\n\t<meta property=\"og:image:height\" content=\"1512\" \/>\n\t<meta property=\"og:image:type\" content=\"image\/jpeg\" \/>\n<meta name=\"author\" content=\"D\u00eddac\" \/>\n<meta name=\"twitter:card\" content=\"summary_large_image\" \/>\n<meta name=\"twitter:creator\" content=\"@canfalima\" \/>\n<meta name=\"twitter:site\" content=\"@canfalima\" \/>\n<meta name=\"twitter:label1\" content=\"Written by\" \/>\n\t<meta name=\"twitter:data1\" content=\"D\u00eddac\" \/>\n\t<meta name=\"twitter:label2\" content=\"Est. reading time\" \/>\n\t<meta name=\"twitter:data2\" content=\"1 minute\" \/>\n<script type=\"application\/ld+json\" class=\"yoast-schema-graph\">{\"@context\":\"https:\\\/\\\/schema.org\",\"@graph\":[{\"@type\":\"NewsArticle\",\"@id\":\"https:\\\/\\\/canfali.com\\\/ca-es\\\/calp-destina-mes-de-8-milions-del-romanent-a-inversions\\\/#article\",\"isPartOf\":{\"@id\":\"https:\\\/\\\/canfali.com\\\/ca-es\\\/calp-destina-mes-de-8-milions-del-romanent-a-inversions\\\/\"},\"author\":{\"name\":\"D\u00eddac\",\"@id\":\"https:\\\/\\\/canfali.com\\\/ca-es\\\/#\\\/schema\\\/person\\\/5211f51be1ed486a218e6a4f53355b6d\"},\"headline\":\"Calp destina m\u00e9s de 8 milions del romanent a inversions\",\"datePublished\":\"2026-03-10T11:57:56+00:00\",\"dateModified\":\"2026-03-10T11:59:55+00:00\",\"mainEntityOfPage\":{\"@id\":\"https:\\\/\\\/canfali.com\\\/ca-es\\\/calp-destina-mes-de-8-milions-del-romanent-a-inversions\\\/\"},\"wordCount\":322,\"publisher\":{\"@id\":\"https:\\\/\\\/canfali.com\\\/ca-es\\\/#organization\"},\"image\":{\"@id\":\"https:\\\/\\\/canfali.com\\\/ca-es\\\/calp-destina-mes-de-8-milions-del-romanent-a-inversions\\\/#primaryimage\"},\"thumbnailUrl\":\"https:\\\/\\\/canfali.com\\\/app\\\/uploads\\\/2026\\\/03\\\/comerc-calp.jpg\",\"keywords\":[\"inversions\",\"pressupost\",\"projectes\"],\"articleSection\":[\"Municipal\"],\"inLanguage\":\"va-ES\",\"copyrightYear\":\"2026\",\"copyrightHolder\":{\"@id\":\"https:\\\/\\\/canfali.com\\\/#organization\"}},{\"@type\":\"WebPage\",\"@id\":\"https:\\\/\\\/canfali.com\\\/ca-es\\\/calp-destina-mes-de-8-milions-del-romanent-a-inversions\\\/\",\"url\":\"https:\\\/\\\/canfali.com\\\/ca-es\\\/calp-destina-mes-de-8-milions-del-romanent-a-inversions\\\/\",\"name\":\"Calp destina m\u00e9s de 8 milions del romanent a inversions - Canfali\",\"isPartOf\":{\"@id\":\"https:\\\/\\\/canfali.com\\\/ca-es\\\/#website\"},\"primaryImageOfPage\":{\"@id\":\"https:\\\/\\\/canfali.com\\\/ca-es\\\/calp-destina-mes-de-8-milions-del-romanent-a-inversions\\\/#primaryimage\"},\"image\":{\"@id\":\"https:\\\/\\\/canfali.com\\\/ca-es\\\/calp-destina-mes-de-8-milions-del-romanent-a-inversions\\\/#primaryimage\"},\"thumbnailUrl\":\"https:\\\/\\\/canfali.com\\\/app\\\/uploads\\\/2026\\\/03\\\/comerc-calp.jpg\",\"datePublished\":\"2026-03-10T11:57:56+00:00\",\"dateModified\":\"2026-03-10T11:59:55+00:00\",\"breadcrumb\":{\"@id\":\"https:\\\/\\\/canfali.com\\\/ca-es\\\/calp-destina-mes-de-8-milions-del-romanent-a-inversions\\\/#breadcrumb\"},\"inLanguage\":\"va-ES\",\"potentialAction\":[{\"@type\":\"ReadAction\",\"target\":[\"https:\\\/\\\/canfali.com\\\/ca-es\\\/calp-destina-mes-de-8-milions-del-romanent-a-inversions\\\/\"]}]},{\"@type\":\"ImageObject\",\"inLanguage\":\"va-ES\",\"@id\":\"https:\\\/\\\/canfali.com\\\/ca-es\\\/calp-destina-mes-de-8-milions-del-romanent-a-inversions\\\/#primaryimage\",\"url\":\"https:\\\/\\\/canfali.com\\\/app\\\/uploads\\\/2026\\\/03\\\/comerc-calp.jpg\",\"contentUrl\":\"https:\\\/\\\/canfali.com\\\/app\\\/uploads\\\/2026\\\/03\\\/comerc-calp.jpg\",\"width\":2016,\"height\":1512},{\"@type\":\"BreadcrumbList\",\"@id\":\"https:\\\/\\\/canfali.com\\\/ca-es\\\/calp-destina-mes-de-8-milions-del-romanent-a-inversions\\\/#breadcrumb\",\"itemListElement\":[{\"@type\":\"ListItem\",\"position\":1,\"name\":\"Portada\",\"item\":\"https:\\\/\\\/canfali.com\\\/ca-es\\\/\"},{\"@type\":\"ListItem\",\"position\":2,\"name\":\"Calp destina m\u00e9s de 8 milions del romanent a inversions\"}]},{\"@type\":\"WebSite\",\"@id\":\"https:\\\/\\\/canfali.com\\\/ca-es\\\/#website\",\"url\":\"https:\\\/\\\/canfali.com\\\/ca-es\\\/\",\"name\":\"Canfali\",\"description\":\"\",\"publisher\":{\"@id\":\"https:\\\/\\\/canfali.com\\\/ca-es\\\/#organization\"},\"potentialAction\":[{\"@type\":\"SearchAction\",\"target\":{\"@type\":\"EntryPoint\",\"urlTemplate\":\"https:\\\/\\\/canfali.com\\\/ca-es\\\/?s={search_term_string}\"},\"query-input\":{\"@type\":\"PropertyValueSpecification\",\"valueRequired\":true,\"valueName\":\"search_term_string\"}}],\"inLanguage\":\"va-ES\"},{\"@type\":\"Organization\",\"@id\":\"https:\\\/\\\/canfali.com\\\/ca-es\\\/#organization\",\"name\":\"Canfali\",\"url\":\"https:\\\/\\\/canfali.com\\\/ca-es\\\/\",\"logo\":{\"@type\":\"ImageObject\",\"inLanguage\":\"va-ES\",\"@id\":\"https:\\\/\\\/canfali.com\\\/ca-es\\\/#\\\/schema\\\/logo\\\/image\\\/\",\"url\":\"https:\\\/\\\/canfali.com\\\/app\\\/uploads\\\/2025\\\/12\\\/canfali_marina_alta_logo.png\",\"contentUrl\":\"https:\\\/\\\/canfali.com\\\/app\\\/uploads\\\/2025\\\/12\\\/canfali_marina_alta_logo.png\",\"width\":225,\"height\":225,\"caption\":\"Canfali\"},\"image\":{\"@id\":\"https:\\\/\\\/canfali.com\\\/ca-es\\\/#\\\/schema\\\/logo\\\/image\\\/\"},\"sameAs\":[\"https:\\\/\\\/es-es.facebook.com\\\/CANFALIMarinaAlta\",\"https:\\\/\\\/x.com\\\/canfalima\",\"https:\\\/\\\/www.instagram.com\\\/canfalimarinaalta\\\/\"]},{\"@type\":\"Person\",\"@id\":\"https:\\\/\\\/canfali.com\\\/ca-es\\\/#\\\/schema\\\/person\\\/5211f51be1ed486a218e6a4f53355b6d\",\"name\":\"D\u00eddac\",\"image\":{\"@type\":\"ImageObject\",\"inLanguage\":\"va-ES\",\"@id\":\"https:\\\/\\\/secure.gravatar.com\\\/avatar\\\/a68a2078c12da8a6dd6cff4f3f3f69f7eb69a2d31ac1aac4da61c3761e4557f4?s=96&d=mm&r=g\",\"url\":\"https:\\\/\\\/secure.gravatar.com\\\/avatar\\\/a68a2078c12da8a6dd6cff4f3f3f69f7eb69a2d31ac1aac4da61c3761e4557f4?s=96&d=mm&r=g\",\"contentUrl\":\"https:\\\/\\\/secure.gravatar.com\\\/avatar\\\/a68a2078c12da8a6dd6cff4f3f3f69f7eb69a2d31ac1aac4da61c3761e4557f4?s=96&d=mm&r=g\",\"caption\":\"D\u00eddac\"},\"url\":\"https:\\\/\\\/canfali.com\\\/ca-es\\\/author\\\/didac\\\/\"}]}<\/script>\n<!-- \/ Yoast SEO Premium plugin. -->","yoast_head_json":{"title":"Calp destina m\u00e9s de 8 milions del romanent a inversions - Canfali","robots":{"index":"index","follow":"follow","max-snippet":"max-snippet:-1","max-image-preview":"max-image-preview:large","max-video-preview":"max-video-preview:-1"},"canonical":"https:\/\/canfali.com\/ca-es\/calp-destina-mes-de-8-milions-del-romanent-a-inversions\/","og_locale":"en_US","og_type":"article","og_title":"Calp destina m\u00e9s de 8 milions del romanent a inversions","og_description":"L&#8217;equip de govern ha presentat una modificaci\u00f3 pressupost\u00e0ria per a incorporar 8.159.000 euros del romanent de tresoreria a&hellip;","og_url":"https:\/\/canfali.com\/ca-es\/calp-destina-mes-de-8-milions-del-romanent-a-inversions\/","og_site_name":"Canfali","article_publisher":"https:\/\/es-es.facebook.com\/CANFALIMarinaAlta","article_published_time":"2026-03-10T11:57:56+00:00","article_modified_time":"2026-03-10T11:59:55+00:00","og_image":[{"width":2016,"height":1512,"url":"https:\/\/canfali.com\/app\/uploads\/2026\/03\/comerc-calp.jpg","type":"image\/jpeg"}],"author":"D\u00eddac","twitter_card":"summary_large_image","twitter_creator":"@canfalima","twitter_site":"@canfalima","twitter_misc":{"Written by":"D\u00eddac","Est. reading time":"1 minute"},"schema":{"@context":"https:\/\/schema.org","@graph":[{"@type":"NewsArticle","@id":"https:\/\/canfali.com\/ca-es\/calp-destina-mes-de-8-milions-del-romanent-a-inversions\/#article","isPartOf":{"@id":"https:\/\/canfali.com\/ca-es\/calp-destina-mes-de-8-milions-del-romanent-a-inversions\/"},"author":{"name":"D\u00eddac","@id":"https:\/\/canfali.com\/ca-es\/#\/schema\/person\/5211f51be1ed486a218e6a4f53355b6d"},"headline":"Calp destina m\u00e9s de 8 milions del romanent a inversions","datePublished":"2026-03-10T11:57:56+00:00","dateModified":"2026-03-10T11:59:55+00:00","mainEntityOfPage":{"@id":"https:\/\/canfali.com\/ca-es\/calp-destina-mes-de-8-milions-del-romanent-a-inversions\/"},"wordCount":322,"publisher":{"@id":"https:\/\/canfali.com\/ca-es\/#organization"},"image":{"@id":"https:\/\/canfali.com\/ca-es\/calp-destina-mes-de-8-milions-del-romanent-a-inversions\/#primaryimage"},"thumbnailUrl":"https:\/\/canfali.com\/app\/uploads\/2026\/03\/comerc-calp.jpg","keywords":["inversions","pressupost","projectes"],"articleSection":["Municipal"],"inLanguage":"va-ES","copyrightYear":"2026","copyrightHolder":{"@id":"https:\/\/canfali.com\/#organization"}},{"@type":"WebPage","@id":"https:\/\/canfali.com\/ca-es\/calp-destina-mes-de-8-milions-del-romanent-a-inversions\/","url":"https:\/\/canfali.com\/ca-es\/calp-destina-mes-de-8-milions-del-romanent-a-inversions\/","name":"Calp destina m\u00e9s de 8 milions del romanent a inversions - Canfali","isPartOf":{"@id":"https:\/\/canfali.com\/ca-es\/#website"},"primaryImageOfPage":{"@id":"https:\/\/canfali.com\/ca-es\/calp-destina-mes-de-8-milions-del-romanent-a-inversions\/#primaryimage"},"image":{"@id":"https:\/\/canfali.com\/ca-es\/calp-destina-mes-de-8-milions-del-romanent-a-inversions\/#primaryimage"},"thumbnailUrl":"https:\/\/canfali.com\/app\/uploads\/2026\/03\/comerc-calp.jpg","datePublished":"2026-03-10T11:57:56+00:00","dateModified":"2026-03-10T11:59:55+00:00","breadcrumb":{"@id":"https:\/\/canfali.com\/ca-es\/calp-destina-mes-de-8-milions-del-romanent-a-inversions\/#breadcrumb"},"inLanguage":"va-ES","potentialAction":[{"@type":"ReadAction","target":["https:\/\/canfali.com\/ca-es\/calp-destina-mes-de-8-milions-del-romanent-a-inversions\/"]}]},{"@type":"ImageObject","inLanguage":"va-ES","@id":"https:\/\/canfali.com\/ca-es\/calp-destina-mes-de-8-milions-del-romanent-a-inversions\/#primaryimage","url":"https:\/\/canfali.com\/app\/uploads\/2026\/03\/comerc-calp.jpg","contentUrl":"https:\/\/canfali.com\/app\/uploads\/2026\/03\/comerc-calp.jpg","width":2016,"height":1512},{"@type":"BreadcrumbList","@id":"https:\/\/canfali.com\/ca-es\/calp-destina-mes-de-8-milions-del-romanent-a-inversions\/#breadcrumb","itemListElement":[{"@type":"ListItem","position":1,"name":"Portada","item":"https:\/\/canfali.com\/ca-es\/"},{"@type":"ListItem","position":2,"name":"Calp destina m\u00e9s de 8 milions del romanent a inversions"}]},{"@type":"WebSite","@id":"https:\/\/canfali.com\/ca-es\/#website","url":"https:\/\/canfali.com\/ca-es\/","name":"Canfali","description":"","publisher":{"@id":"https:\/\/canfali.com\/ca-es\/#organization"},"potentialAction":[{"@type":"SearchAction","target":{"@type":"EntryPoint","urlTemplate":"https:\/\/canfali.com\/ca-es\/?s={search_term_string}"},"query-input":{"@type":"PropertyValueSpecification","valueRequired":true,"valueName":"search_term_string"}}],"inLanguage":"va-ES"},{"@type":"Organization","@id":"https:\/\/canfali.com\/ca-es\/#organization","name":"Canfali","url":"https:\/\/canfali.com\/ca-es\/","logo":{"@type":"ImageObject","inLanguage":"va-ES","@id":"https:\/\/canfali.com\/ca-es\/#\/schema\/logo\/image\/","url":"https:\/\/canfali.com\/app\/uploads\/2025\/12\/canfali_marina_alta_logo.png","contentUrl":"https:\/\/canfali.com\/app\/uploads\/2025\/12\/canfali_marina_alta_logo.png","width":225,"height":225,"caption":"Canfali"},"image":{"@id":"https:\/\/canfali.com\/ca-es\/#\/schema\/logo\/image\/"},"sameAs":["https:\/\/es-es.facebook.com\/CANFALIMarinaAlta","https:\/\/x.com\/canfalima","https:\/\/www.instagram.com\/canfalimarinaalta\/"]},{"@type":"Person","@id":"https:\/\/canfali.com\/ca-es\/#\/schema\/person\/5211f51be1ed486a218e6a4f53355b6d","name":"D\u00eddac","image":{"@type":"ImageObject","inLanguage":"va-ES","@id":"https:\/\/secure.gravatar.com\/avatar\/a68a2078c12da8a6dd6cff4f3f3f69f7eb69a2d31ac1aac4da61c3761e4557f4?s=96&d=mm&r=g","url":"https:\/\/secure.gravatar.com\/avatar\/a68a2078c12da8a6dd6cff4f3f3f69f7eb69a2d31ac1aac4da61c3761e4557f4?s=96&d=mm&r=g","contentUrl":"https:\/\/secure.gravatar.com\/avatar\/a68a2078c12da8a6dd6cff4f3f3f69f7eb69a2d31ac1aac4da61c3761e4557f4?s=96&d=mm&r=g","caption":"D\u00eddac"},"url":"https:\/\/canfali.com\/ca-es\/author\/didac\/"}]}},"_links":{"self":[{"href":"https:\/\/canfali.com\/ca-es\/wp-json\/wp\/v2\/posts\/90775","targetHints":{"allow":["GET"]}}],"collection":[{"href":"https:\/\/canfali.com\/ca-es\/wp-json\/wp\/v2\/posts"}],"about":[{"href":"https:\/\/canfali.com\/ca-es\/wp-json\/wp\/v2\/types\/post"}],"author":[{"embeddable":true,"href":"https:\/\/canfali.com\/ca-es\/wp-json\/wp\/v2\/users\/5"}],"replies":[{"embeddable":true,"href":"https:\/\/canfali.com\/ca-es\/wp-json\/wp\/v2\/comments?post=90775"}],"version-history":[{"count":1,"href":"https:\/\/canfali.com\/ca-es\/wp-json\/wp\/v2\/posts\/90775\/revisions"}],"predecessor-version":[{"id":90776,"href":"https:\/\/canfali.com\/ca-es\/wp-json\/wp\/v2\/posts\/90775\/revisions\/90776"}],"wp:featuredmedia":[{"embeddable":true,"href":"https:\/\/canfali.com\/ca-es\/wp-json\/wp\/v2\/media\/90773"}],"wp:attachment":[{"href":"https:\/\/canfali.com\/ca-es\/wp-json\/wp\/v2\/media?parent=90775"}],"wp:term":[{"taxonomy":"category","embeddable":true,"href":"https:\/\/canfali.com\/ca-es\/wp-json\/wp\/v2\/categories?post=90775"},{"taxonomy":"post_tag","embeddable":true,"href":"https:\/\/canfali.com\/ca-es\/wp-json\/wp\/v2\/tags?post=90775"}],"curies":[{"name":"wp","href":"https:\/\/api.w.org\/{rel}","templated":true}]}}