{"id":90731,"date":"2026-03-10T08:20:34","date_gmt":"2026-03-10T07:20:34","guid":{"rendered":"https:\/\/canfali.com\/masymas-renova-amb-el-pilotari-marc-giner\/"},"modified":"2026-03-10T08:22:30","modified_gmt":"2026-03-10T07:22:30","slug":"masymas-renova-amb-el-pilotari-marc-giner","status":"publish","type":"post","link":"https:\/\/canfali.com\/ca-es\/masymas-renova-amb-el-pilotari-marc-giner\/","title":{"rendered":"Masymas renova amb el pilotari Marc Giner"},"content":{"rendered":"\n<p>Masymas Supermercats ha renovat el seu acord de patrocini amb el pilotari Marc Giner, que continuar\u00e0 sent una temporada m\u00e9s imatge de la marca. Amb esta decisi\u00f3, la companyia reafirma el seu comprom\u00eds amb la pilota valenciana i amb un esportista que representa els valors d\u2019esfor\u00e7, const\u00e0ncia i proximitat que caracteritzen la cadena.&#13;\n<\/p>\n\n<p>Despr\u00e9s de m\u00e9s de huit anys de col\u00b7laboraci\u00f3, la relaci\u00f3 entre les dos parts es consolida com una de les m\u00e9s estables de l\u2019esport aut\u00f2cton. El nou acord refor\u00e7a la voluntat de Masymas de continuar donant suport a la pilota valenciana i d\u2019acompanyar els seus referents dins i fora del trinquet.&#13;\n<\/p>\n\n<p>Actualment, Giner compagina la seua carrera en l\u2019elit amb la seua tasca com a entrenador a l\u2019escola de pilota junt amb son pare, Jan Giner. El jugador de Murla va debutar en la lliga professional amb l\u2019equip Pedreguer\u2013masymas, refor\u00e7ant aix\u00ed el vincle territorial amb la marca.&#13;\n<\/p>\n\n<p>Durant l\u2019acte de renovaci\u00f3, el director general de Masymas Supermercats, Jos\u00e9 Juan Forn\u00e9s, va destacar que el suport al pilotari forma part del prop\u00f2sit de l\u2019empresa d\u2019impulsar i preservar l\u2019esport tradicional valenci\u00e0.&#13;\n<\/p>\n\n<p>Professional des de 2017 i considerat un dels grans restos de la modalitat d\u2019escala i corda, Marc Giner afronta ara una nova etapa despr\u00e9s de superar una lesi\u00f3 que el va mantindre prop d\u2019un any fora dels trinquets. Campi\u00f3 de la Lliga CaixaBank de pilota valenciana i del Campionat Individual \u2013 President de la Generalitat en 2024, torna esta temporada a la m\u00e0xima competici\u00f3 amb l\u2019objectiu de tornar a lluitar pel t\u00edtol, comen\u00e7ant per les semifinals de la Lliga que es disputen este mes de mar\u00e7.&#13;\n<\/p>\n","protected":false},"excerpt":{"rendered":"Masymas Supermercats ha renovat el seu acord de patrocini amb el pilotari Marc Giner, que continuar\u00e0 sent una&hellip;","protected":false},"author":8,"featured_media":90734,"comment_status":"closed","ping_status":"closed","sticky":false,"template":"","format":"standard","meta":{"csco_display_header_overlay":false,"csco_singular_sidebar":"","csco_page_header_type":"","csco_page_load_nextpost":"","csco_post_video_location":[],"csco_post_video_location_hash":"","csco_post_video_url":"","csco_post_video_bg_start_time":0,"csco_post_video_bg_end_time":0,"footnotes":""},"categories":[573,598],"tags":[],"class_list":{"0":"post-90731","1":"post","2":"type-post","3":"status-publish","4":"format-standard","5":"has-post-thumbnail","7":"category-deportes-2","8":"category-esports","9":"cs-entry","10":"cs-video-wrap"},"yoast_head":"<!-- This site is optimized with the Yoast SEO Premium plugin v26.6 (Yoast SEO v27.3) - https:\/\/yoast.com\/product\/yoast-seo-premium-wordpress\/ -->\n<title>Masymas renova amb el pilotari Marc Giner - Canfali<\/title>\n<meta name=\"description\" content=\"Masymas Supermercats ha renovat el seu acord de patrocini amb el pilotari Marc Giner, que continuar\u00e0 sent la imatge de la marca.\" \/>\n<meta name=\"robots\" content=\"index, follow, max-snippet:-1, max-image-preview:large, max-video-preview:-1\" \/>\n<link rel=\"canonical\" href=\"https:\/\/canfali.com\/ca-es\/masymas-renova-amb-el-pilotari-marc-giner\/\" \/>\n<meta property=\"og:locale\" content=\"en_US\" \/>\n<meta property=\"og:type\" content=\"article\" \/>\n<meta property=\"og:title\" content=\"Masymas renova amb el pilotari Marc Giner\" \/>\n<meta property=\"og:description\" content=\"Masymas Supermercats ha renovat el seu acord de patrocini amb el pilotari Marc Giner, que continuar\u00e0 sent la imatge de la marca.\" \/>\n<meta property=\"og:url\" content=\"https:\/\/canfali.com\/ca-es\/masymas-renova-amb-el-pilotari-marc-giner\/\" \/>\n<meta property=\"og:site_name\" content=\"Canfali\" \/>\n<meta property=\"article:publisher\" content=\"https:\/\/es-es.facebook.com\/CANFALIMarinaAlta\" \/>\n<meta property=\"article:published_time\" content=\"2026-03-10T07:20:34+00:00\" \/>\n<meta property=\"article:modified_time\" content=\"2026-03-10T07:22:30+00:00\" \/>\n<meta property=\"og:image\" content=\"https:\/\/canfali.com\/app\/uploads\/2026\/03\/8masymas-copia-1-scaled.jpg\" \/>\n\t<meta property=\"og:image:width\" content=\"2560\" \/>\n\t<meta property=\"og:image:height\" content=\"1862\" \/>\n\t<meta property=\"og:image:type\" content=\"image\/jpeg\" \/>\n<meta name=\"author\" content=\"Lluis\" \/>\n<meta name=\"twitter:card\" content=\"summary_large_image\" \/>\n<meta name=\"twitter:creator\" content=\"@canfalima\" \/>\n<meta name=\"twitter:site\" content=\"@canfalima\" \/>\n<meta name=\"twitter:label1\" content=\"Written by\" \/>\n\t<meta name=\"twitter:data1\" content=\"Lluis\" \/>\n\t<meta name=\"twitter:label2\" content=\"Est. reading time\" \/>\n\t<meta name=\"twitter:data2\" content=\"1 minute\" \/>\n<script type=\"application\/ld+json\" class=\"yoast-schema-graph\">{\"@context\":\"https:\\\/\\\/schema.org\",\"@graph\":[{\"@type\":\"NewsArticle\",\"@id\":\"https:\\\/\\\/canfali.com\\\/ca-es\\\/masymas-renova-amb-el-pilotari-marc-giner\\\/#article\",\"isPartOf\":{\"@id\":\"https:\\\/\\\/canfali.com\\\/ca-es\\\/masymas-renova-amb-el-pilotari-marc-giner\\\/\"},\"author\":{\"name\":\"Lluis\",\"@id\":\"https:\\\/\\\/canfali.com\\\/ca-es\\\/#\\\/schema\\\/person\\\/f540a86fb33e10daaae53c59ceaa1194\"},\"headline\":\"Masymas renova amb el pilotari Marc Giner\",\"datePublished\":\"2026-03-10T07:20:34+00:00\",\"dateModified\":\"2026-03-10T07:22:30+00:00\",\"mainEntityOfPage\":{\"@id\":\"https:\\\/\\\/canfali.com\\\/ca-es\\\/masymas-renova-amb-el-pilotari-marc-giner\\\/\"},\"wordCount\":302,\"publisher\":{\"@id\":\"https:\\\/\\\/canfali.com\\\/ca-es\\\/#organization\"},\"image\":{\"@id\":\"https:\\\/\\\/canfali.com\\\/ca-es\\\/masymas-renova-amb-el-pilotari-marc-giner\\\/#primaryimage\"},\"thumbnailUrl\":\"https:\\\/\\\/canfali.com\\\/app\\\/uploads\\\/2026\\\/03\\\/8masymas-copia-1-scaled.jpg\",\"articleSection\":[\"Deportes\",\"Esports\"],\"inLanguage\":\"va-ES\",\"copyrightYear\":\"2026\",\"copyrightHolder\":{\"@id\":\"https:\\\/\\\/canfali.com\\\/#organization\"}},{\"@type\":\"WebPage\",\"@id\":\"https:\\\/\\\/canfali.com\\\/ca-es\\\/masymas-renova-amb-el-pilotari-marc-giner\\\/\",\"url\":\"https:\\\/\\\/canfali.com\\\/ca-es\\\/masymas-renova-amb-el-pilotari-marc-giner\\\/\",\"name\":\"Masymas renova amb el pilotari Marc Giner - Canfali\",\"isPartOf\":{\"@id\":\"https:\\\/\\\/canfali.com\\\/ca-es\\\/#website\"},\"primaryImageOfPage\":{\"@id\":\"https:\\\/\\\/canfali.com\\\/ca-es\\\/masymas-renova-amb-el-pilotari-marc-giner\\\/#primaryimage\"},\"image\":{\"@id\":\"https:\\\/\\\/canfali.com\\\/ca-es\\\/masymas-renova-amb-el-pilotari-marc-giner\\\/#primaryimage\"},\"thumbnailUrl\":\"https:\\\/\\\/canfali.com\\\/app\\\/uploads\\\/2026\\\/03\\\/8masymas-copia-1-scaled.jpg\",\"datePublished\":\"2026-03-10T07:20:34+00:00\",\"dateModified\":\"2026-03-10T07:22:30+00:00\",\"description\":\"Masymas Supermercats ha renovat el seu acord de patrocini amb el pilotari Marc Giner, que continuar\u00e0 sent la imatge de la marca.\",\"breadcrumb\":{\"@id\":\"https:\\\/\\\/canfali.com\\\/ca-es\\\/masymas-renova-amb-el-pilotari-marc-giner\\\/#breadcrumb\"},\"inLanguage\":\"va-ES\",\"potentialAction\":[{\"@type\":\"ReadAction\",\"target\":[\"https:\\\/\\\/canfali.com\\\/ca-es\\\/masymas-renova-amb-el-pilotari-marc-giner\\\/\"]}]},{\"@type\":\"ImageObject\",\"inLanguage\":\"va-ES\",\"@id\":\"https:\\\/\\\/canfali.com\\\/ca-es\\\/masymas-renova-amb-el-pilotari-marc-giner\\\/#primaryimage\",\"url\":\"https:\\\/\\\/canfali.com\\\/app\\\/uploads\\\/2026\\\/03\\\/8masymas-copia-1-scaled.jpg\",\"contentUrl\":\"https:\\\/\\\/canfali.com\\\/app\\\/uploads\\\/2026\\\/03\\\/8masymas-copia-1-scaled.jpg\",\"width\":2560,\"height\":1862},{\"@type\":\"BreadcrumbList\",\"@id\":\"https:\\\/\\\/canfali.com\\\/ca-es\\\/masymas-renova-amb-el-pilotari-marc-giner\\\/#breadcrumb\",\"itemListElement\":[{\"@type\":\"ListItem\",\"position\":1,\"name\":\"Portada\",\"item\":\"https:\\\/\\\/canfali.com\\\/ca-es\\\/\"},{\"@type\":\"ListItem\",\"position\":2,\"name\":\"Masymas renova amb el pilotari Marc Giner\"}]},{\"@type\":\"WebSite\",\"@id\":\"https:\\\/\\\/canfali.com\\\/ca-es\\\/#website\",\"url\":\"https:\\\/\\\/canfali.com\\\/ca-es\\\/\",\"name\":\"Canfali\",\"description\":\"\",\"publisher\":{\"@id\":\"https:\\\/\\\/canfali.com\\\/ca-es\\\/#organization\"},\"potentialAction\":[{\"@type\":\"SearchAction\",\"target\":{\"@type\":\"EntryPoint\",\"urlTemplate\":\"https:\\\/\\\/canfali.com\\\/ca-es\\\/?s={search_term_string}\"},\"query-input\":{\"@type\":\"PropertyValueSpecification\",\"valueRequired\":true,\"valueName\":\"search_term_string\"}}],\"inLanguage\":\"va-ES\"},{\"@type\":\"Organization\",\"@id\":\"https:\\\/\\\/canfali.com\\\/ca-es\\\/#organization\",\"name\":\"Canfali\",\"url\":\"https:\\\/\\\/canfali.com\\\/ca-es\\\/\",\"logo\":{\"@type\":\"ImageObject\",\"inLanguage\":\"va-ES\",\"@id\":\"https:\\\/\\\/canfali.com\\\/ca-es\\\/#\\\/schema\\\/logo\\\/image\\\/\",\"url\":\"https:\\\/\\\/canfali.com\\\/app\\\/uploads\\\/2025\\\/12\\\/canfali_marina_alta_logo.png\",\"contentUrl\":\"https:\\\/\\\/canfali.com\\\/app\\\/uploads\\\/2025\\\/12\\\/canfali_marina_alta_logo.png\",\"width\":225,\"height\":225,\"caption\":\"Canfali\"},\"image\":{\"@id\":\"https:\\\/\\\/canfali.com\\\/ca-es\\\/#\\\/schema\\\/logo\\\/image\\\/\"},\"sameAs\":[\"https:\\\/\\\/es-es.facebook.com\\\/CANFALIMarinaAlta\",\"https:\\\/\\\/x.com\\\/canfalima\",\"https:\\\/\\\/www.instagram.com\\\/canfalimarinaalta\\\/\"]},{\"@type\":\"Person\",\"@id\":\"https:\\\/\\\/canfali.com\\\/ca-es\\\/#\\\/schema\\\/person\\\/f540a86fb33e10daaae53c59ceaa1194\",\"name\":\"Lluis\",\"image\":{\"@type\":\"ImageObject\",\"inLanguage\":\"va-ES\",\"@id\":\"https:\\\/\\\/secure.gravatar.com\\\/avatar\\\/a21ec8835290e4e02ed0886b8cb327d807d0eb6ec8ccf25d4c2a0a415f506c0d?s=96&d=mm&r=g\",\"url\":\"https:\\\/\\\/secure.gravatar.com\\\/avatar\\\/a21ec8835290e4e02ed0886b8cb327d807d0eb6ec8ccf25d4c2a0a415f506c0d?s=96&d=mm&r=g\",\"contentUrl\":\"https:\\\/\\\/secure.gravatar.com\\\/avatar\\\/a21ec8835290e4e02ed0886b8cb327d807d0eb6ec8ccf25d4c2a0a415f506c0d?s=96&d=mm&r=g\",\"caption\":\"Lluis\"},\"url\":\"https:\\\/\\\/canfali.com\\\/ca-es\\\/author\\\/lluis\\\/\"}]}<\/script>\n<!-- \/ Yoast SEO Premium plugin. -->","yoast_head_json":{"title":"Masymas renova amb el pilotari Marc Giner - Canfali","description":"Masymas Supermercats ha renovat el seu acord de patrocini amb el pilotari Marc Giner, que continuar\u00e0 sent la imatge de la marca.","robots":{"index":"index","follow":"follow","max-snippet":"max-snippet:-1","max-image-preview":"max-image-preview:large","max-video-preview":"max-video-preview:-1"},"canonical":"https:\/\/canfali.com\/ca-es\/masymas-renova-amb-el-pilotari-marc-giner\/","og_locale":"en_US","og_type":"article","og_title":"Masymas renova amb el pilotari Marc Giner","og_description":"Masymas Supermercats ha renovat el seu acord de patrocini amb el pilotari Marc Giner, que continuar\u00e0 sent la imatge de la marca.","og_url":"https:\/\/canfali.com\/ca-es\/masymas-renova-amb-el-pilotari-marc-giner\/","og_site_name":"Canfali","article_publisher":"https:\/\/es-es.facebook.com\/CANFALIMarinaAlta","article_published_time":"2026-03-10T07:20:34+00:00","article_modified_time":"2026-03-10T07:22:30+00:00","og_image":[{"width":2560,"height":1862,"url":"https:\/\/canfali.com\/app\/uploads\/2026\/03\/8masymas-copia-1-scaled.jpg","type":"image\/jpeg"}],"author":"Lluis","twitter_card":"summary_large_image","twitter_creator":"@canfalima","twitter_site":"@canfalima","twitter_misc":{"Written by":"Lluis","Est. reading time":"1 minute"},"schema":{"@context":"https:\/\/schema.org","@graph":[{"@type":"NewsArticle","@id":"https:\/\/canfali.com\/ca-es\/masymas-renova-amb-el-pilotari-marc-giner\/#article","isPartOf":{"@id":"https:\/\/canfali.com\/ca-es\/masymas-renova-amb-el-pilotari-marc-giner\/"},"author":{"name":"Lluis","@id":"https:\/\/canfali.com\/ca-es\/#\/schema\/person\/f540a86fb33e10daaae53c59ceaa1194"},"headline":"Masymas renova amb el pilotari Marc Giner","datePublished":"2026-03-10T07:20:34+00:00","dateModified":"2026-03-10T07:22:30+00:00","mainEntityOfPage":{"@id":"https:\/\/canfali.com\/ca-es\/masymas-renova-amb-el-pilotari-marc-giner\/"},"wordCount":302,"publisher":{"@id":"https:\/\/canfali.com\/ca-es\/#organization"},"image":{"@id":"https:\/\/canfali.com\/ca-es\/masymas-renova-amb-el-pilotari-marc-giner\/#primaryimage"},"thumbnailUrl":"https:\/\/canfali.com\/app\/uploads\/2026\/03\/8masymas-copia-1-scaled.jpg","articleSection":["Deportes","Esports"],"inLanguage":"va-ES","copyrightYear":"2026","copyrightHolder":{"@id":"https:\/\/canfali.com\/#organization"}},{"@type":"WebPage","@id":"https:\/\/canfali.com\/ca-es\/masymas-renova-amb-el-pilotari-marc-giner\/","url":"https:\/\/canfali.com\/ca-es\/masymas-renova-amb-el-pilotari-marc-giner\/","name":"Masymas renova amb el pilotari Marc Giner - Canfali","isPartOf":{"@id":"https:\/\/canfali.com\/ca-es\/#website"},"primaryImageOfPage":{"@id":"https:\/\/canfali.com\/ca-es\/masymas-renova-amb-el-pilotari-marc-giner\/#primaryimage"},"image":{"@id":"https:\/\/canfali.com\/ca-es\/masymas-renova-amb-el-pilotari-marc-giner\/#primaryimage"},"thumbnailUrl":"https:\/\/canfali.com\/app\/uploads\/2026\/03\/8masymas-copia-1-scaled.jpg","datePublished":"2026-03-10T07:20:34+00:00","dateModified":"2026-03-10T07:22:30+00:00","description":"Masymas Supermercats ha renovat el seu acord de patrocini amb el pilotari Marc Giner, que continuar\u00e0 sent la imatge de la marca.","breadcrumb":{"@id":"https:\/\/canfali.com\/ca-es\/masymas-renova-amb-el-pilotari-marc-giner\/#breadcrumb"},"inLanguage":"va-ES","potentialAction":[{"@type":"ReadAction","target":["https:\/\/canfali.com\/ca-es\/masymas-renova-amb-el-pilotari-marc-giner\/"]}]},{"@type":"ImageObject","inLanguage":"va-ES","@id":"https:\/\/canfali.com\/ca-es\/masymas-renova-amb-el-pilotari-marc-giner\/#primaryimage","url":"https:\/\/canfali.com\/app\/uploads\/2026\/03\/8masymas-copia-1-scaled.jpg","contentUrl":"https:\/\/canfali.com\/app\/uploads\/2026\/03\/8masymas-copia-1-scaled.jpg","width":2560,"height":1862},{"@type":"BreadcrumbList","@id":"https:\/\/canfali.com\/ca-es\/masymas-renova-amb-el-pilotari-marc-giner\/#breadcrumb","itemListElement":[{"@type":"ListItem","position":1,"name":"Portada","item":"https:\/\/canfali.com\/ca-es\/"},{"@type":"ListItem","position":2,"name":"Masymas renova amb el pilotari Marc Giner"}]},{"@type":"WebSite","@id":"https:\/\/canfali.com\/ca-es\/#website","url":"https:\/\/canfali.com\/ca-es\/","name":"Canfali","description":"","publisher":{"@id":"https:\/\/canfali.com\/ca-es\/#organization"},"potentialAction":[{"@type":"SearchAction","target":{"@type":"EntryPoint","urlTemplate":"https:\/\/canfali.com\/ca-es\/?s={search_term_string}"},"query-input":{"@type":"PropertyValueSpecification","valueRequired":true,"valueName":"search_term_string"}}],"inLanguage":"va-ES"},{"@type":"Organization","@id":"https:\/\/canfali.com\/ca-es\/#organization","name":"Canfali","url":"https:\/\/canfali.com\/ca-es\/","logo":{"@type":"ImageObject","inLanguage":"va-ES","@id":"https:\/\/canfali.com\/ca-es\/#\/schema\/logo\/image\/","url":"https:\/\/canfali.com\/app\/uploads\/2025\/12\/canfali_marina_alta_logo.png","contentUrl":"https:\/\/canfali.com\/app\/uploads\/2025\/12\/canfali_marina_alta_logo.png","width":225,"height":225,"caption":"Canfali"},"image":{"@id":"https:\/\/canfali.com\/ca-es\/#\/schema\/logo\/image\/"},"sameAs":["https:\/\/es-es.facebook.com\/CANFALIMarinaAlta","https:\/\/x.com\/canfalima","https:\/\/www.instagram.com\/canfalimarinaalta\/"]},{"@type":"Person","@id":"https:\/\/canfali.com\/ca-es\/#\/schema\/person\/f540a86fb33e10daaae53c59ceaa1194","name":"Lluis","image":{"@type":"ImageObject","inLanguage":"va-ES","@id":"https:\/\/secure.gravatar.com\/avatar\/a21ec8835290e4e02ed0886b8cb327d807d0eb6ec8ccf25d4c2a0a415f506c0d?s=96&d=mm&r=g","url":"https:\/\/secure.gravatar.com\/avatar\/a21ec8835290e4e02ed0886b8cb327d807d0eb6ec8ccf25d4c2a0a415f506c0d?s=96&d=mm&r=g","contentUrl":"https:\/\/secure.gravatar.com\/avatar\/a21ec8835290e4e02ed0886b8cb327d807d0eb6ec8ccf25d4c2a0a415f506c0d?s=96&d=mm&r=g","caption":"Lluis"},"url":"https:\/\/canfali.com\/ca-es\/author\/lluis\/"}]}},"_links":{"self":[{"href":"https:\/\/canfali.com\/ca-es\/wp-json\/wp\/v2\/posts\/90731","targetHints":{"allow":["GET"]}}],"collection":[{"href":"https:\/\/canfali.com\/ca-es\/wp-json\/wp\/v2\/posts"}],"about":[{"href":"https:\/\/canfali.com\/ca-es\/wp-json\/wp\/v2\/types\/post"}],"author":[{"embeddable":true,"href":"https:\/\/canfali.com\/ca-es\/wp-json\/wp\/v2\/users\/8"}],"replies":[{"embeddable":true,"href":"https:\/\/canfali.com\/ca-es\/wp-json\/wp\/v2\/comments?post=90731"}],"version-history":[{"count":1,"href":"https:\/\/canfali.com\/ca-es\/wp-json\/wp\/v2\/posts\/90731\/revisions"}],"predecessor-version":[{"id":90732,"href":"https:\/\/canfali.com\/ca-es\/wp-json\/wp\/v2\/posts\/90731\/revisions\/90732"}],"wp:featuredmedia":[{"embeddable":true,"href":"https:\/\/canfali.com\/ca-es\/wp-json\/wp\/v2\/media\/90734"}],"wp:attachment":[{"href":"https:\/\/canfali.com\/ca-es\/wp-json\/wp\/v2\/media?parent=90731"}],"wp:term":[{"taxonomy":"category","embeddable":true,"href":"https:\/\/canfali.com\/ca-es\/wp-json\/wp\/v2\/categories?post=90731"},{"taxonomy":"post_tag","embeddable":true,"href":"https:\/\/canfali.com\/ca-es\/wp-json\/wp\/v2\/tags?post=90731"}],"curies":[{"name":"wp","href":"https:\/\/api.w.org\/{rel}","templated":true}]}}