{"id":90690,"date":"2026-03-09T13:35:41","date_gmt":"2026-03-09T12:35:41","guid":{"rendered":"https:\/\/canfali.com\/drons-per-a-preservar-el-medi-mari\/"},"modified":"2026-03-12T10:39:46","modified_gmt":"2026-03-12T09:39:46","slug":"drons-per-a-preservar-el-medi-mari","status":"publish","type":"post","link":"https:\/\/canfali.com\/ca-es\/drons-per-a-preservar-el-medi-mari\/","title":{"rendered":"Drons per a preservar el medi mar\u00ed"},"content":{"rendered":"\n<figure class=\"wp-block-pullquote\"><blockquote><p>Les jornades Alian\u00e7a Tortuga fan una aposta per la tecnologia aplicada a la protecci\u00f3 de les esp\u00e8cies<\/p><\/blockquote><\/figure>\n\n<p>Una delegaci\u00f3 costa-riquenya encap\u00e7alada per la presidenta de la Fundaci\u00f3 Parcs Nacionals de Costa Rica, Madeline Carvajal, participa durant tres dies a D\u00e9nia en unes jornades centrades en la protecci\u00f3 de les tortugues marines. La col\u00b7laboraci\u00f3 entre la Fundaci\u00f3 i l&#8217;Ajuntament de D\u00e9nia es materialitzar\u00e0 en la signatura d&#8217;un acord de col\u00b7laboraci\u00f3, en mat\u00e8ria de recerca i preservaci\u00f3, denominat Alian\u00e7a Tortuga. Avui dilluns, els representants del major parc de tortugues del m\u00f3n -amb m\u00e9s de 430.000 nius a l&#8217;any- han assistit a una demostraci\u00f3 de drons aplicats a la salvaguarda del medi mar\u00ed. Les seves funcions no es limitarien \u00fanicament al seguiment i control de les esp\u00e8cies i serien una eina \u00fatil per a la lluita contra la pesca furtiva, segons ha indicat el director general de Pesca, Miguel Castell.&#13;\n<\/p>\n\n<figure class=\"wp-block-gallery has-nested-images columns-default is-cropped wp-block-gallery-15 is-layout-flex wp-block-gallery-is-layout-flex\">\n<figure class=\"wp-block-image size-large\"><img decoding=\"async\" data-id=\"90679\" src=\"https:\/\/canfali.com\/app\/uploads\/2026\/03\/dron-5-1024x678.jpg.webp\" alt=\"\" class=\"wp-image-90679\"\/><\/figure>\n<\/figure>\n\n<p>Els drons permeten cartografiar i obtenir informaci\u00f3 sobre l&#8217;evoluci\u00f3 de la flora i fauna marina, controlar els fondejos i tamb\u00e9 el desenvolupament i afeccions de la Posid\u00f2nia oceanica. Serien especialment eficients en la Reserva Marina del Cap de Sant Antoni, ha assenyalat el director general, i aportarien dades i informaci\u00f3 per a confeccionar una s\u00e8rie hist\u00f2rica a partir de la qual poder fer prediccions de futur. &#13;\n\t<\/p>\n\n<p>En el cas de les tortugues, els drons faciliten el seguiment del rastre que deixen en la sorra, fonamental per a la protecci\u00f3 dels exemplars novells, i en la mar. <\/p>\n\n<figure class=\"wp-block-gallery has-nested-images columns-default is-cropped wp-block-gallery-16 is-layout-flex wp-block-gallery-is-layout-flex\">\n<figure class=\"wp-block-image size-large\"><img decoding=\"async\" data-id=\"90681\" src=\"https:\/\/canfali.com\/app\/uploads\/2026\/03\/dron-3-1024x678.jpg.webp\" alt=\"\" class=\"wp-image-90681\"\/><\/figure>\n<\/figure>\n\n<p>La regidora de Transici\u00f3 Ecol\u00f2gica, Sandra Gertr\u00fadix, ha remarcat l&#8217;oportunitat d&#8217;aprendre del major referent en implantaci\u00f3 i preservaci\u00f3 de tortugues, el Parc de Tortuguero, mentre que la directora dels Parcs Nacionals de Costa Rica ha destacat la import\u00e0ncia de l&#8217;educaci\u00f3 ambiental i la sensibilitzaci\u00f3 de la poblaci\u00f3 en els projectes de protecci\u00f3 de les tortugues.<\/p>\n\n<figure class=\"wp-block-image size-large\"><img decoding=\"async\" src=\"https:\/\/canfali.com\/app\/uploads\/2026\/03\/dron-13-1024x678.jpg.webp\" alt=\"\" class=\"wp-image-90683\"\/><\/figure>\n\n<p>Des de la companyia The NeveRrest Project, que aporta la seva tecnologia als parcs nacionals de Costa Rica per a mesurar l&#8217;impacte del turisme, Frederic Kauffmann ha assenyalat la necessitat d&#8217;incorporar els \u00faltims avan\u00e7os tecnol\u00f2gics i aprofitar l&#8217;experi\u00e8ncia del major parc de tortugues del m\u00f3n per a creuar dades sobre tr\u00e0nsit mar\u00edtim, turisme i medi ambient i analitzar el seu impacte en la reserva del Cap de Sant Antoni, que ha posat com a exemple de millora de l&#8217;h\u00e0bitat mar\u00ed i de la posid\u00f2nia.<\/p>\n\n<figure class=\"wp-block-gallery has-nested-images columns-default is-cropped wp-block-gallery-17 is-layout-flex wp-block-gallery-is-layout-flex\">\n<figure class=\"wp-block-image size-large\"><img decoding=\"async\" data-id=\"90685\" src=\"https:\/\/canfali.com\/app\/uploads\/2026\/03\/dron-2-678x1024.jpg.webp\" alt=\"\" class=\"wp-image-90685\"\/><\/figure>\n\n\n\n<figure class=\"wp-block-image size-large\"><img decoding=\"async\" data-id=\"90686\" src=\"https:\/\/canfali.com\/app\/uploads\/2026\/03\/dron-15-678x1024.jpg.webp\" alt=\"\" class=\"wp-image-90686\"\/><\/figure>\n<\/figure>\n","protected":false},"excerpt":{"rendered":"Les jornades Alian\u00e7a Tortuga fan una aposta per la tecnologia aplicada a la protecci\u00f3 de les esp\u00e8cies Una&hellip;","protected":false},"author":6,"featured_media":90678,"comment_status":"closed","ping_status":"closed","sticky":false,"template":"","format":"standard","meta":{"csco_display_header_overlay":false,"csco_singular_sidebar":"","csco_page_header_type":"","csco_page_load_nextpost":"","csco_post_video_location":[],"csco_post_video_location_hash":"","csco_post_video_url":"","csco_post_video_bg_start_time":0,"csco_post_video_bg_end_time":0,"footnotes":""},"categories":[574],"tags":[7062,7061,6822,6826,2663],"class_list":{"0":"post-90690","1":"post","2":"type-post","3":"status-publish","4":"format-standard","5":"has-post-thumbnail","7":"category-sociedad-2","8":"tag-drons","9":"tag-medi-mari","10":"tag-parque-nacional-de-tortuguero","11":"tag-the-neverrest-project-2","12":"tag-tortugues","13":"cs-entry","14":"cs-video-wrap"},"yoast_head":"<!-- This site is optimized with the Yoast SEO Premium plugin v26.6 (Yoast SEO v27.3) - https:\/\/yoast.com\/product\/yoast-seo-premium-wordpress\/ -->\n<title>Drons per a preservar el medi mar\u00ed - Canfali<\/title>\n<meta name=\"description\" content=\"Les jornades Alian\u00e7a Tortuga fan una aposta per la tecnologia aplicada a la protecci\u00f3 de les esp\u00e8cies\" \/>\n<meta name=\"robots\" content=\"index, follow, max-snippet:-1, max-image-preview:large, max-video-preview:-1\" \/>\n<link rel=\"canonical\" href=\"https:\/\/canfali.com\/ca-es\/drons-per-a-preservar-el-medi-mari\/\" \/>\n<meta property=\"og:locale\" content=\"en_US\" \/>\n<meta property=\"og:type\" content=\"article\" \/>\n<meta property=\"og:title\" content=\"Drons per a preservar el medi mar\u00ed\" \/>\n<meta property=\"og:description\" content=\"Les jornades Alian\u00e7a Tortuga fan una aposta per la tecnologia aplicada a la protecci\u00f3 de les esp\u00e8cies\" \/>\n<meta property=\"og:url\" content=\"https:\/\/canfali.com\/ca-es\/drons-per-a-preservar-el-medi-mari\/\" \/>\n<meta property=\"og:site_name\" content=\"Canfali\" \/>\n<meta property=\"article:publisher\" content=\"https:\/\/es-es.facebook.com\/CANFALIMarinaAlta\" \/>\n<meta property=\"article:published_time\" content=\"2026-03-09T12:35:41+00:00\" \/>\n<meta property=\"article:modified_time\" content=\"2026-03-12T09:39:46+00:00\" \/>\n<meta property=\"og:image\" content=\"https:\/\/canfali.com\/app\/uploads\/2026\/03\/dron-10-scaled.jpg\" \/>\n\t<meta property=\"og:image:width\" content=\"2560\" \/>\n\t<meta property=\"og:image:height\" content=\"1696\" \/>\n\t<meta property=\"og:image:type\" content=\"image\/jpeg\" \/>\n<meta name=\"author\" content=\"Rosa\" \/>\n<meta name=\"twitter:card\" content=\"summary_large_image\" \/>\n<meta name=\"twitter:creator\" content=\"@canfalima\" \/>\n<meta name=\"twitter:site\" content=\"@canfalima\" \/>\n<meta name=\"twitter:label1\" content=\"Written by\" \/>\n\t<meta name=\"twitter:data1\" content=\"Rosa\" \/>\n\t<meta name=\"twitter:label2\" content=\"Est. reading time\" \/>\n\t<meta name=\"twitter:data2\" content=\"2 minutes\" \/>\n<script type=\"application\/ld+json\" class=\"yoast-schema-graph\">{\"@context\":\"https:\\\/\\\/schema.org\",\"@graph\":[{\"@type\":\"NewsArticle\",\"@id\":\"https:\\\/\\\/canfali.com\\\/ca-es\\\/drons-per-a-preservar-el-medi-mari\\\/#article\",\"isPartOf\":{\"@id\":\"https:\\\/\\\/canfali.com\\\/ca-es\\\/drons-per-a-preservar-el-medi-mari\\\/\"},\"author\":{\"name\":\"Rosa\",\"@id\":\"https:\\\/\\\/canfali.com\\\/ca-es\\\/#\\\/schema\\\/person\\\/c861a7aa2b2495357b95f35bd5d82f88\"},\"headline\":\"Drons per a preservar el medi mar\u00ed\",\"datePublished\":\"2026-03-09T12:35:41+00:00\",\"dateModified\":\"2026-03-12T09:39:46+00:00\",\"mainEntityOfPage\":{\"@id\":\"https:\\\/\\\/canfali.com\\\/ca-es\\\/drons-per-a-preservar-el-medi-mari\\\/\"},\"wordCount\":425,\"publisher\":{\"@id\":\"https:\\\/\\\/canfali.com\\\/ca-es\\\/#organization\"},\"image\":{\"@id\":\"https:\\\/\\\/canfali.com\\\/ca-es\\\/drons-per-a-preservar-el-medi-mari\\\/#primaryimage\"},\"thumbnailUrl\":\"https:\\\/\\\/canfali.com\\\/app\\\/uploads\\\/2026\\\/03\\\/dron-10-scaled.jpg\",\"keywords\":[\"drons\",\"medi mar\u00ed\",\"Parque Nacional de Tortuguero\",\"The NeverRest Project\",\"tortugues\"],\"articleSection\":[\"Sociedad\"],\"inLanguage\":\"va-ES\",\"copyrightYear\":\"2026\",\"copyrightHolder\":{\"@id\":\"https:\\\/\\\/canfali.com\\\/#organization\"}},{\"@type\":\"WebPage\",\"@id\":\"https:\\\/\\\/canfali.com\\\/ca-es\\\/drons-per-a-preservar-el-medi-mari\\\/\",\"url\":\"https:\\\/\\\/canfali.com\\\/ca-es\\\/drons-per-a-preservar-el-medi-mari\\\/\",\"name\":\"Drons per a preservar el medi mar\u00ed - Canfali\",\"isPartOf\":{\"@id\":\"https:\\\/\\\/canfali.com\\\/ca-es\\\/#website\"},\"primaryImageOfPage\":{\"@id\":\"https:\\\/\\\/canfali.com\\\/ca-es\\\/drons-per-a-preservar-el-medi-mari\\\/#primaryimage\"},\"image\":{\"@id\":\"https:\\\/\\\/canfali.com\\\/ca-es\\\/drons-per-a-preservar-el-medi-mari\\\/#primaryimage\"},\"thumbnailUrl\":\"https:\\\/\\\/canfali.com\\\/app\\\/uploads\\\/2026\\\/03\\\/dron-10-scaled.jpg\",\"datePublished\":\"2026-03-09T12:35:41+00:00\",\"dateModified\":\"2026-03-12T09:39:46+00:00\",\"description\":\"Les jornades Alian\u00e7a Tortuga fan una aposta per la tecnologia aplicada a la protecci\u00f3 de les esp\u00e8cies\",\"breadcrumb\":{\"@id\":\"https:\\\/\\\/canfali.com\\\/ca-es\\\/drons-per-a-preservar-el-medi-mari\\\/#breadcrumb\"},\"inLanguage\":\"va-ES\",\"potentialAction\":[{\"@type\":\"ReadAction\",\"target\":[\"https:\\\/\\\/canfali.com\\\/ca-es\\\/drons-per-a-preservar-el-medi-mari\\\/\"]}]},{\"@type\":\"ImageObject\",\"inLanguage\":\"va-ES\",\"@id\":\"https:\\\/\\\/canfali.com\\\/ca-es\\\/drons-per-a-preservar-el-medi-mari\\\/#primaryimage\",\"url\":\"https:\\\/\\\/canfali.com\\\/app\\\/uploads\\\/2026\\\/03\\\/dron-10-scaled.jpg\",\"contentUrl\":\"https:\\\/\\\/canfali.com\\\/app\\\/uploads\\\/2026\\\/03\\\/dron-10-scaled.jpg\",\"width\":2560,\"height\":1696},{\"@type\":\"BreadcrumbList\",\"@id\":\"https:\\\/\\\/canfali.com\\\/ca-es\\\/drons-per-a-preservar-el-medi-mari\\\/#breadcrumb\",\"itemListElement\":[{\"@type\":\"ListItem\",\"position\":1,\"name\":\"Portada\",\"item\":\"https:\\\/\\\/canfali.com\\\/ca-es\\\/\"},{\"@type\":\"ListItem\",\"position\":2,\"name\":\"Drons per a preservar el medi mar\u00ed\"}]},{\"@type\":\"WebSite\",\"@id\":\"https:\\\/\\\/canfali.com\\\/ca-es\\\/#website\",\"url\":\"https:\\\/\\\/canfali.com\\\/ca-es\\\/\",\"name\":\"Canfali\",\"description\":\"\",\"publisher\":{\"@id\":\"https:\\\/\\\/canfali.com\\\/ca-es\\\/#organization\"},\"potentialAction\":[{\"@type\":\"SearchAction\",\"target\":{\"@type\":\"EntryPoint\",\"urlTemplate\":\"https:\\\/\\\/canfali.com\\\/ca-es\\\/?s={search_term_string}\"},\"query-input\":{\"@type\":\"PropertyValueSpecification\",\"valueRequired\":true,\"valueName\":\"search_term_string\"}}],\"inLanguage\":\"va-ES\"},{\"@type\":\"Organization\",\"@id\":\"https:\\\/\\\/canfali.com\\\/ca-es\\\/#organization\",\"name\":\"Canfali\",\"url\":\"https:\\\/\\\/canfali.com\\\/ca-es\\\/\",\"logo\":{\"@type\":\"ImageObject\",\"inLanguage\":\"va-ES\",\"@id\":\"https:\\\/\\\/canfali.com\\\/ca-es\\\/#\\\/schema\\\/logo\\\/image\\\/\",\"url\":\"https:\\\/\\\/canfali.com\\\/app\\\/uploads\\\/2025\\\/12\\\/canfali_marina_alta_logo.png\",\"contentUrl\":\"https:\\\/\\\/canfali.com\\\/app\\\/uploads\\\/2025\\\/12\\\/canfali_marina_alta_logo.png\",\"width\":225,\"height\":225,\"caption\":\"Canfali\"},\"image\":{\"@id\":\"https:\\\/\\\/canfali.com\\\/ca-es\\\/#\\\/schema\\\/logo\\\/image\\\/\"},\"sameAs\":[\"https:\\\/\\\/es-es.facebook.com\\\/CANFALIMarinaAlta\",\"https:\\\/\\\/x.com\\\/canfalima\",\"https:\\\/\\\/www.instagram.com\\\/canfalimarinaalta\\\/\"]},{\"@type\":\"Person\",\"@id\":\"https:\\\/\\\/canfali.com\\\/ca-es\\\/#\\\/schema\\\/person\\\/c861a7aa2b2495357b95f35bd5d82f88\",\"name\":\"Rosa\",\"image\":{\"@type\":\"ImageObject\",\"inLanguage\":\"va-ES\",\"@id\":\"https:\\\/\\\/secure.gravatar.com\\\/avatar\\\/47fb83d99423a6ef1cf9f83f02a5e91366c671dec76c5c24badf1b0494e1d960?s=96&d=mm&r=g\",\"url\":\"https:\\\/\\\/secure.gravatar.com\\\/avatar\\\/47fb83d99423a6ef1cf9f83f02a5e91366c671dec76c5c24badf1b0494e1d960?s=96&d=mm&r=g\",\"contentUrl\":\"https:\\\/\\\/secure.gravatar.com\\\/avatar\\\/47fb83d99423a6ef1cf9f83f02a5e91366c671dec76c5c24badf1b0494e1d960?s=96&d=mm&r=g\",\"caption\":\"Rosa\"},\"url\":\"https:\\\/\\\/canfali.com\\\/ca-es\\\/author\\\/rosa\\\/\"}]}<\/script>\n<!-- \/ Yoast SEO Premium plugin. -->","yoast_head_json":{"title":"Drons per a preservar el medi mar\u00ed - Canfali","description":"Les jornades Alian\u00e7a Tortuga fan una aposta per la tecnologia aplicada a la protecci\u00f3 de les esp\u00e8cies","robots":{"index":"index","follow":"follow","max-snippet":"max-snippet:-1","max-image-preview":"max-image-preview:large","max-video-preview":"max-video-preview:-1"},"canonical":"https:\/\/canfali.com\/ca-es\/drons-per-a-preservar-el-medi-mari\/","og_locale":"en_US","og_type":"article","og_title":"Drons per a preservar el medi mar\u00ed","og_description":"Les jornades Alian\u00e7a Tortuga fan una aposta per la tecnologia aplicada a la protecci\u00f3 de les esp\u00e8cies","og_url":"https:\/\/canfali.com\/ca-es\/drons-per-a-preservar-el-medi-mari\/","og_site_name":"Canfali","article_publisher":"https:\/\/es-es.facebook.com\/CANFALIMarinaAlta","article_published_time":"2026-03-09T12:35:41+00:00","article_modified_time":"2026-03-12T09:39:46+00:00","og_image":[{"width":2560,"height":1696,"url":"https:\/\/canfali.com\/app\/uploads\/2026\/03\/dron-10-scaled.jpg","type":"image\/jpeg"}],"author":"Rosa","twitter_card":"summary_large_image","twitter_creator":"@canfalima","twitter_site":"@canfalima","twitter_misc":{"Written by":"Rosa","Est. reading time":"2 minutes"},"schema":{"@context":"https:\/\/schema.org","@graph":[{"@type":"NewsArticle","@id":"https:\/\/canfali.com\/ca-es\/drons-per-a-preservar-el-medi-mari\/#article","isPartOf":{"@id":"https:\/\/canfali.com\/ca-es\/drons-per-a-preservar-el-medi-mari\/"},"author":{"name":"Rosa","@id":"https:\/\/canfali.com\/ca-es\/#\/schema\/person\/c861a7aa2b2495357b95f35bd5d82f88"},"headline":"Drons per a preservar el medi mar\u00ed","datePublished":"2026-03-09T12:35:41+00:00","dateModified":"2026-03-12T09:39:46+00:00","mainEntityOfPage":{"@id":"https:\/\/canfali.com\/ca-es\/drons-per-a-preservar-el-medi-mari\/"},"wordCount":425,"publisher":{"@id":"https:\/\/canfali.com\/ca-es\/#organization"},"image":{"@id":"https:\/\/canfali.com\/ca-es\/drons-per-a-preservar-el-medi-mari\/#primaryimage"},"thumbnailUrl":"https:\/\/canfali.com\/app\/uploads\/2026\/03\/dron-10-scaled.jpg","keywords":["drons","medi mar\u00ed","Parque Nacional de Tortuguero","The NeverRest Project","tortugues"],"articleSection":["Sociedad"],"inLanguage":"va-ES","copyrightYear":"2026","copyrightHolder":{"@id":"https:\/\/canfali.com\/#organization"}},{"@type":"WebPage","@id":"https:\/\/canfali.com\/ca-es\/drons-per-a-preservar-el-medi-mari\/","url":"https:\/\/canfali.com\/ca-es\/drons-per-a-preservar-el-medi-mari\/","name":"Drons per a preservar el medi mar\u00ed - Canfali","isPartOf":{"@id":"https:\/\/canfali.com\/ca-es\/#website"},"primaryImageOfPage":{"@id":"https:\/\/canfali.com\/ca-es\/drons-per-a-preservar-el-medi-mari\/#primaryimage"},"image":{"@id":"https:\/\/canfali.com\/ca-es\/drons-per-a-preservar-el-medi-mari\/#primaryimage"},"thumbnailUrl":"https:\/\/canfali.com\/app\/uploads\/2026\/03\/dron-10-scaled.jpg","datePublished":"2026-03-09T12:35:41+00:00","dateModified":"2026-03-12T09:39:46+00:00","description":"Les jornades Alian\u00e7a Tortuga fan una aposta per la tecnologia aplicada a la protecci\u00f3 de les esp\u00e8cies","breadcrumb":{"@id":"https:\/\/canfali.com\/ca-es\/drons-per-a-preservar-el-medi-mari\/#breadcrumb"},"inLanguage":"va-ES","potentialAction":[{"@type":"ReadAction","target":["https:\/\/canfali.com\/ca-es\/drons-per-a-preservar-el-medi-mari\/"]}]},{"@type":"ImageObject","inLanguage":"va-ES","@id":"https:\/\/canfali.com\/ca-es\/drons-per-a-preservar-el-medi-mari\/#primaryimage","url":"https:\/\/canfali.com\/app\/uploads\/2026\/03\/dron-10-scaled.jpg","contentUrl":"https:\/\/canfali.com\/app\/uploads\/2026\/03\/dron-10-scaled.jpg","width":2560,"height":1696},{"@type":"BreadcrumbList","@id":"https:\/\/canfali.com\/ca-es\/drons-per-a-preservar-el-medi-mari\/#breadcrumb","itemListElement":[{"@type":"ListItem","position":1,"name":"Portada","item":"https:\/\/canfali.com\/ca-es\/"},{"@type":"ListItem","position":2,"name":"Drons per a preservar el medi mar\u00ed"}]},{"@type":"WebSite","@id":"https:\/\/canfali.com\/ca-es\/#website","url":"https:\/\/canfali.com\/ca-es\/","name":"Canfali","description":"","publisher":{"@id":"https:\/\/canfali.com\/ca-es\/#organization"},"potentialAction":[{"@type":"SearchAction","target":{"@type":"EntryPoint","urlTemplate":"https:\/\/canfali.com\/ca-es\/?s={search_term_string}"},"query-input":{"@type":"PropertyValueSpecification","valueRequired":true,"valueName":"search_term_string"}}],"inLanguage":"va-ES"},{"@type":"Organization","@id":"https:\/\/canfali.com\/ca-es\/#organization","name":"Canfali","url":"https:\/\/canfali.com\/ca-es\/","logo":{"@type":"ImageObject","inLanguage":"va-ES","@id":"https:\/\/canfali.com\/ca-es\/#\/schema\/logo\/image\/","url":"https:\/\/canfali.com\/app\/uploads\/2025\/12\/canfali_marina_alta_logo.png","contentUrl":"https:\/\/canfali.com\/app\/uploads\/2025\/12\/canfali_marina_alta_logo.png","width":225,"height":225,"caption":"Canfali"},"image":{"@id":"https:\/\/canfali.com\/ca-es\/#\/schema\/logo\/image\/"},"sameAs":["https:\/\/es-es.facebook.com\/CANFALIMarinaAlta","https:\/\/x.com\/canfalima","https:\/\/www.instagram.com\/canfalimarinaalta\/"]},{"@type":"Person","@id":"https:\/\/canfali.com\/ca-es\/#\/schema\/person\/c861a7aa2b2495357b95f35bd5d82f88","name":"Rosa","image":{"@type":"ImageObject","inLanguage":"va-ES","@id":"https:\/\/secure.gravatar.com\/avatar\/47fb83d99423a6ef1cf9f83f02a5e91366c671dec76c5c24badf1b0494e1d960?s=96&d=mm&r=g","url":"https:\/\/secure.gravatar.com\/avatar\/47fb83d99423a6ef1cf9f83f02a5e91366c671dec76c5c24badf1b0494e1d960?s=96&d=mm&r=g","contentUrl":"https:\/\/secure.gravatar.com\/avatar\/47fb83d99423a6ef1cf9f83f02a5e91366c671dec76c5c24badf1b0494e1d960?s=96&d=mm&r=g","caption":"Rosa"},"url":"https:\/\/canfali.com\/ca-es\/author\/rosa\/"}]}},"_links":{"self":[{"href":"https:\/\/canfali.com\/ca-es\/wp-json\/wp\/v2\/posts\/90690","targetHints":{"allow":["GET"]}}],"collection":[{"href":"https:\/\/canfali.com\/ca-es\/wp-json\/wp\/v2\/posts"}],"about":[{"href":"https:\/\/canfali.com\/ca-es\/wp-json\/wp\/v2\/types\/post"}],"author":[{"embeddable":true,"href":"https:\/\/canfali.com\/ca-es\/wp-json\/wp\/v2\/users\/6"}],"replies":[{"embeddable":true,"href":"https:\/\/canfali.com\/ca-es\/wp-json\/wp\/v2\/comments?post=90690"}],"version-history":[{"count":2,"href":"https:\/\/canfali.com\/ca-es\/wp-json\/wp\/v2\/posts\/90690\/revisions"}],"predecessor-version":[{"id":90963,"href":"https:\/\/canfali.com\/ca-es\/wp-json\/wp\/v2\/posts\/90690\/revisions\/90963"}],"wp:featuredmedia":[{"embeddable":true,"href":"https:\/\/canfali.com\/ca-es\/wp-json\/wp\/v2\/media\/90678"}],"wp:attachment":[{"href":"https:\/\/canfali.com\/ca-es\/wp-json\/wp\/v2\/media?parent=90690"}],"wp:term":[{"taxonomy":"category","embeddable":true,"href":"https:\/\/canfali.com\/ca-es\/wp-json\/wp\/v2\/categories?post=90690"},{"taxonomy":"post_tag","embeddable":true,"href":"https:\/\/canfali.com\/ca-es\/wp-json\/wp\/v2\/tags?post=90690"}],"curies":[{"name":"wp","href":"https:\/\/api.w.org\/{rel}","templated":true}]}}