{"id":90668,"date":"2026-03-09T11:30:42","date_gmt":"2026-03-09T10:30:42","guid":{"rendered":"https:\/\/canfali.com\/primera-ffcv-triomfs-per-a-pego-i-teulada\/"},"modified":"2026-03-09T11:31:53","modified_gmt":"2026-03-09T10:31:53","slug":"primera-ffcv-triomfs-per-a-pego-i-teulada","status":"publish","type":"post","link":"https:\/\/canfali.com\/ca-es\/primera-ffcv-triomfs-per-a-pego-i-teulada\/","title":{"rendered":"Primera FFCV: Triomfs per a Pego i Teulada"},"content":{"rendered":"\n<p>El Pego i el Teulada-Moraira van aconseguir meritoris triomfs en aquesta vint-i-tresena jornada, el que els permet agafar un respir i trencar les seues respectives ratxes negatives de cinc partits sense guanyar.&#13;\n<\/p>\n\n<p>En el grup III de la Primera FFCV, el Pego va superar l\u2019Alc\u00fadia per 2-0 gr\u00e0cies a l\u2019efic\u00e0cia i a l\u2019ordre defensiu, aix\u00ed com als gols d\u2019Arnau i Pere Cots en la primera meitat. L\u2019encontre va estar marcat pel domini de la possessi\u00f3 de l\u2019equip visitant, que va intentar portar el pes del joc, mentre que el conjunt roig i negre va apostar per un plantejament ordenat, ben posicionat al camp i buscant fer mal al contraatac. Abans del descans, el Pego ja va poder sentenciar el partit amb algunes arribades clares, i a l\u2019inici de la segona meitat va disposar de diverses ocasions evidents, amb un tir al pal de Cabanilles i oportunitats d\u2019Omar i Esteban.&#13;\n<\/p>\n\n<p>Tot i el major control de la pilota per part de l\u2019Alc\u00fadia, els visitants quasi no van generar perill m\u00e9s enll\u00e0 d\u2019algun xut lluny\u00e0 i diversos centres que la defensa local va resoldre amb solv\u00e8ncia. El risc assumit per l\u2019Alc\u00fadia amb el marcador advers va deixar espais que el Pego va saber aprofitar al contraatac, en un partit en qu\u00e8 el resultat final fins i tot podria haver estat m\u00e9s ampli per als locals.&#13;\n<\/p>\n\n<figure class=\"wp-block-image size-large\"><img decoding=\"async\" src=\"https:\/\/canfali.com\/app\/uploads\/2026\/03\/8primeraffcv-teulada-1024x771.jpeg.webp\" alt=\"\" class=\"wp-image-90665\"\/><\/figure>\n\n<p>En el grup IV, el Teulada-Moraira visitava el camp del colista, l\u2019Algorfa, on va haver de patir per endur-se tres punts importants. Els locals es van avan\u00e7ar en el minut 12, per\u00f2 els de Coca van donar la volta al marcador en la segona meitat, primer amb un gol en pr\u00f2pia porta en el minut 66 i despr\u00e9s amb un altre d\u2019Alejandro Tormo, al 82. El Teulada-Moraira va posar coratge i molt treball per sumar els tres punts davant un equip que es jugava la vida. Naim, Campayo i Pere van acabar el partit lesionats.&#13;\n<\/p>\n","protected":false},"excerpt":{"rendered":"El Pego i el Teulada-Moraira van aconseguir meritoris triomfs en aquesta vint-i-tresena jornada, el que els permet agafar&hellip;","protected":false},"author":8,"featured_media":90664,"comment_status":"closed","ping_status":"closed","sticky":false,"template":"","format":"standard","meta":{"csco_display_header_overlay":false,"csco_singular_sidebar":"","csco_page_header_type":"","csco_page_load_nextpost":"","csco_post_video_location":[],"csco_post_video_location_hash":"","csco_post_video_url":"","csco_post_video_bg_start_time":0,"csco_post_video_bg_end_time":0,"footnotes":""},"categories":[573,598,601],"tags":[],"class_list":{"0":"post-90668","1":"post","2":"type-post","3":"status-publish","4":"format-standard","5":"has-post-thumbnail","7":"category-deportes-2","8":"category-esports","9":"category-futbol-ca-es","10":"cs-entry","11":"cs-video-wrap"},"yoast_head":"<!-- This site is optimized with the Yoast SEO Premium plugin v26.6 (Yoast SEO v27.3) - https:\/\/yoast.com\/product\/yoast-seo-premium-wordpress\/ -->\n<title>Primera FFCV: Triomfs per a Pego i Teulada - Canfali<\/title>\n<meta name=\"description\" content=\"El Pego i el Teulada-Moraira es prenen un respir i trenquen les seues respectives ratxes negatives de cinc partits sense guanyar.\" \/>\n<meta name=\"robots\" content=\"index, follow, max-snippet:-1, max-image-preview:large, max-video-preview:-1\" \/>\n<link rel=\"canonical\" href=\"https:\/\/canfali.com\/ca-es\/primera-ffcv-triomfs-per-a-pego-i-teulada\/\" \/>\n<meta property=\"og:locale\" content=\"en_US\" \/>\n<meta property=\"og:type\" content=\"article\" \/>\n<meta property=\"og:title\" content=\"Primera FFCV: Triomfs per a Pego i Teulada\" \/>\n<meta property=\"og:description\" content=\"El Pego i el Teulada-Moraira es prenen un respir i trenquen les seues respectives ratxes negatives de cinc partits sense guanyar.\" \/>\n<meta property=\"og:url\" content=\"https:\/\/canfali.com\/ca-es\/primera-ffcv-triomfs-per-a-pego-i-teulada\/\" \/>\n<meta property=\"og:site_name\" content=\"Canfali\" \/>\n<meta property=\"article:publisher\" content=\"https:\/\/es-es.facebook.com\/CANFALIMarinaAlta\" \/>\n<meta property=\"article:published_time\" content=\"2026-03-09T10:30:42+00:00\" \/>\n<meta property=\"article:modified_time\" content=\"2026-03-09T10:31:53+00:00\" \/>\n<meta property=\"og:image\" content=\"https:\/\/canfali.com\/app\/uploads\/2026\/03\/8primeraffcv-pego-copia.jpeg\" \/>\n\t<meta property=\"og:image:width\" content=\"1043\" \/>\n\t<meta property=\"og:image:height\" content=\"527\" \/>\n\t<meta property=\"og:image:type\" content=\"image\/jpeg\" \/>\n<meta name=\"author\" content=\"Lluis\" \/>\n<meta name=\"twitter:card\" content=\"summary_large_image\" \/>\n<meta name=\"twitter:creator\" content=\"@canfalima\" \/>\n<meta name=\"twitter:site\" content=\"@canfalima\" \/>\n<meta name=\"twitter:label1\" content=\"Written by\" \/>\n\t<meta name=\"twitter:data1\" content=\"Lluis\" \/>\n\t<meta name=\"twitter:label2\" content=\"Est. reading time\" \/>\n\t<meta name=\"twitter:data2\" content=\"2 minutes\" \/>\n<script type=\"application\/ld+json\" class=\"yoast-schema-graph\">{\"@context\":\"https:\\\/\\\/schema.org\",\"@graph\":[{\"@type\":\"NewsArticle\",\"@id\":\"https:\\\/\\\/canfali.com\\\/ca-es\\\/primera-ffcv-triomfs-per-a-pego-i-teulada\\\/#article\",\"isPartOf\":{\"@id\":\"https:\\\/\\\/canfali.com\\\/ca-es\\\/primera-ffcv-triomfs-per-a-pego-i-teulada\\\/\"},\"author\":{\"name\":\"Lluis\",\"@id\":\"https:\\\/\\\/canfali.com\\\/ca-es\\\/#\\\/schema\\\/person\\\/f540a86fb33e10daaae53c59ceaa1194\"},\"headline\":\"Primera FFCV: Triomfs per a Pego i Teulada\",\"datePublished\":\"2026-03-09T10:30:42+00:00\",\"dateModified\":\"2026-03-09T10:31:53+00:00\",\"mainEntityOfPage\":{\"@id\":\"https:\\\/\\\/canfali.com\\\/ca-es\\\/primera-ffcv-triomfs-per-a-pego-i-teulada\\\/\"},\"wordCount\":347,\"publisher\":{\"@id\":\"https:\\\/\\\/canfali.com\\\/ca-es\\\/#organization\"},\"image\":{\"@id\":\"https:\\\/\\\/canfali.com\\\/ca-es\\\/primera-ffcv-triomfs-per-a-pego-i-teulada\\\/#primaryimage\"},\"thumbnailUrl\":\"https:\\\/\\\/canfali.com\\\/app\\\/uploads\\\/2026\\\/03\\\/8primeraffcv-pego-copia.jpeg\",\"articleSection\":[\"Deportes\",\"Esports\",\"Futbol\"],\"inLanguage\":\"va-ES\",\"copyrightYear\":\"2026\",\"copyrightHolder\":{\"@id\":\"https:\\\/\\\/canfali.com\\\/#organization\"}},{\"@type\":\"WebPage\",\"@id\":\"https:\\\/\\\/canfali.com\\\/ca-es\\\/primera-ffcv-triomfs-per-a-pego-i-teulada\\\/\",\"url\":\"https:\\\/\\\/canfali.com\\\/ca-es\\\/primera-ffcv-triomfs-per-a-pego-i-teulada\\\/\",\"name\":\"Primera FFCV: Triomfs per a Pego i Teulada - Canfali\",\"isPartOf\":{\"@id\":\"https:\\\/\\\/canfali.com\\\/ca-es\\\/#website\"},\"primaryImageOfPage\":{\"@id\":\"https:\\\/\\\/canfali.com\\\/ca-es\\\/primera-ffcv-triomfs-per-a-pego-i-teulada\\\/#primaryimage\"},\"image\":{\"@id\":\"https:\\\/\\\/canfali.com\\\/ca-es\\\/primera-ffcv-triomfs-per-a-pego-i-teulada\\\/#primaryimage\"},\"thumbnailUrl\":\"https:\\\/\\\/canfali.com\\\/app\\\/uploads\\\/2026\\\/03\\\/8primeraffcv-pego-copia.jpeg\",\"datePublished\":\"2026-03-09T10:30:42+00:00\",\"dateModified\":\"2026-03-09T10:31:53+00:00\",\"description\":\"El Pego i el Teulada-Moraira es prenen un respir i trenquen les seues respectives ratxes negatives de cinc partits sense guanyar.\",\"breadcrumb\":{\"@id\":\"https:\\\/\\\/canfali.com\\\/ca-es\\\/primera-ffcv-triomfs-per-a-pego-i-teulada\\\/#breadcrumb\"},\"inLanguage\":\"va-ES\",\"potentialAction\":[{\"@type\":\"ReadAction\",\"target\":[\"https:\\\/\\\/canfali.com\\\/ca-es\\\/primera-ffcv-triomfs-per-a-pego-i-teulada\\\/\"]}]},{\"@type\":\"ImageObject\",\"inLanguage\":\"va-ES\",\"@id\":\"https:\\\/\\\/canfali.com\\\/ca-es\\\/primera-ffcv-triomfs-per-a-pego-i-teulada\\\/#primaryimage\",\"url\":\"https:\\\/\\\/canfali.com\\\/app\\\/uploads\\\/2026\\\/03\\\/8primeraffcv-pego-copia.jpeg\",\"contentUrl\":\"https:\\\/\\\/canfali.com\\\/app\\\/uploads\\\/2026\\\/03\\\/8primeraffcv-pego-copia.jpeg\",\"width\":1043,\"height\":527},{\"@type\":\"BreadcrumbList\",\"@id\":\"https:\\\/\\\/canfali.com\\\/ca-es\\\/primera-ffcv-triomfs-per-a-pego-i-teulada\\\/#breadcrumb\",\"itemListElement\":[{\"@type\":\"ListItem\",\"position\":1,\"name\":\"Portada\",\"item\":\"https:\\\/\\\/canfali.com\\\/ca-es\\\/\"},{\"@type\":\"ListItem\",\"position\":2,\"name\":\"Primera FFCV: Triomfs per a Pego i Teulada\"}]},{\"@type\":\"WebSite\",\"@id\":\"https:\\\/\\\/canfali.com\\\/ca-es\\\/#website\",\"url\":\"https:\\\/\\\/canfali.com\\\/ca-es\\\/\",\"name\":\"Canfali\",\"description\":\"\",\"publisher\":{\"@id\":\"https:\\\/\\\/canfali.com\\\/ca-es\\\/#organization\"},\"potentialAction\":[{\"@type\":\"SearchAction\",\"target\":{\"@type\":\"EntryPoint\",\"urlTemplate\":\"https:\\\/\\\/canfali.com\\\/ca-es\\\/?s={search_term_string}\"},\"query-input\":{\"@type\":\"PropertyValueSpecification\",\"valueRequired\":true,\"valueName\":\"search_term_string\"}}],\"inLanguage\":\"va-ES\"},{\"@type\":\"Organization\",\"@id\":\"https:\\\/\\\/canfali.com\\\/ca-es\\\/#organization\",\"name\":\"Canfali\",\"url\":\"https:\\\/\\\/canfali.com\\\/ca-es\\\/\",\"logo\":{\"@type\":\"ImageObject\",\"inLanguage\":\"va-ES\",\"@id\":\"https:\\\/\\\/canfali.com\\\/ca-es\\\/#\\\/schema\\\/logo\\\/image\\\/\",\"url\":\"https:\\\/\\\/canfali.com\\\/app\\\/uploads\\\/2025\\\/12\\\/canfali_marina_alta_logo.png\",\"contentUrl\":\"https:\\\/\\\/canfali.com\\\/app\\\/uploads\\\/2025\\\/12\\\/canfali_marina_alta_logo.png\",\"width\":225,\"height\":225,\"caption\":\"Canfali\"},\"image\":{\"@id\":\"https:\\\/\\\/canfali.com\\\/ca-es\\\/#\\\/schema\\\/logo\\\/image\\\/\"},\"sameAs\":[\"https:\\\/\\\/es-es.facebook.com\\\/CANFALIMarinaAlta\",\"https:\\\/\\\/x.com\\\/canfalima\",\"https:\\\/\\\/www.instagram.com\\\/canfalimarinaalta\\\/\"]},{\"@type\":\"Person\",\"@id\":\"https:\\\/\\\/canfali.com\\\/ca-es\\\/#\\\/schema\\\/person\\\/f540a86fb33e10daaae53c59ceaa1194\",\"name\":\"Lluis\",\"image\":{\"@type\":\"ImageObject\",\"inLanguage\":\"va-ES\",\"@id\":\"https:\\\/\\\/secure.gravatar.com\\\/avatar\\\/a21ec8835290e4e02ed0886b8cb327d807d0eb6ec8ccf25d4c2a0a415f506c0d?s=96&d=mm&r=g\",\"url\":\"https:\\\/\\\/secure.gravatar.com\\\/avatar\\\/a21ec8835290e4e02ed0886b8cb327d807d0eb6ec8ccf25d4c2a0a415f506c0d?s=96&d=mm&r=g\",\"contentUrl\":\"https:\\\/\\\/secure.gravatar.com\\\/avatar\\\/a21ec8835290e4e02ed0886b8cb327d807d0eb6ec8ccf25d4c2a0a415f506c0d?s=96&d=mm&r=g\",\"caption\":\"Lluis\"},\"url\":\"https:\\\/\\\/canfali.com\\\/ca-es\\\/author\\\/lluis\\\/\"}]}<\/script>\n<!-- \/ Yoast SEO Premium plugin. -->","yoast_head_json":{"title":"Primera FFCV: Triomfs per a Pego i Teulada - Canfali","description":"El Pego i el Teulada-Moraira es prenen un respir i trenquen les seues respectives ratxes negatives de cinc partits sense guanyar.","robots":{"index":"index","follow":"follow","max-snippet":"max-snippet:-1","max-image-preview":"max-image-preview:large","max-video-preview":"max-video-preview:-1"},"canonical":"https:\/\/canfali.com\/ca-es\/primera-ffcv-triomfs-per-a-pego-i-teulada\/","og_locale":"en_US","og_type":"article","og_title":"Primera FFCV: Triomfs per a Pego i Teulada","og_description":"El Pego i el Teulada-Moraira es prenen un respir i trenquen les seues respectives ratxes negatives de cinc partits sense guanyar.","og_url":"https:\/\/canfali.com\/ca-es\/primera-ffcv-triomfs-per-a-pego-i-teulada\/","og_site_name":"Canfali","article_publisher":"https:\/\/es-es.facebook.com\/CANFALIMarinaAlta","article_published_time":"2026-03-09T10:30:42+00:00","article_modified_time":"2026-03-09T10:31:53+00:00","og_image":[{"width":1043,"height":527,"url":"https:\/\/canfali.com\/app\/uploads\/2026\/03\/8primeraffcv-pego-copia.jpeg","type":"image\/jpeg"}],"author":"Lluis","twitter_card":"summary_large_image","twitter_creator":"@canfalima","twitter_site":"@canfalima","twitter_misc":{"Written by":"Lluis","Est. reading time":"2 minutes"},"schema":{"@context":"https:\/\/schema.org","@graph":[{"@type":"NewsArticle","@id":"https:\/\/canfali.com\/ca-es\/primera-ffcv-triomfs-per-a-pego-i-teulada\/#article","isPartOf":{"@id":"https:\/\/canfali.com\/ca-es\/primera-ffcv-triomfs-per-a-pego-i-teulada\/"},"author":{"name":"Lluis","@id":"https:\/\/canfali.com\/ca-es\/#\/schema\/person\/f540a86fb33e10daaae53c59ceaa1194"},"headline":"Primera FFCV: Triomfs per a Pego i Teulada","datePublished":"2026-03-09T10:30:42+00:00","dateModified":"2026-03-09T10:31:53+00:00","mainEntityOfPage":{"@id":"https:\/\/canfali.com\/ca-es\/primera-ffcv-triomfs-per-a-pego-i-teulada\/"},"wordCount":347,"publisher":{"@id":"https:\/\/canfali.com\/ca-es\/#organization"},"image":{"@id":"https:\/\/canfali.com\/ca-es\/primera-ffcv-triomfs-per-a-pego-i-teulada\/#primaryimage"},"thumbnailUrl":"https:\/\/canfali.com\/app\/uploads\/2026\/03\/8primeraffcv-pego-copia.jpeg","articleSection":["Deportes","Esports","Futbol"],"inLanguage":"va-ES","copyrightYear":"2026","copyrightHolder":{"@id":"https:\/\/canfali.com\/#organization"}},{"@type":"WebPage","@id":"https:\/\/canfali.com\/ca-es\/primera-ffcv-triomfs-per-a-pego-i-teulada\/","url":"https:\/\/canfali.com\/ca-es\/primera-ffcv-triomfs-per-a-pego-i-teulada\/","name":"Primera FFCV: Triomfs per a Pego i Teulada - Canfali","isPartOf":{"@id":"https:\/\/canfali.com\/ca-es\/#website"},"primaryImageOfPage":{"@id":"https:\/\/canfali.com\/ca-es\/primera-ffcv-triomfs-per-a-pego-i-teulada\/#primaryimage"},"image":{"@id":"https:\/\/canfali.com\/ca-es\/primera-ffcv-triomfs-per-a-pego-i-teulada\/#primaryimage"},"thumbnailUrl":"https:\/\/canfali.com\/app\/uploads\/2026\/03\/8primeraffcv-pego-copia.jpeg","datePublished":"2026-03-09T10:30:42+00:00","dateModified":"2026-03-09T10:31:53+00:00","description":"El Pego i el Teulada-Moraira es prenen un respir i trenquen les seues respectives ratxes negatives de cinc partits sense guanyar.","breadcrumb":{"@id":"https:\/\/canfali.com\/ca-es\/primera-ffcv-triomfs-per-a-pego-i-teulada\/#breadcrumb"},"inLanguage":"va-ES","potentialAction":[{"@type":"ReadAction","target":["https:\/\/canfali.com\/ca-es\/primera-ffcv-triomfs-per-a-pego-i-teulada\/"]}]},{"@type":"ImageObject","inLanguage":"va-ES","@id":"https:\/\/canfali.com\/ca-es\/primera-ffcv-triomfs-per-a-pego-i-teulada\/#primaryimage","url":"https:\/\/canfali.com\/app\/uploads\/2026\/03\/8primeraffcv-pego-copia.jpeg","contentUrl":"https:\/\/canfali.com\/app\/uploads\/2026\/03\/8primeraffcv-pego-copia.jpeg","width":1043,"height":527},{"@type":"BreadcrumbList","@id":"https:\/\/canfali.com\/ca-es\/primera-ffcv-triomfs-per-a-pego-i-teulada\/#breadcrumb","itemListElement":[{"@type":"ListItem","position":1,"name":"Portada","item":"https:\/\/canfali.com\/ca-es\/"},{"@type":"ListItem","position":2,"name":"Primera FFCV: Triomfs per a Pego i Teulada"}]},{"@type":"WebSite","@id":"https:\/\/canfali.com\/ca-es\/#website","url":"https:\/\/canfali.com\/ca-es\/","name":"Canfali","description":"","publisher":{"@id":"https:\/\/canfali.com\/ca-es\/#organization"},"potentialAction":[{"@type":"SearchAction","target":{"@type":"EntryPoint","urlTemplate":"https:\/\/canfali.com\/ca-es\/?s={search_term_string}"},"query-input":{"@type":"PropertyValueSpecification","valueRequired":true,"valueName":"search_term_string"}}],"inLanguage":"va-ES"},{"@type":"Organization","@id":"https:\/\/canfali.com\/ca-es\/#organization","name":"Canfali","url":"https:\/\/canfali.com\/ca-es\/","logo":{"@type":"ImageObject","inLanguage":"va-ES","@id":"https:\/\/canfali.com\/ca-es\/#\/schema\/logo\/image\/","url":"https:\/\/canfali.com\/app\/uploads\/2025\/12\/canfali_marina_alta_logo.png","contentUrl":"https:\/\/canfali.com\/app\/uploads\/2025\/12\/canfali_marina_alta_logo.png","width":225,"height":225,"caption":"Canfali"},"image":{"@id":"https:\/\/canfali.com\/ca-es\/#\/schema\/logo\/image\/"},"sameAs":["https:\/\/es-es.facebook.com\/CANFALIMarinaAlta","https:\/\/x.com\/canfalima","https:\/\/www.instagram.com\/canfalimarinaalta\/"]},{"@type":"Person","@id":"https:\/\/canfali.com\/ca-es\/#\/schema\/person\/f540a86fb33e10daaae53c59ceaa1194","name":"Lluis","image":{"@type":"ImageObject","inLanguage":"va-ES","@id":"https:\/\/secure.gravatar.com\/avatar\/a21ec8835290e4e02ed0886b8cb327d807d0eb6ec8ccf25d4c2a0a415f506c0d?s=96&d=mm&r=g","url":"https:\/\/secure.gravatar.com\/avatar\/a21ec8835290e4e02ed0886b8cb327d807d0eb6ec8ccf25d4c2a0a415f506c0d?s=96&d=mm&r=g","contentUrl":"https:\/\/secure.gravatar.com\/avatar\/a21ec8835290e4e02ed0886b8cb327d807d0eb6ec8ccf25d4c2a0a415f506c0d?s=96&d=mm&r=g","caption":"Lluis"},"url":"https:\/\/canfali.com\/ca-es\/author\/lluis\/"}]}},"_links":{"self":[{"href":"https:\/\/canfali.com\/ca-es\/wp-json\/wp\/v2\/posts\/90668","targetHints":{"allow":["GET"]}}],"collection":[{"href":"https:\/\/canfali.com\/ca-es\/wp-json\/wp\/v2\/posts"}],"about":[{"href":"https:\/\/canfali.com\/ca-es\/wp-json\/wp\/v2\/types\/post"}],"author":[{"embeddable":true,"href":"https:\/\/canfali.com\/ca-es\/wp-json\/wp\/v2\/users\/8"}],"replies":[{"embeddable":true,"href":"https:\/\/canfali.com\/ca-es\/wp-json\/wp\/v2\/comments?post=90668"}],"version-history":[{"count":1,"href":"https:\/\/canfali.com\/ca-es\/wp-json\/wp\/v2\/posts\/90668\/revisions"}],"predecessor-version":[{"id":90669,"href":"https:\/\/canfali.com\/ca-es\/wp-json\/wp\/v2\/posts\/90668\/revisions\/90669"}],"wp:featuredmedia":[{"embeddable":true,"href":"https:\/\/canfali.com\/ca-es\/wp-json\/wp\/v2\/media\/90664"}],"wp:attachment":[{"href":"https:\/\/canfali.com\/ca-es\/wp-json\/wp\/v2\/media?parent=90668"}],"wp:term":[{"taxonomy":"category","embeddable":true,"href":"https:\/\/canfali.com\/ca-es\/wp-json\/wp\/v2\/categories?post=90668"},{"taxonomy":"post_tag","embeddable":true,"href":"https:\/\/canfali.com\/ca-es\/wp-json\/wp\/v2\/tags?post=90668"}],"curies":[{"name":"wp","href":"https:\/\/api.w.org\/{rel}","templated":true}]}}