{"id":90653,"date":"2026-03-09T10:49:46","date_gmt":"2026-03-09T09:49:46","guid":{"rendered":"https:\/\/canfali.com\/segona-ffcv-el-gorgos-i-lorba-empaten-en-un-vibrat-derbi\/"},"modified":"2026-03-09T10:51:03","modified_gmt":"2026-03-09T09:51:03","slug":"segona-ffcv-el-gorgos-i-lorba-empaten-en-un-vibrat-derbi","status":"publish","type":"post","link":"https:\/\/canfali.com\/ca-es\/segona-ffcv-el-gorgos-i-lorba-empaten-en-un-vibrat-derbi\/","title":{"rendered":"Segona FFCV: El Gorgos i l\u2019Orba empaten en un vibrat derbi"},"content":{"rendered":"\n<p>El Gorgos i l\u2019Orba, del Grup VI de Segona FFCV, van empatar a dos en un vibrat derbi amb alternatives al marcador. Chesa va avan\u00e7ar els locals al minut 23, resultat amb el qual es va arribar al descans. No obstant aix\u00f2, en la segona meitat, l\u2019Orba li va donar la volta al marcador en nom\u00e9s cinc minuts, amb gols de Miquel i Diego. El conjunt local va buscar l\u2019empat, que va arribar quasi al final del partit gr\u00e0cies a un gol d\u2019Axel.&#13;\n<\/p>\n\n<figure class=\"wp-block-image size-large\"><img decoding=\"async\" src=\"https:\/\/canfali.com\/app\/uploads\/2026\/03\/8segundaffcv-gorgos2-1-1024x581.jpg.webp\" alt=\"\" class=\"wp-image-90650\"\/><\/figure>\n\n<p>En aquest mateix grup, el Verger va perdre a casa davant el Portuarios per 0-2. Els gols van arribar als minuts 55 i 57, en un moment de desconcert per als locals. El Verger queda dotz\u00e8 amb 21 punts, els mateixos que el Daim\u00fas, ja en zona de descens directe.&#13;\n<\/p>\n\n<p><p class=\"p1\"><b>Fruct\u00edfer empat per al Benissa<\/b><\/p><\/p>\n\n<figure class=\"wp-block-image size-large\"><img decoding=\"async\" src=\"https:\/\/canfali.com\/app\/uploads\/2026\/03\/8segundaffcv-benissa-copia-1024x661.jpeg.webp\" alt=\"\" class=\"wp-image-90638\"\/><\/figure>\n\n<p>Per altra banda, en el Grup VII, el Benissa mant\u00e9 una setmana m\u00e9s el lideratge de la taula, tot i empatar 2-2 a casa del Jove Espa\u00f1ol B. Els benissers guanyaven 0-2 al descans, amb gols de Revelles i Marc Campos, per\u00f2 el conjunt local va aconseguir empatar en l\u2019\u00faltim sospir. Malgrat aquest contratemps, el Benissa no va sortir tan perjudicat, ja que dos dels seus rivals directes, Villajoyosa i R\u00e0cing Santa B\u00e0rbara, van caure derrotats.&#13;\n<\/p>\n\n<p>El millor beneficiat va ser el Salesianos Alacant, que amb la seva vict\u00f2ria 0-5 davant l\u2019Intercity B es situa segon, a nom\u00e9s quatre punts del Benissa.&#13;\n<\/p>\n\n<figure class=\"wp-block-image size-large\"><img decoding=\"async\" src=\"https:\/\/canfali.com\/app\/uploads\/2026\/03\/8segonaffcv-benitatxell-1-1024x682.jpeg.webp\" alt=\"\" class=\"wp-image-90644\"\/><\/figure>\n\n<p>D\u2019altra banda, el Benitatxell va sumar una nova vict\u00f2ria, en aquesta ocasi\u00f3 per 1-0 a casa davant l\u2019Iraklis B, amb un gol d\u2019Antonio S\u00e1nchez al minut 38, i segueix c\u00f2mode en el seu paper de \u201ctapadet\u201d. De fet, el conjunt dirigit per Jos\u00e9 Luis Bisquert ocupa la setena pla\u00e7a, encara que amb dos partits pendents, de manera que les seues opcions de lluitar pels primers llocs es mantenen intactes.&#13;\n<\/p>\n","protected":false},"excerpt":{"rendered":"El Gorgos i l\u2019Orba, del Grup VI de Segona FFCV, van empatar a dos en un vibrat derbi&hellip;","protected":false},"author":8,"featured_media":90641,"comment_status":"closed","ping_status":"closed","sticky":false,"template":"","format":"standard","meta":{"csco_display_header_overlay":false,"csco_singular_sidebar":"","csco_page_header_type":"","csco_page_load_nextpost":"","csco_post_video_location":[],"csco_post_video_location_hash":"","csco_post_video_url":"","csco_post_video_bg_start_time":0,"csco_post_video_bg_end_time":0,"footnotes":""},"categories":[573,598,601],"tags":[],"class_list":{"0":"post-90653","1":"post","2":"type-post","3":"status-publish","4":"format-standard","5":"has-post-thumbnail","7":"category-deportes-2","8":"category-esports","9":"category-futbol-ca-es","10":"cs-entry","11":"cs-video-wrap"},"yoast_head":"<!-- This site is optimized with the Yoast SEO Premium plugin v26.6 (Yoast SEO v27.3) - https:\/\/yoast.com\/product\/yoast-seo-premium-wordpress\/ -->\n<title>Segona FFCV: El Gorgos i l\u2019Orba empaten en un vibrat derbi - Canfali<\/title>\n<meta name=\"description\" content=\"El Gorgos i l\u2019Orba, del Grup VI de Segona FFCV, van empatar a dos en un vibrat derbi amb alternatives al marcador.\" \/>\n<meta name=\"robots\" content=\"index, follow, max-snippet:-1, max-image-preview:large, max-video-preview:-1\" \/>\n<link rel=\"canonical\" href=\"https:\/\/canfali.com\/ca-es\/segona-ffcv-el-gorgos-i-lorba-empaten-en-un-vibrat-derbi\/\" \/>\n<meta property=\"og:locale\" content=\"en_US\" \/>\n<meta property=\"og:type\" content=\"article\" \/>\n<meta property=\"og:title\" content=\"Segona FFCV: El Gorgos i l\u2019Orba empaten en un vibrat derbi\" \/>\n<meta property=\"og:description\" content=\"El Gorgos i l\u2019Orba, del Grup VI de Segona FFCV, van empatar a dos en un vibrat derbi amb alternatives al marcador.\" \/>\n<meta property=\"og:url\" content=\"https:\/\/canfali.com\/ca-es\/segona-ffcv-el-gorgos-i-lorba-empaten-en-un-vibrat-derbi\/\" \/>\n<meta property=\"og:site_name\" content=\"Canfali\" \/>\n<meta property=\"article:publisher\" content=\"https:\/\/es-es.facebook.com\/CANFALIMarinaAlta\" \/>\n<meta property=\"article:published_time\" content=\"2026-03-09T09:49:46+00:00\" \/>\n<meta property=\"article:modified_time\" content=\"2026-03-09T09:51:03+00:00\" \/>\n<meta property=\"og:image\" content=\"https:\/\/canfali.com\/app\/uploads\/2026\/03\/8segundaffcv-gorgos.jpg\" \/>\n\t<meta property=\"og:image:width\" content=\"1600\" \/>\n\t<meta property=\"og:image:height\" content=\"911\" \/>\n\t<meta property=\"og:image:type\" content=\"image\/jpeg\" \/>\n<meta name=\"author\" content=\"Lluis\" \/>\n<meta name=\"twitter:card\" content=\"summary_large_image\" \/>\n<meta name=\"twitter:creator\" content=\"@canfalima\" \/>\n<meta name=\"twitter:site\" content=\"@canfalima\" \/>\n<meta name=\"twitter:label1\" content=\"Written by\" \/>\n\t<meta name=\"twitter:data1\" content=\"Lluis\" \/>\n\t<meta name=\"twitter:label2\" content=\"Est. reading time\" \/>\n\t<meta name=\"twitter:data2\" content=\"2 minutes\" \/>\n<script type=\"application\/ld+json\" class=\"yoast-schema-graph\">{\"@context\":\"https:\\\/\\\/schema.org\",\"@graph\":[{\"@type\":\"NewsArticle\",\"@id\":\"https:\\\/\\\/canfali.com\\\/ca-es\\\/segona-ffcv-el-gorgos-i-lorba-empaten-en-un-vibrat-derbi\\\/#article\",\"isPartOf\":{\"@id\":\"https:\\\/\\\/canfali.com\\\/ca-es\\\/segona-ffcv-el-gorgos-i-lorba-empaten-en-un-vibrat-derbi\\\/\"},\"author\":{\"name\":\"Lluis\",\"@id\":\"https:\\\/\\\/canfali.com\\\/ca-es\\\/#\\\/schema\\\/person\\\/f540a86fb33e10daaae53c59ceaa1194\"},\"headline\":\"Segona FFCV: El Gorgos i l\u2019Orba empaten en un vibrat derbi\",\"datePublished\":\"2026-03-09T09:49:46+00:00\",\"dateModified\":\"2026-03-09T09:51:03+00:00\",\"mainEntityOfPage\":{\"@id\":\"https:\\\/\\\/canfali.com\\\/ca-es\\\/segona-ffcv-el-gorgos-i-lorba-empaten-en-un-vibrat-derbi\\\/\"},\"wordCount\":340,\"publisher\":{\"@id\":\"https:\\\/\\\/canfali.com\\\/ca-es\\\/#organization\"},\"image\":{\"@id\":\"https:\\\/\\\/canfali.com\\\/ca-es\\\/segona-ffcv-el-gorgos-i-lorba-empaten-en-un-vibrat-derbi\\\/#primaryimage\"},\"thumbnailUrl\":\"https:\\\/\\\/canfali.com\\\/app\\\/uploads\\\/2026\\\/03\\\/8segundaffcv-gorgos.jpg\",\"articleSection\":[\"Deportes\",\"Esports\",\"Futbol\"],\"inLanguage\":\"va-ES\",\"copyrightYear\":\"2026\",\"copyrightHolder\":{\"@id\":\"https:\\\/\\\/canfali.com\\\/#organization\"}},{\"@type\":\"WebPage\",\"@id\":\"https:\\\/\\\/canfali.com\\\/ca-es\\\/segona-ffcv-el-gorgos-i-lorba-empaten-en-un-vibrat-derbi\\\/\",\"url\":\"https:\\\/\\\/canfali.com\\\/ca-es\\\/segona-ffcv-el-gorgos-i-lorba-empaten-en-un-vibrat-derbi\\\/\",\"name\":\"Segona FFCV: El Gorgos i l\u2019Orba empaten en un vibrat derbi - Canfali\",\"isPartOf\":{\"@id\":\"https:\\\/\\\/canfali.com\\\/ca-es\\\/#website\"},\"primaryImageOfPage\":{\"@id\":\"https:\\\/\\\/canfali.com\\\/ca-es\\\/segona-ffcv-el-gorgos-i-lorba-empaten-en-un-vibrat-derbi\\\/#primaryimage\"},\"image\":{\"@id\":\"https:\\\/\\\/canfali.com\\\/ca-es\\\/segona-ffcv-el-gorgos-i-lorba-empaten-en-un-vibrat-derbi\\\/#primaryimage\"},\"thumbnailUrl\":\"https:\\\/\\\/canfali.com\\\/app\\\/uploads\\\/2026\\\/03\\\/8segundaffcv-gorgos.jpg\",\"datePublished\":\"2026-03-09T09:49:46+00:00\",\"dateModified\":\"2026-03-09T09:51:03+00:00\",\"description\":\"El Gorgos i l\u2019Orba, del Grup VI de Segona FFCV, van empatar a dos en un vibrat derbi amb alternatives al marcador.\",\"breadcrumb\":{\"@id\":\"https:\\\/\\\/canfali.com\\\/ca-es\\\/segona-ffcv-el-gorgos-i-lorba-empaten-en-un-vibrat-derbi\\\/#breadcrumb\"},\"inLanguage\":\"va-ES\",\"potentialAction\":[{\"@type\":\"ReadAction\",\"target\":[\"https:\\\/\\\/canfali.com\\\/ca-es\\\/segona-ffcv-el-gorgos-i-lorba-empaten-en-un-vibrat-derbi\\\/\"]}]},{\"@type\":\"ImageObject\",\"inLanguage\":\"va-ES\",\"@id\":\"https:\\\/\\\/canfali.com\\\/ca-es\\\/segona-ffcv-el-gorgos-i-lorba-empaten-en-un-vibrat-derbi\\\/#primaryimage\",\"url\":\"https:\\\/\\\/canfali.com\\\/app\\\/uploads\\\/2026\\\/03\\\/8segundaffcv-gorgos.jpg\",\"contentUrl\":\"https:\\\/\\\/canfali.com\\\/app\\\/uploads\\\/2026\\\/03\\\/8segundaffcv-gorgos.jpg\",\"width\":1600,\"height\":911},{\"@type\":\"BreadcrumbList\",\"@id\":\"https:\\\/\\\/canfali.com\\\/ca-es\\\/segona-ffcv-el-gorgos-i-lorba-empaten-en-un-vibrat-derbi\\\/#breadcrumb\",\"itemListElement\":[{\"@type\":\"ListItem\",\"position\":1,\"name\":\"Portada\",\"item\":\"https:\\\/\\\/canfali.com\\\/ca-es\\\/\"},{\"@type\":\"ListItem\",\"position\":2,\"name\":\"Segona FFCV: El Gorgos i l\u2019Orba empaten en un vibrat derbi\"}]},{\"@type\":\"WebSite\",\"@id\":\"https:\\\/\\\/canfali.com\\\/ca-es\\\/#website\",\"url\":\"https:\\\/\\\/canfali.com\\\/ca-es\\\/\",\"name\":\"Canfali\",\"description\":\"\",\"publisher\":{\"@id\":\"https:\\\/\\\/canfali.com\\\/ca-es\\\/#organization\"},\"potentialAction\":[{\"@type\":\"SearchAction\",\"target\":{\"@type\":\"EntryPoint\",\"urlTemplate\":\"https:\\\/\\\/canfali.com\\\/ca-es\\\/?s={search_term_string}\"},\"query-input\":{\"@type\":\"PropertyValueSpecification\",\"valueRequired\":true,\"valueName\":\"search_term_string\"}}],\"inLanguage\":\"va-ES\"},{\"@type\":\"Organization\",\"@id\":\"https:\\\/\\\/canfali.com\\\/ca-es\\\/#organization\",\"name\":\"Canfali\",\"url\":\"https:\\\/\\\/canfali.com\\\/ca-es\\\/\",\"logo\":{\"@type\":\"ImageObject\",\"inLanguage\":\"va-ES\",\"@id\":\"https:\\\/\\\/canfali.com\\\/ca-es\\\/#\\\/schema\\\/logo\\\/image\\\/\",\"url\":\"https:\\\/\\\/canfali.com\\\/app\\\/uploads\\\/2025\\\/12\\\/canfali_marina_alta_logo.png\",\"contentUrl\":\"https:\\\/\\\/canfali.com\\\/app\\\/uploads\\\/2025\\\/12\\\/canfali_marina_alta_logo.png\",\"width\":225,\"height\":225,\"caption\":\"Canfali\"},\"image\":{\"@id\":\"https:\\\/\\\/canfali.com\\\/ca-es\\\/#\\\/schema\\\/logo\\\/image\\\/\"},\"sameAs\":[\"https:\\\/\\\/es-es.facebook.com\\\/CANFALIMarinaAlta\",\"https:\\\/\\\/x.com\\\/canfalima\",\"https:\\\/\\\/www.instagram.com\\\/canfalimarinaalta\\\/\"]},{\"@type\":\"Person\",\"@id\":\"https:\\\/\\\/canfali.com\\\/ca-es\\\/#\\\/schema\\\/person\\\/f540a86fb33e10daaae53c59ceaa1194\",\"name\":\"Lluis\",\"image\":{\"@type\":\"ImageObject\",\"inLanguage\":\"va-ES\",\"@id\":\"https:\\\/\\\/secure.gravatar.com\\\/avatar\\\/a21ec8835290e4e02ed0886b8cb327d807d0eb6ec8ccf25d4c2a0a415f506c0d?s=96&d=mm&r=g\",\"url\":\"https:\\\/\\\/secure.gravatar.com\\\/avatar\\\/a21ec8835290e4e02ed0886b8cb327d807d0eb6ec8ccf25d4c2a0a415f506c0d?s=96&d=mm&r=g\",\"contentUrl\":\"https:\\\/\\\/secure.gravatar.com\\\/avatar\\\/a21ec8835290e4e02ed0886b8cb327d807d0eb6ec8ccf25d4c2a0a415f506c0d?s=96&d=mm&r=g\",\"caption\":\"Lluis\"},\"url\":\"https:\\\/\\\/canfali.com\\\/ca-es\\\/author\\\/lluis\\\/\"}]}<\/script>\n<!-- \/ Yoast SEO Premium plugin. -->","yoast_head_json":{"title":"Segona FFCV: El Gorgos i l\u2019Orba empaten en un vibrat derbi - Canfali","description":"El Gorgos i l\u2019Orba, del Grup VI de Segona FFCV, van empatar a dos en un vibrat derbi amb alternatives al marcador.","robots":{"index":"index","follow":"follow","max-snippet":"max-snippet:-1","max-image-preview":"max-image-preview:large","max-video-preview":"max-video-preview:-1"},"canonical":"https:\/\/canfali.com\/ca-es\/segona-ffcv-el-gorgos-i-lorba-empaten-en-un-vibrat-derbi\/","og_locale":"en_US","og_type":"article","og_title":"Segona FFCV: El Gorgos i l\u2019Orba empaten en un vibrat derbi","og_description":"El Gorgos i l\u2019Orba, del Grup VI de Segona FFCV, van empatar a dos en un vibrat derbi amb alternatives al marcador.","og_url":"https:\/\/canfali.com\/ca-es\/segona-ffcv-el-gorgos-i-lorba-empaten-en-un-vibrat-derbi\/","og_site_name":"Canfali","article_publisher":"https:\/\/es-es.facebook.com\/CANFALIMarinaAlta","article_published_time":"2026-03-09T09:49:46+00:00","article_modified_time":"2026-03-09T09:51:03+00:00","og_image":[{"width":1600,"height":911,"url":"https:\/\/canfali.com\/app\/uploads\/2026\/03\/8segundaffcv-gorgos.jpg","type":"image\/jpeg"}],"author":"Lluis","twitter_card":"summary_large_image","twitter_creator":"@canfalima","twitter_site":"@canfalima","twitter_misc":{"Written by":"Lluis","Est. reading time":"2 minutes"},"schema":{"@context":"https:\/\/schema.org","@graph":[{"@type":"NewsArticle","@id":"https:\/\/canfali.com\/ca-es\/segona-ffcv-el-gorgos-i-lorba-empaten-en-un-vibrat-derbi\/#article","isPartOf":{"@id":"https:\/\/canfali.com\/ca-es\/segona-ffcv-el-gorgos-i-lorba-empaten-en-un-vibrat-derbi\/"},"author":{"name":"Lluis","@id":"https:\/\/canfali.com\/ca-es\/#\/schema\/person\/f540a86fb33e10daaae53c59ceaa1194"},"headline":"Segona FFCV: El Gorgos i l\u2019Orba empaten en un vibrat derbi","datePublished":"2026-03-09T09:49:46+00:00","dateModified":"2026-03-09T09:51:03+00:00","mainEntityOfPage":{"@id":"https:\/\/canfali.com\/ca-es\/segona-ffcv-el-gorgos-i-lorba-empaten-en-un-vibrat-derbi\/"},"wordCount":340,"publisher":{"@id":"https:\/\/canfali.com\/ca-es\/#organization"},"image":{"@id":"https:\/\/canfali.com\/ca-es\/segona-ffcv-el-gorgos-i-lorba-empaten-en-un-vibrat-derbi\/#primaryimage"},"thumbnailUrl":"https:\/\/canfali.com\/app\/uploads\/2026\/03\/8segundaffcv-gorgos.jpg","articleSection":["Deportes","Esports","Futbol"],"inLanguage":"va-ES","copyrightYear":"2026","copyrightHolder":{"@id":"https:\/\/canfali.com\/#organization"}},{"@type":"WebPage","@id":"https:\/\/canfali.com\/ca-es\/segona-ffcv-el-gorgos-i-lorba-empaten-en-un-vibrat-derbi\/","url":"https:\/\/canfali.com\/ca-es\/segona-ffcv-el-gorgos-i-lorba-empaten-en-un-vibrat-derbi\/","name":"Segona FFCV: El Gorgos i l\u2019Orba empaten en un vibrat derbi - Canfali","isPartOf":{"@id":"https:\/\/canfali.com\/ca-es\/#website"},"primaryImageOfPage":{"@id":"https:\/\/canfali.com\/ca-es\/segona-ffcv-el-gorgos-i-lorba-empaten-en-un-vibrat-derbi\/#primaryimage"},"image":{"@id":"https:\/\/canfali.com\/ca-es\/segona-ffcv-el-gorgos-i-lorba-empaten-en-un-vibrat-derbi\/#primaryimage"},"thumbnailUrl":"https:\/\/canfali.com\/app\/uploads\/2026\/03\/8segundaffcv-gorgos.jpg","datePublished":"2026-03-09T09:49:46+00:00","dateModified":"2026-03-09T09:51:03+00:00","description":"El Gorgos i l\u2019Orba, del Grup VI de Segona FFCV, van empatar a dos en un vibrat derbi amb alternatives al marcador.","breadcrumb":{"@id":"https:\/\/canfali.com\/ca-es\/segona-ffcv-el-gorgos-i-lorba-empaten-en-un-vibrat-derbi\/#breadcrumb"},"inLanguage":"va-ES","potentialAction":[{"@type":"ReadAction","target":["https:\/\/canfali.com\/ca-es\/segona-ffcv-el-gorgos-i-lorba-empaten-en-un-vibrat-derbi\/"]}]},{"@type":"ImageObject","inLanguage":"va-ES","@id":"https:\/\/canfali.com\/ca-es\/segona-ffcv-el-gorgos-i-lorba-empaten-en-un-vibrat-derbi\/#primaryimage","url":"https:\/\/canfali.com\/app\/uploads\/2026\/03\/8segundaffcv-gorgos.jpg","contentUrl":"https:\/\/canfali.com\/app\/uploads\/2026\/03\/8segundaffcv-gorgos.jpg","width":1600,"height":911},{"@type":"BreadcrumbList","@id":"https:\/\/canfali.com\/ca-es\/segona-ffcv-el-gorgos-i-lorba-empaten-en-un-vibrat-derbi\/#breadcrumb","itemListElement":[{"@type":"ListItem","position":1,"name":"Portada","item":"https:\/\/canfali.com\/ca-es\/"},{"@type":"ListItem","position":2,"name":"Segona FFCV: El Gorgos i l\u2019Orba empaten en un vibrat derbi"}]},{"@type":"WebSite","@id":"https:\/\/canfali.com\/ca-es\/#website","url":"https:\/\/canfali.com\/ca-es\/","name":"Canfali","description":"","publisher":{"@id":"https:\/\/canfali.com\/ca-es\/#organization"},"potentialAction":[{"@type":"SearchAction","target":{"@type":"EntryPoint","urlTemplate":"https:\/\/canfali.com\/ca-es\/?s={search_term_string}"},"query-input":{"@type":"PropertyValueSpecification","valueRequired":true,"valueName":"search_term_string"}}],"inLanguage":"va-ES"},{"@type":"Organization","@id":"https:\/\/canfali.com\/ca-es\/#organization","name":"Canfali","url":"https:\/\/canfali.com\/ca-es\/","logo":{"@type":"ImageObject","inLanguage":"va-ES","@id":"https:\/\/canfali.com\/ca-es\/#\/schema\/logo\/image\/","url":"https:\/\/canfali.com\/app\/uploads\/2025\/12\/canfali_marina_alta_logo.png","contentUrl":"https:\/\/canfali.com\/app\/uploads\/2025\/12\/canfali_marina_alta_logo.png","width":225,"height":225,"caption":"Canfali"},"image":{"@id":"https:\/\/canfali.com\/ca-es\/#\/schema\/logo\/image\/"},"sameAs":["https:\/\/es-es.facebook.com\/CANFALIMarinaAlta","https:\/\/x.com\/canfalima","https:\/\/www.instagram.com\/canfalimarinaalta\/"]},{"@type":"Person","@id":"https:\/\/canfali.com\/ca-es\/#\/schema\/person\/f540a86fb33e10daaae53c59ceaa1194","name":"Lluis","image":{"@type":"ImageObject","inLanguage":"va-ES","@id":"https:\/\/secure.gravatar.com\/avatar\/a21ec8835290e4e02ed0886b8cb327d807d0eb6ec8ccf25d4c2a0a415f506c0d?s=96&d=mm&r=g","url":"https:\/\/secure.gravatar.com\/avatar\/a21ec8835290e4e02ed0886b8cb327d807d0eb6ec8ccf25d4c2a0a415f506c0d?s=96&d=mm&r=g","contentUrl":"https:\/\/secure.gravatar.com\/avatar\/a21ec8835290e4e02ed0886b8cb327d807d0eb6ec8ccf25d4c2a0a415f506c0d?s=96&d=mm&r=g","caption":"Lluis"},"url":"https:\/\/canfali.com\/ca-es\/author\/lluis\/"}]}},"_links":{"self":[{"href":"https:\/\/canfali.com\/ca-es\/wp-json\/wp\/v2\/posts\/90653","targetHints":{"allow":["GET"]}}],"collection":[{"href":"https:\/\/canfali.com\/ca-es\/wp-json\/wp\/v2\/posts"}],"about":[{"href":"https:\/\/canfali.com\/ca-es\/wp-json\/wp\/v2\/types\/post"}],"author":[{"embeddable":true,"href":"https:\/\/canfali.com\/ca-es\/wp-json\/wp\/v2\/users\/8"}],"replies":[{"embeddable":true,"href":"https:\/\/canfali.com\/ca-es\/wp-json\/wp\/v2\/comments?post=90653"}],"version-history":[{"count":1,"href":"https:\/\/canfali.com\/ca-es\/wp-json\/wp\/v2\/posts\/90653\/revisions"}],"predecessor-version":[{"id":90654,"href":"https:\/\/canfali.com\/ca-es\/wp-json\/wp\/v2\/posts\/90653\/revisions\/90654"}],"wp:featuredmedia":[{"embeddable":true,"href":"https:\/\/canfali.com\/ca-es\/wp-json\/wp\/v2\/media\/90641"}],"wp:attachment":[{"href":"https:\/\/canfali.com\/ca-es\/wp-json\/wp\/v2\/media?parent=90653"}],"wp:term":[{"taxonomy":"category","embeddable":true,"href":"https:\/\/canfali.com\/ca-es\/wp-json\/wp\/v2\/categories?post=90653"},{"taxonomy":"post_tag","embeddable":true,"href":"https:\/\/canfali.com\/ca-es\/wp-json\/wp\/v2\/tags?post=90653"}],"curies":[{"name":"wp","href":"https:\/\/api.w.org\/{rel}","templated":true}]}}