{"id":90624,"date":"2026-03-09T08:46:20","date_gmt":"2026-03-09T07:46:20","guid":{"rendered":"https:\/\/canfali.com\/santi-palacios-fitxa-pel-nybergsund-de-noruega\/"},"modified":"2026-03-09T08:47:26","modified_gmt":"2026-03-09T07:47:26","slug":"santi-palacios-fitxa-pel-nybergsund-de-noruega","status":"publish","type":"post","link":"https:\/\/canfali.com\/ca-es\/santi-palacios-fitxa-pel-nybergsund-de-noruega\/","title":{"rendered":"Santi Palacios fitxa pel Nybergsund de Noruega"},"content":{"rendered":"\n<p>El futbolista dianenc Santi Palacios, de 24 anys, ha fet un nou pas en la seua carrera en fitxar pel club noruec Nybergsund IL-Trysil, que competeix en la quarta divisi\u00f3 del futbol mascul\u00ed a Noruega.<\/p>\n\n<p>La passada temporada, el Nybergsund va quedar a nom\u00e9s tres punts d\u2019ascendir a la Tercera Divisi\u00f3 i ja ha iniciat amb bon peu la NM Cup, la Copa de Noruega, en la qual Palacios ja s\u2019ha estrenat com a golejador.&#13;\n<\/p>\n\n<p>Santi Palacios es va formar com a canter\u00e0 a l\u2019escola del FB D\u00e9nia i posteriorment, en etapa juvenil, va passar per l\u2019Alav\u00e9s i l\u2019H\u00e8rcules. Com a s\u00e8nior, va jugar a D\u00e9nia i Orba abans d\u2019iniciar el seu periple per la lliga universit\u00e0ria nord-americana.&#13;\n<\/p>\n","protected":false},"excerpt":{"rendered":"El futbolista dianenc Santi Palacios, de 24 anys, ha fet un nou pas en la seua carrera en&hellip;","protected":false},"author":8,"featured_media":90622,"comment_status":"closed","ping_status":"closed","sticky":false,"template":"","format":"standard","meta":{"csco_display_header_overlay":false,"csco_singular_sidebar":"","csco_page_header_type":"","csco_page_load_nextpost":"","csco_post_video_location":[],"csco_post_video_location_hash":"","csco_post_video_url":"","csco_post_video_bg_start_time":0,"csco_post_video_bg_end_time":0,"footnotes":""},"categories":[573,598,601],"tags":[],"class_list":{"0":"post-90624","1":"post","2":"type-post","3":"status-publish","4":"format-standard","5":"has-post-thumbnail","7":"category-deportes-2","8":"category-esports","9":"category-futbol-ca-es","10":"cs-entry","11":"cs-video-wrap"},"yoast_head":"<!-- This site is optimized with the Yoast SEO Premium plugin v26.6 (Yoast SEO v27.3) - https:\/\/yoast.com\/product\/yoast-seo-premium-wordpress\/ -->\n<title>Santi Palacios fitxa pel Nybergsund de Noruega - Canfali<\/title>\n<meta name=\"description\" content=\"El futbolista dianense Santi Palacios, de 24 a\u00f1os, ha dado un nuevo paso en su carrera al fichar por el club noruego Nybergsund IL-Trysil\" \/>\n<meta name=\"robots\" content=\"index, follow, max-snippet:-1, max-image-preview:large, max-video-preview:-1\" \/>\n<link rel=\"canonical\" href=\"https:\/\/canfali.com\/ca-es\/santi-palacios-fitxa-pel-nybergsund-de-noruega\/\" \/>\n<meta property=\"og:locale\" content=\"en_US\" \/>\n<meta property=\"og:type\" content=\"article\" \/>\n<meta property=\"og:title\" content=\"Santi Palacios fitxa pel Nybergsund de Noruega\" \/>\n<meta property=\"og:description\" content=\"El futbolista dianense Santi Palacios, de 24 a\u00f1os, ha dado un nuevo paso en su carrera al fichar por el club noruego Nybergsund IL-Trysil\" \/>\n<meta property=\"og:url\" content=\"https:\/\/canfali.com\/ca-es\/santi-palacios-fitxa-pel-nybergsund-de-noruega\/\" \/>\n<meta property=\"og:site_name\" content=\"Canfali\" \/>\n<meta property=\"article:publisher\" content=\"https:\/\/es-es.facebook.com\/CANFALIMarinaAlta\" \/>\n<meta property=\"article:published_time\" content=\"2026-03-09T07:46:20+00:00\" \/>\n<meta property=\"article:modified_time\" content=\"2026-03-09T07:47:26+00:00\" \/>\n<meta property=\"og:image\" content=\"https:\/\/canfali.com\/app\/uploads\/2026\/03\/8palacios-copia.jpeg\" \/>\n\t<meta property=\"og:image:width\" content=\"1200\" \/>\n\t<meta property=\"og:image:height\" content=\"739\" \/>\n\t<meta property=\"og:image:type\" content=\"image\/jpeg\" \/>\n<meta name=\"author\" content=\"Lluis\" \/>\n<meta name=\"twitter:card\" content=\"summary_large_image\" \/>\n<meta name=\"twitter:creator\" content=\"@canfalima\" \/>\n<meta name=\"twitter:site\" content=\"@canfalima\" \/>\n<meta name=\"twitter:label1\" content=\"Written by\" \/>\n\t<meta name=\"twitter:data1\" content=\"Lluis\" \/>\n\t<meta name=\"twitter:label2\" content=\"Est. reading time\" \/>\n\t<meta name=\"twitter:data2\" content=\"1 minute\" \/>\n<script type=\"application\/ld+json\" class=\"yoast-schema-graph\">{\"@context\":\"https:\\\/\\\/schema.org\",\"@graph\":[{\"@type\":\"NewsArticle\",\"@id\":\"https:\\\/\\\/canfali.com\\\/ca-es\\\/santi-palacios-fitxa-pel-nybergsund-de-noruega\\\/#article\",\"isPartOf\":{\"@id\":\"https:\\\/\\\/canfali.com\\\/ca-es\\\/santi-palacios-fitxa-pel-nybergsund-de-noruega\\\/\"},\"author\":{\"name\":\"Lluis\",\"@id\":\"https:\\\/\\\/canfali.com\\\/ca-es\\\/#\\\/schema\\\/person\\\/f540a86fb33e10daaae53c59ceaa1194\"},\"headline\":\"Santi Palacios fitxa pel Nybergsund de Noruega\",\"datePublished\":\"2026-03-09T07:46:20+00:00\",\"dateModified\":\"2026-03-09T07:47:26+00:00\",\"mainEntityOfPage\":{\"@id\":\"https:\\\/\\\/canfali.com\\\/ca-es\\\/santi-palacios-fitxa-pel-nybergsund-de-noruega\\\/\"},\"wordCount\":137,\"publisher\":{\"@id\":\"https:\\\/\\\/canfali.com\\\/ca-es\\\/#organization\"},\"image\":{\"@id\":\"https:\\\/\\\/canfali.com\\\/ca-es\\\/santi-palacios-fitxa-pel-nybergsund-de-noruega\\\/#primaryimage\"},\"thumbnailUrl\":\"https:\\\/\\\/canfali.com\\\/app\\\/uploads\\\/2026\\\/03\\\/8palacios-copia.jpeg\",\"articleSection\":[\"Deportes\",\"Esports\",\"Futbol\"],\"inLanguage\":\"va-ES\",\"copyrightYear\":\"2026\",\"copyrightHolder\":{\"@id\":\"https:\\\/\\\/canfali.com\\\/#organization\"}},{\"@type\":\"WebPage\",\"@id\":\"https:\\\/\\\/canfali.com\\\/ca-es\\\/santi-palacios-fitxa-pel-nybergsund-de-noruega\\\/\",\"url\":\"https:\\\/\\\/canfali.com\\\/ca-es\\\/santi-palacios-fitxa-pel-nybergsund-de-noruega\\\/\",\"name\":\"Santi Palacios fitxa pel Nybergsund de Noruega - Canfali\",\"isPartOf\":{\"@id\":\"https:\\\/\\\/canfali.com\\\/ca-es\\\/#website\"},\"primaryImageOfPage\":{\"@id\":\"https:\\\/\\\/canfali.com\\\/ca-es\\\/santi-palacios-fitxa-pel-nybergsund-de-noruega\\\/#primaryimage\"},\"image\":{\"@id\":\"https:\\\/\\\/canfali.com\\\/ca-es\\\/santi-palacios-fitxa-pel-nybergsund-de-noruega\\\/#primaryimage\"},\"thumbnailUrl\":\"https:\\\/\\\/canfali.com\\\/app\\\/uploads\\\/2026\\\/03\\\/8palacios-copia.jpeg\",\"datePublished\":\"2026-03-09T07:46:20+00:00\",\"dateModified\":\"2026-03-09T07:47:26+00:00\",\"description\":\"El futbolista dianense Santi Palacios, de 24 a\u00f1os, ha dado un nuevo paso en su carrera al fichar por el club noruego Nybergsund IL-Trysil\",\"breadcrumb\":{\"@id\":\"https:\\\/\\\/canfali.com\\\/ca-es\\\/santi-palacios-fitxa-pel-nybergsund-de-noruega\\\/#breadcrumb\"},\"inLanguage\":\"va-ES\",\"potentialAction\":[{\"@type\":\"ReadAction\",\"target\":[\"https:\\\/\\\/canfali.com\\\/ca-es\\\/santi-palacios-fitxa-pel-nybergsund-de-noruega\\\/\"]}]},{\"@type\":\"ImageObject\",\"inLanguage\":\"va-ES\",\"@id\":\"https:\\\/\\\/canfali.com\\\/ca-es\\\/santi-palacios-fitxa-pel-nybergsund-de-noruega\\\/#primaryimage\",\"url\":\"https:\\\/\\\/canfali.com\\\/app\\\/uploads\\\/2026\\\/03\\\/8palacios-copia.jpeg\",\"contentUrl\":\"https:\\\/\\\/canfali.com\\\/app\\\/uploads\\\/2026\\\/03\\\/8palacios-copia.jpeg\",\"width\":1200,\"height\":739},{\"@type\":\"BreadcrumbList\",\"@id\":\"https:\\\/\\\/canfali.com\\\/ca-es\\\/santi-palacios-fitxa-pel-nybergsund-de-noruega\\\/#breadcrumb\",\"itemListElement\":[{\"@type\":\"ListItem\",\"position\":1,\"name\":\"Portada\",\"item\":\"https:\\\/\\\/canfali.com\\\/ca-es\\\/\"},{\"@type\":\"ListItem\",\"position\":2,\"name\":\"Santi Palacios fitxa pel Nybergsund de Noruega\"}]},{\"@type\":\"WebSite\",\"@id\":\"https:\\\/\\\/canfali.com\\\/ca-es\\\/#website\",\"url\":\"https:\\\/\\\/canfali.com\\\/ca-es\\\/\",\"name\":\"Canfali\",\"description\":\"\",\"publisher\":{\"@id\":\"https:\\\/\\\/canfali.com\\\/ca-es\\\/#organization\"},\"potentialAction\":[{\"@type\":\"SearchAction\",\"target\":{\"@type\":\"EntryPoint\",\"urlTemplate\":\"https:\\\/\\\/canfali.com\\\/ca-es\\\/?s={search_term_string}\"},\"query-input\":{\"@type\":\"PropertyValueSpecification\",\"valueRequired\":true,\"valueName\":\"search_term_string\"}}],\"inLanguage\":\"va-ES\"},{\"@type\":\"Organization\",\"@id\":\"https:\\\/\\\/canfali.com\\\/ca-es\\\/#organization\",\"name\":\"Canfali\",\"url\":\"https:\\\/\\\/canfali.com\\\/ca-es\\\/\",\"logo\":{\"@type\":\"ImageObject\",\"inLanguage\":\"va-ES\",\"@id\":\"https:\\\/\\\/canfali.com\\\/ca-es\\\/#\\\/schema\\\/logo\\\/image\\\/\",\"url\":\"https:\\\/\\\/canfali.com\\\/app\\\/uploads\\\/2025\\\/12\\\/canfali_marina_alta_logo.png\",\"contentUrl\":\"https:\\\/\\\/canfali.com\\\/app\\\/uploads\\\/2025\\\/12\\\/canfali_marina_alta_logo.png\",\"width\":225,\"height\":225,\"caption\":\"Canfali\"},\"image\":{\"@id\":\"https:\\\/\\\/canfali.com\\\/ca-es\\\/#\\\/schema\\\/logo\\\/image\\\/\"},\"sameAs\":[\"https:\\\/\\\/es-es.facebook.com\\\/CANFALIMarinaAlta\",\"https:\\\/\\\/x.com\\\/canfalima\",\"https:\\\/\\\/www.instagram.com\\\/canfalimarinaalta\\\/\"]},{\"@type\":\"Person\",\"@id\":\"https:\\\/\\\/canfali.com\\\/ca-es\\\/#\\\/schema\\\/person\\\/f540a86fb33e10daaae53c59ceaa1194\",\"name\":\"Lluis\",\"image\":{\"@type\":\"ImageObject\",\"inLanguage\":\"va-ES\",\"@id\":\"https:\\\/\\\/secure.gravatar.com\\\/avatar\\\/a21ec8835290e4e02ed0886b8cb327d807d0eb6ec8ccf25d4c2a0a415f506c0d?s=96&d=mm&r=g\",\"url\":\"https:\\\/\\\/secure.gravatar.com\\\/avatar\\\/a21ec8835290e4e02ed0886b8cb327d807d0eb6ec8ccf25d4c2a0a415f506c0d?s=96&d=mm&r=g\",\"contentUrl\":\"https:\\\/\\\/secure.gravatar.com\\\/avatar\\\/a21ec8835290e4e02ed0886b8cb327d807d0eb6ec8ccf25d4c2a0a415f506c0d?s=96&d=mm&r=g\",\"caption\":\"Lluis\"},\"url\":\"https:\\\/\\\/canfali.com\\\/ca-es\\\/author\\\/lluis\\\/\"}]}<\/script>\n<!-- \/ Yoast SEO Premium plugin. -->","yoast_head_json":{"title":"Santi Palacios fitxa pel Nybergsund de Noruega - Canfali","description":"El futbolista dianense Santi Palacios, de 24 a\u00f1os, ha dado un nuevo paso en su carrera al fichar por el club noruego Nybergsund IL-Trysil","robots":{"index":"index","follow":"follow","max-snippet":"max-snippet:-1","max-image-preview":"max-image-preview:large","max-video-preview":"max-video-preview:-1"},"canonical":"https:\/\/canfali.com\/ca-es\/santi-palacios-fitxa-pel-nybergsund-de-noruega\/","og_locale":"en_US","og_type":"article","og_title":"Santi Palacios fitxa pel Nybergsund de Noruega","og_description":"El futbolista dianense Santi Palacios, de 24 a\u00f1os, ha dado un nuevo paso en su carrera al fichar por el club noruego Nybergsund IL-Trysil","og_url":"https:\/\/canfali.com\/ca-es\/santi-palacios-fitxa-pel-nybergsund-de-noruega\/","og_site_name":"Canfali","article_publisher":"https:\/\/es-es.facebook.com\/CANFALIMarinaAlta","article_published_time":"2026-03-09T07:46:20+00:00","article_modified_time":"2026-03-09T07:47:26+00:00","og_image":[{"width":1200,"height":739,"url":"https:\/\/canfali.com\/app\/uploads\/2026\/03\/8palacios-copia.jpeg","type":"image\/jpeg"}],"author":"Lluis","twitter_card":"summary_large_image","twitter_creator":"@canfalima","twitter_site":"@canfalima","twitter_misc":{"Written by":"Lluis","Est. reading time":"1 minute"},"schema":{"@context":"https:\/\/schema.org","@graph":[{"@type":"NewsArticle","@id":"https:\/\/canfali.com\/ca-es\/santi-palacios-fitxa-pel-nybergsund-de-noruega\/#article","isPartOf":{"@id":"https:\/\/canfali.com\/ca-es\/santi-palacios-fitxa-pel-nybergsund-de-noruega\/"},"author":{"name":"Lluis","@id":"https:\/\/canfali.com\/ca-es\/#\/schema\/person\/f540a86fb33e10daaae53c59ceaa1194"},"headline":"Santi Palacios fitxa pel Nybergsund de Noruega","datePublished":"2026-03-09T07:46:20+00:00","dateModified":"2026-03-09T07:47:26+00:00","mainEntityOfPage":{"@id":"https:\/\/canfali.com\/ca-es\/santi-palacios-fitxa-pel-nybergsund-de-noruega\/"},"wordCount":137,"publisher":{"@id":"https:\/\/canfali.com\/ca-es\/#organization"},"image":{"@id":"https:\/\/canfali.com\/ca-es\/santi-palacios-fitxa-pel-nybergsund-de-noruega\/#primaryimage"},"thumbnailUrl":"https:\/\/canfali.com\/app\/uploads\/2026\/03\/8palacios-copia.jpeg","articleSection":["Deportes","Esports","Futbol"],"inLanguage":"va-ES","copyrightYear":"2026","copyrightHolder":{"@id":"https:\/\/canfali.com\/#organization"}},{"@type":"WebPage","@id":"https:\/\/canfali.com\/ca-es\/santi-palacios-fitxa-pel-nybergsund-de-noruega\/","url":"https:\/\/canfali.com\/ca-es\/santi-palacios-fitxa-pel-nybergsund-de-noruega\/","name":"Santi Palacios fitxa pel Nybergsund de Noruega - Canfali","isPartOf":{"@id":"https:\/\/canfali.com\/ca-es\/#website"},"primaryImageOfPage":{"@id":"https:\/\/canfali.com\/ca-es\/santi-palacios-fitxa-pel-nybergsund-de-noruega\/#primaryimage"},"image":{"@id":"https:\/\/canfali.com\/ca-es\/santi-palacios-fitxa-pel-nybergsund-de-noruega\/#primaryimage"},"thumbnailUrl":"https:\/\/canfali.com\/app\/uploads\/2026\/03\/8palacios-copia.jpeg","datePublished":"2026-03-09T07:46:20+00:00","dateModified":"2026-03-09T07:47:26+00:00","description":"El futbolista dianense Santi Palacios, de 24 a\u00f1os, ha dado un nuevo paso en su carrera al fichar por el club noruego Nybergsund IL-Trysil","breadcrumb":{"@id":"https:\/\/canfali.com\/ca-es\/santi-palacios-fitxa-pel-nybergsund-de-noruega\/#breadcrumb"},"inLanguage":"va-ES","potentialAction":[{"@type":"ReadAction","target":["https:\/\/canfali.com\/ca-es\/santi-palacios-fitxa-pel-nybergsund-de-noruega\/"]}]},{"@type":"ImageObject","inLanguage":"va-ES","@id":"https:\/\/canfali.com\/ca-es\/santi-palacios-fitxa-pel-nybergsund-de-noruega\/#primaryimage","url":"https:\/\/canfali.com\/app\/uploads\/2026\/03\/8palacios-copia.jpeg","contentUrl":"https:\/\/canfali.com\/app\/uploads\/2026\/03\/8palacios-copia.jpeg","width":1200,"height":739},{"@type":"BreadcrumbList","@id":"https:\/\/canfali.com\/ca-es\/santi-palacios-fitxa-pel-nybergsund-de-noruega\/#breadcrumb","itemListElement":[{"@type":"ListItem","position":1,"name":"Portada","item":"https:\/\/canfali.com\/ca-es\/"},{"@type":"ListItem","position":2,"name":"Santi Palacios fitxa pel Nybergsund de Noruega"}]},{"@type":"WebSite","@id":"https:\/\/canfali.com\/ca-es\/#website","url":"https:\/\/canfali.com\/ca-es\/","name":"Canfali","description":"","publisher":{"@id":"https:\/\/canfali.com\/ca-es\/#organization"},"potentialAction":[{"@type":"SearchAction","target":{"@type":"EntryPoint","urlTemplate":"https:\/\/canfali.com\/ca-es\/?s={search_term_string}"},"query-input":{"@type":"PropertyValueSpecification","valueRequired":true,"valueName":"search_term_string"}}],"inLanguage":"va-ES"},{"@type":"Organization","@id":"https:\/\/canfali.com\/ca-es\/#organization","name":"Canfali","url":"https:\/\/canfali.com\/ca-es\/","logo":{"@type":"ImageObject","inLanguage":"va-ES","@id":"https:\/\/canfali.com\/ca-es\/#\/schema\/logo\/image\/","url":"https:\/\/canfali.com\/app\/uploads\/2025\/12\/canfali_marina_alta_logo.png","contentUrl":"https:\/\/canfali.com\/app\/uploads\/2025\/12\/canfali_marina_alta_logo.png","width":225,"height":225,"caption":"Canfali"},"image":{"@id":"https:\/\/canfali.com\/ca-es\/#\/schema\/logo\/image\/"},"sameAs":["https:\/\/es-es.facebook.com\/CANFALIMarinaAlta","https:\/\/x.com\/canfalima","https:\/\/www.instagram.com\/canfalimarinaalta\/"]},{"@type":"Person","@id":"https:\/\/canfali.com\/ca-es\/#\/schema\/person\/f540a86fb33e10daaae53c59ceaa1194","name":"Lluis","image":{"@type":"ImageObject","inLanguage":"va-ES","@id":"https:\/\/secure.gravatar.com\/avatar\/a21ec8835290e4e02ed0886b8cb327d807d0eb6ec8ccf25d4c2a0a415f506c0d?s=96&d=mm&r=g","url":"https:\/\/secure.gravatar.com\/avatar\/a21ec8835290e4e02ed0886b8cb327d807d0eb6ec8ccf25d4c2a0a415f506c0d?s=96&d=mm&r=g","contentUrl":"https:\/\/secure.gravatar.com\/avatar\/a21ec8835290e4e02ed0886b8cb327d807d0eb6ec8ccf25d4c2a0a415f506c0d?s=96&d=mm&r=g","caption":"Lluis"},"url":"https:\/\/canfali.com\/ca-es\/author\/lluis\/"}]}},"_links":{"self":[{"href":"https:\/\/canfali.com\/ca-es\/wp-json\/wp\/v2\/posts\/90624","targetHints":{"allow":["GET"]}}],"collection":[{"href":"https:\/\/canfali.com\/ca-es\/wp-json\/wp\/v2\/posts"}],"about":[{"href":"https:\/\/canfali.com\/ca-es\/wp-json\/wp\/v2\/types\/post"}],"author":[{"embeddable":true,"href":"https:\/\/canfali.com\/ca-es\/wp-json\/wp\/v2\/users\/8"}],"replies":[{"embeddable":true,"href":"https:\/\/canfali.com\/ca-es\/wp-json\/wp\/v2\/comments?post=90624"}],"version-history":[{"count":1,"href":"https:\/\/canfali.com\/ca-es\/wp-json\/wp\/v2\/posts\/90624\/revisions"}],"predecessor-version":[{"id":90625,"href":"https:\/\/canfali.com\/ca-es\/wp-json\/wp\/v2\/posts\/90624\/revisions\/90625"}],"wp:featuredmedia":[{"embeddable":true,"href":"https:\/\/canfali.com\/ca-es\/wp-json\/wp\/v2\/media\/90622"}],"wp:attachment":[{"href":"https:\/\/canfali.com\/ca-es\/wp-json\/wp\/v2\/media?parent=90624"}],"wp:term":[{"taxonomy":"category","embeddable":true,"href":"https:\/\/canfali.com\/ca-es\/wp-json\/wp\/v2\/categories?post=90624"},{"taxonomy":"post_tag","embeddable":true,"href":"https:\/\/canfali.com\/ca-es\/wp-json\/wp\/v2\/tags?post=90624"}],"curies":[{"name":"wp","href":"https:\/\/api.w.org\/{rel}","templated":true}]}}