{"id":90617,"date":"2026-03-08T21:33:22","date_gmt":"2026-03-08T20:33:22","guid":{"rendered":"https:\/\/canfali.com\/primera-ffcv-el-denia-perd-i-cedeix-el-lideratge\/"},"modified":"2026-03-08T21:34:29","modified_gmt":"2026-03-08T20:34:29","slug":"primera-ffcv-el-denia-perd-i-cedeix-el-lideratge","status":"publish","type":"post","link":"https:\/\/canfali.com\/ca-es\/primera-ffcv-el-denia-perd-i-cedeix-el-lideratge\/","title":{"rendered":"Primera FFCV: El D\u00e9nia perd i cedeix el lideratge"},"content":{"rendered":"\n<p>El CD D\u00e9nia va patir una mala jornada en la Primera FFCV en caure a casa davant l\u2019Algemes\u00ed CF per 0-1. El partit va comen\u00e7ar fred, amb nombroses interrupcions que van impedir que l\u2019encontre adquirira ritme. Les lesions del porter visitant i del central local Arthur van contribuir que la intensitat f\u00f3ra escassa durant la primera meitat.&#13;\n<\/p>\n\n<p>Les primeres ocasions van arribar per part de l\u2019Algemes\u00ed, tot i que sense encert en el remat. La m\u00e9s clara dels locals va ser un llan\u00e7ament ras d\u2019Iz\u00e1n, que va passar per sota del porter rival i es va estavellar al pal, circulant tot just per damunt de la l\u00ednia de gol.&#13;\n<\/p>\n\n<p>Despr\u00e9s del descans, l\u2019equip de Jos\u00e9 Cabe va continuar sense trobar el gol davant un rival que no va dubtar a rec\u00f3rrer a faltes per frenar el joc. La jugada clau va arribar amb el penal fallat per Panucci, el seu xut es va anar fora, enganxat al pal. La segona targeta groga a \u00d3scar va deixar el CD D\u00e9nia en inferioritat num\u00e8rica, complicant encara m\u00e9s les seues opcions.&#13;\n<\/p>\n\n<p>A la recta final, l\u2019Algemes\u00ed va mostrar m\u00e9s mordent i va aconseguir un gol, que va ser anul\u00b7lat per l\u2019\u00e0rbitre. Tot i aix\u00f2, en la jugada seg\u00fcent, Cervera va marcar de manera legal, sentenciant l\u2019encontre. En temps de prolongaci\u00f3, els dianenses van intentar reaccionar, per\u00f2 de forma desordenada, sense poder concretar l\u2019empat.&#13;\n<\/p>\n\n<p>Amb aquesta derrota, i sumada a altres resultats de la jornada, el CD D\u00e9nia queda en segona posici\u00f3 de la classificaci\u00f3, empatat amb el l\u00edder CF Gandia, mantenint la lluita pel primer lloc m\u00e9s ajustada que mai.&#13;\n<\/p>\n","protected":false},"excerpt":{"rendered":"El CD D\u00e9nia va patir una mala jornada en la Primera FFCV en caure a casa davant l\u2019Algemes\u00ed&hellip;","protected":false},"author":8,"featured_media":90615,"comment_status":"closed","ping_status":"closed","sticky":false,"template":"","format":"standard","meta":{"csco_display_header_overlay":false,"csco_singular_sidebar":"","csco_page_header_type":"","csco_page_load_nextpost":"","csco_post_video_location":[],"csco_post_video_location_hash":"","csco_post_video_url":"","csco_post_video_bg_start_time":0,"csco_post_video_bg_end_time":0,"footnotes":""},"categories":[573,598,601],"tags":[],"class_list":{"0":"post-90617","1":"post","2":"type-post","3":"status-publish","4":"format-standard","5":"has-post-thumbnail","7":"category-deportes-2","8":"category-esports","9":"category-futbol-ca-es","10":"cs-entry","11":"cs-video-wrap"},"yoast_head":"<!-- This site is optimized with the Yoast SEO Premium plugin v26.6 (Yoast SEO v27.3) - https:\/\/yoast.com\/product\/yoast-seo-premium-wordpress\/ -->\n<title>Primera FFCV: El D\u00e9nia perd i cedeix el lideratge - Canfali<\/title>\n<meta name=\"description\" content=\"El CD D\u00e9nia va patir una mala jornada en la Primera FFCV en caure a casa davant l\u2019Algemes\u00ed CF per 0-1, y cedeix el lideratge\" \/>\n<meta name=\"robots\" content=\"index, follow, max-snippet:-1, max-image-preview:large, max-video-preview:-1\" \/>\n<link rel=\"canonical\" href=\"https:\/\/canfali.com\/ca-es\/primera-ffcv-el-denia-perd-i-cedeix-el-lideratge\/\" \/>\n<meta property=\"og:locale\" content=\"en_US\" \/>\n<meta property=\"og:type\" content=\"article\" \/>\n<meta property=\"og:title\" content=\"Primera FFCV: El D\u00e9nia perd i cedeix el lideratge\" \/>\n<meta property=\"og:description\" content=\"El CD D\u00e9nia va patir una mala jornada en la Primera FFCV en caure a casa davant l\u2019Algemes\u00ed CF per 0-1, y cedeix el lideratge\" \/>\n<meta property=\"og:url\" content=\"https:\/\/canfali.com\/ca-es\/primera-ffcv-el-denia-perd-i-cedeix-el-lideratge\/\" \/>\n<meta property=\"og:site_name\" content=\"Canfali\" \/>\n<meta property=\"article:publisher\" content=\"https:\/\/es-es.facebook.com\/CANFALIMarinaAlta\" \/>\n<meta property=\"article:published_time\" content=\"2026-03-08T20:33:22+00:00\" \/>\n<meta property=\"article:modified_time\" content=\"2026-03-08T20:34:29+00:00\" \/>\n<meta property=\"og:image\" content=\"https:\/\/canfali.com\/app\/uploads\/2026\/03\/WhatsApp-Image-2026-03-08-at-21.25.21.jpeg\" \/>\n\t<meta property=\"og:image:width\" content=\"1334\" \/>\n\t<meta property=\"og:image:height\" content=\"813\" \/>\n\t<meta property=\"og:image:type\" content=\"image\/jpeg\" \/>\n<meta name=\"author\" content=\"Lluis\" \/>\n<meta name=\"twitter:card\" content=\"summary_large_image\" \/>\n<meta name=\"twitter:creator\" content=\"@canfalima\" \/>\n<meta name=\"twitter:site\" content=\"@canfalima\" \/>\n<meta name=\"twitter:label1\" content=\"Written by\" \/>\n\t<meta name=\"twitter:data1\" content=\"Lluis\" \/>\n\t<meta name=\"twitter:label2\" content=\"Est. reading time\" \/>\n\t<meta name=\"twitter:data2\" content=\"1 minute\" \/>\n<script type=\"application\/ld+json\" class=\"yoast-schema-graph\">{\"@context\":\"https:\\\/\\\/schema.org\",\"@graph\":[{\"@type\":\"NewsArticle\",\"@id\":\"https:\\\/\\\/canfali.com\\\/ca-es\\\/primera-ffcv-el-denia-perd-i-cedeix-el-lideratge\\\/#article\",\"isPartOf\":{\"@id\":\"https:\\\/\\\/canfali.com\\\/ca-es\\\/primera-ffcv-el-denia-perd-i-cedeix-el-lideratge\\\/\"},\"author\":{\"name\":\"Lluis\",\"@id\":\"https:\\\/\\\/canfali.com\\\/ca-es\\\/#\\\/schema\\\/person\\\/f540a86fb33e10daaae53c59ceaa1194\"},\"headline\":\"Primera FFCV: El D\u00e9nia perd i cedeix el lideratge\",\"datePublished\":\"2026-03-08T20:33:22+00:00\",\"dateModified\":\"2026-03-08T20:34:29+00:00\",\"mainEntityOfPage\":{\"@id\":\"https:\\\/\\\/canfali.com\\\/ca-es\\\/primera-ffcv-el-denia-perd-i-cedeix-el-lideratge\\\/\"},\"wordCount\":304,\"publisher\":{\"@id\":\"https:\\\/\\\/canfali.com\\\/ca-es\\\/#organization\"},\"image\":{\"@id\":\"https:\\\/\\\/canfali.com\\\/ca-es\\\/primera-ffcv-el-denia-perd-i-cedeix-el-lideratge\\\/#primaryimage\"},\"thumbnailUrl\":\"https:\\\/\\\/canfali.com\\\/app\\\/uploads\\\/2026\\\/03\\\/WhatsApp-Image-2026-03-08-at-21.25.21.jpeg\",\"articleSection\":[\"Deportes\",\"Esports\",\"Futbol\"],\"inLanguage\":\"va-ES\",\"copyrightYear\":\"2026\",\"copyrightHolder\":{\"@id\":\"https:\\\/\\\/canfali.com\\\/#organization\"}},{\"@type\":\"WebPage\",\"@id\":\"https:\\\/\\\/canfali.com\\\/ca-es\\\/primera-ffcv-el-denia-perd-i-cedeix-el-lideratge\\\/\",\"url\":\"https:\\\/\\\/canfali.com\\\/ca-es\\\/primera-ffcv-el-denia-perd-i-cedeix-el-lideratge\\\/\",\"name\":\"Primera FFCV: El D\u00e9nia perd i cedeix el lideratge - Canfali\",\"isPartOf\":{\"@id\":\"https:\\\/\\\/canfali.com\\\/ca-es\\\/#website\"},\"primaryImageOfPage\":{\"@id\":\"https:\\\/\\\/canfali.com\\\/ca-es\\\/primera-ffcv-el-denia-perd-i-cedeix-el-lideratge\\\/#primaryimage\"},\"image\":{\"@id\":\"https:\\\/\\\/canfali.com\\\/ca-es\\\/primera-ffcv-el-denia-perd-i-cedeix-el-lideratge\\\/#primaryimage\"},\"thumbnailUrl\":\"https:\\\/\\\/canfali.com\\\/app\\\/uploads\\\/2026\\\/03\\\/WhatsApp-Image-2026-03-08-at-21.25.21.jpeg\",\"datePublished\":\"2026-03-08T20:33:22+00:00\",\"dateModified\":\"2026-03-08T20:34:29+00:00\",\"description\":\"El CD D\u00e9nia va patir una mala jornada en la Primera FFCV en caure a casa davant l\u2019Algemes\u00ed CF per 0-1, y cedeix el lideratge\",\"breadcrumb\":{\"@id\":\"https:\\\/\\\/canfali.com\\\/ca-es\\\/primera-ffcv-el-denia-perd-i-cedeix-el-lideratge\\\/#breadcrumb\"},\"inLanguage\":\"va-ES\",\"potentialAction\":[{\"@type\":\"ReadAction\",\"target\":[\"https:\\\/\\\/canfali.com\\\/ca-es\\\/primera-ffcv-el-denia-perd-i-cedeix-el-lideratge\\\/\"]}]},{\"@type\":\"ImageObject\",\"inLanguage\":\"va-ES\",\"@id\":\"https:\\\/\\\/canfali.com\\\/ca-es\\\/primera-ffcv-el-denia-perd-i-cedeix-el-lideratge\\\/#primaryimage\",\"url\":\"https:\\\/\\\/canfali.com\\\/app\\\/uploads\\\/2026\\\/03\\\/WhatsApp-Image-2026-03-08-at-21.25.21.jpeg\",\"contentUrl\":\"https:\\\/\\\/canfali.com\\\/app\\\/uploads\\\/2026\\\/03\\\/WhatsApp-Image-2026-03-08-at-21.25.21.jpeg\",\"width\":1334,\"height\":813},{\"@type\":\"BreadcrumbList\",\"@id\":\"https:\\\/\\\/canfali.com\\\/ca-es\\\/primera-ffcv-el-denia-perd-i-cedeix-el-lideratge\\\/#breadcrumb\",\"itemListElement\":[{\"@type\":\"ListItem\",\"position\":1,\"name\":\"Portada\",\"item\":\"https:\\\/\\\/canfali.com\\\/ca-es\\\/\"},{\"@type\":\"ListItem\",\"position\":2,\"name\":\"Primera FFCV: El D\u00e9nia perd i cedeix el lideratge\"}]},{\"@type\":\"WebSite\",\"@id\":\"https:\\\/\\\/canfali.com\\\/ca-es\\\/#website\",\"url\":\"https:\\\/\\\/canfali.com\\\/ca-es\\\/\",\"name\":\"Canfali\",\"description\":\"\",\"publisher\":{\"@id\":\"https:\\\/\\\/canfali.com\\\/ca-es\\\/#organization\"},\"potentialAction\":[{\"@type\":\"SearchAction\",\"target\":{\"@type\":\"EntryPoint\",\"urlTemplate\":\"https:\\\/\\\/canfali.com\\\/ca-es\\\/?s={search_term_string}\"},\"query-input\":{\"@type\":\"PropertyValueSpecification\",\"valueRequired\":true,\"valueName\":\"search_term_string\"}}],\"inLanguage\":\"va-ES\"},{\"@type\":\"Organization\",\"@id\":\"https:\\\/\\\/canfali.com\\\/ca-es\\\/#organization\",\"name\":\"Canfali\",\"url\":\"https:\\\/\\\/canfali.com\\\/ca-es\\\/\",\"logo\":{\"@type\":\"ImageObject\",\"inLanguage\":\"va-ES\",\"@id\":\"https:\\\/\\\/canfali.com\\\/ca-es\\\/#\\\/schema\\\/logo\\\/image\\\/\",\"url\":\"https:\\\/\\\/canfali.com\\\/app\\\/uploads\\\/2025\\\/12\\\/canfali_marina_alta_logo.png\",\"contentUrl\":\"https:\\\/\\\/canfali.com\\\/app\\\/uploads\\\/2025\\\/12\\\/canfali_marina_alta_logo.png\",\"width\":225,\"height\":225,\"caption\":\"Canfali\"},\"image\":{\"@id\":\"https:\\\/\\\/canfali.com\\\/ca-es\\\/#\\\/schema\\\/logo\\\/image\\\/\"},\"sameAs\":[\"https:\\\/\\\/es-es.facebook.com\\\/CANFALIMarinaAlta\",\"https:\\\/\\\/x.com\\\/canfalima\",\"https:\\\/\\\/www.instagram.com\\\/canfalimarinaalta\\\/\"]},{\"@type\":\"Person\",\"@id\":\"https:\\\/\\\/canfali.com\\\/ca-es\\\/#\\\/schema\\\/person\\\/f540a86fb33e10daaae53c59ceaa1194\",\"name\":\"Lluis\",\"image\":{\"@type\":\"ImageObject\",\"inLanguage\":\"va-ES\",\"@id\":\"https:\\\/\\\/secure.gravatar.com\\\/avatar\\\/a21ec8835290e4e02ed0886b8cb327d807d0eb6ec8ccf25d4c2a0a415f506c0d?s=96&d=mm&r=g\",\"url\":\"https:\\\/\\\/secure.gravatar.com\\\/avatar\\\/a21ec8835290e4e02ed0886b8cb327d807d0eb6ec8ccf25d4c2a0a415f506c0d?s=96&d=mm&r=g\",\"contentUrl\":\"https:\\\/\\\/secure.gravatar.com\\\/avatar\\\/a21ec8835290e4e02ed0886b8cb327d807d0eb6ec8ccf25d4c2a0a415f506c0d?s=96&d=mm&r=g\",\"caption\":\"Lluis\"},\"url\":\"https:\\\/\\\/canfali.com\\\/ca-es\\\/author\\\/lluis\\\/\"}]}<\/script>\n<!-- \/ Yoast SEO Premium plugin. -->","yoast_head_json":{"title":"Primera FFCV: El D\u00e9nia perd i cedeix el lideratge - Canfali","description":"El CD D\u00e9nia va patir una mala jornada en la Primera FFCV en caure a casa davant l\u2019Algemes\u00ed CF per 0-1, y cedeix el lideratge","robots":{"index":"index","follow":"follow","max-snippet":"max-snippet:-1","max-image-preview":"max-image-preview:large","max-video-preview":"max-video-preview:-1"},"canonical":"https:\/\/canfali.com\/ca-es\/primera-ffcv-el-denia-perd-i-cedeix-el-lideratge\/","og_locale":"en_US","og_type":"article","og_title":"Primera FFCV: El D\u00e9nia perd i cedeix el lideratge","og_description":"El CD D\u00e9nia va patir una mala jornada en la Primera FFCV en caure a casa davant l\u2019Algemes\u00ed CF per 0-1, y cedeix el lideratge","og_url":"https:\/\/canfali.com\/ca-es\/primera-ffcv-el-denia-perd-i-cedeix-el-lideratge\/","og_site_name":"Canfali","article_publisher":"https:\/\/es-es.facebook.com\/CANFALIMarinaAlta","article_published_time":"2026-03-08T20:33:22+00:00","article_modified_time":"2026-03-08T20:34:29+00:00","og_image":[{"width":1334,"height":813,"url":"https:\/\/canfali.com\/app\/uploads\/2026\/03\/WhatsApp-Image-2026-03-08-at-21.25.21.jpeg","type":"image\/jpeg"}],"author":"Lluis","twitter_card":"summary_large_image","twitter_creator":"@canfalima","twitter_site":"@canfalima","twitter_misc":{"Written by":"Lluis","Est. reading time":"1 minute"},"schema":{"@context":"https:\/\/schema.org","@graph":[{"@type":"NewsArticle","@id":"https:\/\/canfali.com\/ca-es\/primera-ffcv-el-denia-perd-i-cedeix-el-lideratge\/#article","isPartOf":{"@id":"https:\/\/canfali.com\/ca-es\/primera-ffcv-el-denia-perd-i-cedeix-el-lideratge\/"},"author":{"name":"Lluis","@id":"https:\/\/canfali.com\/ca-es\/#\/schema\/person\/f540a86fb33e10daaae53c59ceaa1194"},"headline":"Primera FFCV: El D\u00e9nia perd i cedeix el lideratge","datePublished":"2026-03-08T20:33:22+00:00","dateModified":"2026-03-08T20:34:29+00:00","mainEntityOfPage":{"@id":"https:\/\/canfali.com\/ca-es\/primera-ffcv-el-denia-perd-i-cedeix-el-lideratge\/"},"wordCount":304,"publisher":{"@id":"https:\/\/canfali.com\/ca-es\/#organization"},"image":{"@id":"https:\/\/canfali.com\/ca-es\/primera-ffcv-el-denia-perd-i-cedeix-el-lideratge\/#primaryimage"},"thumbnailUrl":"https:\/\/canfali.com\/app\/uploads\/2026\/03\/WhatsApp-Image-2026-03-08-at-21.25.21.jpeg","articleSection":["Deportes","Esports","Futbol"],"inLanguage":"va-ES","copyrightYear":"2026","copyrightHolder":{"@id":"https:\/\/canfali.com\/#organization"}},{"@type":"WebPage","@id":"https:\/\/canfali.com\/ca-es\/primera-ffcv-el-denia-perd-i-cedeix-el-lideratge\/","url":"https:\/\/canfali.com\/ca-es\/primera-ffcv-el-denia-perd-i-cedeix-el-lideratge\/","name":"Primera FFCV: El D\u00e9nia perd i cedeix el lideratge - Canfali","isPartOf":{"@id":"https:\/\/canfali.com\/ca-es\/#website"},"primaryImageOfPage":{"@id":"https:\/\/canfali.com\/ca-es\/primera-ffcv-el-denia-perd-i-cedeix-el-lideratge\/#primaryimage"},"image":{"@id":"https:\/\/canfali.com\/ca-es\/primera-ffcv-el-denia-perd-i-cedeix-el-lideratge\/#primaryimage"},"thumbnailUrl":"https:\/\/canfali.com\/app\/uploads\/2026\/03\/WhatsApp-Image-2026-03-08-at-21.25.21.jpeg","datePublished":"2026-03-08T20:33:22+00:00","dateModified":"2026-03-08T20:34:29+00:00","description":"El CD D\u00e9nia va patir una mala jornada en la Primera FFCV en caure a casa davant l\u2019Algemes\u00ed CF per 0-1, y cedeix el lideratge","breadcrumb":{"@id":"https:\/\/canfali.com\/ca-es\/primera-ffcv-el-denia-perd-i-cedeix-el-lideratge\/#breadcrumb"},"inLanguage":"va-ES","potentialAction":[{"@type":"ReadAction","target":["https:\/\/canfali.com\/ca-es\/primera-ffcv-el-denia-perd-i-cedeix-el-lideratge\/"]}]},{"@type":"ImageObject","inLanguage":"va-ES","@id":"https:\/\/canfali.com\/ca-es\/primera-ffcv-el-denia-perd-i-cedeix-el-lideratge\/#primaryimage","url":"https:\/\/canfali.com\/app\/uploads\/2026\/03\/WhatsApp-Image-2026-03-08-at-21.25.21.jpeg","contentUrl":"https:\/\/canfali.com\/app\/uploads\/2026\/03\/WhatsApp-Image-2026-03-08-at-21.25.21.jpeg","width":1334,"height":813},{"@type":"BreadcrumbList","@id":"https:\/\/canfali.com\/ca-es\/primera-ffcv-el-denia-perd-i-cedeix-el-lideratge\/#breadcrumb","itemListElement":[{"@type":"ListItem","position":1,"name":"Portada","item":"https:\/\/canfali.com\/ca-es\/"},{"@type":"ListItem","position":2,"name":"Primera FFCV: El D\u00e9nia perd i cedeix el lideratge"}]},{"@type":"WebSite","@id":"https:\/\/canfali.com\/ca-es\/#website","url":"https:\/\/canfali.com\/ca-es\/","name":"Canfali","description":"","publisher":{"@id":"https:\/\/canfali.com\/ca-es\/#organization"},"potentialAction":[{"@type":"SearchAction","target":{"@type":"EntryPoint","urlTemplate":"https:\/\/canfali.com\/ca-es\/?s={search_term_string}"},"query-input":{"@type":"PropertyValueSpecification","valueRequired":true,"valueName":"search_term_string"}}],"inLanguage":"va-ES"},{"@type":"Organization","@id":"https:\/\/canfali.com\/ca-es\/#organization","name":"Canfali","url":"https:\/\/canfali.com\/ca-es\/","logo":{"@type":"ImageObject","inLanguage":"va-ES","@id":"https:\/\/canfali.com\/ca-es\/#\/schema\/logo\/image\/","url":"https:\/\/canfali.com\/app\/uploads\/2025\/12\/canfali_marina_alta_logo.png","contentUrl":"https:\/\/canfali.com\/app\/uploads\/2025\/12\/canfali_marina_alta_logo.png","width":225,"height":225,"caption":"Canfali"},"image":{"@id":"https:\/\/canfali.com\/ca-es\/#\/schema\/logo\/image\/"},"sameAs":["https:\/\/es-es.facebook.com\/CANFALIMarinaAlta","https:\/\/x.com\/canfalima","https:\/\/www.instagram.com\/canfalimarinaalta\/"]},{"@type":"Person","@id":"https:\/\/canfali.com\/ca-es\/#\/schema\/person\/f540a86fb33e10daaae53c59ceaa1194","name":"Lluis","image":{"@type":"ImageObject","inLanguage":"va-ES","@id":"https:\/\/secure.gravatar.com\/avatar\/a21ec8835290e4e02ed0886b8cb327d807d0eb6ec8ccf25d4c2a0a415f506c0d?s=96&d=mm&r=g","url":"https:\/\/secure.gravatar.com\/avatar\/a21ec8835290e4e02ed0886b8cb327d807d0eb6ec8ccf25d4c2a0a415f506c0d?s=96&d=mm&r=g","contentUrl":"https:\/\/secure.gravatar.com\/avatar\/a21ec8835290e4e02ed0886b8cb327d807d0eb6ec8ccf25d4c2a0a415f506c0d?s=96&d=mm&r=g","caption":"Lluis"},"url":"https:\/\/canfali.com\/ca-es\/author\/lluis\/"}]}},"_links":{"self":[{"href":"https:\/\/canfali.com\/ca-es\/wp-json\/wp\/v2\/posts\/90617","targetHints":{"allow":["GET"]}}],"collection":[{"href":"https:\/\/canfali.com\/ca-es\/wp-json\/wp\/v2\/posts"}],"about":[{"href":"https:\/\/canfali.com\/ca-es\/wp-json\/wp\/v2\/types\/post"}],"author":[{"embeddable":true,"href":"https:\/\/canfali.com\/ca-es\/wp-json\/wp\/v2\/users\/8"}],"replies":[{"embeddable":true,"href":"https:\/\/canfali.com\/ca-es\/wp-json\/wp\/v2\/comments?post=90617"}],"version-history":[{"count":1,"href":"https:\/\/canfali.com\/ca-es\/wp-json\/wp\/v2\/posts\/90617\/revisions"}],"predecessor-version":[{"id":90618,"href":"https:\/\/canfali.com\/ca-es\/wp-json\/wp\/v2\/posts\/90617\/revisions\/90618"}],"wp:featuredmedia":[{"embeddable":true,"href":"https:\/\/canfali.com\/ca-es\/wp-json\/wp\/v2\/media\/90615"}],"wp:attachment":[{"href":"https:\/\/canfali.com\/ca-es\/wp-json\/wp\/v2\/media?parent=90617"}],"wp:term":[{"taxonomy":"category","embeddable":true,"href":"https:\/\/canfali.com\/ca-es\/wp-json\/wp\/v2\/categories?post=90617"},{"taxonomy":"post_tag","embeddable":true,"href":"https:\/\/canfali.com\/ca-es\/wp-json\/wp\/v2\/tags?post=90617"}],"curies":[{"name":"wp","href":"https:\/\/api.w.org\/{rel}","templated":true}]}}