{"id":90558,"date":"2026-03-08T14:30:43","date_gmt":"2026-03-08T13:30:43","guid":{"rendered":"https:\/\/canfali.com\/?p=90558"},"modified":"2026-03-08T14:30:45","modified_gmt":"2026-03-08T13:30:45","slug":"la-crida-i-el-concurs-de-paelles-de-la-font-calfen-lambient-faller-a-pego","status":"publish","type":"post","link":"https:\/\/canfali.com\/ca-es\/la-crida-i-el-concurs-de-paelles-de-la-font-calfen-lambient-faller-a-pego\/","title":{"rendered":"La crida i el concurs de paelles de la Font calfen l\u2019ambient faller a Pego"},"content":{"rendered":"\n<p><strong>El singular esdeveniment gastron\u00f2mica arriba a la XL edici\u00f3<\/strong><\/p>\n\n\n\n<figure class=\"wp-block-gallery has-nested-images columns-default is-cropped wp-block-gallery-15 is-layout-flex wp-block-gallery-is-layout-flex\">\n<figure class=\"wp-block-image size-large\"><img decoding=\"async\" data-id=\"90561\" src=\"https:\/\/canfali.com\/app\/uploads\/2026\/03\/digi1-1024x679.jpg.webp\" alt=\"\" class=\"wp-image-90561\"\/><\/figure>\n<\/figure>\n\n\n\n<p>Seixanta-huit paelles han estat comptabilitzades en la XL edici\u00f3 del concurs gastron\u00f2mic de la falla La Font de Pego que ha congregat a m\u00e9s d\u2019un miler de participants als voltants del passeig Cervantes.<\/p>\n\n\n\n<figure class=\"wp-block-gallery has-nested-images columns-default is-cropped wp-block-gallery-16 is-layout-flex wp-block-gallery-is-layout-flex\">\n<figure class=\"wp-block-image size-large\"><img decoding=\"async\" data-id=\"90563\" src=\"https:\/\/canfali.com\/app\/uploads\/2026\/03\/DSC_0700-1024x679.jpg.webp\" alt=\"\" class=\"wp-image-90563\"\/><\/figure>\n<\/figure>\n\n\n\n<p>Entre les colles han destacat les diferents quintades en especial la dels nascuts a 1966 en la que els seus integrants compleixen seixanta anys enguany.<\/p>\n\n\n\n<figure class=\"wp-block-image size-large\"><img decoding=\"async\" src=\"https:\/\/canfali.com\/app\/uploads\/2026\/03\/digi4b-1024x679.jpg.webp\" alt=\"\" class=\"wp-image-90565\"\/><\/figure>\n\n\n\n<p>&nbsp;&nbsp;&nbsp;&nbsp;&nbsp;&nbsp; El singular esdeveniment ha calfat l\u2019ambient de cara a les festes josefines despr\u00e9s de l\u2019inici formal de l\u2019agenda d\u2019aquestes amb la crida al balc\u00f3 de l\u2019Ajuntament amb la pres\u00e8ncia de les falleres majors i c\u00e0rrecs dels districtes La Font, Pla\u00e7a i Natzar\u00e9 i Convent al sal\u00f3 de plens del consistori on han estat rebudes per la regidora de Festes, Paula Orihuel.<\/p>\n\n\n\n<figure class=\"wp-block-gallery has-nested-images columns-default is-cropped wp-block-gallery-17 is-layout-flex wp-block-gallery-is-layout-flex\">\n<figure class=\"wp-block-image size-large\"><img decoding=\"async\" data-id=\"90571\" src=\"https:\/\/canfali.com\/app\/uploads\/2026\/03\/DSC_0708-1024x679.jpg.webp\" alt=\"\" class=\"wp-image-90571\"\/><\/figure>\n<\/figure>\n\n\n\n<figure class=\"wp-block-image size-large\"><img decoding=\"async\" src=\"https:\/\/canfali.com\/app\/uploads\/2026\/03\/digi5-1-1024x679.jpg.webp\" alt=\"\" class=\"wp-image-90573\"\/><\/figure>\n","protected":false},"excerpt":{"rendered":"El singular esdeveniment gastron\u00f2mica arriba a la XL edici\u00f3 Seixanta-huit paelles han estat comptabilitzades en la XL edici\u00f3&hellip;","protected":false},"author":4,"featured_media":90559,"comment_status":"closed","ping_status":"closed","sticky":false,"template":"","format":"standard","meta":{"csco_display_header_overlay":false,"csco_singular_sidebar":"","csco_page_header_type":"","csco_page_load_nextpost":"","csco_post_video_location":[],"csco_post_video_location_hash":"","csco_post_video_url":"","csco_post_video_bg_start_time":0,"csco_post_video_bg_end_time":0,"footnotes":""},"categories":[587],"tags":[7002,6860,7003,7001],"class_list":{"0":"post-90558","1":"post","2":"type-post","3":"status-publish","4":"format-standard","5":"has-post-thumbnail","7":"category-festes","8":"tag-concurs-de-paelles","9":"tag-crida","10":"tag-falla-la-font","11":"tag-falles-pego","12":"cs-entry","13":"cs-video-wrap"},"yoast_head":"<!-- This site is optimized with the Yoast SEO Premium plugin v26.6 (Yoast SEO v27.3) - https:\/\/yoast.com\/product\/yoast-seo-premium-wordpress\/ -->\n<title>La crida i el concurs de paelles de la Font calfen l\u2019ambient faller a Pego - Canfali<\/title>\n<meta name=\"robots\" content=\"index, follow, max-snippet:-1, max-image-preview:large, max-video-preview:-1\" \/>\n<link rel=\"canonical\" href=\"https:\/\/canfali.com\/ca-es\/la-crida-i-el-concurs-de-paelles-de-la-font-calfen-lambient-faller-a-pego\/\" \/>\n<meta property=\"og:locale\" content=\"en_US\" \/>\n<meta property=\"og:type\" content=\"article\" \/>\n<meta property=\"og:title\" content=\"La crida i el concurs de paelles de la Font calfen l\u2019ambient faller a Pego\" \/>\n<meta property=\"og:description\" content=\"El singular esdeveniment gastron\u00f2mica arriba a la XL edici\u00f3 Seixanta-huit paelles han estat comptabilitzades en la XL edici\u00f3&hellip;\" \/>\n<meta property=\"og:url\" content=\"https:\/\/canfali.com\/ca-es\/la-crida-i-el-concurs-de-paelles-de-la-font-calfen-lambient-faller-a-pego\/\" \/>\n<meta property=\"og:site_name\" content=\"Canfali\" \/>\n<meta property=\"article:publisher\" content=\"https:\/\/es-es.facebook.com\/CANFALIMarinaAlta\" \/>\n<meta property=\"article:published_time\" content=\"2026-03-08T13:30:43+00:00\" \/>\n<meta property=\"article:modified_time\" content=\"2026-03-08T13:30:45+00:00\" \/>\n<meta property=\"og:image\" content=\"https:\/\/canfali.com\/app\/uploads\/2026\/03\/cridafallera-dig1.jpg\" \/>\n\t<meta property=\"og:image:width\" content=\"1600\" \/>\n\t<meta property=\"og:image:height\" content=\"1200\" \/>\n\t<meta property=\"og:image:type\" content=\"image\/jpeg\" \/>\n<meta name=\"author\" content=\"JJ Mas\" \/>\n<meta name=\"twitter:card\" content=\"summary_large_image\" \/>\n<meta name=\"twitter:creator\" content=\"@canfalima\" \/>\n<meta name=\"twitter:site\" content=\"@canfalima\" \/>\n<meta name=\"twitter:label1\" content=\"Written by\" \/>\n\t<meta name=\"twitter:data1\" content=\"JJ Mas\" \/>\n\t<meta name=\"twitter:label2\" content=\"Est. reading time\" \/>\n\t<meta name=\"twitter:data2\" content=\"2 minutes\" \/>\n<script type=\"application\/ld+json\" class=\"yoast-schema-graph\">{\"@context\":\"https:\\\/\\\/schema.org\",\"@graph\":[{\"@type\":\"NewsArticle\",\"@id\":\"https:\\\/\\\/canfali.com\\\/ca-es\\\/la-crida-i-el-concurs-de-paelles-de-la-font-calfen-lambient-faller-a-pego\\\/#article\",\"isPartOf\":{\"@id\":\"https:\\\/\\\/canfali.com\\\/ca-es\\\/la-crida-i-el-concurs-de-paelles-de-la-font-calfen-lambient-faller-a-pego\\\/\"},\"author\":{\"name\":\"JJ Mas\",\"@id\":\"https:\\\/\\\/canfali.com\\\/ca-es\\\/#\\\/schema\\\/person\\\/d834d2d4df17cac754d3c314d4c404ef\"},\"headline\":\"La crida i el concurs de paelles de la Font calfen l\u2019ambient faller a Pego\",\"datePublished\":\"2026-03-08T13:30:43+00:00\",\"dateModified\":\"2026-03-08T13:30:45+00:00\",\"mainEntityOfPage\":{\"@id\":\"https:\\\/\\\/canfali.com\\\/ca-es\\\/la-crida-i-el-concurs-de-paelles-de-la-font-calfen-lambient-faller-a-pego\\\/\"},\"wordCount\":162,\"publisher\":{\"@id\":\"https:\\\/\\\/canfali.com\\\/ca-es\\\/#organization\"},\"image\":{\"@id\":\"https:\\\/\\\/canfali.com\\\/ca-es\\\/la-crida-i-el-concurs-de-paelles-de-la-font-calfen-lambient-faller-a-pego\\\/#primaryimage\"},\"thumbnailUrl\":\"https:\\\/\\\/canfali.com\\\/app\\\/uploads\\\/2026\\\/03\\\/cridafallera-dig1.jpg\",\"keywords\":[\"concurs de paelles\",\"crida\",\"falla La Font\",\"falles pego\"],\"articleSection\":[\"Festes\"],\"inLanguage\":\"va-ES\",\"copyrightYear\":\"2026\",\"copyrightHolder\":{\"@id\":\"https:\\\/\\\/canfali.com\\\/#organization\"}},{\"@type\":\"WebPage\",\"@id\":\"https:\\\/\\\/canfali.com\\\/ca-es\\\/la-crida-i-el-concurs-de-paelles-de-la-font-calfen-lambient-faller-a-pego\\\/\",\"url\":\"https:\\\/\\\/canfali.com\\\/ca-es\\\/la-crida-i-el-concurs-de-paelles-de-la-font-calfen-lambient-faller-a-pego\\\/\",\"name\":\"La crida i el concurs de paelles de la Font calfen l\u2019ambient faller a Pego - Canfali\",\"isPartOf\":{\"@id\":\"https:\\\/\\\/canfali.com\\\/ca-es\\\/#website\"},\"primaryImageOfPage\":{\"@id\":\"https:\\\/\\\/canfali.com\\\/ca-es\\\/la-crida-i-el-concurs-de-paelles-de-la-font-calfen-lambient-faller-a-pego\\\/#primaryimage\"},\"image\":{\"@id\":\"https:\\\/\\\/canfali.com\\\/ca-es\\\/la-crida-i-el-concurs-de-paelles-de-la-font-calfen-lambient-faller-a-pego\\\/#primaryimage\"},\"thumbnailUrl\":\"https:\\\/\\\/canfali.com\\\/app\\\/uploads\\\/2026\\\/03\\\/cridafallera-dig1.jpg\",\"datePublished\":\"2026-03-08T13:30:43+00:00\",\"dateModified\":\"2026-03-08T13:30:45+00:00\",\"breadcrumb\":{\"@id\":\"https:\\\/\\\/canfali.com\\\/ca-es\\\/la-crida-i-el-concurs-de-paelles-de-la-font-calfen-lambient-faller-a-pego\\\/#breadcrumb\"},\"inLanguage\":\"va-ES\",\"potentialAction\":[{\"@type\":\"ReadAction\",\"target\":[\"https:\\\/\\\/canfali.com\\\/ca-es\\\/la-crida-i-el-concurs-de-paelles-de-la-font-calfen-lambient-faller-a-pego\\\/\"]}]},{\"@type\":\"ImageObject\",\"inLanguage\":\"va-ES\",\"@id\":\"https:\\\/\\\/canfali.com\\\/ca-es\\\/la-crida-i-el-concurs-de-paelles-de-la-font-calfen-lambient-faller-a-pego\\\/#primaryimage\",\"url\":\"https:\\\/\\\/canfali.com\\\/app\\\/uploads\\\/2026\\\/03\\\/cridafallera-dig1.jpg\",\"contentUrl\":\"https:\\\/\\\/canfali.com\\\/app\\\/uploads\\\/2026\\\/03\\\/cridafallera-dig1.jpg\",\"width\":1600,\"height\":1200},{\"@type\":\"BreadcrumbList\",\"@id\":\"https:\\\/\\\/canfali.com\\\/ca-es\\\/la-crida-i-el-concurs-de-paelles-de-la-font-calfen-lambient-faller-a-pego\\\/#breadcrumb\",\"itemListElement\":[{\"@type\":\"ListItem\",\"position\":1,\"name\":\"Portada\",\"item\":\"https:\\\/\\\/canfali.com\\\/ca-es\\\/\"},{\"@type\":\"ListItem\",\"position\":2,\"name\":\"La crida i el concurs de paelles de la Font calfen l\u2019ambient faller a Pego\"}]},{\"@type\":\"WebSite\",\"@id\":\"https:\\\/\\\/canfali.com\\\/ca-es\\\/#website\",\"url\":\"https:\\\/\\\/canfali.com\\\/ca-es\\\/\",\"name\":\"Canfali\",\"description\":\"\",\"publisher\":{\"@id\":\"https:\\\/\\\/canfali.com\\\/ca-es\\\/#organization\"},\"potentialAction\":[{\"@type\":\"SearchAction\",\"target\":{\"@type\":\"EntryPoint\",\"urlTemplate\":\"https:\\\/\\\/canfali.com\\\/ca-es\\\/?s={search_term_string}\"},\"query-input\":{\"@type\":\"PropertyValueSpecification\",\"valueRequired\":true,\"valueName\":\"search_term_string\"}}],\"inLanguage\":\"va-ES\"},{\"@type\":\"Organization\",\"@id\":\"https:\\\/\\\/canfali.com\\\/ca-es\\\/#organization\",\"name\":\"Canfali\",\"url\":\"https:\\\/\\\/canfali.com\\\/ca-es\\\/\",\"logo\":{\"@type\":\"ImageObject\",\"inLanguage\":\"va-ES\",\"@id\":\"https:\\\/\\\/canfali.com\\\/ca-es\\\/#\\\/schema\\\/logo\\\/image\\\/\",\"url\":\"https:\\\/\\\/canfali.com\\\/app\\\/uploads\\\/2025\\\/12\\\/canfali_marina_alta_logo.png\",\"contentUrl\":\"https:\\\/\\\/canfali.com\\\/app\\\/uploads\\\/2025\\\/12\\\/canfali_marina_alta_logo.png\",\"width\":225,\"height\":225,\"caption\":\"Canfali\"},\"image\":{\"@id\":\"https:\\\/\\\/canfali.com\\\/ca-es\\\/#\\\/schema\\\/logo\\\/image\\\/\"},\"sameAs\":[\"https:\\\/\\\/es-es.facebook.com\\\/CANFALIMarinaAlta\",\"https:\\\/\\\/x.com\\\/canfalima\",\"https:\\\/\\\/www.instagram.com\\\/canfalimarinaalta\\\/\"]},{\"@type\":\"Person\",\"@id\":\"https:\\\/\\\/canfali.com\\\/ca-es\\\/#\\\/schema\\\/person\\\/d834d2d4df17cac754d3c314d4c404ef\",\"name\":\"JJ Mas\",\"image\":{\"@type\":\"ImageObject\",\"inLanguage\":\"va-ES\",\"@id\":\"https:\\\/\\\/secure.gravatar.com\\\/avatar\\\/65a5191f5438bf88c2394f6d1a625a6ff903c8785268e603c623a83bc15ba1ee?s=96&d=mm&r=g\",\"url\":\"https:\\\/\\\/secure.gravatar.com\\\/avatar\\\/65a5191f5438bf88c2394f6d1a625a6ff903c8785268e603c623a83bc15ba1ee?s=96&d=mm&r=g\",\"contentUrl\":\"https:\\\/\\\/secure.gravatar.com\\\/avatar\\\/65a5191f5438bf88c2394f6d1a625a6ff903c8785268e603c623a83bc15ba1ee?s=96&d=mm&r=g\",\"caption\":\"JJ Mas\"},\"url\":\"https:\\\/\\\/canfali.com\\\/ca-es\\\/author\\\/jj\\\/\"}]}<\/script>\n<!-- \/ Yoast SEO Premium plugin. -->","yoast_head_json":{"title":"La crida i el concurs de paelles de la Font calfen l\u2019ambient faller a Pego - Canfali","robots":{"index":"index","follow":"follow","max-snippet":"max-snippet:-1","max-image-preview":"max-image-preview:large","max-video-preview":"max-video-preview:-1"},"canonical":"https:\/\/canfali.com\/ca-es\/la-crida-i-el-concurs-de-paelles-de-la-font-calfen-lambient-faller-a-pego\/","og_locale":"en_US","og_type":"article","og_title":"La crida i el concurs de paelles de la Font calfen l\u2019ambient faller a Pego","og_description":"El singular esdeveniment gastron\u00f2mica arriba a la XL edici\u00f3 Seixanta-huit paelles han estat comptabilitzades en la XL edici\u00f3&hellip;","og_url":"https:\/\/canfali.com\/ca-es\/la-crida-i-el-concurs-de-paelles-de-la-font-calfen-lambient-faller-a-pego\/","og_site_name":"Canfali","article_publisher":"https:\/\/es-es.facebook.com\/CANFALIMarinaAlta","article_published_time":"2026-03-08T13:30:43+00:00","article_modified_time":"2026-03-08T13:30:45+00:00","og_image":[{"width":1600,"height":1200,"url":"https:\/\/canfali.com\/app\/uploads\/2026\/03\/cridafallera-dig1.jpg","type":"image\/jpeg"}],"author":"JJ Mas","twitter_card":"summary_large_image","twitter_creator":"@canfalima","twitter_site":"@canfalima","twitter_misc":{"Written by":"JJ Mas","Est. reading time":"2 minutes"},"schema":{"@context":"https:\/\/schema.org","@graph":[{"@type":"NewsArticle","@id":"https:\/\/canfali.com\/ca-es\/la-crida-i-el-concurs-de-paelles-de-la-font-calfen-lambient-faller-a-pego\/#article","isPartOf":{"@id":"https:\/\/canfali.com\/ca-es\/la-crida-i-el-concurs-de-paelles-de-la-font-calfen-lambient-faller-a-pego\/"},"author":{"name":"JJ Mas","@id":"https:\/\/canfali.com\/ca-es\/#\/schema\/person\/d834d2d4df17cac754d3c314d4c404ef"},"headline":"La crida i el concurs de paelles de la Font calfen l\u2019ambient faller a Pego","datePublished":"2026-03-08T13:30:43+00:00","dateModified":"2026-03-08T13:30:45+00:00","mainEntityOfPage":{"@id":"https:\/\/canfali.com\/ca-es\/la-crida-i-el-concurs-de-paelles-de-la-font-calfen-lambient-faller-a-pego\/"},"wordCount":162,"publisher":{"@id":"https:\/\/canfali.com\/ca-es\/#organization"},"image":{"@id":"https:\/\/canfali.com\/ca-es\/la-crida-i-el-concurs-de-paelles-de-la-font-calfen-lambient-faller-a-pego\/#primaryimage"},"thumbnailUrl":"https:\/\/canfali.com\/app\/uploads\/2026\/03\/cridafallera-dig1.jpg","keywords":["concurs de paelles","crida","falla La Font","falles pego"],"articleSection":["Festes"],"inLanguage":"va-ES","copyrightYear":"2026","copyrightHolder":{"@id":"https:\/\/canfali.com\/#organization"}},{"@type":"WebPage","@id":"https:\/\/canfali.com\/ca-es\/la-crida-i-el-concurs-de-paelles-de-la-font-calfen-lambient-faller-a-pego\/","url":"https:\/\/canfali.com\/ca-es\/la-crida-i-el-concurs-de-paelles-de-la-font-calfen-lambient-faller-a-pego\/","name":"La crida i el concurs de paelles de la Font calfen l\u2019ambient faller a Pego - Canfali","isPartOf":{"@id":"https:\/\/canfali.com\/ca-es\/#website"},"primaryImageOfPage":{"@id":"https:\/\/canfali.com\/ca-es\/la-crida-i-el-concurs-de-paelles-de-la-font-calfen-lambient-faller-a-pego\/#primaryimage"},"image":{"@id":"https:\/\/canfali.com\/ca-es\/la-crida-i-el-concurs-de-paelles-de-la-font-calfen-lambient-faller-a-pego\/#primaryimage"},"thumbnailUrl":"https:\/\/canfali.com\/app\/uploads\/2026\/03\/cridafallera-dig1.jpg","datePublished":"2026-03-08T13:30:43+00:00","dateModified":"2026-03-08T13:30:45+00:00","breadcrumb":{"@id":"https:\/\/canfali.com\/ca-es\/la-crida-i-el-concurs-de-paelles-de-la-font-calfen-lambient-faller-a-pego\/#breadcrumb"},"inLanguage":"va-ES","potentialAction":[{"@type":"ReadAction","target":["https:\/\/canfali.com\/ca-es\/la-crida-i-el-concurs-de-paelles-de-la-font-calfen-lambient-faller-a-pego\/"]}]},{"@type":"ImageObject","inLanguage":"va-ES","@id":"https:\/\/canfali.com\/ca-es\/la-crida-i-el-concurs-de-paelles-de-la-font-calfen-lambient-faller-a-pego\/#primaryimage","url":"https:\/\/canfali.com\/app\/uploads\/2026\/03\/cridafallera-dig1.jpg","contentUrl":"https:\/\/canfali.com\/app\/uploads\/2026\/03\/cridafallera-dig1.jpg","width":1600,"height":1200},{"@type":"BreadcrumbList","@id":"https:\/\/canfali.com\/ca-es\/la-crida-i-el-concurs-de-paelles-de-la-font-calfen-lambient-faller-a-pego\/#breadcrumb","itemListElement":[{"@type":"ListItem","position":1,"name":"Portada","item":"https:\/\/canfali.com\/ca-es\/"},{"@type":"ListItem","position":2,"name":"La crida i el concurs de paelles de la Font calfen l\u2019ambient faller a Pego"}]},{"@type":"WebSite","@id":"https:\/\/canfali.com\/ca-es\/#website","url":"https:\/\/canfali.com\/ca-es\/","name":"Canfali","description":"","publisher":{"@id":"https:\/\/canfali.com\/ca-es\/#organization"},"potentialAction":[{"@type":"SearchAction","target":{"@type":"EntryPoint","urlTemplate":"https:\/\/canfali.com\/ca-es\/?s={search_term_string}"},"query-input":{"@type":"PropertyValueSpecification","valueRequired":true,"valueName":"search_term_string"}}],"inLanguage":"va-ES"},{"@type":"Organization","@id":"https:\/\/canfali.com\/ca-es\/#organization","name":"Canfali","url":"https:\/\/canfali.com\/ca-es\/","logo":{"@type":"ImageObject","inLanguage":"va-ES","@id":"https:\/\/canfali.com\/ca-es\/#\/schema\/logo\/image\/","url":"https:\/\/canfali.com\/app\/uploads\/2025\/12\/canfali_marina_alta_logo.png","contentUrl":"https:\/\/canfali.com\/app\/uploads\/2025\/12\/canfali_marina_alta_logo.png","width":225,"height":225,"caption":"Canfali"},"image":{"@id":"https:\/\/canfali.com\/ca-es\/#\/schema\/logo\/image\/"},"sameAs":["https:\/\/es-es.facebook.com\/CANFALIMarinaAlta","https:\/\/x.com\/canfalima","https:\/\/www.instagram.com\/canfalimarinaalta\/"]},{"@type":"Person","@id":"https:\/\/canfali.com\/ca-es\/#\/schema\/person\/d834d2d4df17cac754d3c314d4c404ef","name":"JJ Mas","image":{"@type":"ImageObject","inLanguage":"va-ES","@id":"https:\/\/secure.gravatar.com\/avatar\/65a5191f5438bf88c2394f6d1a625a6ff903c8785268e603c623a83bc15ba1ee?s=96&d=mm&r=g","url":"https:\/\/secure.gravatar.com\/avatar\/65a5191f5438bf88c2394f6d1a625a6ff903c8785268e603c623a83bc15ba1ee?s=96&d=mm&r=g","contentUrl":"https:\/\/secure.gravatar.com\/avatar\/65a5191f5438bf88c2394f6d1a625a6ff903c8785268e603c623a83bc15ba1ee?s=96&d=mm&r=g","caption":"JJ Mas"},"url":"https:\/\/canfali.com\/ca-es\/author\/jj\/"}]}},"_links":{"self":[{"href":"https:\/\/canfali.com\/ca-es\/wp-json\/wp\/v2\/posts\/90558","targetHints":{"allow":["GET"]}}],"collection":[{"href":"https:\/\/canfali.com\/ca-es\/wp-json\/wp\/v2\/posts"}],"about":[{"href":"https:\/\/canfali.com\/ca-es\/wp-json\/wp\/v2\/types\/post"}],"author":[{"embeddable":true,"href":"https:\/\/canfali.com\/ca-es\/wp-json\/wp\/v2\/users\/4"}],"replies":[{"embeddable":true,"href":"https:\/\/canfali.com\/ca-es\/wp-json\/wp\/v2\/comments?post=90558"}],"version-history":[{"count":1,"href":"https:\/\/canfali.com\/ca-es\/wp-json\/wp\/v2\/posts\/90558\/revisions"}],"predecessor-version":[{"id":90575,"href":"https:\/\/canfali.com\/ca-es\/wp-json\/wp\/v2\/posts\/90558\/revisions\/90575"}],"wp:featuredmedia":[{"embeddable":true,"href":"https:\/\/canfali.com\/ca-es\/wp-json\/wp\/v2\/media\/90559"}],"wp:attachment":[{"href":"https:\/\/canfali.com\/ca-es\/wp-json\/wp\/v2\/media?parent=90558"}],"wp:term":[{"taxonomy":"category","embeddable":true,"href":"https:\/\/canfali.com\/ca-es\/wp-json\/wp\/v2\/categories?post=90558"},{"taxonomy":"post_tag","embeddable":true,"href":"https:\/\/canfali.com\/ca-es\/wp-json\/wp\/v2\/tags?post=90558"}],"curies":[{"name":"wp","href":"https:\/\/api.w.org\/{rel}","templated":true}]}}