{"id":90458,"date":"2026-03-05T19:36:37","date_gmt":"2026-03-05T18:36:37","guid":{"rendered":"https:\/\/canfali.com\/?p=90458"},"modified":"2026-03-05T19:36:39","modified_gmt":"2026-03-05T18:36:39","slug":"un-taller-daproximacio-a-la-musica-vocal-hongaresa-del-s-xx-vertebra-el-cicle-de-musica-sacra-a-el-rafol-dalmunia-2026","status":"publish","type":"post","link":"https:\/\/canfali.com\/ca-es\/un-taller-daproximacio-a-la-musica-vocal-hongaresa-del-s-xx-vertebra-el-cicle-de-musica-sacra-a-el-rafol-dalmunia-2026\/","title":{"rendered":"Un taller d\u2019aproximaci\u00f3 a la m\u00fasica vocal hongaresa del S.XX vertebra el Cicle de M\u00fasica Sacra a El R\u00e0fol d\u2019Alm\u00fania 2026"},"content":{"rendered":"\n<p><strong>El Cor de la Rectoria preveu culminar l\u2019esdeveniment amb la interpretaci\u00f3 de la <em>Missa de la coronaci\u00f3<\/em> de W.A. Mozart<\/strong><\/p>\n\n\n\n<p>L\u2019alcaldessa de El R\u00e0fol d\u2019Alm\u00fania, Estefania Rovira, la regidora de Cultura, Alicia P\u00e9rez, el director del Cor de la Rectoria, Jaume Morell, i el m\u00fasic Valent\u00edn Petrovici han comparegut a l\u2019Ajuntament del municipi per a presentar la XVIII edici\u00f3 del Cicle de M\u00fasica Sacra a la Rectoria.<\/p>\n\n\n\n<p>&nbsp;&nbsp;&nbsp;&nbsp;&nbsp;&nbsp; \u201cContinuem apostant per la cultura i donar visibilitat a aquesta activitat que ha fet del nostre poble una refer\u00e8ncia dins de la m\u00fasica de la Marina Alta\u201d ha afirmat l\u2019alcaldessa.<\/p>\n\n\n\n<p>&nbsp;&nbsp;&nbsp;&nbsp;&nbsp;&nbsp; L\u2019esdeveniment, segons han informat, compta amb la novetat d\u2019estar vertebrat per un taller d\u2019aproximaci\u00f3 a la m\u00fasica vocal hongaresa del S.XX que abastar\u00e0 les tres jornades del cicle, dirigit per Petrovici, amb l\u2019al\u00b7licient de que els integrants seran els protagonistes de la lit\u00fargia cantada del Diumenge de Rams a migdia que, en format cor de cambra, interpretar\u00e0 obres de Halmos, Kod\u00e1ly i B\u00e1rdos, acompanyats a l\u2019orgue per \u00c0lex Vel\u00e1zquez i sota la direcci\u00f3 de Jaume Morell. Aquesta suposar\u00e0 un any m\u00e9s la primera part d\u2019una jornada que pret\u00e9n culminar-se ja per la vesprada amb l\u2019actuaci\u00f3 del cor amfitri\u00f3 que, segons Morell, t\u00e9 previst abordar la interpretaci\u00f3 de la <em>Missa de la coronaci\u00f3 KV 317 sonates i vespres<\/em> de l\u2019etapa de W.A. Mozart en Salzburg, junt a la soprano Pepi Lloret, la mezzosoprano Carla Mayer, el tenor Jos\u00e9 Mart\u00ednez i el baix Carlos L\u00f3pez Galarza, acompanyats per Josep Vicent Giner a l\u2019orgue.<\/p>\n\n\n\n<p>CAP DE SETMANA DEL 27,28 I 29 DE MAR\u00c7<\/p>\n\n\n\n<figure class=\"wp-block-image size-large\"><img decoding=\"async\" src=\"https:\/\/canfali.com\/app\/uploads\/2026\/03\/IMG-20260302-WA0001-728x1024.jpg.webp\" alt=\"\" class=\"wp-image-90461\"\/><\/figure>\n\n\n\n<p>&nbsp;&nbsp;&nbsp;&nbsp;&nbsp;&nbsp; El taller de m\u00fasica vocal ser\u00e0 el que inaugure el cicle el divendres 27 amb una sessi\u00f3 de 19 a 22.30 hores a l\u2019Auditori Municipal, per a donar pas el dissabte 28 al concert <em>I got a song <\/em>on, a partir de les 20 hores, el cor Neovocalis protagonitzar\u00e0 una vetlada de &nbsp;g\u00f2spel <em>a capella<\/em> a l\u2019esgl\u00e9sia parroquial de Sant Francesc de Paula, sota la batuta de Rafael S\u00e1nchez Monviedro.<\/p>\n\n\n\n<p>&nbsp;&nbsp;&nbsp;&nbsp;&nbsp;&nbsp;&nbsp;&nbsp;&nbsp;&nbsp;&nbsp; \u201cL\u2019estructura \u00e9s la mateixa que la \u00faltima edici\u00f3, si aix\u00f3 amb una aposta m\u00e9s forta per la formaci\u00f3 amb el taller vocal, i un especialista en la materia com \u00e9s Valent\u00edn, i ha donat pas a la m\u00fasica hongaresa del S.XX\u201d ha precisat Morell com a coordinador d\u2019un esdeveniment que es planteja l\u2019ampliaci\u00f3 de cara al futur.<\/p>\n\n\n\n<p>&nbsp;&nbsp;&nbsp;&nbsp;&nbsp;&nbsp; Per la seua banda, el m\u00fasic roman\u00e8s ha agra\u00eft l\u2019oportunitat de treballar des del punt de vista t\u00e8cnic amb un cor com el de la Rectoria del que, segons ressenya \u201ccompta amb una estructura determinada des del punt de vista musical amb una coher\u00e8ncia vocal\u201d. Pel que fa al curs al seu c\u00e0rrec confirma que permetr\u00e0 als participants incidir en aspectes com l\u2019empastament vocal on diferents veus puguen fondre\u2019s en una de tipus coral, i treballar diferents detalls per a que el cant siga m\u00e9s natural i amb menys esfor\u00e7 per tal de gaudir m\u00e9s de la m\u00fasica\u201d.<\/p>\n\n\n\n<p>&nbsp;&nbsp;&nbsp;&nbsp;&nbsp;&nbsp; Quant a la tem\u00e0tica hongaresa que va a abordar l\u2019ha emmarcat en la devoci\u00f3 cat\u00f2lica d\u2019aquell pa\u00eds que figura com a bressol del cant gregori\u00e0 amb autors que ofereixen elements com escales pentat\u00f2niques o mecanismes com el c\u00e0non que permetran perfeccionar aquest tipus de din\u00e0miques.<\/p>\n\n\n\n<p>&nbsp;&nbsp;&nbsp;&nbsp;&nbsp;&nbsp; La compareixen\u00e7a ha estat tancada per la regidora de Cultura per a fer expl\u00edcit el suport de la corporaci\u00f3 municipal a una iniciativa que arriba a la majoria d\u2019edat de cara a &nbsp;mantenir la il\u00b7lusi\u00f3 dels vora seixantena d\u2019integrants amb que compta per a encarar nous reptes.<\/p>\n\n\n\n<p>El cicle, plenament consolidat com a referent cultural de la comarca per a iniciar la primavera, est\u00e0 organitzat per l\u2019Ajuntament de El R\u00e0fol d\u2019Alm\u00fania, patrocinat per la Generalitat Valenciana i l\u2019Institut Valenci\u00e0 de Cultura, subvencionat per la Diputaci\u00f3 Provincial d\u2019Alacant, amb el &nbsp;Cor de la Rectoria, el Conservatori Elemental de M\u00fasica Vicente Perell\u00f3 i la parr\u00f2quia de Sant Francesc de Paula com a col\u00b7laboradors.<\/p>\n\n\n\n<p>L\u2019organitzaci\u00f3 ha rem\u00e9s als interessat en adquirir entrades anticipades a l\u2019Ajuntament d\u2019El R\u00e0fol d\u2019Alm\u00fania en dies laborables de 9 a 14 hores amb pagament amb targeta o efectiu o a www.vivaticket.com al preu de 15 euros per a les actuacions i de 10 per al taller de t\u00e8cnica vocal a www.musica-sacra.es.<\/p>\n","protected":false},"excerpt":{"rendered":"El Cor de la Rectoria preveu culminar l\u2019esdeveniment amb la interpretaci\u00f3 de la Missa de la coronaci\u00f3 de&hellip;","protected":false},"author":4,"featured_media":90459,"comment_status":"closed","ping_status":"closed","sticky":false,"template":"","format":"standard","meta":{"csco_display_header_overlay":false,"csco_singular_sidebar":"","csco_page_header_type":"","csco_page_load_nextpost":"","csco_post_video_location":[],"csco_post_video_location_hash":"","csco_post_video_url":"","csco_post_video_bg_start_time":0,"csco_post_video_bg_end_time":0,"footnotes":""},"categories":[597],"tags":[6963,1216,6964,6965],"class_list":{"0":"post-90458","1":"post","2":"type-post","3":"status-publish","4":"format-standard","5":"has-post-thumbnail","7":"category-cultura-ca-es","8":"tag-cicle-musica-sacra-a-la-rectoria","9":"tag-presentacio","10":"tag-taller-vocal","11":"tag-xviii-edicio","12":"cs-entry","13":"cs-video-wrap"},"yoast_head":"<!-- This site is optimized with the Yoast SEO Premium plugin v26.6 (Yoast SEO v27.3) - https:\/\/yoast.com\/product\/yoast-seo-premium-wordpress\/ -->\n<title>Un taller d\u2019aproximaci\u00f3 a la m\u00fasica vocal hongaresa del S.XX vertebra el Cicle de M\u00fasica Sacra a El R\u00e0fol d\u2019Alm\u00fania 2026 - Canfali<\/title>\n<meta name=\"robots\" content=\"index, follow, max-snippet:-1, max-image-preview:large, max-video-preview:-1\" \/>\n<link rel=\"canonical\" href=\"https:\/\/canfali.com\/ca-es\/un-taller-daproximacio-a-la-musica-vocal-hongaresa-del-s-xx-vertebra-el-cicle-de-musica-sacra-a-el-rafol-dalmunia-2026\/\" \/>\n<meta property=\"og:locale\" content=\"en_US\" \/>\n<meta property=\"og:type\" content=\"article\" \/>\n<meta property=\"og:title\" content=\"Un taller d\u2019aproximaci\u00f3 a la m\u00fasica vocal hongaresa del S.XX vertebra el Cicle de M\u00fasica Sacra a El R\u00e0fol d\u2019Alm\u00fania 2026\" \/>\n<meta property=\"og:description\" content=\"El Cor de la Rectoria preveu culminar l\u2019esdeveniment amb la interpretaci\u00f3 de la Missa de la coronaci\u00f3 de&hellip;\" \/>\n<meta property=\"og:url\" content=\"https:\/\/canfali.com\/ca-es\/un-taller-daproximacio-a-la-musica-vocal-hongaresa-del-s-xx-vertebra-el-cicle-de-musica-sacra-a-el-rafol-dalmunia-2026\/\" \/>\n<meta property=\"og:site_name\" content=\"Canfali\" \/>\n<meta property=\"article:publisher\" content=\"https:\/\/es-es.facebook.com\/CANFALIMarinaAlta\" \/>\n<meta property=\"article:published_time\" content=\"2026-03-05T18:36:37+00:00\" \/>\n<meta property=\"article:modified_time\" content=\"2026-03-05T18:36:39+00:00\" \/>\n<meta property=\"og:image\" content=\"https:\/\/canfali.com\/app\/uploads\/2026\/03\/musicasacra-dig.jpg\" \/>\n\t<meta property=\"og:image:width\" content=\"2256\" \/>\n\t<meta property=\"og:image:height\" content=\"1496\" \/>\n\t<meta property=\"og:image:type\" content=\"image\/jpeg\" \/>\n<meta name=\"author\" content=\"JJ Mas\" \/>\n<meta name=\"twitter:card\" content=\"summary_large_image\" \/>\n<meta name=\"twitter:creator\" content=\"@canfalima\" \/>\n<meta name=\"twitter:site\" content=\"@canfalima\" \/>\n<meta name=\"twitter:label1\" content=\"Written by\" \/>\n\t<meta name=\"twitter:data1\" content=\"JJ Mas\" \/>\n\t<meta name=\"twitter:label2\" content=\"Est. reading time\" \/>\n\t<meta name=\"twitter:data2\" content=\"4 minutes\" \/>\n<script type=\"application\/ld+json\" class=\"yoast-schema-graph\">{\"@context\":\"https:\\\/\\\/schema.org\",\"@graph\":[{\"@type\":\"NewsArticle\",\"@id\":\"https:\\\/\\\/canfali.com\\\/ca-es\\\/un-taller-daproximacio-a-la-musica-vocal-hongaresa-del-s-xx-vertebra-el-cicle-de-musica-sacra-a-el-rafol-dalmunia-2026\\\/#article\",\"isPartOf\":{\"@id\":\"https:\\\/\\\/canfali.com\\\/ca-es\\\/un-taller-daproximacio-a-la-musica-vocal-hongaresa-del-s-xx-vertebra-el-cicle-de-musica-sacra-a-el-rafol-dalmunia-2026\\\/\"},\"author\":{\"name\":\"JJ Mas\",\"@id\":\"https:\\\/\\\/canfali.com\\\/ca-es\\\/#\\\/schema\\\/person\\\/d834d2d4df17cac754d3c314d4c404ef\"},\"headline\":\"Un taller d\u2019aproximaci\u00f3 a la m\u00fasica vocal hongaresa del S.XX vertebra el Cicle de M\u00fasica Sacra a El R\u00e0fol d\u2019Alm\u00fania 2026\",\"datePublished\":\"2026-03-05T18:36:37+00:00\",\"dateModified\":\"2026-03-05T18:36:39+00:00\",\"mainEntityOfPage\":{\"@id\":\"https:\\\/\\\/canfali.com\\\/ca-es\\\/un-taller-daproximacio-a-la-musica-vocal-hongaresa-del-s-xx-vertebra-el-cicle-de-musica-sacra-a-el-rafol-dalmunia-2026\\\/\"},\"wordCount\":848,\"publisher\":{\"@id\":\"https:\\\/\\\/canfali.com\\\/ca-es\\\/#organization\"},\"image\":{\"@id\":\"https:\\\/\\\/canfali.com\\\/ca-es\\\/un-taller-daproximacio-a-la-musica-vocal-hongaresa-del-s-xx-vertebra-el-cicle-de-musica-sacra-a-el-rafol-dalmunia-2026\\\/#primaryimage\"},\"thumbnailUrl\":\"https:\\\/\\\/canfali.com\\\/app\\\/uploads\\\/2026\\\/03\\\/musicasacra-dig.jpg\",\"keywords\":[\"Cicle M\u00fasica Sacra a la Rectoria\",\"presentaci\u00f3\",\"taller vocal\",\"XVIII edici\u00f3\"],\"articleSection\":[\"Cultura\"],\"inLanguage\":\"va-ES\",\"copyrightYear\":\"2026\",\"copyrightHolder\":{\"@id\":\"https:\\\/\\\/canfali.com\\\/#organization\"}},{\"@type\":\"WebPage\",\"@id\":\"https:\\\/\\\/canfali.com\\\/ca-es\\\/un-taller-daproximacio-a-la-musica-vocal-hongaresa-del-s-xx-vertebra-el-cicle-de-musica-sacra-a-el-rafol-dalmunia-2026\\\/\",\"url\":\"https:\\\/\\\/canfali.com\\\/ca-es\\\/un-taller-daproximacio-a-la-musica-vocal-hongaresa-del-s-xx-vertebra-el-cicle-de-musica-sacra-a-el-rafol-dalmunia-2026\\\/\",\"name\":\"Un taller d\u2019aproximaci\u00f3 a la m\u00fasica vocal hongaresa del S.XX vertebra el Cicle de M\u00fasica Sacra a El R\u00e0fol d\u2019Alm\u00fania 2026 - Canfali\",\"isPartOf\":{\"@id\":\"https:\\\/\\\/canfali.com\\\/ca-es\\\/#website\"},\"primaryImageOfPage\":{\"@id\":\"https:\\\/\\\/canfali.com\\\/ca-es\\\/un-taller-daproximacio-a-la-musica-vocal-hongaresa-del-s-xx-vertebra-el-cicle-de-musica-sacra-a-el-rafol-dalmunia-2026\\\/#primaryimage\"},\"image\":{\"@id\":\"https:\\\/\\\/canfali.com\\\/ca-es\\\/un-taller-daproximacio-a-la-musica-vocal-hongaresa-del-s-xx-vertebra-el-cicle-de-musica-sacra-a-el-rafol-dalmunia-2026\\\/#primaryimage\"},\"thumbnailUrl\":\"https:\\\/\\\/canfali.com\\\/app\\\/uploads\\\/2026\\\/03\\\/musicasacra-dig.jpg\",\"datePublished\":\"2026-03-05T18:36:37+00:00\",\"dateModified\":\"2026-03-05T18:36:39+00:00\",\"breadcrumb\":{\"@id\":\"https:\\\/\\\/canfali.com\\\/ca-es\\\/un-taller-daproximacio-a-la-musica-vocal-hongaresa-del-s-xx-vertebra-el-cicle-de-musica-sacra-a-el-rafol-dalmunia-2026\\\/#breadcrumb\"},\"inLanguage\":\"va-ES\",\"potentialAction\":[{\"@type\":\"ReadAction\",\"target\":[\"https:\\\/\\\/canfali.com\\\/ca-es\\\/un-taller-daproximacio-a-la-musica-vocal-hongaresa-del-s-xx-vertebra-el-cicle-de-musica-sacra-a-el-rafol-dalmunia-2026\\\/\"]}]},{\"@type\":\"ImageObject\",\"inLanguage\":\"va-ES\",\"@id\":\"https:\\\/\\\/canfali.com\\\/ca-es\\\/un-taller-daproximacio-a-la-musica-vocal-hongaresa-del-s-xx-vertebra-el-cicle-de-musica-sacra-a-el-rafol-dalmunia-2026\\\/#primaryimage\",\"url\":\"https:\\\/\\\/canfali.com\\\/app\\\/uploads\\\/2026\\\/03\\\/musicasacra-dig.jpg\",\"contentUrl\":\"https:\\\/\\\/canfali.com\\\/app\\\/uploads\\\/2026\\\/03\\\/musicasacra-dig.jpg\",\"width\":2256,\"height\":1496},{\"@type\":\"BreadcrumbList\",\"@id\":\"https:\\\/\\\/canfali.com\\\/ca-es\\\/un-taller-daproximacio-a-la-musica-vocal-hongaresa-del-s-xx-vertebra-el-cicle-de-musica-sacra-a-el-rafol-dalmunia-2026\\\/#breadcrumb\",\"itemListElement\":[{\"@type\":\"ListItem\",\"position\":1,\"name\":\"Portada\",\"item\":\"https:\\\/\\\/canfali.com\\\/ca-es\\\/\"},{\"@type\":\"ListItem\",\"position\":2,\"name\":\"Un taller d\u2019aproximaci\u00f3 a la m\u00fasica vocal hongaresa del S.XX vertebra el Cicle de M\u00fasica Sacra a El R\u00e0fol d\u2019Alm\u00fania 2026\"}]},{\"@type\":\"WebSite\",\"@id\":\"https:\\\/\\\/canfali.com\\\/ca-es\\\/#website\",\"url\":\"https:\\\/\\\/canfali.com\\\/ca-es\\\/\",\"name\":\"Canfali\",\"description\":\"\",\"publisher\":{\"@id\":\"https:\\\/\\\/canfali.com\\\/ca-es\\\/#organization\"},\"potentialAction\":[{\"@type\":\"SearchAction\",\"target\":{\"@type\":\"EntryPoint\",\"urlTemplate\":\"https:\\\/\\\/canfali.com\\\/ca-es\\\/?s={search_term_string}\"},\"query-input\":{\"@type\":\"PropertyValueSpecification\",\"valueRequired\":true,\"valueName\":\"search_term_string\"}}],\"inLanguage\":\"va-ES\"},{\"@type\":\"Organization\",\"@id\":\"https:\\\/\\\/canfali.com\\\/ca-es\\\/#organization\",\"name\":\"Canfali\",\"url\":\"https:\\\/\\\/canfali.com\\\/ca-es\\\/\",\"logo\":{\"@type\":\"ImageObject\",\"inLanguage\":\"va-ES\",\"@id\":\"https:\\\/\\\/canfali.com\\\/ca-es\\\/#\\\/schema\\\/logo\\\/image\\\/\",\"url\":\"https:\\\/\\\/canfali.com\\\/app\\\/uploads\\\/2025\\\/12\\\/canfali_marina_alta_logo.png\",\"contentUrl\":\"https:\\\/\\\/canfali.com\\\/app\\\/uploads\\\/2025\\\/12\\\/canfali_marina_alta_logo.png\",\"width\":225,\"height\":225,\"caption\":\"Canfali\"},\"image\":{\"@id\":\"https:\\\/\\\/canfali.com\\\/ca-es\\\/#\\\/schema\\\/logo\\\/image\\\/\"},\"sameAs\":[\"https:\\\/\\\/es-es.facebook.com\\\/CANFALIMarinaAlta\",\"https:\\\/\\\/x.com\\\/canfalima\",\"https:\\\/\\\/www.instagram.com\\\/canfalimarinaalta\\\/\"]},{\"@type\":\"Person\",\"@id\":\"https:\\\/\\\/canfali.com\\\/ca-es\\\/#\\\/schema\\\/person\\\/d834d2d4df17cac754d3c314d4c404ef\",\"name\":\"JJ Mas\",\"image\":{\"@type\":\"ImageObject\",\"inLanguage\":\"va-ES\",\"@id\":\"https:\\\/\\\/secure.gravatar.com\\\/avatar\\\/65a5191f5438bf88c2394f6d1a625a6ff903c8785268e603c623a83bc15ba1ee?s=96&d=mm&r=g\",\"url\":\"https:\\\/\\\/secure.gravatar.com\\\/avatar\\\/65a5191f5438bf88c2394f6d1a625a6ff903c8785268e603c623a83bc15ba1ee?s=96&d=mm&r=g\",\"contentUrl\":\"https:\\\/\\\/secure.gravatar.com\\\/avatar\\\/65a5191f5438bf88c2394f6d1a625a6ff903c8785268e603c623a83bc15ba1ee?s=96&d=mm&r=g\",\"caption\":\"JJ Mas\"},\"url\":\"https:\\\/\\\/canfali.com\\\/ca-es\\\/author\\\/jj\\\/\"}]}<\/script>\n<!-- \/ Yoast SEO Premium plugin. -->","yoast_head_json":{"title":"Un taller d\u2019aproximaci\u00f3 a la m\u00fasica vocal hongaresa del S.XX vertebra el Cicle de M\u00fasica Sacra a El R\u00e0fol d\u2019Alm\u00fania 2026 - Canfali","robots":{"index":"index","follow":"follow","max-snippet":"max-snippet:-1","max-image-preview":"max-image-preview:large","max-video-preview":"max-video-preview:-1"},"canonical":"https:\/\/canfali.com\/ca-es\/un-taller-daproximacio-a-la-musica-vocal-hongaresa-del-s-xx-vertebra-el-cicle-de-musica-sacra-a-el-rafol-dalmunia-2026\/","og_locale":"en_US","og_type":"article","og_title":"Un taller d\u2019aproximaci\u00f3 a la m\u00fasica vocal hongaresa del S.XX vertebra el Cicle de M\u00fasica Sacra a El R\u00e0fol d\u2019Alm\u00fania 2026","og_description":"El Cor de la Rectoria preveu culminar l\u2019esdeveniment amb la interpretaci\u00f3 de la Missa de la coronaci\u00f3 de&hellip;","og_url":"https:\/\/canfali.com\/ca-es\/un-taller-daproximacio-a-la-musica-vocal-hongaresa-del-s-xx-vertebra-el-cicle-de-musica-sacra-a-el-rafol-dalmunia-2026\/","og_site_name":"Canfali","article_publisher":"https:\/\/es-es.facebook.com\/CANFALIMarinaAlta","article_published_time":"2026-03-05T18:36:37+00:00","article_modified_time":"2026-03-05T18:36:39+00:00","og_image":[{"width":2256,"height":1496,"url":"https:\/\/canfali.com\/app\/uploads\/2026\/03\/musicasacra-dig.jpg","type":"image\/jpeg"}],"author":"JJ Mas","twitter_card":"summary_large_image","twitter_creator":"@canfalima","twitter_site":"@canfalima","twitter_misc":{"Written by":"JJ Mas","Est. reading time":"4 minutes"},"schema":{"@context":"https:\/\/schema.org","@graph":[{"@type":"NewsArticle","@id":"https:\/\/canfali.com\/ca-es\/un-taller-daproximacio-a-la-musica-vocal-hongaresa-del-s-xx-vertebra-el-cicle-de-musica-sacra-a-el-rafol-dalmunia-2026\/#article","isPartOf":{"@id":"https:\/\/canfali.com\/ca-es\/un-taller-daproximacio-a-la-musica-vocal-hongaresa-del-s-xx-vertebra-el-cicle-de-musica-sacra-a-el-rafol-dalmunia-2026\/"},"author":{"name":"JJ Mas","@id":"https:\/\/canfali.com\/ca-es\/#\/schema\/person\/d834d2d4df17cac754d3c314d4c404ef"},"headline":"Un taller d\u2019aproximaci\u00f3 a la m\u00fasica vocal hongaresa del S.XX vertebra el Cicle de M\u00fasica Sacra a El R\u00e0fol d\u2019Alm\u00fania 2026","datePublished":"2026-03-05T18:36:37+00:00","dateModified":"2026-03-05T18:36:39+00:00","mainEntityOfPage":{"@id":"https:\/\/canfali.com\/ca-es\/un-taller-daproximacio-a-la-musica-vocal-hongaresa-del-s-xx-vertebra-el-cicle-de-musica-sacra-a-el-rafol-dalmunia-2026\/"},"wordCount":848,"publisher":{"@id":"https:\/\/canfali.com\/ca-es\/#organization"},"image":{"@id":"https:\/\/canfali.com\/ca-es\/un-taller-daproximacio-a-la-musica-vocal-hongaresa-del-s-xx-vertebra-el-cicle-de-musica-sacra-a-el-rafol-dalmunia-2026\/#primaryimage"},"thumbnailUrl":"https:\/\/canfali.com\/app\/uploads\/2026\/03\/musicasacra-dig.jpg","keywords":["Cicle M\u00fasica Sacra a la Rectoria","presentaci\u00f3","taller vocal","XVIII edici\u00f3"],"articleSection":["Cultura"],"inLanguage":"va-ES","copyrightYear":"2026","copyrightHolder":{"@id":"https:\/\/canfali.com\/#organization"}},{"@type":"WebPage","@id":"https:\/\/canfali.com\/ca-es\/un-taller-daproximacio-a-la-musica-vocal-hongaresa-del-s-xx-vertebra-el-cicle-de-musica-sacra-a-el-rafol-dalmunia-2026\/","url":"https:\/\/canfali.com\/ca-es\/un-taller-daproximacio-a-la-musica-vocal-hongaresa-del-s-xx-vertebra-el-cicle-de-musica-sacra-a-el-rafol-dalmunia-2026\/","name":"Un taller d\u2019aproximaci\u00f3 a la m\u00fasica vocal hongaresa del S.XX vertebra el Cicle de M\u00fasica Sacra a El R\u00e0fol d\u2019Alm\u00fania 2026 - Canfali","isPartOf":{"@id":"https:\/\/canfali.com\/ca-es\/#website"},"primaryImageOfPage":{"@id":"https:\/\/canfali.com\/ca-es\/un-taller-daproximacio-a-la-musica-vocal-hongaresa-del-s-xx-vertebra-el-cicle-de-musica-sacra-a-el-rafol-dalmunia-2026\/#primaryimage"},"image":{"@id":"https:\/\/canfali.com\/ca-es\/un-taller-daproximacio-a-la-musica-vocal-hongaresa-del-s-xx-vertebra-el-cicle-de-musica-sacra-a-el-rafol-dalmunia-2026\/#primaryimage"},"thumbnailUrl":"https:\/\/canfali.com\/app\/uploads\/2026\/03\/musicasacra-dig.jpg","datePublished":"2026-03-05T18:36:37+00:00","dateModified":"2026-03-05T18:36:39+00:00","breadcrumb":{"@id":"https:\/\/canfali.com\/ca-es\/un-taller-daproximacio-a-la-musica-vocal-hongaresa-del-s-xx-vertebra-el-cicle-de-musica-sacra-a-el-rafol-dalmunia-2026\/#breadcrumb"},"inLanguage":"va-ES","potentialAction":[{"@type":"ReadAction","target":["https:\/\/canfali.com\/ca-es\/un-taller-daproximacio-a-la-musica-vocal-hongaresa-del-s-xx-vertebra-el-cicle-de-musica-sacra-a-el-rafol-dalmunia-2026\/"]}]},{"@type":"ImageObject","inLanguage":"va-ES","@id":"https:\/\/canfali.com\/ca-es\/un-taller-daproximacio-a-la-musica-vocal-hongaresa-del-s-xx-vertebra-el-cicle-de-musica-sacra-a-el-rafol-dalmunia-2026\/#primaryimage","url":"https:\/\/canfali.com\/app\/uploads\/2026\/03\/musicasacra-dig.jpg","contentUrl":"https:\/\/canfali.com\/app\/uploads\/2026\/03\/musicasacra-dig.jpg","width":2256,"height":1496},{"@type":"BreadcrumbList","@id":"https:\/\/canfali.com\/ca-es\/un-taller-daproximacio-a-la-musica-vocal-hongaresa-del-s-xx-vertebra-el-cicle-de-musica-sacra-a-el-rafol-dalmunia-2026\/#breadcrumb","itemListElement":[{"@type":"ListItem","position":1,"name":"Portada","item":"https:\/\/canfali.com\/ca-es\/"},{"@type":"ListItem","position":2,"name":"Un taller d\u2019aproximaci\u00f3 a la m\u00fasica vocal hongaresa del S.XX vertebra el Cicle de M\u00fasica Sacra a El R\u00e0fol d\u2019Alm\u00fania 2026"}]},{"@type":"WebSite","@id":"https:\/\/canfali.com\/ca-es\/#website","url":"https:\/\/canfali.com\/ca-es\/","name":"Canfali","description":"","publisher":{"@id":"https:\/\/canfali.com\/ca-es\/#organization"},"potentialAction":[{"@type":"SearchAction","target":{"@type":"EntryPoint","urlTemplate":"https:\/\/canfali.com\/ca-es\/?s={search_term_string}"},"query-input":{"@type":"PropertyValueSpecification","valueRequired":true,"valueName":"search_term_string"}}],"inLanguage":"va-ES"},{"@type":"Organization","@id":"https:\/\/canfali.com\/ca-es\/#organization","name":"Canfali","url":"https:\/\/canfali.com\/ca-es\/","logo":{"@type":"ImageObject","inLanguage":"va-ES","@id":"https:\/\/canfali.com\/ca-es\/#\/schema\/logo\/image\/","url":"https:\/\/canfali.com\/app\/uploads\/2025\/12\/canfali_marina_alta_logo.png","contentUrl":"https:\/\/canfali.com\/app\/uploads\/2025\/12\/canfali_marina_alta_logo.png","width":225,"height":225,"caption":"Canfali"},"image":{"@id":"https:\/\/canfali.com\/ca-es\/#\/schema\/logo\/image\/"},"sameAs":["https:\/\/es-es.facebook.com\/CANFALIMarinaAlta","https:\/\/x.com\/canfalima","https:\/\/www.instagram.com\/canfalimarinaalta\/"]},{"@type":"Person","@id":"https:\/\/canfali.com\/ca-es\/#\/schema\/person\/d834d2d4df17cac754d3c314d4c404ef","name":"JJ Mas","image":{"@type":"ImageObject","inLanguage":"va-ES","@id":"https:\/\/secure.gravatar.com\/avatar\/65a5191f5438bf88c2394f6d1a625a6ff903c8785268e603c623a83bc15ba1ee?s=96&d=mm&r=g","url":"https:\/\/secure.gravatar.com\/avatar\/65a5191f5438bf88c2394f6d1a625a6ff903c8785268e603c623a83bc15ba1ee?s=96&d=mm&r=g","contentUrl":"https:\/\/secure.gravatar.com\/avatar\/65a5191f5438bf88c2394f6d1a625a6ff903c8785268e603c623a83bc15ba1ee?s=96&d=mm&r=g","caption":"JJ Mas"},"url":"https:\/\/canfali.com\/ca-es\/author\/jj\/"}]}},"_links":{"self":[{"href":"https:\/\/canfali.com\/ca-es\/wp-json\/wp\/v2\/posts\/90458","targetHints":{"allow":["GET"]}}],"collection":[{"href":"https:\/\/canfali.com\/ca-es\/wp-json\/wp\/v2\/posts"}],"about":[{"href":"https:\/\/canfali.com\/ca-es\/wp-json\/wp\/v2\/types\/post"}],"author":[{"embeddable":true,"href":"https:\/\/canfali.com\/ca-es\/wp-json\/wp\/v2\/users\/4"}],"replies":[{"embeddable":true,"href":"https:\/\/canfali.com\/ca-es\/wp-json\/wp\/v2\/comments?post=90458"}],"version-history":[{"count":1,"href":"https:\/\/canfali.com\/ca-es\/wp-json\/wp\/v2\/posts\/90458\/revisions"}],"predecessor-version":[{"id":90463,"href":"https:\/\/canfali.com\/ca-es\/wp-json\/wp\/v2\/posts\/90458\/revisions\/90463"}],"wp:featuredmedia":[{"embeddable":true,"href":"https:\/\/canfali.com\/ca-es\/wp-json\/wp\/v2\/media\/90459"}],"wp:attachment":[{"href":"https:\/\/canfali.com\/ca-es\/wp-json\/wp\/v2\/media?parent=90458"}],"wp:term":[{"taxonomy":"category","embeddable":true,"href":"https:\/\/canfali.com\/ca-es\/wp-json\/wp\/v2\/categories?post=90458"},{"taxonomy":"post_tag","embeddable":true,"href":"https:\/\/canfali.com\/ca-es\/wp-json\/wp\/v2\/tags?post=90458"}],"curies":[{"name":"wp","href":"https:\/\/api.w.org\/{rel}","templated":true}]}}