{"id":90404,"date":"2026-03-04T15:31:00","date_gmt":"2026-03-04T14:31:00","guid":{"rendered":"https:\/\/canfali.com\/?p=90404"},"modified":"2026-03-05T11:35:08","modified_gmt":"2026-03-05T10:35:08","slug":"la-universitat-de-valencia-tendra-sede-en-la-casa-de-torrecremada","status":"publish","type":"post","link":"https:\/\/canfali.com\/ca-es\/la-universitat-de-valencia-tendra-sede-en-la-casa-de-torrecremada\/","title":{"rendered":"La Universitat de Val\u00e8ncia tendr\u00e1 sede en la casa de Torrecremada"},"content":{"rendered":"\n<p><\/p>\n\n\n\n<blockquote class=\"wp-block-quote is-layout-flow wp-block-quote-is-layout-flow\">\n<p>Impartir\u00e1 formaci\u00f3n adaptada a las necesidades de empresas e instituciones<\/p>\n<\/blockquote>\n\n\n\n<p>La Universitat de Val\u00e8ncia contar\u00e1 con una sede en la finca de Torrecremada, donde se impartir\u00e1n actividades formativas, de investigaci\u00f3n y de divulgaci\u00f3n adaptadas a las necesidades de empresas, instituciones y otros sectores de la poblaci\u00f3n. Lo ha anunciado la rectora M\u00aa Vicenta Mestre, quien el mi\u00e9rcoles firm\u00f3 un acuerdo de colaboraci\u00f3n con el alcalde, Vicent Grimalt.<\/p>\n\n\n\n<p>El alcalde se\u00f1al\u00f3 que el acuerdo con la Universitat de Val\u00e8ncia forma parte del trabajo desarrollado desde hace un tiempo \u201cpara hacer realidad el proyecto de convertir D\u00e9nia en una ciudad universitaria. Un proyecto que gira alrededor de la rehabilitaci\u00f3n de la finca de Torrecremada, a punto de finalizar, para convertirla en sede de una actividad cultural y acad\u00e9mica que queremos que vaya creciendo y atrayendo nuevas oportunidades formativas a nuestra ciudad\u201d.<\/p>\n\n\n\n<p>&nbsp;&nbsp;&nbsp;&nbsp;&nbsp;&nbsp;&nbsp;&nbsp;&nbsp;&nbsp;&nbsp; La Universitat de Val\u00e8ncia impartir\u00e1 las denominadas microcredenciales universitarias, que son t\u00edtulos oficiales de corta duraci\u00f3n reconocidos por la Uni\u00f3n Europea. Estos cursos, de car\u00e1cter eminentemente pr\u00e1ctico, est\u00e1n dise\u00f1ados para adaptarse a las necesidades espec\u00edficas de las empresas y sectores profesionales de la zona. Se dirigen tanto a graduados como a profesionales que busquen actualizar sus competencias o mejorar su inserci\u00f3n laboral mediante una formaci\u00f3n a la carta.<\/p>\n\n\n\n<p>&nbsp;&nbsp;&nbsp;&nbsp;&nbsp;&nbsp;&nbsp;&nbsp;&nbsp;&nbsp;&nbsp; La rectora ha puesto en valor el prestigio de la instituci\u00f3n, \u201ccon 527 a\u00f1os de antig\u00fcedad, la segunda de Espa\u00f1a y reconocida mundialmente\u201d y la importancia de extender su red territorial hasta la Marina Alta. En el acto de la firma entre la Universitat de Val\u00e8ncia y el Ayuntamiento tambi\u00e9n estuvieron presentes autoridades como el gerente de la universidad, Juan Vicente Climent, el catedr\u00e1tico Joan Romero y representantes de la corporaci\u00f3n municipal, quienes coincidieron en que este marco legal abre la puerta a futuras colaboraciones en \u00e1mbitos que van desde la ciencia hasta la promoci\u00f3n cultural.<\/p>\n\n\n\n<figure class=\"wp-block-image size-large\"><img decoding=\"async\" src=\"https:\/\/canfali.com\/app\/uploads\/2026\/03\/20260304_Acord_colaboracio_UV_04-1024x684.jpeg.webp\" alt=\"\" class=\"wp-image-90407\"\/><\/figure>\n\n\n\n<figure class=\"wp-block-image size-large\"><img decoding=\"async\" src=\"https:\/\/canfali.com\/app\/uploads\/2026\/03\/20260304_Acord_colaboracio_UV_03-1024x684.jpeg.webp\" alt=\"\" class=\"wp-image-90409\"\/><\/figure>\n\n\n\n<figure class=\"wp-block-image size-large\"><img decoding=\"async\" src=\"https:\/\/canfali.com\/app\/uploads\/2026\/03\/20260304_Acord_colaboracio_UV_01-1024x683.jpg.webp\" alt=\"\" class=\"wp-image-90411\"\/><\/figure>\n","protected":false},"excerpt":{"rendered":"Impartir\u00e1 formaci\u00f3n adaptada a las necesidades de empresas e instituciones La Universitat de Val\u00e8ncia contar\u00e1 con una sede&hellip;","protected":false},"author":7,"featured_media":90405,"comment_status":"closed","ping_status":"closed","sticky":false,"template":"","format":"standard","meta":{"csco_display_header_overlay":false,"csco_singular_sidebar":"","csco_page_header_type":"","csco_page_load_nextpost":"","csco_post_video_location":[],"csco_post_video_location_hash":"","csco_post_video_url":"","csco_post_video_bg_start_time":0,"csco_post_video_bg_end_time":0,"footnotes":""},"categories":[579],"tags":[2728,6947,5356],"class_list":{"0":"post-90404","1":"post","2":"type-post","3":"status-publish","4":"format-standard","5":"has-post-thumbnail","7":"category-cultura-2","8":"tag-ajuntament-de-denia","9":"tag-torrecremada","10":"tag-universitat-de-valencia-ca-es","11":"cs-entry","12":"cs-video-wrap"},"yoast_head":"<!-- This site is optimized with the Yoast SEO Premium plugin v26.6 (Yoast SEO v27.3) - https:\/\/yoast.com\/product\/yoast-seo-premium-wordpress\/ -->\n<title>La Universitat de Val\u00e8ncia tendr\u00e1 sede en la casa de Torrecremada - Canfali<\/title>\n<meta name=\"robots\" content=\"index, follow, max-snippet:-1, max-image-preview:large, max-video-preview:-1\" \/>\n<link rel=\"canonical\" href=\"https:\/\/canfali.com\/ca-es\/la-universitat-de-valencia-tendra-sede-en-la-casa-de-torrecremada\/\" \/>\n<meta property=\"og:locale\" content=\"en_US\" \/>\n<meta property=\"og:type\" content=\"article\" \/>\n<meta property=\"og:title\" content=\"La Universitat de Val\u00e8ncia tendr\u00e1 sede en la casa de Torrecremada\" \/>\n<meta property=\"og:description\" content=\"Impartir\u00e1 formaci\u00f3n adaptada a las necesidades de empresas e instituciones La Universitat de Val\u00e8ncia contar\u00e1 con una sede&hellip;\" \/>\n<meta property=\"og:url\" content=\"https:\/\/canfali.com\/ca-es\/la-universitat-de-valencia-tendra-sede-en-la-casa-de-torrecremada\/\" \/>\n<meta property=\"og:site_name\" content=\"Canfali\" \/>\n<meta property=\"article:publisher\" content=\"https:\/\/es-es.facebook.com\/CANFALIMarinaAlta\" \/>\n<meta property=\"article:published_time\" content=\"2026-03-04T14:31:00+00:00\" \/>\n<meta property=\"article:modified_time\" content=\"2026-03-05T10:35:08+00:00\" \/>\n<meta property=\"og:image\" content=\"https:\/\/canfali.com\/app\/uploads\/2026\/03\/20260304_Acord_colaboracio_UV_05.jpeg\" \/>\n\t<meta property=\"og:image:width\" content=\"1408\" \/>\n\t<meta property=\"og:image:height\" content=\"940\" \/>\n\t<meta property=\"og:image:type\" content=\"image\/jpeg\" \/>\n<meta name=\"author\" content=\"Bolta\" \/>\n<meta name=\"twitter:card\" content=\"summary_large_image\" \/>\n<meta name=\"twitter:creator\" content=\"@canfalima\" \/>\n<meta name=\"twitter:site\" content=\"@canfalima\" \/>\n<meta name=\"twitter:label1\" content=\"Written by\" \/>\n\t<meta name=\"twitter:data1\" content=\"Bolta\" \/>\n\t<meta name=\"twitter:label2\" content=\"Est. reading time\" \/>\n\t<meta name=\"twitter:data2\" content=\"3 minutes\" \/>\n<script type=\"application\/ld+json\" class=\"yoast-schema-graph\">{\"@context\":\"https:\\\/\\\/schema.org\",\"@graph\":[{\"@type\":\"NewsArticle\",\"@id\":\"https:\\\/\\\/canfali.com\\\/ca-es\\\/la-universitat-de-valencia-tendra-sede-en-la-casa-de-torrecremada\\\/#article\",\"isPartOf\":{\"@id\":\"https:\\\/\\\/canfali.com\\\/ca-es\\\/la-universitat-de-valencia-tendra-sede-en-la-casa-de-torrecremada\\\/\"},\"author\":{\"name\":\"Bolta\",\"@id\":\"https:\\\/\\\/canfali.com\\\/ca-es\\\/#\\\/schema\\\/person\\\/9c651adc904f3c4e0243f54407751557\"},\"headline\":\"La Universitat de Val\u00e8ncia tendr\u00e1 sede en la casa de Torrecremada\",\"datePublished\":\"2026-03-04T14:31:00+00:00\",\"dateModified\":\"2026-03-05T10:35:08+00:00\",\"mainEntityOfPage\":{\"@id\":\"https:\\\/\\\/canfali.com\\\/ca-es\\\/la-universitat-de-valencia-tendra-sede-en-la-casa-de-torrecremada\\\/\"},\"wordCount\":369,\"publisher\":{\"@id\":\"https:\\\/\\\/canfali.com\\\/ca-es\\\/#organization\"},\"image\":{\"@id\":\"https:\\\/\\\/canfali.com\\\/ca-es\\\/la-universitat-de-valencia-tendra-sede-en-la-casa-de-torrecremada\\\/#primaryimage\"},\"thumbnailUrl\":\"https:\\\/\\\/canfali.com\\\/app\\\/uploads\\\/2026\\\/03\\\/20260304_Acord_colaboracio_UV_05.jpeg\",\"keywords\":[\"Ajuntament de D\u00e9nia\",\"Torrecremada\",\"Universitat de Val\u00e8ncia\"],\"articleSection\":[\"Cultura\"],\"inLanguage\":\"va-ES\",\"copyrightYear\":\"2026\",\"copyrightHolder\":{\"@id\":\"https:\\\/\\\/canfali.com\\\/#organization\"}},{\"@type\":\"WebPage\",\"@id\":\"https:\\\/\\\/canfali.com\\\/ca-es\\\/la-universitat-de-valencia-tendra-sede-en-la-casa-de-torrecremada\\\/\",\"url\":\"https:\\\/\\\/canfali.com\\\/ca-es\\\/la-universitat-de-valencia-tendra-sede-en-la-casa-de-torrecremada\\\/\",\"name\":\"La Universitat de Val\u00e8ncia tendr\u00e1 sede en la casa de Torrecremada - Canfali\",\"isPartOf\":{\"@id\":\"https:\\\/\\\/canfali.com\\\/ca-es\\\/#website\"},\"primaryImageOfPage\":{\"@id\":\"https:\\\/\\\/canfali.com\\\/ca-es\\\/la-universitat-de-valencia-tendra-sede-en-la-casa-de-torrecremada\\\/#primaryimage\"},\"image\":{\"@id\":\"https:\\\/\\\/canfali.com\\\/ca-es\\\/la-universitat-de-valencia-tendra-sede-en-la-casa-de-torrecremada\\\/#primaryimage\"},\"thumbnailUrl\":\"https:\\\/\\\/canfali.com\\\/app\\\/uploads\\\/2026\\\/03\\\/20260304_Acord_colaboracio_UV_05.jpeg\",\"datePublished\":\"2026-03-04T14:31:00+00:00\",\"dateModified\":\"2026-03-05T10:35:08+00:00\",\"breadcrumb\":{\"@id\":\"https:\\\/\\\/canfali.com\\\/ca-es\\\/la-universitat-de-valencia-tendra-sede-en-la-casa-de-torrecremada\\\/#breadcrumb\"},\"inLanguage\":\"va-ES\",\"potentialAction\":[{\"@type\":\"ReadAction\",\"target\":[\"https:\\\/\\\/canfali.com\\\/ca-es\\\/la-universitat-de-valencia-tendra-sede-en-la-casa-de-torrecremada\\\/\"]}]},{\"@type\":\"ImageObject\",\"inLanguage\":\"va-ES\",\"@id\":\"https:\\\/\\\/canfali.com\\\/ca-es\\\/la-universitat-de-valencia-tendra-sede-en-la-casa-de-torrecremada\\\/#primaryimage\",\"url\":\"https:\\\/\\\/canfali.com\\\/app\\\/uploads\\\/2026\\\/03\\\/20260304_Acord_colaboracio_UV_05.jpeg\",\"contentUrl\":\"https:\\\/\\\/canfali.com\\\/app\\\/uploads\\\/2026\\\/03\\\/20260304_Acord_colaboracio_UV_05.jpeg\",\"width\":1408,\"height\":940},{\"@type\":\"BreadcrumbList\",\"@id\":\"https:\\\/\\\/canfali.com\\\/ca-es\\\/la-universitat-de-valencia-tendra-sede-en-la-casa-de-torrecremada\\\/#breadcrumb\",\"itemListElement\":[{\"@type\":\"ListItem\",\"position\":1,\"name\":\"Portada\",\"item\":\"https:\\\/\\\/canfali.com\\\/ca-es\\\/\"},{\"@type\":\"ListItem\",\"position\":2,\"name\":\"La Universitat de Val\u00e8ncia tendr\u00e1 sede en la casa de Torrecremada\"}]},{\"@type\":\"WebSite\",\"@id\":\"https:\\\/\\\/canfali.com\\\/ca-es\\\/#website\",\"url\":\"https:\\\/\\\/canfali.com\\\/ca-es\\\/\",\"name\":\"Canfali\",\"description\":\"\",\"publisher\":{\"@id\":\"https:\\\/\\\/canfali.com\\\/ca-es\\\/#organization\"},\"potentialAction\":[{\"@type\":\"SearchAction\",\"target\":{\"@type\":\"EntryPoint\",\"urlTemplate\":\"https:\\\/\\\/canfali.com\\\/ca-es\\\/?s={search_term_string}\"},\"query-input\":{\"@type\":\"PropertyValueSpecification\",\"valueRequired\":true,\"valueName\":\"search_term_string\"}}],\"inLanguage\":\"va-ES\"},{\"@type\":\"Organization\",\"@id\":\"https:\\\/\\\/canfali.com\\\/ca-es\\\/#organization\",\"name\":\"Canfali\",\"url\":\"https:\\\/\\\/canfali.com\\\/ca-es\\\/\",\"logo\":{\"@type\":\"ImageObject\",\"inLanguage\":\"va-ES\",\"@id\":\"https:\\\/\\\/canfali.com\\\/ca-es\\\/#\\\/schema\\\/logo\\\/image\\\/\",\"url\":\"https:\\\/\\\/canfali.com\\\/app\\\/uploads\\\/2025\\\/12\\\/canfali_marina_alta_logo.png\",\"contentUrl\":\"https:\\\/\\\/canfali.com\\\/app\\\/uploads\\\/2025\\\/12\\\/canfali_marina_alta_logo.png\",\"width\":225,\"height\":225,\"caption\":\"Canfali\"},\"image\":{\"@id\":\"https:\\\/\\\/canfali.com\\\/ca-es\\\/#\\\/schema\\\/logo\\\/image\\\/\"},\"sameAs\":[\"https:\\\/\\\/es-es.facebook.com\\\/CANFALIMarinaAlta\",\"https:\\\/\\\/x.com\\\/canfalima\",\"https:\\\/\\\/www.instagram.com\\\/canfalimarinaalta\\\/\"]},{\"@type\":\"Person\",\"@id\":\"https:\\\/\\\/canfali.com\\\/ca-es\\\/#\\\/schema\\\/person\\\/9c651adc904f3c4e0243f54407751557\",\"name\":\"Bolta\",\"image\":{\"@type\":\"ImageObject\",\"inLanguage\":\"va-ES\",\"@id\":\"https:\\\/\\\/secure.gravatar.com\\\/avatar\\\/550a5d97fe3cfba5caf077b9600e46529e1977e9d14396836e775d6d9d895a81?s=96&d=mm&r=g\",\"url\":\"https:\\\/\\\/secure.gravatar.com\\\/avatar\\\/550a5d97fe3cfba5caf077b9600e46529e1977e9d14396836e775d6d9d895a81?s=96&d=mm&r=g\",\"contentUrl\":\"https:\\\/\\\/secure.gravatar.com\\\/avatar\\\/550a5d97fe3cfba5caf077b9600e46529e1977e9d14396836e775d6d9d895a81?s=96&d=mm&r=g\",\"caption\":\"Bolta\"},\"url\":\"https:\\\/\\\/canfali.com\\\/ca-es\\\/author\\\/bolta\\\/\"}]}<\/script>\n<!-- \/ Yoast SEO Premium plugin. -->","yoast_head_json":{"title":"La Universitat de Val\u00e8ncia tendr\u00e1 sede en la casa de Torrecremada - Canfali","robots":{"index":"index","follow":"follow","max-snippet":"max-snippet:-1","max-image-preview":"max-image-preview:large","max-video-preview":"max-video-preview:-1"},"canonical":"https:\/\/canfali.com\/ca-es\/la-universitat-de-valencia-tendra-sede-en-la-casa-de-torrecremada\/","og_locale":"en_US","og_type":"article","og_title":"La Universitat de Val\u00e8ncia tendr\u00e1 sede en la casa de Torrecremada","og_description":"Impartir\u00e1 formaci\u00f3n adaptada a las necesidades de empresas e instituciones La Universitat de Val\u00e8ncia contar\u00e1 con una sede&hellip;","og_url":"https:\/\/canfali.com\/ca-es\/la-universitat-de-valencia-tendra-sede-en-la-casa-de-torrecremada\/","og_site_name":"Canfali","article_publisher":"https:\/\/es-es.facebook.com\/CANFALIMarinaAlta","article_published_time":"2026-03-04T14:31:00+00:00","article_modified_time":"2026-03-05T10:35:08+00:00","og_image":[{"width":1408,"height":940,"url":"https:\/\/canfali.com\/app\/uploads\/2026\/03\/20260304_Acord_colaboracio_UV_05.jpeg","type":"image\/jpeg"}],"author":"Bolta","twitter_card":"summary_large_image","twitter_creator":"@canfalima","twitter_site":"@canfalima","twitter_misc":{"Written by":"Bolta","Est. reading time":"3 minutes"},"schema":{"@context":"https:\/\/schema.org","@graph":[{"@type":"NewsArticle","@id":"https:\/\/canfali.com\/ca-es\/la-universitat-de-valencia-tendra-sede-en-la-casa-de-torrecremada\/#article","isPartOf":{"@id":"https:\/\/canfali.com\/ca-es\/la-universitat-de-valencia-tendra-sede-en-la-casa-de-torrecremada\/"},"author":{"name":"Bolta","@id":"https:\/\/canfali.com\/ca-es\/#\/schema\/person\/9c651adc904f3c4e0243f54407751557"},"headline":"La Universitat de Val\u00e8ncia tendr\u00e1 sede en la casa de Torrecremada","datePublished":"2026-03-04T14:31:00+00:00","dateModified":"2026-03-05T10:35:08+00:00","mainEntityOfPage":{"@id":"https:\/\/canfali.com\/ca-es\/la-universitat-de-valencia-tendra-sede-en-la-casa-de-torrecremada\/"},"wordCount":369,"publisher":{"@id":"https:\/\/canfali.com\/ca-es\/#organization"},"image":{"@id":"https:\/\/canfali.com\/ca-es\/la-universitat-de-valencia-tendra-sede-en-la-casa-de-torrecremada\/#primaryimage"},"thumbnailUrl":"https:\/\/canfali.com\/app\/uploads\/2026\/03\/20260304_Acord_colaboracio_UV_05.jpeg","keywords":["Ajuntament de D\u00e9nia","Torrecremada","Universitat de Val\u00e8ncia"],"articleSection":["Cultura"],"inLanguage":"va-ES","copyrightYear":"2026","copyrightHolder":{"@id":"https:\/\/canfali.com\/#organization"}},{"@type":"WebPage","@id":"https:\/\/canfali.com\/ca-es\/la-universitat-de-valencia-tendra-sede-en-la-casa-de-torrecremada\/","url":"https:\/\/canfali.com\/ca-es\/la-universitat-de-valencia-tendra-sede-en-la-casa-de-torrecremada\/","name":"La Universitat de Val\u00e8ncia tendr\u00e1 sede en la casa de Torrecremada - Canfali","isPartOf":{"@id":"https:\/\/canfali.com\/ca-es\/#website"},"primaryImageOfPage":{"@id":"https:\/\/canfali.com\/ca-es\/la-universitat-de-valencia-tendra-sede-en-la-casa-de-torrecremada\/#primaryimage"},"image":{"@id":"https:\/\/canfali.com\/ca-es\/la-universitat-de-valencia-tendra-sede-en-la-casa-de-torrecremada\/#primaryimage"},"thumbnailUrl":"https:\/\/canfali.com\/app\/uploads\/2026\/03\/20260304_Acord_colaboracio_UV_05.jpeg","datePublished":"2026-03-04T14:31:00+00:00","dateModified":"2026-03-05T10:35:08+00:00","breadcrumb":{"@id":"https:\/\/canfali.com\/ca-es\/la-universitat-de-valencia-tendra-sede-en-la-casa-de-torrecremada\/#breadcrumb"},"inLanguage":"va-ES","potentialAction":[{"@type":"ReadAction","target":["https:\/\/canfali.com\/ca-es\/la-universitat-de-valencia-tendra-sede-en-la-casa-de-torrecremada\/"]}]},{"@type":"ImageObject","inLanguage":"va-ES","@id":"https:\/\/canfali.com\/ca-es\/la-universitat-de-valencia-tendra-sede-en-la-casa-de-torrecremada\/#primaryimage","url":"https:\/\/canfali.com\/app\/uploads\/2026\/03\/20260304_Acord_colaboracio_UV_05.jpeg","contentUrl":"https:\/\/canfali.com\/app\/uploads\/2026\/03\/20260304_Acord_colaboracio_UV_05.jpeg","width":1408,"height":940},{"@type":"BreadcrumbList","@id":"https:\/\/canfali.com\/ca-es\/la-universitat-de-valencia-tendra-sede-en-la-casa-de-torrecremada\/#breadcrumb","itemListElement":[{"@type":"ListItem","position":1,"name":"Portada","item":"https:\/\/canfali.com\/ca-es\/"},{"@type":"ListItem","position":2,"name":"La Universitat de Val\u00e8ncia tendr\u00e1 sede en la casa de Torrecremada"}]},{"@type":"WebSite","@id":"https:\/\/canfali.com\/ca-es\/#website","url":"https:\/\/canfali.com\/ca-es\/","name":"Canfali","description":"","publisher":{"@id":"https:\/\/canfali.com\/ca-es\/#organization"},"potentialAction":[{"@type":"SearchAction","target":{"@type":"EntryPoint","urlTemplate":"https:\/\/canfali.com\/ca-es\/?s={search_term_string}"},"query-input":{"@type":"PropertyValueSpecification","valueRequired":true,"valueName":"search_term_string"}}],"inLanguage":"va-ES"},{"@type":"Organization","@id":"https:\/\/canfali.com\/ca-es\/#organization","name":"Canfali","url":"https:\/\/canfali.com\/ca-es\/","logo":{"@type":"ImageObject","inLanguage":"va-ES","@id":"https:\/\/canfali.com\/ca-es\/#\/schema\/logo\/image\/","url":"https:\/\/canfali.com\/app\/uploads\/2025\/12\/canfali_marina_alta_logo.png","contentUrl":"https:\/\/canfali.com\/app\/uploads\/2025\/12\/canfali_marina_alta_logo.png","width":225,"height":225,"caption":"Canfali"},"image":{"@id":"https:\/\/canfali.com\/ca-es\/#\/schema\/logo\/image\/"},"sameAs":["https:\/\/es-es.facebook.com\/CANFALIMarinaAlta","https:\/\/x.com\/canfalima","https:\/\/www.instagram.com\/canfalimarinaalta\/"]},{"@type":"Person","@id":"https:\/\/canfali.com\/ca-es\/#\/schema\/person\/9c651adc904f3c4e0243f54407751557","name":"Bolta","image":{"@type":"ImageObject","inLanguage":"va-ES","@id":"https:\/\/secure.gravatar.com\/avatar\/550a5d97fe3cfba5caf077b9600e46529e1977e9d14396836e775d6d9d895a81?s=96&d=mm&r=g","url":"https:\/\/secure.gravatar.com\/avatar\/550a5d97fe3cfba5caf077b9600e46529e1977e9d14396836e775d6d9d895a81?s=96&d=mm&r=g","contentUrl":"https:\/\/secure.gravatar.com\/avatar\/550a5d97fe3cfba5caf077b9600e46529e1977e9d14396836e775d6d9d895a81?s=96&d=mm&r=g","caption":"Bolta"},"url":"https:\/\/canfali.com\/ca-es\/author\/bolta\/"}]}},"_links":{"self":[{"href":"https:\/\/canfali.com\/ca-es\/wp-json\/wp\/v2\/posts\/90404","targetHints":{"allow":["GET"]}}],"collection":[{"href":"https:\/\/canfali.com\/ca-es\/wp-json\/wp\/v2\/posts"}],"about":[{"href":"https:\/\/canfali.com\/ca-es\/wp-json\/wp\/v2\/types\/post"}],"author":[{"embeddable":true,"href":"https:\/\/canfali.com\/ca-es\/wp-json\/wp\/v2\/users\/7"}],"replies":[{"embeddable":true,"href":"https:\/\/canfali.com\/ca-es\/wp-json\/wp\/v2\/comments?post=90404"}],"version-history":[{"count":1,"href":"https:\/\/canfali.com\/ca-es\/wp-json\/wp\/v2\/posts\/90404\/revisions"}],"predecessor-version":[{"id":90413,"href":"https:\/\/canfali.com\/ca-es\/wp-json\/wp\/v2\/posts\/90404\/revisions\/90413"}],"wp:featuredmedia":[{"embeddable":true,"href":"https:\/\/canfali.com\/ca-es\/wp-json\/wp\/v2\/media\/90405"}],"wp:attachment":[{"href":"https:\/\/canfali.com\/ca-es\/wp-json\/wp\/v2\/media?parent=90404"}],"wp:term":[{"taxonomy":"category","embeddable":true,"href":"https:\/\/canfali.com\/ca-es\/wp-json\/wp\/v2\/categories?post=90404"},{"taxonomy":"post_tag","embeddable":true,"href":"https:\/\/canfali.com\/ca-es\/wp-json\/wp\/v2\/tags?post=90404"}],"curies":[{"name":"wp","href":"https:\/\/api.w.org\/{rel}","templated":true}]}}