{"id":90402,"date":"2026-03-03T18:49:52","date_gmt":"2026-03-03T17:49:52","guid":{"rendered":"https:\/\/canfali.com\/espectacular-desmuntatge-de-les-campanes-de-lesglesia-de-lassumpcio\/"},"modified":"2026-03-05T09:57:57","modified_gmt":"2026-03-05T08:57:57","slug":"espectacular-desmuntatge-de-les-campanes-de-lesglesia-de-lassumpcio","status":"publish","type":"post","link":"https:\/\/canfali.com\/ca-es\/espectacular-desmuntatge-de-les-campanes-de-lesglesia-de-lassumpcio\/","title":{"rendered":"Espectacular desmuntatge de les campanes de l&#8217;esgl\u00e8sia de l&#8217;Assumpci\u00f3"},"content":{"rendered":"\n<p>D\u00e9nia ha viscut este dimarts una jornada hist\u00f2rica i de gran tensi\u00f3 t\u00e8cnica amb l&#8217;operatiu del descens de les cinc campanes de l&#8217;Esgl\u00e9sia de l&#8217;Asunci\u00f3n. El dispositiu, que ha comen\u00e7at a primera hora del mat\u00ed, tenia com a principal objectiu la retirada de la Maria de la Vict\u00f2ria, la pe\u00e7a m\u00e9s gran del conjunt amb un pes de 1.425 quilos, que divendres passat va quedar despenjada pel trencament de l&#8217;eix. La pla\u00e7a va ser acordonada pel perill que la campana caiguera al buit.&#13;\n&#13;\n<\/p>\n\n<p>Els especialistes de l&#8217;empresa Electro Recamp, despla\u00e7ats des de la localitat valenciana d&#8217;Atzeneta, han fet els treballs a uns 30 metres d&#8217;altura. Despr\u00e9s d&#8217;assegurar la zona en la pla\u00e7a de la Constituci\u00f3 amb el suport de la Policia Local, els t\u00e8cnics han emprat quinales de cadena i corrioles per a estabilitzar la gran estructura de ferro abans d&#8217;enganxar-la a una grua de grans dimensions. El descens de la Maria de la Vict\u00f2ria s&#8217;ha produ\u00eft finalment sense cap problema sobre les 14 hores.&#13;\n&#13;\n<\/p>\n\n<p>Al costat de la pe\u00e7a principal, tamb\u00e9 han sigut retirades les altres quatre campanes del temple: la Concepci\u00f3, Sant Joaquim, Crist Rei i Maria de l\u2019Assumpci\u00f3. Totes elles, foses en 1942, presentaven un estat de conservaci\u00f3 deficient que ja havia sigut advertit per experts en informes previs. La deterioraci\u00f3 acumulada impedia fins i tot el volteig en dos d&#8217;elles, la qual cosa ha motivat la decisi\u00f3 de la parr\u00f2quia d&#8217;escometre una restauraci\u00f3 integral de totes les campanes i aix\u00ed recuperar la seua sonoritat original.&#13;\n<\/p>\n\n<p>En el taller especialitzat en l\u2019Atzeneta es procedir\u00e0 a substituir els seus actuals suports per nous jous de fusta d&#8217;iroco, un material molt m\u00e9s resistent i adequat per a estes peces hist\u00f2riques. Encara que els treballs de restauraci\u00f3 no estaran conclosos per a la festivitat de Pasqua, els responsables confien que les campanes puguen tornar a l&#8217;alt de la torre per a les celebracions de la Sant\u00edssima Sang.&#13;\n<\/p>\n\n<p>El desmuntatge de les campanes ha sigut seguit amb expectaci\u00f3 per nombrosos ve\u00efns.&#13;\n<\/p>\n\n<figure class=\"wp-block-image size-large\"><img decoding=\"async\" src=\"https:\/\/canfali.com\/app\/uploads\/2026\/03\/b24226bc-1412-4dd0-b2c5-59540c9e7671-1024x768.jpg.webp\" alt=\"\" class=\"wp-image-90323\"\/><\/figure>\n\n<figure class=\"wp-block-image size-large\"><img decoding=\"async\" src=\"https:\/\/canfali.com\/app\/uploads\/2026\/03\/25563890-eec8-4b06-afa0-e5139037630e-1024x768.jpg.webp\" alt=\"\" class=\"wp-image-90325\"\/><\/figure>\n\n<figure class=\"wp-block-image size-large\"><img decoding=\"async\" src=\"https:\/\/canfali.com\/app\/uploads\/2026\/03\/08d762a7-303f-4354-88fb-e5f51507d163-768x1024.jpg.webp\" alt=\"\" class=\"wp-image-90327\"\/><\/figure>\n","protected":false},"excerpt":{"rendered":"D\u00e9nia ha viscut este dimarts una jornada hist\u00f2rica i de gran tensi\u00f3 t\u00e8cnica amb l&#8217;operatiu del descens de&hellip;","protected":false},"author":7,"featured_media":90322,"comment_status":"closed","ping_status":"closed","sticky":false,"template":"","format":"standard","meta":{"csco_display_header_overlay":false,"csco_singular_sidebar":"","csco_page_header_type":"","csco_page_load_nextpost":"","csco_post_video_location":[],"csco_post_video_location_hash":"","csco_post_video_url":"","csco_post_video_bg_start_time":0,"csco_post_video_bg_end_time":0,"footnotes":""},"categories":[597],"tags":[6945,6946,1021],"class_list":{"0":"post-90402","1":"post","2":"type-post","3":"status-publish","4":"format-standard","5":"has-post-thumbnail","7":"category-cultura-ca-es","8":"tag-campanes","9":"tag-esglesia-de-lassumpcio","10":"tag-patrimoni","11":"cs-entry","12":"cs-video-wrap"},"yoast_head":"<!-- This site is optimized with the Yoast SEO Premium plugin v26.6 (Yoast SEO v27.3) - https:\/\/yoast.com\/product\/yoast-seo-premium-wordpress\/ -->\n<title>Espectacular desmuntatge de les campanes de l&#039;esgl\u00e8sia de l&#039;Assumpci\u00f3 - Canfali<\/title>\n<meta name=\"robots\" content=\"index, follow, max-snippet:-1, max-image-preview:large, max-video-preview:-1\" \/>\n<link rel=\"canonical\" href=\"https:\/\/canfali.com\/ca-es\/espectacular-desmuntatge-de-les-campanes-de-lesglesia-de-lassumpcio\/\" \/>\n<meta property=\"og:locale\" content=\"en_US\" \/>\n<meta property=\"og:type\" content=\"article\" \/>\n<meta property=\"og:title\" content=\"Espectacular desmuntatge de les campanes de l&#039;esgl\u00e8sia de l&#039;Assumpci\u00f3\" \/>\n<meta property=\"og:description\" content=\"D\u00e9nia ha viscut este dimarts una jornada hist\u00f2rica i de gran tensi\u00f3 t\u00e8cnica amb l&#8217;operatiu del descens de&hellip;\" \/>\n<meta property=\"og:url\" content=\"https:\/\/canfali.com\/ca-es\/espectacular-desmuntatge-de-les-campanes-de-lesglesia-de-lassumpcio\/\" \/>\n<meta property=\"og:site_name\" content=\"Canfali\" \/>\n<meta property=\"article:publisher\" content=\"https:\/\/es-es.facebook.com\/CANFALIMarinaAlta\" \/>\n<meta property=\"article:published_time\" content=\"2026-03-03T17:49:52+00:00\" \/>\n<meta property=\"article:modified_time\" content=\"2026-03-05T08:57:57+00:00\" \/>\n<meta property=\"og:image\" content=\"https:\/\/canfali.com\/app\/uploads\/2026\/03\/e51ab22a-92aa-4ce6-82df-5eba2ea73528.jpg\" \/>\n\t<meta property=\"og:image:width\" content=\"1600\" \/>\n\t<meta property=\"og:image:height\" content=\"1200\" \/>\n\t<meta property=\"og:image:type\" content=\"image\/jpeg\" \/>\n<meta name=\"author\" content=\"Bolta\" \/>\n<meta name=\"twitter:card\" content=\"summary_large_image\" \/>\n<meta name=\"twitter:creator\" content=\"@canfalima\" \/>\n<meta name=\"twitter:site\" content=\"@canfalima\" \/>\n<meta name=\"twitter:label1\" content=\"Written by\" \/>\n\t<meta name=\"twitter:data1\" content=\"Bolta\" \/>\n\t<meta name=\"twitter:label2\" content=\"Est. reading time\" \/>\n\t<meta name=\"twitter:data2\" content=\"2 minutes\" \/>\n<script type=\"application\/ld+json\" class=\"yoast-schema-graph\">{\"@context\":\"https:\\\/\\\/schema.org\",\"@graph\":[{\"@type\":\"NewsArticle\",\"@id\":\"https:\\\/\\\/canfali.com\\\/ca-es\\\/espectacular-desmuntatge-de-les-campanes-de-lesglesia-de-lassumpcio\\\/#article\",\"isPartOf\":{\"@id\":\"https:\\\/\\\/canfali.com\\\/ca-es\\\/espectacular-desmuntatge-de-les-campanes-de-lesglesia-de-lassumpcio\\\/\"},\"author\":{\"name\":\"Bolta\",\"@id\":\"https:\\\/\\\/canfali.com\\\/ca-es\\\/#\\\/schema\\\/person\\\/9c651adc904f3c4e0243f54407751557\"},\"headline\":\"Espectacular desmuntatge de les campanes de l&#8217;esgl\u00e8sia de l&#8217;Assumpci\u00f3\",\"datePublished\":\"2026-03-03T17:49:52+00:00\",\"dateModified\":\"2026-03-05T08:57:57+00:00\",\"mainEntityOfPage\":{\"@id\":\"https:\\\/\\\/canfali.com\\\/ca-es\\\/espectacular-desmuntatge-de-les-campanes-de-lesglesia-de-lassumpcio\\\/\"},\"wordCount\":376,\"publisher\":{\"@id\":\"https:\\\/\\\/canfali.com\\\/ca-es\\\/#organization\"},\"image\":{\"@id\":\"https:\\\/\\\/canfali.com\\\/ca-es\\\/espectacular-desmuntatge-de-les-campanes-de-lesglesia-de-lassumpcio\\\/#primaryimage\"},\"thumbnailUrl\":\"https:\\\/\\\/canfali.com\\\/app\\\/uploads\\\/2026\\\/03\\\/e51ab22a-92aa-4ce6-82df-5eba2ea73528.jpg\",\"keywords\":[\"campanes\",\"esgl\u00e8sia de l'Assumpci\u00f3\",\"patrimoni\"],\"articleSection\":[\"Cultura\"],\"inLanguage\":\"va-ES\",\"copyrightYear\":\"2026\",\"copyrightHolder\":{\"@id\":\"https:\\\/\\\/canfali.com\\\/#organization\"}},{\"@type\":\"WebPage\",\"@id\":\"https:\\\/\\\/canfali.com\\\/ca-es\\\/espectacular-desmuntatge-de-les-campanes-de-lesglesia-de-lassumpcio\\\/\",\"url\":\"https:\\\/\\\/canfali.com\\\/ca-es\\\/espectacular-desmuntatge-de-les-campanes-de-lesglesia-de-lassumpcio\\\/\",\"name\":\"Espectacular desmuntatge de les campanes de l'esgl\u00e8sia de l'Assumpci\u00f3 - Canfali\",\"isPartOf\":{\"@id\":\"https:\\\/\\\/canfali.com\\\/ca-es\\\/#website\"},\"primaryImageOfPage\":{\"@id\":\"https:\\\/\\\/canfali.com\\\/ca-es\\\/espectacular-desmuntatge-de-les-campanes-de-lesglesia-de-lassumpcio\\\/#primaryimage\"},\"image\":{\"@id\":\"https:\\\/\\\/canfali.com\\\/ca-es\\\/espectacular-desmuntatge-de-les-campanes-de-lesglesia-de-lassumpcio\\\/#primaryimage\"},\"thumbnailUrl\":\"https:\\\/\\\/canfali.com\\\/app\\\/uploads\\\/2026\\\/03\\\/e51ab22a-92aa-4ce6-82df-5eba2ea73528.jpg\",\"datePublished\":\"2026-03-03T17:49:52+00:00\",\"dateModified\":\"2026-03-05T08:57:57+00:00\",\"breadcrumb\":{\"@id\":\"https:\\\/\\\/canfali.com\\\/ca-es\\\/espectacular-desmuntatge-de-les-campanes-de-lesglesia-de-lassumpcio\\\/#breadcrumb\"},\"inLanguage\":\"va-ES\",\"potentialAction\":[{\"@type\":\"ReadAction\",\"target\":[\"https:\\\/\\\/canfali.com\\\/ca-es\\\/espectacular-desmuntatge-de-les-campanes-de-lesglesia-de-lassumpcio\\\/\"]}]},{\"@type\":\"ImageObject\",\"inLanguage\":\"va-ES\",\"@id\":\"https:\\\/\\\/canfali.com\\\/ca-es\\\/espectacular-desmuntatge-de-les-campanes-de-lesglesia-de-lassumpcio\\\/#primaryimage\",\"url\":\"https:\\\/\\\/canfali.com\\\/app\\\/uploads\\\/2026\\\/03\\\/e51ab22a-92aa-4ce6-82df-5eba2ea73528.jpg\",\"contentUrl\":\"https:\\\/\\\/canfali.com\\\/app\\\/uploads\\\/2026\\\/03\\\/e51ab22a-92aa-4ce6-82df-5eba2ea73528.jpg\",\"width\":1600,\"height\":1200},{\"@type\":\"BreadcrumbList\",\"@id\":\"https:\\\/\\\/canfali.com\\\/ca-es\\\/espectacular-desmuntatge-de-les-campanes-de-lesglesia-de-lassumpcio\\\/#breadcrumb\",\"itemListElement\":[{\"@type\":\"ListItem\",\"position\":1,\"name\":\"Portada\",\"item\":\"https:\\\/\\\/canfali.com\\\/ca-es\\\/\"},{\"@type\":\"ListItem\",\"position\":2,\"name\":\"Espectacular desmuntatge de les campanes de l&#8217;esgl\u00e8sia de l&#8217;Assumpci\u00f3\"}]},{\"@type\":\"WebSite\",\"@id\":\"https:\\\/\\\/canfali.com\\\/ca-es\\\/#website\",\"url\":\"https:\\\/\\\/canfali.com\\\/ca-es\\\/\",\"name\":\"Canfali\",\"description\":\"\",\"publisher\":{\"@id\":\"https:\\\/\\\/canfali.com\\\/ca-es\\\/#organization\"},\"potentialAction\":[{\"@type\":\"SearchAction\",\"target\":{\"@type\":\"EntryPoint\",\"urlTemplate\":\"https:\\\/\\\/canfali.com\\\/ca-es\\\/?s={search_term_string}\"},\"query-input\":{\"@type\":\"PropertyValueSpecification\",\"valueRequired\":true,\"valueName\":\"search_term_string\"}}],\"inLanguage\":\"va-ES\"},{\"@type\":\"Organization\",\"@id\":\"https:\\\/\\\/canfali.com\\\/ca-es\\\/#organization\",\"name\":\"Canfali\",\"url\":\"https:\\\/\\\/canfali.com\\\/ca-es\\\/\",\"logo\":{\"@type\":\"ImageObject\",\"inLanguage\":\"va-ES\",\"@id\":\"https:\\\/\\\/canfali.com\\\/ca-es\\\/#\\\/schema\\\/logo\\\/image\\\/\",\"url\":\"https:\\\/\\\/canfali.com\\\/app\\\/uploads\\\/2025\\\/12\\\/canfali_marina_alta_logo.png\",\"contentUrl\":\"https:\\\/\\\/canfali.com\\\/app\\\/uploads\\\/2025\\\/12\\\/canfali_marina_alta_logo.png\",\"width\":225,\"height\":225,\"caption\":\"Canfali\"},\"image\":{\"@id\":\"https:\\\/\\\/canfali.com\\\/ca-es\\\/#\\\/schema\\\/logo\\\/image\\\/\"},\"sameAs\":[\"https:\\\/\\\/es-es.facebook.com\\\/CANFALIMarinaAlta\",\"https:\\\/\\\/x.com\\\/canfalima\",\"https:\\\/\\\/www.instagram.com\\\/canfalimarinaalta\\\/\"]},{\"@type\":\"Person\",\"@id\":\"https:\\\/\\\/canfali.com\\\/ca-es\\\/#\\\/schema\\\/person\\\/9c651adc904f3c4e0243f54407751557\",\"name\":\"Bolta\",\"image\":{\"@type\":\"ImageObject\",\"inLanguage\":\"va-ES\",\"@id\":\"https:\\\/\\\/secure.gravatar.com\\\/avatar\\\/550a5d97fe3cfba5caf077b9600e46529e1977e9d14396836e775d6d9d895a81?s=96&d=mm&r=g\",\"url\":\"https:\\\/\\\/secure.gravatar.com\\\/avatar\\\/550a5d97fe3cfba5caf077b9600e46529e1977e9d14396836e775d6d9d895a81?s=96&d=mm&r=g\",\"contentUrl\":\"https:\\\/\\\/secure.gravatar.com\\\/avatar\\\/550a5d97fe3cfba5caf077b9600e46529e1977e9d14396836e775d6d9d895a81?s=96&d=mm&r=g\",\"caption\":\"Bolta\"},\"url\":\"https:\\\/\\\/canfali.com\\\/ca-es\\\/author\\\/bolta\\\/\"}]}<\/script>\n<!-- \/ Yoast SEO Premium plugin. -->","yoast_head_json":{"title":"Espectacular desmuntatge de les campanes de l'esgl\u00e8sia de l'Assumpci\u00f3 - Canfali","robots":{"index":"index","follow":"follow","max-snippet":"max-snippet:-1","max-image-preview":"max-image-preview:large","max-video-preview":"max-video-preview:-1"},"canonical":"https:\/\/canfali.com\/ca-es\/espectacular-desmuntatge-de-les-campanes-de-lesglesia-de-lassumpcio\/","og_locale":"en_US","og_type":"article","og_title":"Espectacular desmuntatge de les campanes de l'esgl\u00e8sia de l'Assumpci\u00f3","og_description":"D\u00e9nia ha viscut este dimarts una jornada hist\u00f2rica i de gran tensi\u00f3 t\u00e8cnica amb l&#8217;operatiu del descens de&hellip;","og_url":"https:\/\/canfali.com\/ca-es\/espectacular-desmuntatge-de-les-campanes-de-lesglesia-de-lassumpcio\/","og_site_name":"Canfali","article_publisher":"https:\/\/es-es.facebook.com\/CANFALIMarinaAlta","article_published_time":"2026-03-03T17:49:52+00:00","article_modified_time":"2026-03-05T08:57:57+00:00","og_image":[{"width":1600,"height":1200,"url":"https:\/\/canfali.com\/app\/uploads\/2026\/03\/e51ab22a-92aa-4ce6-82df-5eba2ea73528.jpg","type":"image\/jpeg"}],"author":"Bolta","twitter_card":"summary_large_image","twitter_creator":"@canfalima","twitter_site":"@canfalima","twitter_misc":{"Written by":"Bolta","Est. reading time":"2 minutes"},"schema":{"@context":"https:\/\/schema.org","@graph":[{"@type":"NewsArticle","@id":"https:\/\/canfali.com\/ca-es\/espectacular-desmuntatge-de-les-campanes-de-lesglesia-de-lassumpcio\/#article","isPartOf":{"@id":"https:\/\/canfali.com\/ca-es\/espectacular-desmuntatge-de-les-campanes-de-lesglesia-de-lassumpcio\/"},"author":{"name":"Bolta","@id":"https:\/\/canfali.com\/ca-es\/#\/schema\/person\/9c651adc904f3c4e0243f54407751557"},"headline":"Espectacular desmuntatge de les campanes de l&#8217;esgl\u00e8sia de l&#8217;Assumpci\u00f3","datePublished":"2026-03-03T17:49:52+00:00","dateModified":"2026-03-05T08:57:57+00:00","mainEntityOfPage":{"@id":"https:\/\/canfali.com\/ca-es\/espectacular-desmuntatge-de-les-campanes-de-lesglesia-de-lassumpcio\/"},"wordCount":376,"publisher":{"@id":"https:\/\/canfali.com\/ca-es\/#organization"},"image":{"@id":"https:\/\/canfali.com\/ca-es\/espectacular-desmuntatge-de-les-campanes-de-lesglesia-de-lassumpcio\/#primaryimage"},"thumbnailUrl":"https:\/\/canfali.com\/app\/uploads\/2026\/03\/e51ab22a-92aa-4ce6-82df-5eba2ea73528.jpg","keywords":["campanes","esgl\u00e8sia de l'Assumpci\u00f3","patrimoni"],"articleSection":["Cultura"],"inLanguage":"va-ES","copyrightYear":"2026","copyrightHolder":{"@id":"https:\/\/canfali.com\/#organization"}},{"@type":"WebPage","@id":"https:\/\/canfali.com\/ca-es\/espectacular-desmuntatge-de-les-campanes-de-lesglesia-de-lassumpcio\/","url":"https:\/\/canfali.com\/ca-es\/espectacular-desmuntatge-de-les-campanes-de-lesglesia-de-lassumpcio\/","name":"Espectacular desmuntatge de les campanes de l'esgl\u00e8sia de l'Assumpci\u00f3 - Canfali","isPartOf":{"@id":"https:\/\/canfali.com\/ca-es\/#website"},"primaryImageOfPage":{"@id":"https:\/\/canfali.com\/ca-es\/espectacular-desmuntatge-de-les-campanes-de-lesglesia-de-lassumpcio\/#primaryimage"},"image":{"@id":"https:\/\/canfali.com\/ca-es\/espectacular-desmuntatge-de-les-campanes-de-lesglesia-de-lassumpcio\/#primaryimage"},"thumbnailUrl":"https:\/\/canfali.com\/app\/uploads\/2026\/03\/e51ab22a-92aa-4ce6-82df-5eba2ea73528.jpg","datePublished":"2026-03-03T17:49:52+00:00","dateModified":"2026-03-05T08:57:57+00:00","breadcrumb":{"@id":"https:\/\/canfali.com\/ca-es\/espectacular-desmuntatge-de-les-campanes-de-lesglesia-de-lassumpcio\/#breadcrumb"},"inLanguage":"va-ES","potentialAction":[{"@type":"ReadAction","target":["https:\/\/canfali.com\/ca-es\/espectacular-desmuntatge-de-les-campanes-de-lesglesia-de-lassumpcio\/"]}]},{"@type":"ImageObject","inLanguage":"va-ES","@id":"https:\/\/canfali.com\/ca-es\/espectacular-desmuntatge-de-les-campanes-de-lesglesia-de-lassumpcio\/#primaryimage","url":"https:\/\/canfali.com\/app\/uploads\/2026\/03\/e51ab22a-92aa-4ce6-82df-5eba2ea73528.jpg","contentUrl":"https:\/\/canfali.com\/app\/uploads\/2026\/03\/e51ab22a-92aa-4ce6-82df-5eba2ea73528.jpg","width":1600,"height":1200},{"@type":"BreadcrumbList","@id":"https:\/\/canfali.com\/ca-es\/espectacular-desmuntatge-de-les-campanes-de-lesglesia-de-lassumpcio\/#breadcrumb","itemListElement":[{"@type":"ListItem","position":1,"name":"Portada","item":"https:\/\/canfali.com\/ca-es\/"},{"@type":"ListItem","position":2,"name":"Espectacular desmuntatge de les campanes de l&#8217;esgl\u00e8sia de l&#8217;Assumpci\u00f3"}]},{"@type":"WebSite","@id":"https:\/\/canfali.com\/ca-es\/#website","url":"https:\/\/canfali.com\/ca-es\/","name":"Canfali","description":"","publisher":{"@id":"https:\/\/canfali.com\/ca-es\/#organization"},"potentialAction":[{"@type":"SearchAction","target":{"@type":"EntryPoint","urlTemplate":"https:\/\/canfali.com\/ca-es\/?s={search_term_string}"},"query-input":{"@type":"PropertyValueSpecification","valueRequired":true,"valueName":"search_term_string"}}],"inLanguage":"va-ES"},{"@type":"Organization","@id":"https:\/\/canfali.com\/ca-es\/#organization","name":"Canfali","url":"https:\/\/canfali.com\/ca-es\/","logo":{"@type":"ImageObject","inLanguage":"va-ES","@id":"https:\/\/canfali.com\/ca-es\/#\/schema\/logo\/image\/","url":"https:\/\/canfali.com\/app\/uploads\/2025\/12\/canfali_marina_alta_logo.png","contentUrl":"https:\/\/canfali.com\/app\/uploads\/2025\/12\/canfali_marina_alta_logo.png","width":225,"height":225,"caption":"Canfali"},"image":{"@id":"https:\/\/canfali.com\/ca-es\/#\/schema\/logo\/image\/"},"sameAs":["https:\/\/es-es.facebook.com\/CANFALIMarinaAlta","https:\/\/x.com\/canfalima","https:\/\/www.instagram.com\/canfalimarinaalta\/"]},{"@type":"Person","@id":"https:\/\/canfali.com\/ca-es\/#\/schema\/person\/9c651adc904f3c4e0243f54407751557","name":"Bolta","image":{"@type":"ImageObject","inLanguage":"va-ES","@id":"https:\/\/secure.gravatar.com\/avatar\/550a5d97fe3cfba5caf077b9600e46529e1977e9d14396836e775d6d9d895a81?s=96&d=mm&r=g","url":"https:\/\/secure.gravatar.com\/avatar\/550a5d97fe3cfba5caf077b9600e46529e1977e9d14396836e775d6d9d895a81?s=96&d=mm&r=g","contentUrl":"https:\/\/secure.gravatar.com\/avatar\/550a5d97fe3cfba5caf077b9600e46529e1977e9d14396836e775d6d9d895a81?s=96&d=mm&r=g","caption":"Bolta"},"url":"https:\/\/canfali.com\/ca-es\/author\/bolta\/"}]}},"_links":{"self":[{"href":"https:\/\/canfali.com\/ca-es\/wp-json\/wp\/v2\/posts\/90402","targetHints":{"allow":["GET"]}}],"collection":[{"href":"https:\/\/canfali.com\/ca-es\/wp-json\/wp\/v2\/posts"}],"about":[{"href":"https:\/\/canfali.com\/ca-es\/wp-json\/wp\/v2\/types\/post"}],"author":[{"embeddable":true,"href":"https:\/\/canfali.com\/ca-es\/wp-json\/wp\/v2\/users\/7"}],"replies":[{"embeddable":true,"href":"https:\/\/canfali.com\/ca-es\/wp-json\/wp\/v2\/comments?post=90402"}],"version-history":[{"count":1,"href":"https:\/\/canfali.com\/ca-es\/wp-json\/wp\/v2\/posts\/90402\/revisions"}],"predecessor-version":[{"id":90403,"href":"https:\/\/canfali.com\/ca-es\/wp-json\/wp\/v2\/posts\/90402\/revisions\/90403"}],"wp:featuredmedia":[{"embeddable":true,"href":"https:\/\/canfali.com\/ca-es\/wp-json\/wp\/v2\/media\/90322"}],"wp:attachment":[{"href":"https:\/\/canfali.com\/ca-es\/wp-json\/wp\/v2\/media?parent=90402"}],"wp:term":[{"taxonomy":"category","embeddable":true,"href":"https:\/\/canfali.com\/ca-es\/wp-json\/wp\/v2\/categories?post=90402"},{"taxonomy":"post_tag","embeddable":true,"href":"https:\/\/canfali.com\/ca-es\/wp-json\/wp\/v2\/tags?post=90402"}],"curies":[{"name":"wp","href":"https:\/\/api.w.org\/{rel}","templated":true}]}}