{"id":87921,"date":"2026-02-01T21:21:26","date_gmt":"2026-02-01T20:21:26","guid":{"rendered":"https:\/\/canfali.com\/lliga-comunitat-el-javea-empata-i-el-calp-perd\/"},"modified":"2026-02-01T21:22:24","modified_gmt":"2026-02-01T20:22:24","slug":"lliga-comunitat-el-javea-empata-i-el-calp-perd","status":"publish","type":"post","link":"https:\/\/canfali.com\/ca-es\/lliga-comunitat-el-javea-empata-i-el-calp-perd\/","title":{"rendered":"Lliga Comunitat: el J\u00e1vea empata i el Calp perd"},"content":{"rendered":"\n<p>La dinovena jornada del Grup Sud de la Lliga Comunitat va deixar un empat per al J\u00e1vea i una derrota per al Calp.&#13;\n<\/p>\n\n<p>El J\u00e1vea va arrancar el partit de manera fulminant, avan\u00e7ant-se en el minut 1 amb un gol de Joel. No obstant aix\u00f2, el Carcaixent va reaccionar r\u00e0pid i, aprofitant diverses p\u00e8rdues de bal\u00f3 del J\u00e1vea, va donar la volta al marcador abans del descans, marxant amb avantatge de 2-1.&#13;\n<\/p>\n\n<p>Res m\u00e9s comen\u00e7ar la segona meitat, Joan Pedro va igualar el partit per al J\u00e1vea. Poc despr\u00e9s, un jugador del Carcaixent va ser expulsat, deixant el seu equip amb deu. Malgrat la superioritat num\u00e8rica, el Carcaixent va tornar a avan\u00e7ar-se en el minut 79 despr\u00e9s d\u2019una altra p\u00e8rdua del J\u00e1vea. Quan semblava que el partit estava decidit, Joan Signes va apar\u00e8ixer sobre la botzina per establir l\u2019empat definitiu a 3-3.&#13;\n<\/p>\n\n<p>El duel va ser intens, amb alternatives constants al marcador i accions decisius en moments clau, incloent-hi l\u2019expulsi\u00f3 i els gols que van marcar el ritme del partit.&#13;\n<\/p>\n\n<p>Per la seua banda, el Calp va caure per 0-1 a casa davant el Rayo Ibense. L\u2019\u00fanic gol va arribar en els \u00faltims minuts de la primera meitat, despr\u00e9s d\u2019una acci\u00f3 a\u00efllada que va permetre als visitants avan\u00e7ar-se.&#13;\n<\/p>\n\n<p>El Calp va dominar bona part del partit i va tenir diverses ocasions, incl\u00f2s un penal que no va aconseguir transformar. A la segona meitat ho va tornar a intentar, per\u00f2 el Rayo Ibense es va replegar i va defensar la seua avantatge. Quasi al final, el local Gregori va ser expulsat, i poc despr\u00e9s el conjunt visitant tamb\u00e9 va perdre un jugador per roja directa.&#13;\n<\/p>\n","protected":false},"excerpt":{"rendered":"La dinovena jornada del Grup Sud de la Lliga Comunitat va deixar un empat per al J\u00e1vea i&hellip;","protected":false},"author":8,"featured_media":87919,"comment_status":"closed","ping_status":"closed","sticky":false,"template":"","format":"standard","meta":{"csco_display_header_overlay":false,"csco_singular_sidebar":"","csco_page_header_type":"","csco_page_load_nextpost":"","csco_post_video_location":[],"csco_post_video_location_hash":"","csco_post_video_url":"","csco_post_video_bg_start_time":0,"csco_post_video_bg_end_time":0,"footnotes":""},"categories":[573,598,601],"tags":[],"class_list":{"0":"post-87921","1":"post","2":"type-post","3":"status-publish","4":"format-standard","5":"has-post-thumbnail","7":"category-deportes-2","8":"category-esports","9":"category-futbol-ca-es","10":"cs-entry","11":"cs-video-wrap"},"yoast_head":"<!-- This site is optimized with the Yoast SEO Premium plugin v26.6 (Yoast SEO v27.3) - https:\/\/yoast.com\/product\/yoast-seo-premium-wordpress\/ -->\n<title>Lliga Comunitat: el J\u00e1vea empata i el Calp perd - Canfali<\/title>\n<meta name=\"description\" content=\"La dinovena jornada del Grup Sud de la Lliga Comunitat va deixar un empat per al J\u00e1vea i una derrota per al Calp.\" \/>\n<meta name=\"robots\" content=\"index, follow, max-snippet:-1, max-image-preview:large, max-video-preview:-1\" \/>\n<link rel=\"canonical\" href=\"https:\/\/canfali.com\/ca-es\/lliga-comunitat-el-javea-empata-i-el-calp-perd\/\" \/>\n<meta property=\"og:locale\" content=\"en_US\" \/>\n<meta property=\"og:type\" content=\"article\" \/>\n<meta property=\"og:title\" content=\"Lliga Comunitat: el J\u00e1vea empata i el Calp perd\" \/>\n<meta property=\"og:description\" content=\"La dinovena jornada del Grup Sud de la Lliga Comunitat va deixar un empat per al J\u00e1vea i una derrota per al Calp.\" \/>\n<meta property=\"og:url\" content=\"https:\/\/canfali.com\/ca-es\/lliga-comunitat-el-javea-empata-i-el-calp-perd\/\" \/>\n<meta property=\"og:site_name\" content=\"Canfali\" \/>\n<meta property=\"article:publisher\" content=\"https:\/\/es-es.facebook.com\/CANFALIMarinaAlta\" \/>\n<meta property=\"article:published_time\" content=\"2026-02-01T20:21:26+00:00\" \/>\n<meta property=\"article:modified_time\" content=\"2026-02-01T20:22:24+00:00\" \/>\n<meta property=\"og:image\" content=\"https:\/\/canfali.com\/app\/uploads\/2026\/02\/5Q0A7838-1-scaled.jpg\" \/>\n\t<meta property=\"og:image:width\" content=\"2560\" \/>\n\t<meta property=\"og:image:height\" content=\"1635\" \/>\n\t<meta property=\"og:image:type\" content=\"image\/jpeg\" \/>\n<meta name=\"author\" content=\"Lluis\" \/>\n<meta name=\"twitter:card\" content=\"summary_large_image\" \/>\n<meta name=\"twitter:creator\" content=\"@canfalima\" \/>\n<meta name=\"twitter:site\" content=\"@canfalima\" \/>\n<meta name=\"twitter:label1\" content=\"Written by\" \/>\n\t<meta name=\"twitter:data1\" content=\"Lluis\" \/>\n\t<meta name=\"twitter:label2\" content=\"Est. reading time\" \/>\n\t<meta name=\"twitter:data2\" content=\"1 minute\" \/>\n<script type=\"application\/ld+json\" class=\"yoast-schema-graph\">{\"@context\":\"https:\\\/\\\/schema.org\",\"@graph\":[{\"@type\":\"NewsArticle\",\"@id\":\"https:\\\/\\\/canfali.com\\\/ca-es\\\/lliga-comunitat-el-javea-empata-i-el-calp-perd\\\/#article\",\"isPartOf\":{\"@id\":\"https:\\\/\\\/canfali.com\\\/ca-es\\\/lliga-comunitat-el-javea-empata-i-el-calp-perd\\\/\"},\"author\":{\"name\":\"Lluis\",\"@id\":\"https:\\\/\\\/canfali.com\\\/ca-es\\\/#\\\/schema\\\/person\\\/f540a86fb33e10daaae53c59ceaa1194\"},\"headline\":\"Lliga Comunitat: el J\u00e1vea empata i el Calp perd\",\"datePublished\":\"2026-02-01T20:21:26+00:00\",\"dateModified\":\"2026-02-01T20:22:24+00:00\",\"mainEntityOfPage\":{\"@id\":\"https:\\\/\\\/canfali.com\\\/ca-es\\\/lliga-comunitat-el-javea-empata-i-el-calp-perd\\\/\"},\"wordCount\":308,\"publisher\":{\"@id\":\"https:\\\/\\\/canfali.com\\\/ca-es\\\/#organization\"},\"image\":{\"@id\":\"https:\\\/\\\/canfali.com\\\/ca-es\\\/lliga-comunitat-el-javea-empata-i-el-calp-perd\\\/#primaryimage\"},\"thumbnailUrl\":\"https:\\\/\\\/canfali.com\\\/app\\\/uploads\\\/2026\\\/02\\\/5Q0A7838-1-scaled.jpg\",\"articleSection\":[\"Deportes\",\"Esports\",\"Futbol\"],\"inLanguage\":\"va-ES\",\"copyrightYear\":\"2026\",\"copyrightHolder\":{\"@id\":\"https:\\\/\\\/canfali.com\\\/#organization\"}},{\"@type\":\"WebPage\",\"@id\":\"https:\\\/\\\/canfali.com\\\/ca-es\\\/lliga-comunitat-el-javea-empata-i-el-calp-perd\\\/\",\"url\":\"https:\\\/\\\/canfali.com\\\/ca-es\\\/lliga-comunitat-el-javea-empata-i-el-calp-perd\\\/\",\"name\":\"Lliga Comunitat: el J\u00e1vea empata i el Calp perd - Canfali\",\"isPartOf\":{\"@id\":\"https:\\\/\\\/canfali.com\\\/ca-es\\\/#website\"},\"primaryImageOfPage\":{\"@id\":\"https:\\\/\\\/canfali.com\\\/ca-es\\\/lliga-comunitat-el-javea-empata-i-el-calp-perd\\\/#primaryimage\"},\"image\":{\"@id\":\"https:\\\/\\\/canfali.com\\\/ca-es\\\/lliga-comunitat-el-javea-empata-i-el-calp-perd\\\/#primaryimage\"},\"thumbnailUrl\":\"https:\\\/\\\/canfali.com\\\/app\\\/uploads\\\/2026\\\/02\\\/5Q0A7838-1-scaled.jpg\",\"datePublished\":\"2026-02-01T20:21:26+00:00\",\"dateModified\":\"2026-02-01T20:22:24+00:00\",\"description\":\"La dinovena jornada del Grup Sud de la Lliga Comunitat va deixar un empat per al J\u00e1vea i una derrota per al Calp.\",\"breadcrumb\":{\"@id\":\"https:\\\/\\\/canfali.com\\\/ca-es\\\/lliga-comunitat-el-javea-empata-i-el-calp-perd\\\/#breadcrumb\"},\"inLanguage\":\"va-ES\",\"potentialAction\":[{\"@type\":\"ReadAction\",\"target\":[\"https:\\\/\\\/canfali.com\\\/ca-es\\\/lliga-comunitat-el-javea-empata-i-el-calp-perd\\\/\"]}]},{\"@type\":\"ImageObject\",\"inLanguage\":\"va-ES\",\"@id\":\"https:\\\/\\\/canfali.com\\\/ca-es\\\/lliga-comunitat-el-javea-empata-i-el-calp-perd\\\/#primaryimage\",\"url\":\"https:\\\/\\\/canfali.com\\\/app\\\/uploads\\\/2026\\\/02\\\/5Q0A7838-1-scaled.jpg\",\"contentUrl\":\"https:\\\/\\\/canfali.com\\\/app\\\/uploads\\\/2026\\\/02\\\/5Q0A7838-1-scaled.jpg\",\"width\":2560,\"height\":1635},{\"@type\":\"BreadcrumbList\",\"@id\":\"https:\\\/\\\/canfali.com\\\/ca-es\\\/lliga-comunitat-el-javea-empata-i-el-calp-perd\\\/#breadcrumb\",\"itemListElement\":[{\"@type\":\"ListItem\",\"position\":1,\"name\":\"Portada\",\"item\":\"https:\\\/\\\/canfali.com\\\/ca-es\\\/\"},{\"@type\":\"ListItem\",\"position\":2,\"name\":\"Lliga Comunitat: el J\u00e1vea empata i el Calp perd\"}]},{\"@type\":\"WebSite\",\"@id\":\"https:\\\/\\\/canfali.com\\\/ca-es\\\/#website\",\"url\":\"https:\\\/\\\/canfali.com\\\/ca-es\\\/\",\"name\":\"Canfali\",\"description\":\"\",\"publisher\":{\"@id\":\"https:\\\/\\\/canfali.com\\\/ca-es\\\/#organization\"},\"potentialAction\":[{\"@type\":\"SearchAction\",\"target\":{\"@type\":\"EntryPoint\",\"urlTemplate\":\"https:\\\/\\\/canfali.com\\\/ca-es\\\/?s={search_term_string}\"},\"query-input\":{\"@type\":\"PropertyValueSpecification\",\"valueRequired\":true,\"valueName\":\"search_term_string\"}}],\"inLanguage\":\"va-ES\"},{\"@type\":\"Organization\",\"@id\":\"https:\\\/\\\/canfali.com\\\/ca-es\\\/#organization\",\"name\":\"Canfali\",\"url\":\"https:\\\/\\\/canfali.com\\\/ca-es\\\/\",\"logo\":{\"@type\":\"ImageObject\",\"inLanguage\":\"va-ES\",\"@id\":\"https:\\\/\\\/canfali.com\\\/ca-es\\\/#\\\/schema\\\/logo\\\/image\\\/\",\"url\":\"https:\\\/\\\/canfali.com\\\/app\\\/uploads\\\/2025\\\/12\\\/canfali_marina_alta_logo.png\",\"contentUrl\":\"https:\\\/\\\/canfali.com\\\/app\\\/uploads\\\/2025\\\/12\\\/canfali_marina_alta_logo.png\",\"width\":225,\"height\":225,\"caption\":\"Canfali\"},\"image\":{\"@id\":\"https:\\\/\\\/canfali.com\\\/ca-es\\\/#\\\/schema\\\/logo\\\/image\\\/\"},\"sameAs\":[\"https:\\\/\\\/es-es.facebook.com\\\/CANFALIMarinaAlta\",\"https:\\\/\\\/x.com\\\/canfalima\",\"https:\\\/\\\/www.instagram.com\\\/canfalimarinaalta\\\/\"]},{\"@type\":\"Person\",\"@id\":\"https:\\\/\\\/canfali.com\\\/ca-es\\\/#\\\/schema\\\/person\\\/f540a86fb33e10daaae53c59ceaa1194\",\"name\":\"Lluis\",\"image\":{\"@type\":\"ImageObject\",\"inLanguage\":\"va-ES\",\"@id\":\"https:\\\/\\\/secure.gravatar.com\\\/avatar\\\/a21ec8835290e4e02ed0886b8cb327d807d0eb6ec8ccf25d4c2a0a415f506c0d?s=96&d=mm&r=g\",\"url\":\"https:\\\/\\\/secure.gravatar.com\\\/avatar\\\/a21ec8835290e4e02ed0886b8cb327d807d0eb6ec8ccf25d4c2a0a415f506c0d?s=96&d=mm&r=g\",\"contentUrl\":\"https:\\\/\\\/secure.gravatar.com\\\/avatar\\\/a21ec8835290e4e02ed0886b8cb327d807d0eb6ec8ccf25d4c2a0a415f506c0d?s=96&d=mm&r=g\",\"caption\":\"Lluis\"},\"url\":\"https:\\\/\\\/canfali.com\\\/ca-es\\\/author\\\/lluis\\\/\"}]}<\/script>\n<!-- \/ Yoast SEO Premium plugin. -->","yoast_head_json":{"title":"Lliga Comunitat: el J\u00e1vea empata i el Calp perd - Canfali","description":"La dinovena jornada del Grup Sud de la Lliga Comunitat va deixar un empat per al J\u00e1vea i una derrota per al Calp.","robots":{"index":"index","follow":"follow","max-snippet":"max-snippet:-1","max-image-preview":"max-image-preview:large","max-video-preview":"max-video-preview:-1"},"canonical":"https:\/\/canfali.com\/ca-es\/lliga-comunitat-el-javea-empata-i-el-calp-perd\/","og_locale":"en_US","og_type":"article","og_title":"Lliga Comunitat: el J\u00e1vea empata i el Calp perd","og_description":"La dinovena jornada del Grup Sud de la Lliga Comunitat va deixar un empat per al J\u00e1vea i una derrota per al Calp.","og_url":"https:\/\/canfali.com\/ca-es\/lliga-comunitat-el-javea-empata-i-el-calp-perd\/","og_site_name":"Canfali","article_publisher":"https:\/\/es-es.facebook.com\/CANFALIMarinaAlta","article_published_time":"2026-02-01T20:21:26+00:00","article_modified_time":"2026-02-01T20:22:24+00:00","og_image":[{"width":2560,"height":1635,"url":"https:\/\/canfali.com\/app\/uploads\/2026\/02\/5Q0A7838-1-scaled.jpg","type":"image\/jpeg"}],"author":"Lluis","twitter_card":"summary_large_image","twitter_creator":"@canfalima","twitter_site":"@canfalima","twitter_misc":{"Written by":"Lluis","Est. reading time":"1 minute"},"schema":{"@context":"https:\/\/schema.org","@graph":[{"@type":"NewsArticle","@id":"https:\/\/canfali.com\/ca-es\/lliga-comunitat-el-javea-empata-i-el-calp-perd\/#article","isPartOf":{"@id":"https:\/\/canfali.com\/ca-es\/lliga-comunitat-el-javea-empata-i-el-calp-perd\/"},"author":{"name":"Lluis","@id":"https:\/\/canfali.com\/ca-es\/#\/schema\/person\/f540a86fb33e10daaae53c59ceaa1194"},"headline":"Lliga Comunitat: el J\u00e1vea empata i el Calp perd","datePublished":"2026-02-01T20:21:26+00:00","dateModified":"2026-02-01T20:22:24+00:00","mainEntityOfPage":{"@id":"https:\/\/canfali.com\/ca-es\/lliga-comunitat-el-javea-empata-i-el-calp-perd\/"},"wordCount":308,"publisher":{"@id":"https:\/\/canfali.com\/ca-es\/#organization"},"image":{"@id":"https:\/\/canfali.com\/ca-es\/lliga-comunitat-el-javea-empata-i-el-calp-perd\/#primaryimage"},"thumbnailUrl":"https:\/\/canfali.com\/app\/uploads\/2026\/02\/5Q0A7838-1-scaled.jpg","articleSection":["Deportes","Esports","Futbol"],"inLanguage":"va-ES","copyrightYear":"2026","copyrightHolder":{"@id":"https:\/\/canfali.com\/#organization"}},{"@type":"WebPage","@id":"https:\/\/canfali.com\/ca-es\/lliga-comunitat-el-javea-empata-i-el-calp-perd\/","url":"https:\/\/canfali.com\/ca-es\/lliga-comunitat-el-javea-empata-i-el-calp-perd\/","name":"Lliga Comunitat: el J\u00e1vea empata i el Calp perd - Canfali","isPartOf":{"@id":"https:\/\/canfali.com\/ca-es\/#website"},"primaryImageOfPage":{"@id":"https:\/\/canfali.com\/ca-es\/lliga-comunitat-el-javea-empata-i-el-calp-perd\/#primaryimage"},"image":{"@id":"https:\/\/canfali.com\/ca-es\/lliga-comunitat-el-javea-empata-i-el-calp-perd\/#primaryimage"},"thumbnailUrl":"https:\/\/canfali.com\/app\/uploads\/2026\/02\/5Q0A7838-1-scaled.jpg","datePublished":"2026-02-01T20:21:26+00:00","dateModified":"2026-02-01T20:22:24+00:00","description":"La dinovena jornada del Grup Sud de la Lliga Comunitat va deixar un empat per al J\u00e1vea i una derrota per al Calp.","breadcrumb":{"@id":"https:\/\/canfali.com\/ca-es\/lliga-comunitat-el-javea-empata-i-el-calp-perd\/#breadcrumb"},"inLanguage":"va-ES","potentialAction":[{"@type":"ReadAction","target":["https:\/\/canfali.com\/ca-es\/lliga-comunitat-el-javea-empata-i-el-calp-perd\/"]}]},{"@type":"ImageObject","inLanguage":"va-ES","@id":"https:\/\/canfali.com\/ca-es\/lliga-comunitat-el-javea-empata-i-el-calp-perd\/#primaryimage","url":"https:\/\/canfali.com\/app\/uploads\/2026\/02\/5Q0A7838-1-scaled.jpg","contentUrl":"https:\/\/canfali.com\/app\/uploads\/2026\/02\/5Q0A7838-1-scaled.jpg","width":2560,"height":1635},{"@type":"BreadcrumbList","@id":"https:\/\/canfali.com\/ca-es\/lliga-comunitat-el-javea-empata-i-el-calp-perd\/#breadcrumb","itemListElement":[{"@type":"ListItem","position":1,"name":"Portada","item":"https:\/\/canfali.com\/ca-es\/"},{"@type":"ListItem","position":2,"name":"Lliga Comunitat: el J\u00e1vea empata i el Calp perd"}]},{"@type":"WebSite","@id":"https:\/\/canfali.com\/ca-es\/#website","url":"https:\/\/canfali.com\/ca-es\/","name":"Canfali","description":"","publisher":{"@id":"https:\/\/canfali.com\/ca-es\/#organization"},"potentialAction":[{"@type":"SearchAction","target":{"@type":"EntryPoint","urlTemplate":"https:\/\/canfali.com\/ca-es\/?s={search_term_string}"},"query-input":{"@type":"PropertyValueSpecification","valueRequired":true,"valueName":"search_term_string"}}],"inLanguage":"va-ES"},{"@type":"Organization","@id":"https:\/\/canfali.com\/ca-es\/#organization","name":"Canfali","url":"https:\/\/canfali.com\/ca-es\/","logo":{"@type":"ImageObject","inLanguage":"va-ES","@id":"https:\/\/canfali.com\/ca-es\/#\/schema\/logo\/image\/","url":"https:\/\/canfali.com\/app\/uploads\/2025\/12\/canfali_marina_alta_logo.png","contentUrl":"https:\/\/canfali.com\/app\/uploads\/2025\/12\/canfali_marina_alta_logo.png","width":225,"height":225,"caption":"Canfali"},"image":{"@id":"https:\/\/canfali.com\/ca-es\/#\/schema\/logo\/image\/"},"sameAs":["https:\/\/es-es.facebook.com\/CANFALIMarinaAlta","https:\/\/x.com\/canfalima","https:\/\/www.instagram.com\/canfalimarinaalta\/"]},{"@type":"Person","@id":"https:\/\/canfali.com\/ca-es\/#\/schema\/person\/f540a86fb33e10daaae53c59ceaa1194","name":"Lluis","image":{"@type":"ImageObject","inLanguage":"va-ES","@id":"https:\/\/secure.gravatar.com\/avatar\/a21ec8835290e4e02ed0886b8cb327d807d0eb6ec8ccf25d4c2a0a415f506c0d?s=96&d=mm&r=g","url":"https:\/\/secure.gravatar.com\/avatar\/a21ec8835290e4e02ed0886b8cb327d807d0eb6ec8ccf25d4c2a0a415f506c0d?s=96&d=mm&r=g","contentUrl":"https:\/\/secure.gravatar.com\/avatar\/a21ec8835290e4e02ed0886b8cb327d807d0eb6ec8ccf25d4c2a0a415f506c0d?s=96&d=mm&r=g","caption":"Lluis"},"url":"https:\/\/canfali.com\/ca-es\/author\/lluis\/"}]}},"_links":{"self":[{"href":"https:\/\/canfali.com\/ca-es\/wp-json\/wp\/v2\/posts\/87921","targetHints":{"allow":["GET"]}}],"collection":[{"href":"https:\/\/canfali.com\/ca-es\/wp-json\/wp\/v2\/posts"}],"about":[{"href":"https:\/\/canfali.com\/ca-es\/wp-json\/wp\/v2\/types\/post"}],"author":[{"embeddable":true,"href":"https:\/\/canfali.com\/ca-es\/wp-json\/wp\/v2\/users\/8"}],"replies":[{"embeddable":true,"href":"https:\/\/canfali.com\/ca-es\/wp-json\/wp\/v2\/comments?post=87921"}],"version-history":[{"count":1,"href":"https:\/\/canfali.com\/ca-es\/wp-json\/wp\/v2\/posts\/87921\/revisions"}],"predecessor-version":[{"id":87922,"href":"https:\/\/canfali.com\/ca-es\/wp-json\/wp\/v2\/posts\/87921\/revisions\/87922"}],"wp:featuredmedia":[{"embeddable":true,"href":"https:\/\/canfali.com\/ca-es\/wp-json\/wp\/v2\/media\/87919"}],"wp:attachment":[{"href":"https:\/\/canfali.com\/ca-es\/wp-json\/wp\/v2\/media?parent=87921"}],"wp:term":[{"taxonomy":"category","embeddable":true,"href":"https:\/\/canfali.com\/ca-es\/wp-json\/wp\/v2\/categories?post=87921"},{"taxonomy":"post_tag","embeddable":true,"href":"https:\/\/canfali.com\/ca-es\/wp-json\/wp\/v2\/tags?post=87921"}],"curies":[{"name":"wp","href":"https:\/\/api.w.org\/{rel}","templated":true}]}}