{"id":87842,"date":"2026-01-30T12:17:55","date_gmt":"2026-01-30T11:17:55","guid":{"rendered":"https:\/\/canfali.com\/vilarnau-reflexiona-sobre-la-canco-como-vehiculo-poetico-y-cultural\/"},"modified":"2026-01-30T12:34:06","modified_gmt":"2026-01-30T11:34:06","slug":"vilarnau-reflexiona-sobre-la-canco-como-vehiculo-poetico-y-cultural","status":"publish","type":"post","link":"https:\/\/canfali.com\/ca-es\/vilarnau-reflexiona-sobre-la-canco-como-vehiculo-poetico-y-cultural\/","title":{"rendered":"Vilarnau reflexiona sobre la can\u00e7\u00f3 com a vehicle po\u00e8tic i cultural"},"content":{"rendered":"\n<p><p class=\"p1\">El periodista i escriptor va encentar el cicle dels Encontres a Beniarbeig que exploren el vincle entre la literatura i la m\u00fasica<\/p><\/p>\n\n<p><p class=\"p1\">El periodista i escriptor Joaquim Vilarnau ha inaugurat els Encontres a Beniarbeig 2026 amb la confer\u00e8ncia titulada \u00abQuan la can\u00e7\u00f3 troba la literatura\u00bb, dins d\u2019un cicle que enguany est\u00e0 dedicat al tema gen\u00e8ric de M\u00fasica i Literatura.<\/p><\/p>\n\n<p><p class=\"p1\">L\u2019acte va ser presentat pel professor i m\u00fasic Salvador Escriv\u00e0, qui va contextualitzar la sessi\u00f3 destacant que \u201cla m\u00fasica no s\u00f3n nom\u00e9s sons, sin\u00f3 que parla de nosaltres\u201d, i situant la relaci\u00f3 entre m\u00fasica i paraula dins d\u2019una tradici\u00f3 que arranca amb els trobadors i arriba fins a l\u2019actualitat.<\/p><\/p>\n\n<figure class=\"wp-block-image size-large\"><img decoding=\"async\" src=\"https:\/\/canfali.com\/app\/uploads\/2026\/01\/8encontres11-1024x768.jpg.webp\" alt=\"\" class=\"wp-image-87836\"\/><\/figure>\n\n<p><p class=\"p1\">En la seua intervenci\u00f3, Joaquim Vilarnau, especialista en temes culturals i especialment en la m\u00fasica feta als Pa\u00efsos Catalans, va optar per fugir de les refer\u00e8ncies m\u00e9s habituals i va iniciar la confer\u00e8ncia amb la glossa d\u2019una versi\u00f3 d\u2019Ausi\u00e0s March interpretada per un jove Joan Manuel Serrat. A partir d\u2019ac\u00ed, va fer un recorregut per la hist\u00f2ria de la can\u00e7\u00f3, des dels inicis d\u2019Els Setze Jutges, destacant com molts cantautors musicaven poemes davant la manca de bones lletres, seguint exemples com el de Georges Brassens a Fran\u00e7a.<\/p><\/p>\n\n<p><p class=\"p1\">Vilarnau subray\u00f3 el papel de los cantautores en la creaci\u00f3n de una aut\u00e9ntica antolog\u00eda de la poes\u00eda catalana, fruto de una voluntad \u00e9tica y est\u00e9tica vinculada a la defensa de las libertades y la reivindicaci\u00f3n de la lengua. Durante la conferencia aparecieron nombres como el de <b>Josep Gual<\/b>, autor del poema <i>Les sabates d\u2019en Jaume<\/i>, inspirado en un episodio de la Batalla de l\u2019Ebre y considerado por <b>Manuel V\u00e1zquez Montalb\u00e1n<\/b> como \u201cel mejor poema sobre la guerra\u201d.<\/p><\/p>\n\n<p><p class=\"p1\">Al llarg de l\u2019exposici\u00f3 tamb\u00e9 es van abordar q\u00fcestions com el Premi Nobel de Literatura concedit a Bob Dylan o la possible difer\u00e8ncia entre poesia i lletra de can\u00e7\u00f3. Vilarnau va assenyalar que el poeta m\u00e9s musicat de la literatura catalana \u00e9s Vicent Andr\u00e9s Estell\u00e9s, seguit de Joan Salvat-Papasseit i Miquel Mart\u00ed i Pol, i que el poema m\u00e9s versionat \u00e9s M\u2019aclame a tu, seguit de Corrandes d\u2019exili i Dona\u2019m la m\u00e0.<\/p><\/p>\n\n<figure class=\"wp-block-image size-large\"><img decoding=\"async\" src=\"https:\/\/canfali.com\/app\/uploads\/2026\/01\/8encontres13-1024x768.jpg.webp\" alt=\"\" class=\"wp-image-87839\"\/><\/figure>\n\n<p><p class=\"p1\">La part final de la confer\u00e8ncia es va centrar en la can\u00e7\u00f3 L\u2019estaca, analitzant les nombroses versions i traduccions que se n\u2019han fet arreu del m\u00f3n, un tema sobre el qual el conferenciant acaba de publicar un llibre. L\u2019acte va concloure amb un col\u00b7loqui molt participatiu, que va permetre un major aprofundiment en els continguts exposats gr\u00e0cies a un p\u00fablic especialment documentat.<\/p><\/p>\n","protected":false},"excerpt":{"rendered":"El periodista i escriptor va encentar el cicle dels Encontres a Beniarbeig que exploren el vincle entre la&hellip;","protected":false},"author":8,"featured_media":87835,"comment_status":"closed","ping_status":"closed","sticky":false,"template":"","format":"standard","meta":{"csco_display_header_overlay":false,"csco_singular_sidebar":"","csco_page_header_type":"","csco_page_load_nextpost":"","csco_post_video_location":[],"csco_post_video_location_hash":"","csco_post_video_url":"","csco_post_video_bg_start_time":0,"csco_post_video_bg_end_time":0,"footnotes":""},"categories":[579,597],"tags":[],"class_list":{"0":"post-87842","1":"post","2":"type-post","3":"status-publish","4":"format-standard","5":"has-post-thumbnail","7":"category-cultura-2","8":"category-cultura-ca-es","9":"cs-entry","10":"cs-video-wrap"},"yoast_head":"<!-- This site is optimized with the Yoast SEO Premium plugin v26.6 (Yoast SEO v27.3) - https:\/\/yoast.com\/product\/yoast-seo-premium-wordpress\/ -->\n<title>Vilarnau reflexiona sobre la can\u00e7\u00f3 com a vehicle po\u00e8tic i cultural - Canfali<\/title>\n<meta name=\"description\" content=\"El periodista i escriptor va encentar el cicle dels Encontres a Beniarbeig que exploren el vincle entre la literatura i la m\u00fasica\" \/>\n<meta name=\"robots\" content=\"index, follow, max-snippet:-1, max-image-preview:large, max-video-preview:-1\" \/>\n<link rel=\"canonical\" href=\"https:\/\/canfali.com\/ca-es\/vilarnau-reflexiona-sobre-la-canco-como-vehiculo-poetico-y-cultural\/\" \/>\n<meta property=\"og:locale\" content=\"en_US\" \/>\n<meta property=\"og:type\" content=\"article\" \/>\n<meta property=\"og:title\" content=\"Vilarnau reflexiona sobre la can\u00e7\u00f3 com a vehicle po\u00e8tic i cultural\" \/>\n<meta property=\"og:description\" content=\"El periodista i escriptor va encentar el cicle dels Encontres a Beniarbeig que exploren el vincle entre la literatura i la m\u00fasica\" \/>\n<meta property=\"og:url\" content=\"https:\/\/canfali.com\/ca-es\/vilarnau-reflexiona-sobre-la-canco-como-vehiculo-poetico-y-cultural\/\" \/>\n<meta property=\"og:site_name\" content=\"Canfali\" \/>\n<meta property=\"article:publisher\" content=\"https:\/\/es-es.facebook.com\/CANFALIMarinaAlta\" \/>\n<meta property=\"article:published_time\" content=\"2026-01-30T11:17:55+00:00\" \/>\n<meta property=\"article:modified_time\" content=\"2026-01-30T11:34:06+00:00\" \/>\n<meta property=\"og:image\" content=\"https:\/\/canfali.com\/app\/uploads\/2026\/01\/8encontres12-scaled.jpg\" \/>\n\t<meta property=\"og:image:width\" content=\"2560\" \/>\n\t<meta property=\"og:image:height\" content=\"1920\" \/>\n\t<meta property=\"og:image:type\" content=\"image\/jpeg\" \/>\n<meta name=\"author\" content=\"Lluis\" \/>\n<meta name=\"twitter:card\" content=\"summary_large_image\" \/>\n<meta name=\"twitter:creator\" content=\"@canfalima\" \/>\n<meta name=\"twitter:site\" content=\"@canfalima\" \/>\n<meta name=\"twitter:label1\" content=\"Written by\" \/>\n\t<meta name=\"twitter:data1\" content=\"Lluis\" \/>\n\t<meta name=\"twitter:label2\" content=\"Est. reading time\" \/>\n\t<meta name=\"twitter:data2\" content=\"2 minutes\" \/>\n<script type=\"application\/ld+json\" class=\"yoast-schema-graph\">{\"@context\":\"https:\\\/\\\/schema.org\",\"@graph\":[{\"@type\":\"NewsArticle\",\"@id\":\"https:\\\/\\\/canfali.com\\\/ca-es\\\/vilarnau-reflexiona-sobre-la-canco-como-vehiculo-poetico-y-cultural\\\/#article\",\"isPartOf\":{\"@id\":\"https:\\\/\\\/canfali.com\\\/ca-es\\\/vilarnau-reflexiona-sobre-la-canco-como-vehiculo-poetico-y-cultural\\\/\"},\"author\":{\"name\":\"Lluis\",\"@id\":\"https:\\\/\\\/canfali.com\\\/ca-es\\\/#\\\/schema\\\/person\\\/f540a86fb33e10daaae53c59ceaa1194\"},\"headline\":\"Vilarnau reflexiona sobre la can\u00e7\u00f3 com a vehicle po\u00e8tic i cultural\",\"datePublished\":\"2026-01-30T11:17:55+00:00\",\"dateModified\":\"2026-01-30T11:34:06+00:00\",\"mainEntityOfPage\":{\"@id\":\"https:\\\/\\\/canfali.com\\\/ca-es\\\/vilarnau-reflexiona-sobre-la-canco-como-vehiculo-poetico-y-cultural\\\/\"},\"wordCount\":470,\"publisher\":{\"@id\":\"https:\\\/\\\/canfali.com\\\/ca-es\\\/#organization\"},\"image\":{\"@id\":\"https:\\\/\\\/canfali.com\\\/ca-es\\\/vilarnau-reflexiona-sobre-la-canco-como-vehiculo-poetico-y-cultural\\\/#primaryimage\"},\"thumbnailUrl\":\"https:\\\/\\\/canfali.com\\\/app\\\/uploads\\\/2026\\\/01\\\/8encontres12-scaled.jpg\",\"articleSection\":[\"Cultura\",\"Cultura\"],\"inLanguage\":\"va-ES\",\"copyrightYear\":\"2026\",\"copyrightHolder\":{\"@id\":\"https:\\\/\\\/canfali.com\\\/#organization\"}},{\"@type\":\"WebPage\",\"@id\":\"https:\\\/\\\/canfali.com\\\/ca-es\\\/vilarnau-reflexiona-sobre-la-canco-como-vehiculo-poetico-y-cultural\\\/\",\"url\":\"https:\\\/\\\/canfali.com\\\/ca-es\\\/vilarnau-reflexiona-sobre-la-canco-como-vehiculo-poetico-y-cultural\\\/\",\"name\":\"Vilarnau reflexiona sobre la can\u00e7\u00f3 com a vehicle po\u00e8tic i cultural - Canfali\",\"isPartOf\":{\"@id\":\"https:\\\/\\\/canfali.com\\\/ca-es\\\/#website\"},\"primaryImageOfPage\":{\"@id\":\"https:\\\/\\\/canfali.com\\\/ca-es\\\/vilarnau-reflexiona-sobre-la-canco-como-vehiculo-poetico-y-cultural\\\/#primaryimage\"},\"image\":{\"@id\":\"https:\\\/\\\/canfali.com\\\/ca-es\\\/vilarnau-reflexiona-sobre-la-canco-como-vehiculo-poetico-y-cultural\\\/#primaryimage\"},\"thumbnailUrl\":\"https:\\\/\\\/canfali.com\\\/app\\\/uploads\\\/2026\\\/01\\\/8encontres12-scaled.jpg\",\"datePublished\":\"2026-01-30T11:17:55+00:00\",\"dateModified\":\"2026-01-30T11:34:06+00:00\",\"description\":\"El periodista i escriptor va encentar el cicle dels Encontres a Beniarbeig que exploren el vincle entre la literatura i la m\u00fasica\",\"breadcrumb\":{\"@id\":\"https:\\\/\\\/canfali.com\\\/ca-es\\\/vilarnau-reflexiona-sobre-la-canco-como-vehiculo-poetico-y-cultural\\\/#breadcrumb\"},\"inLanguage\":\"va-ES\",\"potentialAction\":[{\"@type\":\"ReadAction\",\"target\":[\"https:\\\/\\\/canfali.com\\\/ca-es\\\/vilarnau-reflexiona-sobre-la-canco-como-vehiculo-poetico-y-cultural\\\/\"]}]},{\"@type\":\"ImageObject\",\"inLanguage\":\"va-ES\",\"@id\":\"https:\\\/\\\/canfali.com\\\/ca-es\\\/vilarnau-reflexiona-sobre-la-canco-como-vehiculo-poetico-y-cultural\\\/#primaryimage\",\"url\":\"https:\\\/\\\/canfali.com\\\/app\\\/uploads\\\/2026\\\/01\\\/8encontres12-scaled.jpg\",\"contentUrl\":\"https:\\\/\\\/canfali.com\\\/app\\\/uploads\\\/2026\\\/01\\\/8encontres12-scaled.jpg\",\"width\":2560,\"height\":1920},{\"@type\":\"BreadcrumbList\",\"@id\":\"https:\\\/\\\/canfali.com\\\/ca-es\\\/vilarnau-reflexiona-sobre-la-canco-como-vehiculo-poetico-y-cultural\\\/#breadcrumb\",\"itemListElement\":[{\"@type\":\"ListItem\",\"position\":1,\"name\":\"Portada\",\"item\":\"https:\\\/\\\/canfali.com\\\/ca-es\\\/\"},{\"@type\":\"ListItem\",\"position\":2,\"name\":\"Vilarnau reflexiona sobre la can\u00e7\u00f3 com a vehicle po\u00e8tic i cultural\"}]},{\"@type\":\"WebSite\",\"@id\":\"https:\\\/\\\/canfali.com\\\/ca-es\\\/#website\",\"url\":\"https:\\\/\\\/canfali.com\\\/ca-es\\\/\",\"name\":\"Canfali\",\"description\":\"\",\"publisher\":{\"@id\":\"https:\\\/\\\/canfali.com\\\/ca-es\\\/#organization\"},\"potentialAction\":[{\"@type\":\"SearchAction\",\"target\":{\"@type\":\"EntryPoint\",\"urlTemplate\":\"https:\\\/\\\/canfali.com\\\/ca-es\\\/?s={search_term_string}\"},\"query-input\":{\"@type\":\"PropertyValueSpecification\",\"valueRequired\":true,\"valueName\":\"search_term_string\"}}],\"inLanguage\":\"va-ES\"},{\"@type\":\"Organization\",\"@id\":\"https:\\\/\\\/canfali.com\\\/ca-es\\\/#organization\",\"name\":\"Canfali\",\"url\":\"https:\\\/\\\/canfali.com\\\/ca-es\\\/\",\"logo\":{\"@type\":\"ImageObject\",\"inLanguage\":\"va-ES\",\"@id\":\"https:\\\/\\\/canfali.com\\\/ca-es\\\/#\\\/schema\\\/logo\\\/image\\\/\",\"url\":\"https:\\\/\\\/canfali.com\\\/app\\\/uploads\\\/2025\\\/12\\\/canfali_marina_alta_logo.png\",\"contentUrl\":\"https:\\\/\\\/canfali.com\\\/app\\\/uploads\\\/2025\\\/12\\\/canfali_marina_alta_logo.png\",\"width\":225,\"height\":225,\"caption\":\"Canfali\"},\"image\":{\"@id\":\"https:\\\/\\\/canfali.com\\\/ca-es\\\/#\\\/schema\\\/logo\\\/image\\\/\"},\"sameAs\":[\"https:\\\/\\\/es-es.facebook.com\\\/CANFALIMarinaAlta\",\"https:\\\/\\\/x.com\\\/canfalima\",\"https:\\\/\\\/www.instagram.com\\\/canfalimarinaalta\\\/\"]},{\"@type\":\"Person\",\"@id\":\"https:\\\/\\\/canfali.com\\\/ca-es\\\/#\\\/schema\\\/person\\\/f540a86fb33e10daaae53c59ceaa1194\",\"name\":\"Lluis\",\"image\":{\"@type\":\"ImageObject\",\"inLanguage\":\"va-ES\",\"@id\":\"https:\\\/\\\/secure.gravatar.com\\\/avatar\\\/a21ec8835290e4e02ed0886b8cb327d807d0eb6ec8ccf25d4c2a0a415f506c0d?s=96&d=mm&r=g\",\"url\":\"https:\\\/\\\/secure.gravatar.com\\\/avatar\\\/a21ec8835290e4e02ed0886b8cb327d807d0eb6ec8ccf25d4c2a0a415f506c0d?s=96&d=mm&r=g\",\"contentUrl\":\"https:\\\/\\\/secure.gravatar.com\\\/avatar\\\/a21ec8835290e4e02ed0886b8cb327d807d0eb6ec8ccf25d4c2a0a415f506c0d?s=96&d=mm&r=g\",\"caption\":\"Lluis\"},\"url\":\"https:\\\/\\\/canfali.com\\\/ca-es\\\/author\\\/lluis\\\/\"}]}<\/script>\n<!-- \/ Yoast SEO Premium plugin. -->","yoast_head_json":{"title":"Vilarnau reflexiona sobre la can\u00e7\u00f3 com a vehicle po\u00e8tic i cultural - Canfali","description":"El periodista i escriptor va encentar el cicle dels Encontres a Beniarbeig que exploren el vincle entre la literatura i la m\u00fasica","robots":{"index":"index","follow":"follow","max-snippet":"max-snippet:-1","max-image-preview":"max-image-preview:large","max-video-preview":"max-video-preview:-1"},"canonical":"https:\/\/canfali.com\/ca-es\/vilarnau-reflexiona-sobre-la-canco-como-vehiculo-poetico-y-cultural\/","og_locale":"en_US","og_type":"article","og_title":"Vilarnau reflexiona sobre la can\u00e7\u00f3 com a vehicle po\u00e8tic i cultural","og_description":"El periodista i escriptor va encentar el cicle dels Encontres a Beniarbeig que exploren el vincle entre la literatura i la m\u00fasica","og_url":"https:\/\/canfali.com\/ca-es\/vilarnau-reflexiona-sobre-la-canco-como-vehiculo-poetico-y-cultural\/","og_site_name":"Canfali","article_publisher":"https:\/\/es-es.facebook.com\/CANFALIMarinaAlta","article_published_time":"2026-01-30T11:17:55+00:00","article_modified_time":"2026-01-30T11:34:06+00:00","og_image":[{"width":2560,"height":1920,"url":"https:\/\/canfali.com\/app\/uploads\/2026\/01\/8encontres12-scaled.jpg","type":"image\/jpeg"}],"author":"Lluis","twitter_card":"summary_large_image","twitter_creator":"@canfalima","twitter_site":"@canfalima","twitter_misc":{"Written by":"Lluis","Est. reading time":"2 minutes"},"schema":{"@context":"https:\/\/schema.org","@graph":[{"@type":"NewsArticle","@id":"https:\/\/canfali.com\/ca-es\/vilarnau-reflexiona-sobre-la-canco-como-vehiculo-poetico-y-cultural\/#article","isPartOf":{"@id":"https:\/\/canfali.com\/ca-es\/vilarnau-reflexiona-sobre-la-canco-como-vehiculo-poetico-y-cultural\/"},"author":{"name":"Lluis","@id":"https:\/\/canfali.com\/ca-es\/#\/schema\/person\/f540a86fb33e10daaae53c59ceaa1194"},"headline":"Vilarnau reflexiona sobre la can\u00e7\u00f3 com a vehicle po\u00e8tic i cultural","datePublished":"2026-01-30T11:17:55+00:00","dateModified":"2026-01-30T11:34:06+00:00","mainEntityOfPage":{"@id":"https:\/\/canfali.com\/ca-es\/vilarnau-reflexiona-sobre-la-canco-como-vehiculo-poetico-y-cultural\/"},"wordCount":470,"publisher":{"@id":"https:\/\/canfali.com\/ca-es\/#organization"},"image":{"@id":"https:\/\/canfali.com\/ca-es\/vilarnau-reflexiona-sobre-la-canco-como-vehiculo-poetico-y-cultural\/#primaryimage"},"thumbnailUrl":"https:\/\/canfali.com\/app\/uploads\/2026\/01\/8encontres12-scaled.jpg","articleSection":["Cultura","Cultura"],"inLanguage":"va-ES","copyrightYear":"2026","copyrightHolder":{"@id":"https:\/\/canfali.com\/#organization"}},{"@type":"WebPage","@id":"https:\/\/canfali.com\/ca-es\/vilarnau-reflexiona-sobre-la-canco-como-vehiculo-poetico-y-cultural\/","url":"https:\/\/canfali.com\/ca-es\/vilarnau-reflexiona-sobre-la-canco-como-vehiculo-poetico-y-cultural\/","name":"Vilarnau reflexiona sobre la can\u00e7\u00f3 com a vehicle po\u00e8tic i cultural - Canfali","isPartOf":{"@id":"https:\/\/canfali.com\/ca-es\/#website"},"primaryImageOfPage":{"@id":"https:\/\/canfali.com\/ca-es\/vilarnau-reflexiona-sobre-la-canco-como-vehiculo-poetico-y-cultural\/#primaryimage"},"image":{"@id":"https:\/\/canfali.com\/ca-es\/vilarnau-reflexiona-sobre-la-canco-como-vehiculo-poetico-y-cultural\/#primaryimage"},"thumbnailUrl":"https:\/\/canfali.com\/app\/uploads\/2026\/01\/8encontres12-scaled.jpg","datePublished":"2026-01-30T11:17:55+00:00","dateModified":"2026-01-30T11:34:06+00:00","description":"El periodista i escriptor va encentar el cicle dels Encontres a Beniarbeig que exploren el vincle entre la literatura i la m\u00fasica","breadcrumb":{"@id":"https:\/\/canfali.com\/ca-es\/vilarnau-reflexiona-sobre-la-canco-como-vehiculo-poetico-y-cultural\/#breadcrumb"},"inLanguage":"va-ES","potentialAction":[{"@type":"ReadAction","target":["https:\/\/canfali.com\/ca-es\/vilarnau-reflexiona-sobre-la-canco-como-vehiculo-poetico-y-cultural\/"]}]},{"@type":"ImageObject","inLanguage":"va-ES","@id":"https:\/\/canfali.com\/ca-es\/vilarnau-reflexiona-sobre-la-canco-como-vehiculo-poetico-y-cultural\/#primaryimage","url":"https:\/\/canfali.com\/app\/uploads\/2026\/01\/8encontres12-scaled.jpg","contentUrl":"https:\/\/canfali.com\/app\/uploads\/2026\/01\/8encontres12-scaled.jpg","width":2560,"height":1920},{"@type":"BreadcrumbList","@id":"https:\/\/canfali.com\/ca-es\/vilarnau-reflexiona-sobre-la-canco-como-vehiculo-poetico-y-cultural\/#breadcrumb","itemListElement":[{"@type":"ListItem","position":1,"name":"Portada","item":"https:\/\/canfali.com\/ca-es\/"},{"@type":"ListItem","position":2,"name":"Vilarnau reflexiona sobre la can\u00e7\u00f3 com a vehicle po\u00e8tic i cultural"}]},{"@type":"WebSite","@id":"https:\/\/canfali.com\/ca-es\/#website","url":"https:\/\/canfali.com\/ca-es\/","name":"Canfali","description":"","publisher":{"@id":"https:\/\/canfali.com\/ca-es\/#organization"},"potentialAction":[{"@type":"SearchAction","target":{"@type":"EntryPoint","urlTemplate":"https:\/\/canfali.com\/ca-es\/?s={search_term_string}"},"query-input":{"@type":"PropertyValueSpecification","valueRequired":true,"valueName":"search_term_string"}}],"inLanguage":"va-ES"},{"@type":"Organization","@id":"https:\/\/canfali.com\/ca-es\/#organization","name":"Canfali","url":"https:\/\/canfali.com\/ca-es\/","logo":{"@type":"ImageObject","inLanguage":"va-ES","@id":"https:\/\/canfali.com\/ca-es\/#\/schema\/logo\/image\/","url":"https:\/\/canfali.com\/app\/uploads\/2025\/12\/canfali_marina_alta_logo.png","contentUrl":"https:\/\/canfali.com\/app\/uploads\/2025\/12\/canfali_marina_alta_logo.png","width":225,"height":225,"caption":"Canfali"},"image":{"@id":"https:\/\/canfali.com\/ca-es\/#\/schema\/logo\/image\/"},"sameAs":["https:\/\/es-es.facebook.com\/CANFALIMarinaAlta","https:\/\/x.com\/canfalima","https:\/\/www.instagram.com\/canfalimarinaalta\/"]},{"@type":"Person","@id":"https:\/\/canfali.com\/ca-es\/#\/schema\/person\/f540a86fb33e10daaae53c59ceaa1194","name":"Lluis","image":{"@type":"ImageObject","inLanguage":"va-ES","@id":"https:\/\/secure.gravatar.com\/avatar\/a21ec8835290e4e02ed0886b8cb327d807d0eb6ec8ccf25d4c2a0a415f506c0d?s=96&d=mm&r=g","url":"https:\/\/secure.gravatar.com\/avatar\/a21ec8835290e4e02ed0886b8cb327d807d0eb6ec8ccf25d4c2a0a415f506c0d?s=96&d=mm&r=g","contentUrl":"https:\/\/secure.gravatar.com\/avatar\/a21ec8835290e4e02ed0886b8cb327d807d0eb6ec8ccf25d4c2a0a415f506c0d?s=96&d=mm&r=g","caption":"Lluis"},"url":"https:\/\/canfali.com\/ca-es\/author\/lluis\/"}]}},"_links":{"self":[{"href":"https:\/\/canfali.com\/ca-es\/wp-json\/wp\/v2\/posts\/87842","targetHints":{"allow":["GET"]}}],"collection":[{"href":"https:\/\/canfali.com\/ca-es\/wp-json\/wp\/v2\/posts"}],"about":[{"href":"https:\/\/canfali.com\/ca-es\/wp-json\/wp\/v2\/types\/post"}],"author":[{"embeddable":true,"href":"https:\/\/canfali.com\/ca-es\/wp-json\/wp\/v2\/users\/8"}],"replies":[{"embeddable":true,"href":"https:\/\/canfali.com\/ca-es\/wp-json\/wp\/v2\/comments?post=87842"}],"version-history":[{"count":3,"href":"https:\/\/canfali.com\/ca-es\/wp-json\/wp\/v2\/posts\/87842\/revisions"}],"predecessor-version":[{"id":87851,"href":"https:\/\/canfali.com\/ca-es\/wp-json\/wp\/v2\/posts\/87842\/revisions\/87851"}],"wp:featuredmedia":[{"embeddable":true,"href":"https:\/\/canfali.com\/ca-es\/wp-json\/wp\/v2\/media\/87835"}],"wp:attachment":[{"href":"https:\/\/canfali.com\/ca-es\/wp-json\/wp\/v2\/media?parent=87842"}],"wp:term":[{"taxonomy":"category","embeddable":true,"href":"https:\/\/canfali.com\/ca-es\/wp-json\/wp\/v2\/categories?post=87842"},{"taxonomy":"post_tag","embeddable":true,"href":"https:\/\/canfali.com\/ca-es\/wp-json\/wp\/v2\/tags?post=87842"}],"curies":[{"name":"wp","href":"https:\/\/api.w.org\/{rel}","templated":true}]}}