{"id":87802,"date":"2026-01-29T21:08:16","date_gmt":"2026-01-29T20:08:16","guid":{"rendered":"https:\/\/canfali.com\/exposicio-col%c2%b7lectiva-en-homenatge-a-tomas-sivera\/"},"modified":"2026-01-29T21:09:18","modified_gmt":"2026-01-29T20:09:18","slug":"exposicio-col%c2%b7lectiva-en-homenatge-a-tomas-sivera","status":"publish","type":"post","link":"https:\/\/canfali.com\/ca-es\/exposicio-col%c2%b7lectiva-en-homenatge-a-tomas-sivera\/","title":{"rendered":"Exposici\u00f3 col\u00b7lectiva en homenatge a Tom\u00e0s Sivera"},"content":{"rendered":"\n<p>La mostra, a la Casa del Cable, reuneix obres de deu artistes i es podr\u00e0 visitar des del 6 de febrer al 10 de mar\u00e7<\/p>\n\n<p><p class=\"p1\">La Casa del Cable de X\u00e0bia acollir\u00e0, del 6 de febrer al 10 de mar\u00e7 de 2026, l\u2019<b>Exposici\u00f3 Homenatge a Tom\u00e0s Sivera<\/b>, una mostra col\u00b7lectiva que ret homenatge a la figura i la traject\u00f2ria de l\u2019artista. L\u2019exposici\u00f3 reuneix obres de Toni Mar\u00ed, Francesc Marzal, Jaume Monfort, Jaume Pastor, Natalia Ribes, Miguel Sala Coll, Pepe Sart, Jos\u00e9 Sivera i del mateix Tom\u00e0s Sivera, oferint una visi\u00f3 diversa i plural de l\u2019art contemporani a trav\u00e9s de diferents sensibilitats i llenguatges art\u00edstics.<\/p><\/p>\n\n<p><p class=\"p1\">La inauguraci\u00f3 tindr\u00e0 lloc el <b>divendres 6 de febrer a les 18.30 hores<\/b> a la Casa del Cable, i comptar\u00e0 amb la participaci\u00f3 de representants culturals i de l\u2019\u00e0mbit art\u00edstic local. La mostra es presenta com una oportunitat per a recon\u00e9ixer l\u2019aportaci\u00f3 de Tom\u00e0s Sivera al panorama art\u00edstic i posar en valor el talent creatiu vinculat a X\u00e0bia.<\/p><\/p>\n\n<p><p class=\"p1\">L\u2019<b>Exposici\u00f3 Homenatge a Tom\u00e0s Sivera<\/b> est\u00e0 organitzada pel <b>Rotary Club de X\u00e0bia<\/b> en col\u00b7laboraci\u00f3 amb l\u2019Ajuntament, i s\u2019emmarca dins de la programaci\u00f3 cultural del municipi.<\/p><\/p>\n","protected":false},"excerpt":{"rendered":"La mostra, a la Casa del Cable, reuneix obres de deu artistes i es podr\u00e0 visitar des del&hellip;","protected":false},"author":8,"featured_media":87800,"comment_status":"closed","ping_status":"closed","sticky":false,"template":"","format":"standard","meta":{"csco_display_header_overlay":false,"csco_singular_sidebar":"","csco_page_header_type":"","csco_page_load_nextpost":"","csco_post_video_location":[],"csco_post_video_location_hash":"","csco_post_video_url":"","csco_post_video_bg_start_time":0,"csco_post_video_bg_end_time":0,"footnotes":""},"categories":[579,597],"tags":[],"class_list":{"0":"post-87802","1":"post","2":"type-post","3":"status-publish","4":"format-standard","5":"has-post-thumbnail","7":"category-cultura-2","8":"category-cultura-ca-es","9":"cs-entry","10":"cs-video-wrap"},"yoast_head":"<!-- This site is optimized with the Yoast SEO Premium plugin v26.6 (Yoast SEO v27.3) - https:\/\/yoast.com\/product\/yoast-seo-premium-wordpress\/ -->\n<title>Exposici\u00f3 col\u00b7lectiva en homenatge a Tom\u00e0s Sivera - Canfali<\/title>\n<meta name=\"description\" content=\"La mostra, a la Casa del Cable, reuneix obres de deu artistes i es podr\u00e0 visitar des del 6 de febrer al 10 de mar\u00e7\" \/>\n<meta name=\"robots\" content=\"index, follow, max-snippet:-1, max-image-preview:large, max-video-preview:-1\" \/>\n<link rel=\"canonical\" href=\"https:\/\/canfali.com\/ca-es\/exposicio-col%c2%b7lectiva-en-homenatge-a-tomas-sivera\/\" \/>\n<meta property=\"og:locale\" content=\"en_US\" \/>\n<meta property=\"og:type\" content=\"article\" \/>\n<meta property=\"og:title\" content=\"Exposici\u00f3 col\u00b7lectiva en homenatge a Tom\u00e0s Sivera\" \/>\n<meta property=\"og:description\" content=\"La mostra, a la Casa del Cable, reuneix obres de deu artistes i es podr\u00e0 visitar des del 6 de febrer al 10 de mar\u00e7\" \/>\n<meta property=\"og:url\" content=\"https:\/\/canfali.com\/ca-es\/exposicio-col%c2%b7lectiva-en-homenatge-a-tomas-sivera\/\" \/>\n<meta property=\"og:site_name\" content=\"Canfali\" \/>\n<meta property=\"article:publisher\" content=\"https:\/\/es-es.facebook.com\/CANFALIMarinaAlta\" \/>\n<meta property=\"article:published_time\" content=\"2026-01-29T20:08:16+00:00\" \/>\n<meta property=\"article:modified_time\" content=\"2026-01-29T20:09:18+00:00\" \/>\n<meta property=\"og:image\" content=\"https:\/\/canfali.com\/app\/uploads\/2026\/01\/cartel.png\" \/>\n\t<meta property=\"og:image:width\" content=\"479\" \/>\n\t<meta property=\"og:image:height\" content=\"269\" \/>\n\t<meta property=\"og:image:type\" content=\"image\/png\" \/>\n<meta name=\"author\" content=\"Lluis\" \/>\n<meta name=\"twitter:card\" content=\"summary_large_image\" \/>\n<meta name=\"twitter:creator\" content=\"@canfalima\" \/>\n<meta name=\"twitter:site\" content=\"@canfalima\" \/>\n<meta name=\"twitter:label1\" content=\"Written by\" \/>\n\t<meta name=\"twitter:data1\" content=\"Lluis\" \/>\n\t<meta name=\"twitter:label2\" content=\"Est. reading time\" \/>\n\t<meta name=\"twitter:data2\" content=\"1 minute\" \/>\n<script type=\"application\/ld+json\" class=\"yoast-schema-graph\">{\"@context\":\"https:\\\/\\\/schema.org\",\"@graph\":[{\"@type\":\"NewsArticle\",\"@id\":\"https:\\\/\\\/canfali.com\\\/ca-es\\\/exposicio-col%c2%b7lectiva-en-homenatge-a-tomas-sivera\\\/#article\",\"isPartOf\":{\"@id\":\"https:\\\/\\\/canfali.com\\\/ca-es\\\/exposicio-col%c2%b7lectiva-en-homenatge-a-tomas-sivera\\\/\"},\"author\":{\"name\":\"Lluis\",\"@id\":\"https:\\\/\\\/canfali.com\\\/ca-es\\\/#\\\/schema\\\/person\\\/f540a86fb33e10daaae53c59ceaa1194\"},\"headline\":\"Exposici\u00f3 col\u00b7lectiva en homenatge a Tom\u00e0s Sivera\",\"datePublished\":\"2026-01-29T20:08:16+00:00\",\"dateModified\":\"2026-01-29T20:09:18+00:00\",\"mainEntityOfPage\":{\"@id\":\"https:\\\/\\\/canfali.com\\\/ca-es\\\/exposicio-col%c2%b7lectiva-en-homenatge-a-tomas-sivera\\\/\"},\"wordCount\":213,\"publisher\":{\"@id\":\"https:\\\/\\\/canfali.com\\\/ca-es\\\/#organization\"},\"image\":{\"@id\":\"https:\\\/\\\/canfali.com\\\/ca-es\\\/exposicio-col%c2%b7lectiva-en-homenatge-a-tomas-sivera\\\/#primaryimage\"},\"thumbnailUrl\":\"https:\\\/\\\/canfali.com\\\/app\\\/uploads\\\/2026\\\/01\\\/cartel.png\",\"articleSection\":[\"Cultura\",\"Cultura\"],\"inLanguage\":\"va-ES\",\"copyrightYear\":\"2026\",\"copyrightHolder\":{\"@id\":\"https:\\\/\\\/canfali.com\\\/#organization\"}},{\"@type\":\"WebPage\",\"@id\":\"https:\\\/\\\/canfali.com\\\/ca-es\\\/exposicio-col%c2%b7lectiva-en-homenatge-a-tomas-sivera\\\/\",\"url\":\"https:\\\/\\\/canfali.com\\\/ca-es\\\/exposicio-col%c2%b7lectiva-en-homenatge-a-tomas-sivera\\\/\",\"name\":\"Exposici\u00f3 col\u00b7lectiva en homenatge a Tom\u00e0s Sivera - Canfali\",\"isPartOf\":{\"@id\":\"https:\\\/\\\/canfali.com\\\/ca-es\\\/#website\"},\"primaryImageOfPage\":{\"@id\":\"https:\\\/\\\/canfali.com\\\/ca-es\\\/exposicio-col%c2%b7lectiva-en-homenatge-a-tomas-sivera\\\/#primaryimage\"},\"image\":{\"@id\":\"https:\\\/\\\/canfali.com\\\/ca-es\\\/exposicio-col%c2%b7lectiva-en-homenatge-a-tomas-sivera\\\/#primaryimage\"},\"thumbnailUrl\":\"https:\\\/\\\/canfali.com\\\/app\\\/uploads\\\/2026\\\/01\\\/cartel.png\",\"datePublished\":\"2026-01-29T20:08:16+00:00\",\"dateModified\":\"2026-01-29T20:09:18+00:00\",\"description\":\"La mostra, a la Casa del Cable, reuneix obres de deu artistes i es podr\u00e0 visitar des del 6 de febrer al 10 de mar\u00e7\",\"breadcrumb\":{\"@id\":\"https:\\\/\\\/canfali.com\\\/ca-es\\\/exposicio-col%c2%b7lectiva-en-homenatge-a-tomas-sivera\\\/#breadcrumb\"},\"inLanguage\":\"va-ES\",\"potentialAction\":[{\"@type\":\"ReadAction\",\"target\":[\"https:\\\/\\\/canfali.com\\\/ca-es\\\/exposicio-col%c2%b7lectiva-en-homenatge-a-tomas-sivera\\\/\"]}]},{\"@type\":\"ImageObject\",\"inLanguage\":\"va-ES\",\"@id\":\"https:\\\/\\\/canfali.com\\\/ca-es\\\/exposicio-col%c2%b7lectiva-en-homenatge-a-tomas-sivera\\\/#primaryimage\",\"url\":\"https:\\\/\\\/canfali.com\\\/app\\\/uploads\\\/2026\\\/01\\\/cartel.png\",\"contentUrl\":\"https:\\\/\\\/canfali.com\\\/app\\\/uploads\\\/2026\\\/01\\\/cartel.png\",\"width\":479,\"height\":269},{\"@type\":\"BreadcrumbList\",\"@id\":\"https:\\\/\\\/canfali.com\\\/ca-es\\\/exposicio-col%c2%b7lectiva-en-homenatge-a-tomas-sivera\\\/#breadcrumb\",\"itemListElement\":[{\"@type\":\"ListItem\",\"position\":1,\"name\":\"Portada\",\"item\":\"https:\\\/\\\/canfali.com\\\/ca-es\\\/\"},{\"@type\":\"ListItem\",\"position\":2,\"name\":\"Exposici\u00f3 col\u00b7lectiva en homenatge a Tom\u00e0s Sivera\"}]},{\"@type\":\"WebSite\",\"@id\":\"https:\\\/\\\/canfali.com\\\/ca-es\\\/#website\",\"url\":\"https:\\\/\\\/canfali.com\\\/ca-es\\\/\",\"name\":\"Canfali\",\"description\":\"\",\"publisher\":{\"@id\":\"https:\\\/\\\/canfali.com\\\/ca-es\\\/#organization\"},\"potentialAction\":[{\"@type\":\"SearchAction\",\"target\":{\"@type\":\"EntryPoint\",\"urlTemplate\":\"https:\\\/\\\/canfali.com\\\/ca-es\\\/?s={search_term_string}\"},\"query-input\":{\"@type\":\"PropertyValueSpecification\",\"valueRequired\":true,\"valueName\":\"search_term_string\"}}],\"inLanguage\":\"va-ES\"},{\"@type\":\"Organization\",\"@id\":\"https:\\\/\\\/canfali.com\\\/ca-es\\\/#organization\",\"name\":\"Canfali\",\"url\":\"https:\\\/\\\/canfali.com\\\/ca-es\\\/\",\"logo\":{\"@type\":\"ImageObject\",\"inLanguage\":\"va-ES\",\"@id\":\"https:\\\/\\\/canfali.com\\\/ca-es\\\/#\\\/schema\\\/logo\\\/image\\\/\",\"url\":\"https:\\\/\\\/canfali.com\\\/app\\\/uploads\\\/2025\\\/12\\\/canfali_marina_alta_logo.png\",\"contentUrl\":\"https:\\\/\\\/canfali.com\\\/app\\\/uploads\\\/2025\\\/12\\\/canfali_marina_alta_logo.png\",\"width\":225,\"height\":225,\"caption\":\"Canfali\"},\"image\":{\"@id\":\"https:\\\/\\\/canfali.com\\\/ca-es\\\/#\\\/schema\\\/logo\\\/image\\\/\"},\"sameAs\":[\"https:\\\/\\\/es-es.facebook.com\\\/CANFALIMarinaAlta\",\"https:\\\/\\\/x.com\\\/canfalima\",\"https:\\\/\\\/www.instagram.com\\\/canfalimarinaalta\\\/\"]},{\"@type\":\"Person\",\"@id\":\"https:\\\/\\\/canfali.com\\\/ca-es\\\/#\\\/schema\\\/person\\\/f540a86fb33e10daaae53c59ceaa1194\",\"name\":\"Lluis\",\"image\":{\"@type\":\"ImageObject\",\"inLanguage\":\"va-ES\",\"@id\":\"https:\\\/\\\/secure.gravatar.com\\\/avatar\\\/a21ec8835290e4e02ed0886b8cb327d807d0eb6ec8ccf25d4c2a0a415f506c0d?s=96&d=mm&r=g\",\"url\":\"https:\\\/\\\/secure.gravatar.com\\\/avatar\\\/a21ec8835290e4e02ed0886b8cb327d807d0eb6ec8ccf25d4c2a0a415f506c0d?s=96&d=mm&r=g\",\"contentUrl\":\"https:\\\/\\\/secure.gravatar.com\\\/avatar\\\/a21ec8835290e4e02ed0886b8cb327d807d0eb6ec8ccf25d4c2a0a415f506c0d?s=96&d=mm&r=g\",\"caption\":\"Lluis\"},\"url\":\"https:\\\/\\\/canfali.com\\\/ca-es\\\/author\\\/lluis\\\/\"}]}<\/script>\n<!-- \/ Yoast SEO Premium plugin. -->","yoast_head_json":{"title":"Exposici\u00f3 col\u00b7lectiva en homenatge a Tom\u00e0s Sivera - Canfali","description":"La mostra, a la Casa del Cable, reuneix obres de deu artistes i es podr\u00e0 visitar des del 6 de febrer al 10 de mar\u00e7","robots":{"index":"index","follow":"follow","max-snippet":"max-snippet:-1","max-image-preview":"max-image-preview:large","max-video-preview":"max-video-preview:-1"},"canonical":"https:\/\/canfali.com\/ca-es\/exposicio-col%c2%b7lectiva-en-homenatge-a-tomas-sivera\/","og_locale":"en_US","og_type":"article","og_title":"Exposici\u00f3 col\u00b7lectiva en homenatge a Tom\u00e0s Sivera","og_description":"La mostra, a la Casa del Cable, reuneix obres de deu artistes i es podr\u00e0 visitar des del 6 de febrer al 10 de mar\u00e7","og_url":"https:\/\/canfali.com\/ca-es\/exposicio-col%c2%b7lectiva-en-homenatge-a-tomas-sivera\/","og_site_name":"Canfali","article_publisher":"https:\/\/es-es.facebook.com\/CANFALIMarinaAlta","article_published_time":"2026-01-29T20:08:16+00:00","article_modified_time":"2026-01-29T20:09:18+00:00","og_image":[{"width":479,"height":269,"url":"https:\/\/canfali.com\/app\/uploads\/2026\/01\/cartel.png","type":"image\/png"}],"author":"Lluis","twitter_card":"summary_large_image","twitter_creator":"@canfalima","twitter_site":"@canfalima","twitter_misc":{"Written by":"Lluis","Est. reading time":"1 minute"},"schema":{"@context":"https:\/\/schema.org","@graph":[{"@type":"NewsArticle","@id":"https:\/\/canfali.com\/ca-es\/exposicio-col%c2%b7lectiva-en-homenatge-a-tomas-sivera\/#article","isPartOf":{"@id":"https:\/\/canfali.com\/ca-es\/exposicio-col%c2%b7lectiva-en-homenatge-a-tomas-sivera\/"},"author":{"name":"Lluis","@id":"https:\/\/canfali.com\/ca-es\/#\/schema\/person\/f540a86fb33e10daaae53c59ceaa1194"},"headline":"Exposici\u00f3 col\u00b7lectiva en homenatge a Tom\u00e0s Sivera","datePublished":"2026-01-29T20:08:16+00:00","dateModified":"2026-01-29T20:09:18+00:00","mainEntityOfPage":{"@id":"https:\/\/canfali.com\/ca-es\/exposicio-col%c2%b7lectiva-en-homenatge-a-tomas-sivera\/"},"wordCount":213,"publisher":{"@id":"https:\/\/canfali.com\/ca-es\/#organization"},"image":{"@id":"https:\/\/canfali.com\/ca-es\/exposicio-col%c2%b7lectiva-en-homenatge-a-tomas-sivera\/#primaryimage"},"thumbnailUrl":"https:\/\/canfali.com\/app\/uploads\/2026\/01\/cartel.png","articleSection":["Cultura","Cultura"],"inLanguage":"va-ES","copyrightYear":"2026","copyrightHolder":{"@id":"https:\/\/canfali.com\/#organization"}},{"@type":"WebPage","@id":"https:\/\/canfali.com\/ca-es\/exposicio-col%c2%b7lectiva-en-homenatge-a-tomas-sivera\/","url":"https:\/\/canfali.com\/ca-es\/exposicio-col%c2%b7lectiva-en-homenatge-a-tomas-sivera\/","name":"Exposici\u00f3 col\u00b7lectiva en homenatge a Tom\u00e0s Sivera - Canfali","isPartOf":{"@id":"https:\/\/canfali.com\/ca-es\/#website"},"primaryImageOfPage":{"@id":"https:\/\/canfali.com\/ca-es\/exposicio-col%c2%b7lectiva-en-homenatge-a-tomas-sivera\/#primaryimage"},"image":{"@id":"https:\/\/canfali.com\/ca-es\/exposicio-col%c2%b7lectiva-en-homenatge-a-tomas-sivera\/#primaryimage"},"thumbnailUrl":"https:\/\/canfali.com\/app\/uploads\/2026\/01\/cartel.png","datePublished":"2026-01-29T20:08:16+00:00","dateModified":"2026-01-29T20:09:18+00:00","description":"La mostra, a la Casa del Cable, reuneix obres de deu artistes i es podr\u00e0 visitar des del 6 de febrer al 10 de mar\u00e7","breadcrumb":{"@id":"https:\/\/canfali.com\/ca-es\/exposicio-col%c2%b7lectiva-en-homenatge-a-tomas-sivera\/#breadcrumb"},"inLanguage":"va-ES","potentialAction":[{"@type":"ReadAction","target":["https:\/\/canfali.com\/ca-es\/exposicio-col%c2%b7lectiva-en-homenatge-a-tomas-sivera\/"]}]},{"@type":"ImageObject","inLanguage":"va-ES","@id":"https:\/\/canfali.com\/ca-es\/exposicio-col%c2%b7lectiva-en-homenatge-a-tomas-sivera\/#primaryimage","url":"https:\/\/canfali.com\/app\/uploads\/2026\/01\/cartel.png","contentUrl":"https:\/\/canfali.com\/app\/uploads\/2026\/01\/cartel.png","width":479,"height":269},{"@type":"BreadcrumbList","@id":"https:\/\/canfali.com\/ca-es\/exposicio-col%c2%b7lectiva-en-homenatge-a-tomas-sivera\/#breadcrumb","itemListElement":[{"@type":"ListItem","position":1,"name":"Portada","item":"https:\/\/canfali.com\/ca-es\/"},{"@type":"ListItem","position":2,"name":"Exposici\u00f3 col\u00b7lectiva en homenatge a Tom\u00e0s Sivera"}]},{"@type":"WebSite","@id":"https:\/\/canfali.com\/ca-es\/#website","url":"https:\/\/canfali.com\/ca-es\/","name":"Canfali","description":"","publisher":{"@id":"https:\/\/canfali.com\/ca-es\/#organization"},"potentialAction":[{"@type":"SearchAction","target":{"@type":"EntryPoint","urlTemplate":"https:\/\/canfali.com\/ca-es\/?s={search_term_string}"},"query-input":{"@type":"PropertyValueSpecification","valueRequired":true,"valueName":"search_term_string"}}],"inLanguage":"va-ES"},{"@type":"Organization","@id":"https:\/\/canfali.com\/ca-es\/#organization","name":"Canfali","url":"https:\/\/canfali.com\/ca-es\/","logo":{"@type":"ImageObject","inLanguage":"va-ES","@id":"https:\/\/canfali.com\/ca-es\/#\/schema\/logo\/image\/","url":"https:\/\/canfali.com\/app\/uploads\/2025\/12\/canfali_marina_alta_logo.png","contentUrl":"https:\/\/canfali.com\/app\/uploads\/2025\/12\/canfali_marina_alta_logo.png","width":225,"height":225,"caption":"Canfali"},"image":{"@id":"https:\/\/canfali.com\/ca-es\/#\/schema\/logo\/image\/"},"sameAs":["https:\/\/es-es.facebook.com\/CANFALIMarinaAlta","https:\/\/x.com\/canfalima","https:\/\/www.instagram.com\/canfalimarinaalta\/"]},{"@type":"Person","@id":"https:\/\/canfali.com\/ca-es\/#\/schema\/person\/f540a86fb33e10daaae53c59ceaa1194","name":"Lluis","image":{"@type":"ImageObject","inLanguage":"va-ES","@id":"https:\/\/secure.gravatar.com\/avatar\/a21ec8835290e4e02ed0886b8cb327d807d0eb6ec8ccf25d4c2a0a415f506c0d?s=96&d=mm&r=g","url":"https:\/\/secure.gravatar.com\/avatar\/a21ec8835290e4e02ed0886b8cb327d807d0eb6ec8ccf25d4c2a0a415f506c0d?s=96&d=mm&r=g","contentUrl":"https:\/\/secure.gravatar.com\/avatar\/a21ec8835290e4e02ed0886b8cb327d807d0eb6ec8ccf25d4c2a0a415f506c0d?s=96&d=mm&r=g","caption":"Lluis"},"url":"https:\/\/canfali.com\/ca-es\/author\/lluis\/"}]}},"_links":{"self":[{"href":"https:\/\/canfali.com\/ca-es\/wp-json\/wp\/v2\/posts\/87802","targetHints":{"allow":["GET"]}}],"collection":[{"href":"https:\/\/canfali.com\/ca-es\/wp-json\/wp\/v2\/posts"}],"about":[{"href":"https:\/\/canfali.com\/ca-es\/wp-json\/wp\/v2\/types\/post"}],"author":[{"embeddable":true,"href":"https:\/\/canfali.com\/ca-es\/wp-json\/wp\/v2\/users\/8"}],"replies":[{"embeddable":true,"href":"https:\/\/canfali.com\/ca-es\/wp-json\/wp\/v2\/comments?post=87802"}],"version-history":[{"count":1,"href":"https:\/\/canfali.com\/ca-es\/wp-json\/wp\/v2\/posts\/87802\/revisions"}],"predecessor-version":[{"id":87803,"href":"https:\/\/canfali.com\/ca-es\/wp-json\/wp\/v2\/posts\/87802\/revisions\/87803"}],"wp:featuredmedia":[{"embeddable":true,"href":"https:\/\/canfali.com\/ca-es\/wp-json\/wp\/v2\/media\/87800"}],"wp:attachment":[{"href":"https:\/\/canfali.com\/ca-es\/wp-json\/wp\/v2\/media?parent=87802"}],"wp:term":[{"taxonomy":"category","embeddable":true,"href":"https:\/\/canfali.com\/ca-es\/wp-json\/wp\/v2\/categories?post=87802"},{"taxonomy":"post_tag","embeddable":true,"href":"https:\/\/canfali.com\/ca-es\/wp-json\/wp\/v2\/tags?post=87802"}],"curies":[{"name":"wp","href":"https:\/\/api.w.org\/{rel}","templated":true}]}}