{"id":87795,"date":"2026-01-29T20:25:53","date_gmt":"2026-01-29T19:25:53","guid":{"rendered":"https:\/\/canfali.com\/xabia-dona-suport-per-unanimitat-al-sector-primari\/"},"modified":"2026-01-29T20:27:28","modified_gmt":"2026-01-29T19:27:28","slug":"xabia-dona-suport-per-unanimitat-al-sector-primari","status":"publish","type":"post","link":"https:\/\/canfali.com\/ca-es\/xabia-dona-suport-per-unanimitat-al-sector-primari\/","title":{"rendered":"X\u00e0bia dona suport per unanimitat al sector primari"},"content":{"rendered":"\n<p><p class=\"p1\">El Ple destaca el paper clau de l\u2019agricultura, la ramaderia i la pesca en l\u2019economia local i reclama m\u00e9s suport d\u2019altres administracions<\/p><\/p>\n\n<p>El Ple de l\u2019Ajuntament de X\u00e0bia ha aprovat en la seua \u00faltima sessi\u00f3 una declaraci\u00f3 institucional de suport al sector primari, amb el recolzament de tots els grups pol\u00edtics amb representaci\u00f3 municipal.&#13;\n<\/p>\n\n<p>A trav\u00e9s d\u2019aquest acord, la corporaci\u00f3 municipal subratlla el paper fonamental que exerceixen l\u2019agricultura, la ramaderia i la pesca en l\u2019economia local, aix\u00ed com el seu valor social, cultural i ambiental. El sector primari \u00e9s clau per al manteniment de l\u2019ocupaci\u00f3, la fixaci\u00f3 de poblaci\u00f3 al territori, la cura del paisatge i la garantia d\u2019un subministrament alimentari de proximitat, de qualitat i segur.&#13;\n<\/p>\n\n<p>La declaraci\u00f3 reconeix les dificultats estructurals que afronten els professionals del sector, entre les quals destaquen l\u2019increment dels costos de producci\u00f3, l\u2019excessiva burocr\u00e0cia, la falta de relleu generacional, la pressi\u00f3 sobre els marges econ\u00f2mics o la compet\u00e8ncia desigual. Aix\u00ed mateix, s\u2019hi assenyalen els reptes derivats de la transici\u00f3 cap a models m\u00e9s sostenibles en un context de crisi clim\u00e0tica, tot remarcant que la sostenibilitat ha d\u2019anar acompanyada de rendibilitat per a garantir condicions de vida dignes a les persones que treballen la terra i la mar.&#13;\n<\/p>\n\n<p>Entre els compromisos assumits per l\u2019Ajuntament de X\u00e0bia figura la continu\u00eftat de les mesures locals de foment del producte de proximitat. Aquestes inclouen campanyes de promoci\u00f3 del consum de producte local i de temporada, accions coordinades amb el Mercat Municipal, el comer\u00e7 i la restauraci\u00f3, aix\u00ed com l\u2019impuls d\u2019iniciatives de compra p\u00fablica responsable dins de l\u2019\u00e0mbit municipal.&#13;\n<\/p>\n\n<p>El Ple tamb\u00e9 insta la Generalitat Valenciana i el Govern d\u2019Espanya a refor\u00e7ar les pol\u00edtiques de suport al sector primari, especialment en mat\u00e8ria de relleu generacional, formaci\u00f3, modernitzaci\u00f3, innovaci\u00f3, efici\u00e8ncia energ\u00e8tica i h\u00eddrica, aix\u00ed com a avan\u00e7ar en la simplificaci\u00f3 administrativa i la reducci\u00f3 de la burocr\u00e0cia.&#13;\n<\/p>\n\n<p>A m\u00e9s, la declaraci\u00f3 reclama a les institucions europees, estatals i auton\u00f2miques que garantisquen condicions justes de mercat, refor\u00e7ant la transpar\u00e8ncia en la cadena aliment\u00e0ria, la reciprocitat d\u2019est\u00e0ndards en el comer\u00e7 internacional i l\u2019activaci\u00f3 de mecanismes \u00e0gils de salvaguarda davant possibles distorsions del mercat.&#13;\n<\/p>\n\n<p>Finalment, l\u2019Ajuntament de X\u00e0bia expressa el seu suport a les organitzacions representatives del sector, com ara cooperatives, confraries i associacions professionals, i acorda traslladar aquesta declaraci\u00f3 al Govern de la Generalitat Valenciana, al Govern d\u2019Espanya i als diferents grups pol\u00edtics amb representaci\u00f3 a les Corts Valencianes, al Congr\u00e9s dels Diputats i al Parlament Europeu.&#13;\n<\/p>\n\n<p><\/p>\n","protected":false},"excerpt":{"rendered":"El Ple destaca el paper clau de l\u2019agricultura, la ramaderia i la pesca en l\u2019economia local i reclama&hellip;","protected":false},"author":8,"featured_media":87792,"comment_status":"closed","ping_status":"closed","sticky":false,"template":"","format":"standard","meta":{"csco_display_header_overlay":false,"csco_singular_sidebar":"","csco_page_header_type":"","csco_page_load_nextpost":"","csco_post_video_location":[],"csco_post_video_location_hash":"","csco_post_video_url":"","csco_post_video_bg_start_time":0,"csco_post_video_bg_end_time":0,"footnotes":""},"categories":[614],"tags":[],"class_list":{"0":"post-87795","1":"post","2":"type-post","3":"status-publish","4":"format-standard","5":"has-post-thumbnail","7":"category-municipal-ca-es","8":"cs-entry","9":"cs-video-wrap"},"yoast_head":"<!-- This site is optimized with the Yoast SEO Premium plugin v26.6 (Yoast SEO v27.3) - https:\/\/yoast.com\/product\/yoast-seo-premium-wordpress\/ -->\n<title>X\u00e0bia dona suport per unanimitat al sector primari - Canfali<\/title>\n<meta name=\"description\" content=\"El Ple destaca el paper clau de l\u2019agricultura, la ramaderia i la pesca en l\u2019economia local i reclama m\u00e9s suport d\u2019altres administracions\" \/>\n<meta name=\"robots\" content=\"index, follow, max-snippet:-1, max-image-preview:large, max-video-preview:-1\" \/>\n<link rel=\"canonical\" href=\"https:\/\/canfali.com\/ca-es\/xabia-dona-suport-per-unanimitat-al-sector-primari\/\" \/>\n<meta property=\"og:locale\" content=\"en_US\" \/>\n<meta property=\"og:type\" content=\"article\" \/>\n<meta property=\"og:title\" content=\"X\u00e0bia dona suport per unanimitat al sector primari\" \/>\n<meta property=\"og:description\" content=\"El Ple destaca el paper clau de l\u2019agricultura, la ramaderia i la pesca en l\u2019economia local i reclama m\u00e9s suport d\u2019altres administracions\" \/>\n<meta property=\"og:url\" content=\"https:\/\/canfali.com\/ca-es\/xabia-dona-suport-per-unanimitat-al-sector-primari\/\" \/>\n<meta property=\"og:site_name\" content=\"Canfali\" \/>\n<meta property=\"article:publisher\" content=\"https:\/\/es-es.facebook.com\/CANFALIMarinaAlta\" \/>\n<meta property=\"article:published_time\" content=\"2026-01-29T19:25:53+00:00\" \/>\n<meta property=\"article:modified_time\" content=\"2026-01-29T19:27:28+00:00\" \/>\n<meta property=\"og:image\" content=\"https:\/\/canfali.com\/app\/uploads\/2026\/01\/pleno-municipal.jpeg\" \/>\n\t<meta property=\"og:image:width\" content=\"1600\" \/>\n\t<meta property=\"og:image:height\" content=\"720\" \/>\n\t<meta property=\"og:image:type\" content=\"image\/jpeg\" \/>\n<meta name=\"author\" content=\"Lluis\" \/>\n<meta name=\"twitter:card\" content=\"summary_large_image\" \/>\n<meta name=\"twitter:creator\" content=\"@canfalima\" \/>\n<meta name=\"twitter:site\" content=\"@canfalima\" \/>\n<meta name=\"twitter:label1\" content=\"Written by\" \/>\n\t<meta name=\"twitter:data1\" content=\"Lluis\" \/>\n\t<meta name=\"twitter:label2\" content=\"Est. reading time\" \/>\n\t<meta name=\"twitter:data2\" content=\"2 minutes\" \/>\n<script type=\"application\/ld+json\" class=\"yoast-schema-graph\">{\"@context\":\"https:\\\/\\\/schema.org\",\"@graph\":[{\"@type\":\"NewsArticle\",\"@id\":\"https:\\\/\\\/canfali.com\\\/ca-es\\\/xabia-dona-suport-per-unanimitat-al-sector-primari\\\/#article\",\"isPartOf\":{\"@id\":\"https:\\\/\\\/canfali.com\\\/ca-es\\\/xabia-dona-suport-per-unanimitat-al-sector-primari\\\/\"},\"author\":{\"name\":\"Lluis\",\"@id\":\"https:\\\/\\\/canfali.com\\\/ca-es\\\/#\\\/schema\\\/person\\\/f540a86fb33e10daaae53c59ceaa1194\"},\"headline\":\"X\u00e0bia dona suport per unanimitat al sector primari\",\"datePublished\":\"2026-01-29T19:25:53+00:00\",\"dateModified\":\"2026-01-29T19:27:28+00:00\",\"mainEntityOfPage\":{\"@id\":\"https:\\\/\\\/canfali.com\\\/ca-es\\\/xabia-dona-suport-per-unanimitat-al-sector-primari\\\/\"},\"wordCount\":465,\"publisher\":{\"@id\":\"https:\\\/\\\/canfali.com\\\/ca-es\\\/#organization\"},\"image\":{\"@id\":\"https:\\\/\\\/canfali.com\\\/ca-es\\\/xabia-dona-suport-per-unanimitat-al-sector-primari\\\/#primaryimage\"},\"thumbnailUrl\":\"https:\\\/\\\/canfali.com\\\/app\\\/uploads\\\/2026\\\/01\\\/pleno-municipal.jpeg\",\"articleSection\":[\"Municipal\"],\"inLanguage\":\"va-ES\",\"copyrightYear\":\"2026\",\"copyrightHolder\":{\"@id\":\"https:\\\/\\\/canfali.com\\\/#organization\"}},{\"@type\":\"WebPage\",\"@id\":\"https:\\\/\\\/canfali.com\\\/ca-es\\\/xabia-dona-suport-per-unanimitat-al-sector-primari\\\/\",\"url\":\"https:\\\/\\\/canfali.com\\\/ca-es\\\/xabia-dona-suport-per-unanimitat-al-sector-primari\\\/\",\"name\":\"X\u00e0bia dona suport per unanimitat al sector primari - Canfali\",\"isPartOf\":{\"@id\":\"https:\\\/\\\/canfali.com\\\/ca-es\\\/#website\"},\"primaryImageOfPage\":{\"@id\":\"https:\\\/\\\/canfali.com\\\/ca-es\\\/xabia-dona-suport-per-unanimitat-al-sector-primari\\\/#primaryimage\"},\"image\":{\"@id\":\"https:\\\/\\\/canfali.com\\\/ca-es\\\/xabia-dona-suport-per-unanimitat-al-sector-primari\\\/#primaryimage\"},\"thumbnailUrl\":\"https:\\\/\\\/canfali.com\\\/app\\\/uploads\\\/2026\\\/01\\\/pleno-municipal.jpeg\",\"datePublished\":\"2026-01-29T19:25:53+00:00\",\"dateModified\":\"2026-01-29T19:27:28+00:00\",\"description\":\"El Ple destaca el paper clau de l\u2019agricultura, la ramaderia i la pesca en l\u2019economia local i reclama m\u00e9s suport d\u2019altres administracions\",\"breadcrumb\":{\"@id\":\"https:\\\/\\\/canfali.com\\\/ca-es\\\/xabia-dona-suport-per-unanimitat-al-sector-primari\\\/#breadcrumb\"},\"inLanguage\":\"va-ES\",\"potentialAction\":[{\"@type\":\"ReadAction\",\"target\":[\"https:\\\/\\\/canfali.com\\\/ca-es\\\/xabia-dona-suport-per-unanimitat-al-sector-primari\\\/\"]}]},{\"@type\":\"ImageObject\",\"inLanguage\":\"va-ES\",\"@id\":\"https:\\\/\\\/canfali.com\\\/ca-es\\\/xabia-dona-suport-per-unanimitat-al-sector-primari\\\/#primaryimage\",\"url\":\"https:\\\/\\\/canfali.com\\\/app\\\/uploads\\\/2026\\\/01\\\/pleno-municipal.jpeg\",\"contentUrl\":\"https:\\\/\\\/canfali.com\\\/app\\\/uploads\\\/2026\\\/01\\\/pleno-municipal.jpeg\",\"width\":1600,\"height\":720},{\"@type\":\"BreadcrumbList\",\"@id\":\"https:\\\/\\\/canfali.com\\\/ca-es\\\/xabia-dona-suport-per-unanimitat-al-sector-primari\\\/#breadcrumb\",\"itemListElement\":[{\"@type\":\"ListItem\",\"position\":1,\"name\":\"Portada\",\"item\":\"https:\\\/\\\/canfali.com\\\/ca-es\\\/\"},{\"@type\":\"ListItem\",\"position\":2,\"name\":\"X\u00e0bia dona suport per unanimitat al sector primari\"}]},{\"@type\":\"WebSite\",\"@id\":\"https:\\\/\\\/canfali.com\\\/ca-es\\\/#website\",\"url\":\"https:\\\/\\\/canfali.com\\\/ca-es\\\/\",\"name\":\"Canfali\",\"description\":\"\",\"publisher\":{\"@id\":\"https:\\\/\\\/canfali.com\\\/ca-es\\\/#organization\"},\"potentialAction\":[{\"@type\":\"SearchAction\",\"target\":{\"@type\":\"EntryPoint\",\"urlTemplate\":\"https:\\\/\\\/canfali.com\\\/ca-es\\\/?s={search_term_string}\"},\"query-input\":{\"@type\":\"PropertyValueSpecification\",\"valueRequired\":true,\"valueName\":\"search_term_string\"}}],\"inLanguage\":\"va-ES\"},{\"@type\":\"Organization\",\"@id\":\"https:\\\/\\\/canfali.com\\\/ca-es\\\/#organization\",\"name\":\"Canfali\",\"url\":\"https:\\\/\\\/canfali.com\\\/ca-es\\\/\",\"logo\":{\"@type\":\"ImageObject\",\"inLanguage\":\"va-ES\",\"@id\":\"https:\\\/\\\/canfali.com\\\/ca-es\\\/#\\\/schema\\\/logo\\\/image\\\/\",\"url\":\"https:\\\/\\\/canfali.com\\\/app\\\/uploads\\\/2025\\\/12\\\/canfali_marina_alta_logo.png\",\"contentUrl\":\"https:\\\/\\\/canfali.com\\\/app\\\/uploads\\\/2025\\\/12\\\/canfali_marina_alta_logo.png\",\"width\":225,\"height\":225,\"caption\":\"Canfali\"},\"image\":{\"@id\":\"https:\\\/\\\/canfali.com\\\/ca-es\\\/#\\\/schema\\\/logo\\\/image\\\/\"},\"sameAs\":[\"https:\\\/\\\/es-es.facebook.com\\\/CANFALIMarinaAlta\",\"https:\\\/\\\/x.com\\\/canfalima\",\"https:\\\/\\\/www.instagram.com\\\/canfalimarinaalta\\\/\"]},{\"@type\":\"Person\",\"@id\":\"https:\\\/\\\/canfali.com\\\/ca-es\\\/#\\\/schema\\\/person\\\/f540a86fb33e10daaae53c59ceaa1194\",\"name\":\"Lluis\",\"image\":{\"@type\":\"ImageObject\",\"inLanguage\":\"va-ES\",\"@id\":\"https:\\\/\\\/secure.gravatar.com\\\/avatar\\\/a21ec8835290e4e02ed0886b8cb327d807d0eb6ec8ccf25d4c2a0a415f506c0d?s=96&d=mm&r=g\",\"url\":\"https:\\\/\\\/secure.gravatar.com\\\/avatar\\\/a21ec8835290e4e02ed0886b8cb327d807d0eb6ec8ccf25d4c2a0a415f506c0d?s=96&d=mm&r=g\",\"contentUrl\":\"https:\\\/\\\/secure.gravatar.com\\\/avatar\\\/a21ec8835290e4e02ed0886b8cb327d807d0eb6ec8ccf25d4c2a0a415f506c0d?s=96&d=mm&r=g\",\"caption\":\"Lluis\"},\"url\":\"https:\\\/\\\/canfali.com\\\/ca-es\\\/author\\\/lluis\\\/\"}]}<\/script>\n<!-- \/ Yoast SEO Premium plugin. -->","yoast_head_json":{"title":"X\u00e0bia dona suport per unanimitat al sector primari - Canfali","description":"El Ple destaca el paper clau de l\u2019agricultura, la ramaderia i la pesca en l\u2019economia local i reclama m\u00e9s suport d\u2019altres administracions","robots":{"index":"index","follow":"follow","max-snippet":"max-snippet:-1","max-image-preview":"max-image-preview:large","max-video-preview":"max-video-preview:-1"},"canonical":"https:\/\/canfali.com\/ca-es\/xabia-dona-suport-per-unanimitat-al-sector-primari\/","og_locale":"en_US","og_type":"article","og_title":"X\u00e0bia dona suport per unanimitat al sector primari","og_description":"El Ple destaca el paper clau de l\u2019agricultura, la ramaderia i la pesca en l\u2019economia local i reclama m\u00e9s suport d\u2019altres administracions","og_url":"https:\/\/canfali.com\/ca-es\/xabia-dona-suport-per-unanimitat-al-sector-primari\/","og_site_name":"Canfali","article_publisher":"https:\/\/es-es.facebook.com\/CANFALIMarinaAlta","article_published_time":"2026-01-29T19:25:53+00:00","article_modified_time":"2026-01-29T19:27:28+00:00","og_image":[{"width":1600,"height":720,"url":"https:\/\/canfali.com\/app\/uploads\/2026\/01\/pleno-municipal.jpeg","type":"image\/jpeg"}],"author":"Lluis","twitter_card":"summary_large_image","twitter_creator":"@canfalima","twitter_site":"@canfalima","twitter_misc":{"Written by":"Lluis","Est. reading time":"2 minutes"},"schema":{"@context":"https:\/\/schema.org","@graph":[{"@type":"NewsArticle","@id":"https:\/\/canfali.com\/ca-es\/xabia-dona-suport-per-unanimitat-al-sector-primari\/#article","isPartOf":{"@id":"https:\/\/canfali.com\/ca-es\/xabia-dona-suport-per-unanimitat-al-sector-primari\/"},"author":{"name":"Lluis","@id":"https:\/\/canfali.com\/ca-es\/#\/schema\/person\/f540a86fb33e10daaae53c59ceaa1194"},"headline":"X\u00e0bia dona suport per unanimitat al sector primari","datePublished":"2026-01-29T19:25:53+00:00","dateModified":"2026-01-29T19:27:28+00:00","mainEntityOfPage":{"@id":"https:\/\/canfali.com\/ca-es\/xabia-dona-suport-per-unanimitat-al-sector-primari\/"},"wordCount":465,"publisher":{"@id":"https:\/\/canfali.com\/ca-es\/#organization"},"image":{"@id":"https:\/\/canfali.com\/ca-es\/xabia-dona-suport-per-unanimitat-al-sector-primari\/#primaryimage"},"thumbnailUrl":"https:\/\/canfali.com\/app\/uploads\/2026\/01\/pleno-municipal.jpeg","articleSection":["Municipal"],"inLanguage":"va-ES","copyrightYear":"2026","copyrightHolder":{"@id":"https:\/\/canfali.com\/#organization"}},{"@type":"WebPage","@id":"https:\/\/canfali.com\/ca-es\/xabia-dona-suport-per-unanimitat-al-sector-primari\/","url":"https:\/\/canfali.com\/ca-es\/xabia-dona-suport-per-unanimitat-al-sector-primari\/","name":"X\u00e0bia dona suport per unanimitat al sector primari - Canfali","isPartOf":{"@id":"https:\/\/canfali.com\/ca-es\/#website"},"primaryImageOfPage":{"@id":"https:\/\/canfali.com\/ca-es\/xabia-dona-suport-per-unanimitat-al-sector-primari\/#primaryimage"},"image":{"@id":"https:\/\/canfali.com\/ca-es\/xabia-dona-suport-per-unanimitat-al-sector-primari\/#primaryimage"},"thumbnailUrl":"https:\/\/canfali.com\/app\/uploads\/2026\/01\/pleno-municipal.jpeg","datePublished":"2026-01-29T19:25:53+00:00","dateModified":"2026-01-29T19:27:28+00:00","description":"El Ple destaca el paper clau de l\u2019agricultura, la ramaderia i la pesca en l\u2019economia local i reclama m\u00e9s suport d\u2019altres administracions","breadcrumb":{"@id":"https:\/\/canfali.com\/ca-es\/xabia-dona-suport-per-unanimitat-al-sector-primari\/#breadcrumb"},"inLanguage":"va-ES","potentialAction":[{"@type":"ReadAction","target":["https:\/\/canfali.com\/ca-es\/xabia-dona-suport-per-unanimitat-al-sector-primari\/"]}]},{"@type":"ImageObject","inLanguage":"va-ES","@id":"https:\/\/canfali.com\/ca-es\/xabia-dona-suport-per-unanimitat-al-sector-primari\/#primaryimage","url":"https:\/\/canfali.com\/app\/uploads\/2026\/01\/pleno-municipal.jpeg","contentUrl":"https:\/\/canfali.com\/app\/uploads\/2026\/01\/pleno-municipal.jpeg","width":1600,"height":720},{"@type":"BreadcrumbList","@id":"https:\/\/canfali.com\/ca-es\/xabia-dona-suport-per-unanimitat-al-sector-primari\/#breadcrumb","itemListElement":[{"@type":"ListItem","position":1,"name":"Portada","item":"https:\/\/canfali.com\/ca-es\/"},{"@type":"ListItem","position":2,"name":"X\u00e0bia dona suport per unanimitat al sector primari"}]},{"@type":"WebSite","@id":"https:\/\/canfali.com\/ca-es\/#website","url":"https:\/\/canfali.com\/ca-es\/","name":"Canfali","description":"","publisher":{"@id":"https:\/\/canfali.com\/ca-es\/#organization"},"potentialAction":[{"@type":"SearchAction","target":{"@type":"EntryPoint","urlTemplate":"https:\/\/canfali.com\/ca-es\/?s={search_term_string}"},"query-input":{"@type":"PropertyValueSpecification","valueRequired":true,"valueName":"search_term_string"}}],"inLanguage":"va-ES"},{"@type":"Organization","@id":"https:\/\/canfali.com\/ca-es\/#organization","name":"Canfali","url":"https:\/\/canfali.com\/ca-es\/","logo":{"@type":"ImageObject","inLanguage":"va-ES","@id":"https:\/\/canfali.com\/ca-es\/#\/schema\/logo\/image\/","url":"https:\/\/canfali.com\/app\/uploads\/2025\/12\/canfali_marina_alta_logo.png","contentUrl":"https:\/\/canfali.com\/app\/uploads\/2025\/12\/canfali_marina_alta_logo.png","width":225,"height":225,"caption":"Canfali"},"image":{"@id":"https:\/\/canfali.com\/ca-es\/#\/schema\/logo\/image\/"},"sameAs":["https:\/\/es-es.facebook.com\/CANFALIMarinaAlta","https:\/\/x.com\/canfalima","https:\/\/www.instagram.com\/canfalimarinaalta\/"]},{"@type":"Person","@id":"https:\/\/canfali.com\/ca-es\/#\/schema\/person\/f540a86fb33e10daaae53c59ceaa1194","name":"Lluis","image":{"@type":"ImageObject","inLanguage":"va-ES","@id":"https:\/\/secure.gravatar.com\/avatar\/a21ec8835290e4e02ed0886b8cb327d807d0eb6ec8ccf25d4c2a0a415f506c0d?s=96&d=mm&r=g","url":"https:\/\/secure.gravatar.com\/avatar\/a21ec8835290e4e02ed0886b8cb327d807d0eb6ec8ccf25d4c2a0a415f506c0d?s=96&d=mm&r=g","contentUrl":"https:\/\/secure.gravatar.com\/avatar\/a21ec8835290e4e02ed0886b8cb327d807d0eb6ec8ccf25d4c2a0a415f506c0d?s=96&d=mm&r=g","caption":"Lluis"},"url":"https:\/\/canfali.com\/ca-es\/author\/lluis\/"}]}},"_links":{"self":[{"href":"https:\/\/canfali.com\/ca-es\/wp-json\/wp\/v2\/posts\/87795","targetHints":{"allow":["GET"]}}],"collection":[{"href":"https:\/\/canfali.com\/ca-es\/wp-json\/wp\/v2\/posts"}],"about":[{"href":"https:\/\/canfali.com\/ca-es\/wp-json\/wp\/v2\/types\/post"}],"author":[{"embeddable":true,"href":"https:\/\/canfali.com\/ca-es\/wp-json\/wp\/v2\/users\/8"}],"replies":[{"embeddable":true,"href":"https:\/\/canfali.com\/ca-es\/wp-json\/wp\/v2\/comments?post=87795"}],"version-history":[{"count":1,"href":"https:\/\/canfali.com\/ca-es\/wp-json\/wp\/v2\/posts\/87795\/revisions"}],"predecessor-version":[{"id":87796,"href":"https:\/\/canfali.com\/ca-es\/wp-json\/wp\/v2\/posts\/87795\/revisions\/87796"}],"wp:featuredmedia":[{"embeddable":true,"href":"https:\/\/canfali.com\/ca-es\/wp-json\/wp\/v2\/media\/87792"}],"wp:attachment":[{"href":"https:\/\/canfali.com\/ca-es\/wp-json\/wp\/v2\/media?parent=87795"}],"wp:term":[{"taxonomy":"category","embeddable":true,"href":"https:\/\/canfali.com\/ca-es\/wp-json\/wp\/v2\/categories?post=87795"},{"taxonomy":"post_tag","embeddable":true,"href":"https:\/\/canfali.com\/ca-es\/wp-json\/wp\/v2\/tags?post=87795"}],"curies":[{"name":"wp","href":"https:\/\/api.w.org\/{rel}","templated":true}]}}