{"id":87778,"date":"2026-01-29T18:17:56","date_gmt":"2026-01-29T17:17:56","guid":{"rendered":"https:\/\/canfali.com\/?p=87778"},"modified":"2026-01-29T18:19:34","modified_gmt":"2026-01-29T17:19:34","slug":"la-junta-rectora-del-parc-natural-de-la-marjal-de-pego-oliva-repren-la-seua-activitat","status":"publish","type":"post","link":"https:\/\/canfali.com\/ca-es\/la-junta-rectora-del-parc-natural-de-la-marjal-de-pego-oliva-repren-la-seua-activitat\/","title":{"rendered":"La Junta Rectora del Parc Natural de la marjal de Pego-Oliva repr\u00e8n la seua activitat"},"content":{"rendered":"\n<p><strong>L\u2019\u00f2rgan col\u00b7legiat consultiu i representatiu encarregat de vetlar per la gesti\u00f3, protecci\u00f3 i \u00fas sostenible de l&#8217;aiguamoll no es reunia des de 2022<\/strong><\/p>\n\n\n\n<p>Les repetides demandes de l\u2019Ajuntament de Pego per a que la Junta Rectora del parc natural de la Marjal reprengu\u00e9s l\u2019activitat semblen haver prosperat al aconseguir la convocat\u00f2ria de la primera reuni\u00f3 de la present legislatura, pel fet que els diferents estaments que l\u2019integren no havien tingut l\u2019oportunitat d\u2019abordar la gesti\u00f3 des de l\u2019any 2022.<\/p>\n\n\n\n<p>&nbsp;&nbsp;&nbsp;&nbsp;&nbsp;&nbsp; Aix\u00ed, l\u2019\u00f2rgan col\u00b7legiat consultiu i representatiu encarregat de vetlar per la gesti\u00f3, protecci\u00f3 i \u00fas sostenible de l&#8217;aiguamoll situat entre el terme municipal pegol\u00ed i del municipi ve\u00ed d&#8217;Oliva, ha comptat amb representants dels dos Ajuntaments, la Generalitat Valenciana, la Confederaci\u00f3 Hidrogr\u00e0fica del X\u00faquer, la direcci\u00f3 del Parc Natural, i altres entitats com la societat de ca\u00e7adors a la trobada celebrada al sal\u00f3 de plenaris de l\u2019Ajuntament de Pego.<\/p>\n\n\n\n<figure class=\"wp-block-image size-large\"><img decoding=\"async\" src=\"https:\/\/canfali.com\/app\/uploads\/2026\/01\/juntarectoramarjal2-1024x576.jpg.webp\" alt=\"\" class=\"wp-image-87781\"\/><\/figure>\n\n\n\n<p>&nbsp;&nbsp;&nbsp;&nbsp;&nbsp;&nbsp; Tots ells han abordat l&#8217;actual situaci\u00f3 en que es troba el proc\u00e9s d&#8217;elaboraci\u00f3 del Pla d&#8217;Ordenaci\u00f3 de Recursos Naturals i el Pla Rector d&#8217;Usos i Gestions, com a instruments b\u00e0sics per a la planificaci\u00f3 dels recursos naturals i que marcaran les directrius b\u00e0siques del maneig d&#8217;este preuat espai natural.<\/p>\n\n\n\n<p>Dit proc\u00e9s, segons ha transcendit, es troba encara en la &nbsp;fase d&#8217;avaluaci\u00f3 de l&#8217;estat actual, que comporta que posteriorment hi haja que treballar en diferents aspectes per a arribar a l&#8217;articulat, com l&#8217;an\u00e0lisi de l&#8217;\u00e0mbit territorial, l&#8217;estudi i valoraci\u00f3 del mitj\u00e0, revisi\u00f3 de problem\u00e0tiques i riscos naturals o fixar les prioritats, objectius o mesures alternatives. Comesa que, han apuntat, \u201cpot tardar m\u00e9s de 25 mesos\u201d.<\/p>\n\n\n\n<p>ACTUALITAT DE LA CONCENTRACI\u00d3 PARCEL\u00b7LARIA<\/p>\n\n\n\n<p>Altre dels temes que ha eixit a la palestra ha incidit en la concentraci\u00f3 parcel\u00b7l\u00e0ria, on, segons s\u2019ha explicat, una vegada s&#8217;han fet els treballs d&#8217;identificaci\u00f3 i reubicaci\u00f3 de parcel\u00b7les per tal d\u2019aconseguir que la Generalitat siga la propiet\u00e0ria de la major part de les parcel\u00b7les situades en la zona protegida, el seg\u00fcent pas comporta la presa de possessi\u00f3 -lliurament de les finques corresponents que abasta- la qual es dur\u00e0 a terme una vegada finalitze la sega d&#8217;arr\u00f2s d&#8217;enguany, per tal de, segons han advertit \u201cno entorpir els treballs\u201d.<\/p>\n\n\n\n<p>No obstant aix\u00f2, han apuntat, una vegada es constate el t\u00edtol de propietat de cada una de les parcel\u00b7les, \u201cposteriorment es desenrotllaran treballs de millora de camins\u201d.<\/p>\n\n\n\n<p>Aix\u00ed mateix, els participants no han rebutjat tractar el problema que ha anat en augment en els \u00faltims anys pel que fa a la proliferaci\u00f3 d&#8217;algunes esp\u00e8cies com el senglar, el conill o el gat dom\u00e8stic, els quals, segons han exposat, &nbsp;generen un problema en la fauna i flora aut\u00f2ctona del parc, a banda de que, especialment el primer d&#8217;ells, provoca accidents en carreteres. En concret, segons les dades recollides, en les \u00faltimes tres temporades han sigut m\u00e9s de mig miler les vegades que s&#8217;ha vist un exemplar per la zona del parc natural, per quant, segons remarquen \u201cla marjal \u00e9s un punt on este animal es troba b\u00e9 i s&#8217;alimenta\u201d.<\/p>\n\n\n\n<p>La circumst\u00e0ncia en q\u00fcesti\u00f3, els ha motivat a posar en marxa mesures restrictives com una campanya de parany que, afirmen, ha aconseguit frenar la corba de nombre d&#8217;exemplars presents en l&#8217;aiguamoll.<\/p>\n\n\n\n<p>Pel que fa a les conclusions, la represa de l\u2019activitat de la Junta Rectora ha propiciat l\u2019aprovaci\u00f3 un\u00e0nime dels presents per tal de crear una comissi\u00f3 dee seguiment del PRUG i PORN; i una altra al voltant de augmentar el control sobre l\u2019aigua de l\u2019aq\u00fc\u00edfer que nodreix a aquest emblem\u00e0tic espai naturals.<\/p>\n\n\n\n<p>Des del consistori pegol\u00ed, tant l&#8217;alcalde Enrique Moll, com la regidora de Medi Ambient, Laura Castell\u00e0, han sol\u00b7licitat expressament que \u201ctot el que s&#8217;ha parlat hui ac\u00ed no caiga en aigua de borratja, \u00e9s important que les administracions complisquen i s\u00e0pien feia on s&#8217;ha d&#8217;anar, perqu\u00e8 hem de treballar, treballar de veritat i de la m\u00e0 i amb inversions, i no pot ser que cada un dels actors que participa en la gesti\u00f3 del parc natural vaja d&#8217;una banda\u201d.<\/p>\n","protected":false},"excerpt":{"rendered":"L\u2019\u00f2rgan col\u00b7legiat consultiu i representatiu encarregat de vetlar per la gesti\u00f3, protecci\u00f3 i \u00fas sostenible de l&#8217;aiguamoll no&hellip;","protected":false},"author":4,"featured_media":87779,"comment_status":"closed","ping_status":"closed","sticky":false,"template":"","format":"standard","meta":{"csco_display_header_overlay":false,"csco_singular_sidebar":"","csco_page_header_type":"","csco_page_load_nextpost":"","csco_post_video_location":[],"csco_post_video_location_hash":"","csco_post_video_url":"","csco_post_video_bg_start_time":0,"csco_post_video_bg_end_time":0,"footnotes":""},"categories":[614],"tags":[6283,6282,6281,642,1857],"class_list":{"0":"post-87778","1":"post","2":"type-post","3":"status-publish","4":"format-standard","5":"has-post-thumbnail","7":"category-municipal-ca-es","8":"tag-junta-rectora","9":"tag-marjal","10":"tag-parc-natural","11":"tag-pego-2","12":"tag-reunio","13":"cs-entry","14":"cs-video-wrap"},"yoast_head":"<!-- This site is optimized with the Yoast SEO Premium plugin v26.6 (Yoast SEO v27.3) - https:\/\/yoast.com\/product\/yoast-seo-premium-wordpress\/ -->\n<title>La Junta Rectora del Parc Natural de la marjal de Pego-Oliva repr\u00e8n la seua activitat - Canfali<\/title>\n<meta name=\"robots\" content=\"index, follow, max-snippet:-1, max-image-preview:large, max-video-preview:-1\" \/>\n<link rel=\"canonical\" href=\"https:\/\/canfali.com\/ca-es\/la-junta-rectora-del-parc-natural-de-la-marjal-de-pego-oliva-repren-la-seua-activitat\/\" \/>\n<meta property=\"og:locale\" content=\"en_US\" \/>\n<meta property=\"og:type\" content=\"article\" \/>\n<meta property=\"og:title\" content=\"La Junta Rectora del Parc Natural de la marjal de Pego-Oliva repr\u00e8n la seua activitat\" \/>\n<meta property=\"og:description\" content=\"L\u2019\u00f2rgan col\u00b7legiat consultiu i representatiu encarregat de vetlar per la gesti\u00f3, protecci\u00f3 i \u00fas sostenible de l&#8217;aiguamoll no&hellip;\" \/>\n<meta property=\"og:url\" content=\"https:\/\/canfali.com\/ca-es\/la-junta-rectora-del-parc-natural-de-la-marjal-de-pego-oliva-repren-la-seua-activitat\/\" \/>\n<meta property=\"og:site_name\" content=\"Canfali\" \/>\n<meta property=\"article:publisher\" content=\"https:\/\/es-es.facebook.com\/CANFALIMarinaAlta\" \/>\n<meta property=\"article:published_time\" content=\"2026-01-29T17:17:56+00:00\" \/>\n<meta property=\"article:modified_time\" content=\"2026-01-29T17:19:34+00:00\" \/>\n<meta property=\"og:image\" content=\"https:\/\/canfali.com\/app\/uploads\/2026\/01\/juntarectoramarjal1-scaled.jpg\" \/>\n\t<meta property=\"og:image:width\" content=\"2560\" \/>\n\t<meta property=\"og:image:height\" content=\"1495\" \/>\n\t<meta property=\"og:image:type\" content=\"image\/jpeg\" \/>\n<meta name=\"author\" content=\"JJ Mas\" \/>\n<meta name=\"twitter:card\" content=\"summary_large_image\" \/>\n<meta name=\"twitter:creator\" content=\"@canfalima\" \/>\n<meta name=\"twitter:site\" content=\"@canfalima\" \/>\n<meta name=\"twitter:label1\" content=\"Written by\" \/>\n\t<meta name=\"twitter:data1\" content=\"JJ Mas\" \/>\n\t<meta name=\"twitter:label2\" content=\"Est. reading time\" \/>\n\t<meta name=\"twitter:data2\" content=\"4 minutes\" \/>\n<script type=\"application\/ld+json\" class=\"yoast-schema-graph\">{\"@context\":\"https:\\\/\\\/schema.org\",\"@graph\":[{\"@type\":\"NewsArticle\",\"@id\":\"https:\\\/\\\/canfali.com\\\/ca-es\\\/la-junta-rectora-del-parc-natural-de-la-marjal-de-pego-oliva-repren-la-seua-activitat\\\/#article\",\"isPartOf\":{\"@id\":\"https:\\\/\\\/canfali.com\\\/ca-es\\\/la-junta-rectora-del-parc-natural-de-la-marjal-de-pego-oliva-repren-la-seua-activitat\\\/\"},\"author\":{\"name\":\"JJ Mas\",\"@id\":\"https:\\\/\\\/canfali.com\\\/ca-es\\\/#\\\/schema\\\/person\\\/d834d2d4df17cac754d3c314d4c404ef\"},\"headline\":\"La Junta Rectora del Parc Natural de la marjal de Pego-Oliva repr\u00e8n la seua activitat\",\"datePublished\":\"2026-01-29T17:17:56+00:00\",\"dateModified\":\"2026-01-29T17:19:34+00:00\",\"mainEntityOfPage\":{\"@id\":\"https:\\\/\\\/canfali.com\\\/ca-es\\\/la-junta-rectora-del-parc-natural-de-la-marjal-de-pego-oliva-repren-la-seua-activitat\\\/\"},\"wordCount\":761,\"publisher\":{\"@id\":\"https:\\\/\\\/canfali.com\\\/ca-es\\\/#organization\"},\"image\":{\"@id\":\"https:\\\/\\\/canfali.com\\\/ca-es\\\/la-junta-rectora-del-parc-natural-de-la-marjal-de-pego-oliva-repren-la-seua-activitat\\\/#primaryimage\"},\"thumbnailUrl\":\"https:\\\/\\\/canfali.com\\\/app\\\/uploads\\\/2026\\\/01\\\/juntarectoramarjal1-scaled.jpg\",\"keywords\":[\"Junta Rectora\",\"marjal\",\"Parc natural\",\"Pego\",\"Reuni\u00f3\"],\"articleSection\":[\"Municipal\"],\"inLanguage\":\"va-ES\",\"copyrightYear\":\"2026\",\"copyrightHolder\":{\"@id\":\"https:\\\/\\\/canfali.com\\\/#organization\"}},{\"@type\":\"WebPage\",\"@id\":\"https:\\\/\\\/canfali.com\\\/ca-es\\\/la-junta-rectora-del-parc-natural-de-la-marjal-de-pego-oliva-repren-la-seua-activitat\\\/\",\"url\":\"https:\\\/\\\/canfali.com\\\/ca-es\\\/la-junta-rectora-del-parc-natural-de-la-marjal-de-pego-oliva-repren-la-seua-activitat\\\/\",\"name\":\"La Junta Rectora del Parc Natural de la marjal de Pego-Oliva repr\u00e8n la seua activitat - Canfali\",\"isPartOf\":{\"@id\":\"https:\\\/\\\/canfali.com\\\/ca-es\\\/#website\"},\"primaryImageOfPage\":{\"@id\":\"https:\\\/\\\/canfali.com\\\/ca-es\\\/la-junta-rectora-del-parc-natural-de-la-marjal-de-pego-oliva-repren-la-seua-activitat\\\/#primaryimage\"},\"image\":{\"@id\":\"https:\\\/\\\/canfali.com\\\/ca-es\\\/la-junta-rectora-del-parc-natural-de-la-marjal-de-pego-oliva-repren-la-seua-activitat\\\/#primaryimage\"},\"thumbnailUrl\":\"https:\\\/\\\/canfali.com\\\/app\\\/uploads\\\/2026\\\/01\\\/juntarectoramarjal1-scaled.jpg\",\"datePublished\":\"2026-01-29T17:17:56+00:00\",\"dateModified\":\"2026-01-29T17:19:34+00:00\",\"breadcrumb\":{\"@id\":\"https:\\\/\\\/canfali.com\\\/ca-es\\\/la-junta-rectora-del-parc-natural-de-la-marjal-de-pego-oliva-repren-la-seua-activitat\\\/#breadcrumb\"},\"inLanguage\":\"va-ES\",\"potentialAction\":[{\"@type\":\"ReadAction\",\"target\":[\"https:\\\/\\\/canfali.com\\\/ca-es\\\/la-junta-rectora-del-parc-natural-de-la-marjal-de-pego-oliva-repren-la-seua-activitat\\\/\"]}]},{\"@type\":\"ImageObject\",\"inLanguage\":\"va-ES\",\"@id\":\"https:\\\/\\\/canfali.com\\\/ca-es\\\/la-junta-rectora-del-parc-natural-de-la-marjal-de-pego-oliva-repren-la-seua-activitat\\\/#primaryimage\",\"url\":\"https:\\\/\\\/canfali.com\\\/app\\\/uploads\\\/2026\\\/01\\\/juntarectoramarjal1-scaled.jpg\",\"contentUrl\":\"https:\\\/\\\/canfali.com\\\/app\\\/uploads\\\/2026\\\/01\\\/juntarectoramarjal1-scaled.jpg\",\"width\":2560,\"height\":1495},{\"@type\":\"BreadcrumbList\",\"@id\":\"https:\\\/\\\/canfali.com\\\/ca-es\\\/la-junta-rectora-del-parc-natural-de-la-marjal-de-pego-oliva-repren-la-seua-activitat\\\/#breadcrumb\",\"itemListElement\":[{\"@type\":\"ListItem\",\"position\":1,\"name\":\"Portada\",\"item\":\"https:\\\/\\\/canfali.com\\\/ca-es\\\/\"},{\"@type\":\"ListItem\",\"position\":2,\"name\":\"La Junta Rectora del Parc Natural de la marjal de Pego-Oliva repr\u00e8n la seua activitat\"}]},{\"@type\":\"WebSite\",\"@id\":\"https:\\\/\\\/canfali.com\\\/ca-es\\\/#website\",\"url\":\"https:\\\/\\\/canfali.com\\\/ca-es\\\/\",\"name\":\"Canfali\",\"description\":\"\",\"publisher\":{\"@id\":\"https:\\\/\\\/canfali.com\\\/ca-es\\\/#organization\"},\"potentialAction\":[{\"@type\":\"SearchAction\",\"target\":{\"@type\":\"EntryPoint\",\"urlTemplate\":\"https:\\\/\\\/canfali.com\\\/ca-es\\\/?s={search_term_string}\"},\"query-input\":{\"@type\":\"PropertyValueSpecification\",\"valueRequired\":true,\"valueName\":\"search_term_string\"}}],\"inLanguage\":\"va-ES\"},{\"@type\":\"Organization\",\"@id\":\"https:\\\/\\\/canfali.com\\\/ca-es\\\/#organization\",\"name\":\"Canfali\",\"url\":\"https:\\\/\\\/canfali.com\\\/ca-es\\\/\",\"logo\":{\"@type\":\"ImageObject\",\"inLanguage\":\"va-ES\",\"@id\":\"https:\\\/\\\/canfali.com\\\/ca-es\\\/#\\\/schema\\\/logo\\\/image\\\/\",\"url\":\"https:\\\/\\\/canfali.com\\\/app\\\/uploads\\\/2025\\\/12\\\/canfali_marina_alta_logo.png\",\"contentUrl\":\"https:\\\/\\\/canfali.com\\\/app\\\/uploads\\\/2025\\\/12\\\/canfali_marina_alta_logo.png\",\"width\":225,\"height\":225,\"caption\":\"Canfali\"},\"image\":{\"@id\":\"https:\\\/\\\/canfali.com\\\/ca-es\\\/#\\\/schema\\\/logo\\\/image\\\/\"},\"sameAs\":[\"https:\\\/\\\/es-es.facebook.com\\\/CANFALIMarinaAlta\",\"https:\\\/\\\/x.com\\\/canfalima\",\"https:\\\/\\\/www.instagram.com\\\/canfalimarinaalta\\\/\"]},{\"@type\":\"Person\",\"@id\":\"https:\\\/\\\/canfali.com\\\/ca-es\\\/#\\\/schema\\\/person\\\/d834d2d4df17cac754d3c314d4c404ef\",\"name\":\"JJ Mas\",\"image\":{\"@type\":\"ImageObject\",\"inLanguage\":\"va-ES\",\"@id\":\"https:\\\/\\\/secure.gravatar.com\\\/avatar\\\/65a5191f5438bf88c2394f6d1a625a6ff903c8785268e603c623a83bc15ba1ee?s=96&d=mm&r=g\",\"url\":\"https:\\\/\\\/secure.gravatar.com\\\/avatar\\\/65a5191f5438bf88c2394f6d1a625a6ff903c8785268e603c623a83bc15ba1ee?s=96&d=mm&r=g\",\"contentUrl\":\"https:\\\/\\\/secure.gravatar.com\\\/avatar\\\/65a5191f5438bf88c2394f6d1a625a6ff903c8785268e603c623a83bc15ba1ee?s=96&d=mm&r=g\",\"caption\":\"JJ Mas\"},\"url\":\"https:\\\/\\\/canfali.com\\\/ca-es\\\/author\\\/jj\\\/\"}]}<\/script>\n<!-- \/ Yoast SEO Premium plugin. -->","yoast_head_json":{"title":"La Junta Rectora del Parc Natural de la marjal de Pego-Oliva repr\u00e8n la seua activitat - Canfali","robots":{"index":"index","follow":"follow","max-snippet":"max-snippet:-1","max-image-preview":"max-image-preview:large","max-video-preview":"max-video-preview:-1"},"canonical":"https:\/\/canfali.com\/ca-es\/la-junta-rectora-del-parc-natural-de-la-marjal-de-pego-oliva-repren-la-seua-activitat\/","og_locale":"en_US","og_type":"article","og_title":"La Junta Rectora del Parc Natural de la marjal de Pego-Oliva repr\u00e8n la seua activitat","og_description":"L\u2019\u00f2rgan col\u00b7legiat consultiu i representatiu encarregat de vetlar per la gesti\u00f3, protecci\u00f3 i \u00fas sostenible de l&#8217;aiguamoll no&hellip;","og_url":"https:\/\/canfali.com\/ca-es\/la-junta-rectora-del-parc-natural-de-la-marjal-de-pego-oliva-repren-la-seua-activitat\/","og_site_name":"Canfali","article_publisher":"https:\/\/es-es.facebook.com\/CANFALIMarinaAlta","article_published_time":"2026-01-29T17:17:56+00:00","article_modified_time":"2026-01-29T17:19:34+00:00","og_image":[{"width":2560,"height":1495,"url":"https:\/\/canfali.com\/app\/uploads\/2026\/01\/juntarectoramarjal1-scaled.jpg","type":"image\/jpeg"}],"author":"JJ Mas","twitter_card":"summary_large_image","twitter_creator":"@canfalima","twitter_site":"@canfalima","twitter_misc":{"Written by":"JJ Mas","Est. reading time":"4 minutes"},"schema":{"@context":"https:\/\/schema.org","@graph":[{"@type":"NewsArticle","@id":"https:\/\/canfali.com\/ca-es\/la-junta-rectora-del-parc-natural-de-la-marjal-de-pego-oliva-repren-la-seua-activitat\/#article","isPartOf":{"@id":"https:\/\/canfali.com\/ca-es\/la-junta-rectora-del-parc-natural-de-la-marjal-de-pego-oliva-repren-la-seua-activitat\/"},"author":{"name":"JJ Mas","@id":"https:\/\/canfali.com\/ca-es\/#\/schema\/person\/d834d2d4df17cac754d3c314d4c404ef"},"headline":"La Junta Rectora del Parc Natural de la marjal de Pego-Oliva repr\u00e8n la seua activitat","datePublished":"2026-01-29T17:17:56+00:00","dateModified":"2026-01-29T17:19:34+00:00","mainEntityOfPage":{"@id":"https:\/\/canfali.com\/ca-es\/la-junta-rectora-del-parc-natural-de-la-marjal-de-pego-oliva-repren-la-seua-activitat\/"},"wordCount":761,"publisher":{"@id":"https:\/\/canfali.com\/ca-es\/#organization"},"image":{"@id":"https:\/\/canfali.com\/ca-es\/la-junta-rectora-del-parc-natural-de-la-marjal-de-pego-oliva-repren-la-seua-activitat\/#primaryimage"},"thumbnailUrl":"https:\/\/canfali.com\/app\/uploads\/2026\/01\/juntarectoramarjal1-scaled.jpg","keywords":["Junta Rectora","marjal","Parc natural","Pego","Reuni\u00f3"],"articleSection":["Municipal"],"inLanguage":"va-ES","copyrightYear":"2026","copyrightHolder":{"@id":"https:\/\/canfali.com\/#organization"}},{"@type":"WebPage","@id":"https:\/\/canfali.com\/ca-es\/la-junta-rectora-del-parc-natural-de-la-marjal-de-pego-oliva-repren-la-seua-activitat\/","url":"https:\/\/canfali.com\/ca-es\/la-junta-rectora-del-parc-natural-de-la-marjal-de-pego-oliva-repren-la-seua-activitat\/","name":"La Junta Rectora del Parc Natural de la marjal de Pego-Oliva repr\u00e8n la seua activitat - Canfali","isPartOf":{"@id":"https:\/\/canfali.com\/ca-es\/#website"},"primaryImageOfPage":{"@id":"https:\/\/canfali.com\/ca-es\/la-junta-rectora-del-parc-natural-de-la-marjal-de-pego-oliva-repren-la-seua-activitat\/#primaryimage"},"image":{"@id":"https:\/\/canfali.com\/ca-es\/la-junta-rectora-del-parc-natural-de-la-marjal-de-pego-oliva-repren-la-seua-activitat\/#primaryimage"},"thumbnailUrl":"https:\/\/canfali.com\/app\/uploads\/2026\/01\/juntarectoramarjal1-scaled.jpg","datePublished":"2026-01-29T17:17:56+00:00","dateModified":"2026-01-29T17:19:34+00:00","breadcrumb":{"@id":"https:\/\/canfali.com\/ca-es\/la-junta-rectora-del-parc-natural-de-la-marjal-de-pego-oliva-repren-la-seua-activitat\/#breadcrumb"},"inLanguage":"va-ES","potentialAction":[{"@type":"ReadAction","target":["https:\/\/canfali.com\/ca-es\/la-junta-rectora-del-parc-natural-de-la-marjal-de-pego-oliva-repren-la-seua-activitat\/"]}]},{"@type":"ImageObject","inLanguage":"va-ES","@id":"https:\/\/canfali.com\/ca-es\/la-junta-rectora-del-parc-natural-de-la-marjal-de-pego-oliva-repren-la-seua-activitat\/#primaryimage","url":"https:\/\/canfali.com\/app\/uploads\/2026\/01\/juntarectoramarjal1-scaled.jpg","contentUrl":"https:\/\/canfali.com\/app\/uploads\/2026\/01\/juntarectoramarjal1-scaled.jpg","width":2560,"height":1495},{"@type":"BreadcrumbList","@id":"https:\/\/canfali.com\/ca-es\/la-junta-rectora-del-parc-natural-de-la-marjal-de-pego-oliva-repren-la-seua-activitat\/#breadcrumb","itemListElement":[{"@type":"ListItem","position":1,"name":"Portada","item":"https:\/\/canfali.com\/ca-es\/"},{"@type":"ListItem","position":2,"name":"La Junta Rectora del Parc Natural de la marjal de Pego-Oliva repr\u00e8n la seua activitat"}]},{"@type":"WebSite","@id":"https:\/\/canfali.com\/ca-es\/#website","url":"https:\/\/canfali.com\/ca-es\/","name":"Canfali","description":"","publisher":{"@id":"https:\/\/canfali.com\/ca-es\/#organization"},"potentialAction":[{"@type":"SearchAction","target":{"@type":"EntryPoint","urlTemplate":"https:\/\/canfali.com\/ca-es\/?s={search_term_string}"},"query-input":{"@type":"PropertyValueSpecification","valueRequired":true,"valueName":"search_term_string"}}],"inLanguage":"va-ES"},{"@type":"Organization","@id":"https:\/\/canfali.com\/ca-es\/#organization","name":"Canfali","url":"https:\/\/canfali.com\/ca-es\/","logo":{"@type":"ImageObject","inLanguage":"va-ES","@id":"https:\/\/canfali.com\/ca-es\/#\/schema\/logo\/image\/","url":"https:\/\/canfali.com\/app\/uploads\/2025\/12\/canfali_marina_alta_logo.png","contentUrl":"https:\/\/canfali.com\/app\/uploads\/2025\/12\/canfali_marina_alta_logo.png","width":225,"height":225,"caption":"Canfali"},"image":{"@id":"https:\/\/canfali.com\/ca-es\/#\/schema\/logo\/image\/"},"sameAs":["https:\/\/es-es.facebook.com\/CANFALIMarinaAlta","https:\/\/x.com\/canfalima","https:\/\/www.instagram.com\/canfalimarinaalta\/"]},{"@type":"Person","@id":"https:\/\/canfali.com\/ca-es\/#\/schema\/person\/d834d2d4df17cac754d3c314d4c404ef","name":"JJ Mas","image":{"@type":"ImageObject","inLanguage":"va-ES","@id":"https:\/\/secure.gravatar.com\/avatar\/65a5191f5438bf88c2394f6d1a625a6ff903c8785268e603c623a83bc15ba1ee?s=96&d=mm&r=g","url":"https:\/\/secure.gravatar.com\/avatar\/65a5191f5438bf88c2394f6d1a625a6ff903c8785268e603c623a83bc15ba1ee?s=96&d=mm&r=g","contentUrl":"https:\/\/secure.gravatar.com\/avatar\/65a5191f5438bf88c2394f6d1a625a6ff903c8785268e603c623a83bc15ba1ee?s=96&d=mm&r=g","caption":"JJ Mas"},"url":"https:\/\/canfali.com\/ca-es\/author\/jj\/"}]}},"_links":{"self":[{"href":"https:\/\/canfali.com\/ca-es\/wp-json\/wp\/v2\/posts\/87778","targetHints":{"allow":["GET"]}}],"collection":[{"href":"https:\/\/canfali.com\/ca-es\/wp-json\/wp\/v2\/posts"}],"about":[{"href":"https:\/\/canfali.com\/ca-es\/wp-json\/wp\/v2\/types\/post"}],"author":[{"embeddable":true,"href":"https:\/\/canfali.com\/ca-es\/wp-json\/wp\/v2\/users\/4"}],"replies":[{"embeddable":true,"href":"https:\/\/canfali.com\/ca-es\/wp-json\/wp\/v2\/comments?post=87778"}],"version-history":[{"count":1,"href":"https:\/\/canfali.com\/ca-es\/wp-json\/wp\/v2\/posts\/87778\/revisions"}],"predecessor-version":[{"id":87783,"href":"https:\/\/canfali.com\/ca-es\/wp-json\/wp\/v2\/posts\/87778\/revisions\/87783"}],"wp:featuredmedia":[{"embeddable":true,"href":"https:\/\/canfali.com\/ca-es\/wp-json\/wp\/v2\/media\/87779"}],"wp:attachment":[{"href":"https:\/\/canfali.com\/ca-es\/wp-json\/wp\/v2\/media?parent=87778"}],"wp:term":[{"taxonomy":"category","embeddable":true,"href":"https:\/\/canfali.com\/ca-es\/wp-json\/wp\/v2\/categories?post=87778"},{"taxonomy":"post_tag","embeddable":true,"href":"https:\/\/canfali.com\/ca-es\/wp-json\/wp\/v2\/tags?post=87778"}],"curies":[{"name":"wp","href":"https:\/\/api.w.org\/{rel}","templated":true}]}}