{"id":87771,"date":"2026-01-29T13:20:10","date_gmt":"2026-01-29T12:20:10","guid":{"rendered":"https:\/\/canfali.com\/?p=87771"},"modified":"2026-01-29T13:20:12","modified_gmt":"2026-01-29T12:20:12","slug":"actuacio-forestal-al-parc-de-segaria-dondara","status":"publish","type":"post","link":"https:\/\/canfali.com\/ca-es\/actuacio-forestal-al-parc-de-segaria-dondara\/","title":{"rendered":"Actuaci\u00f3 forestal al parc de Seg\u00e0ria d\u2019Ondara"},"content":{"rendered":"\n<p><strong>L\u2019Ajuntament procedeix a la retirada d\u2019una cinquantena de pins morts com a mesura de seguretat de cara als usuaris<\/strong><\/p>\n\n\n\n<p>La Regidoria de Medi Ambient de l\u2019Ajuntament d\u2019Ondara ha confirmat l\u2019inici d\u2019una actuaci\u00f3 forestal extraordin\u00e0ria al parc de Seg\u00e0ria per retirar un total de 50 pins morts que representen un risc per als usuaris de l\u2019indret.<\/p>\n\n\n\n<p>Segons ha explicat el responsable de l\u2019\u00e0rea, Miguel Gomis, l\u2019actuaci\u00f3 resulta necess\u00e0ria davant la pres\u00e8ncia d\u2019arbres que es troben completament secs o inclinats, alguns d\u2019ells ja caiguts, i que poden provocar desprendiments o caigudes sobtades, especialment en zones de pas i d\u2019\u00fas p\u00fablic com senders, bancs i zones d\u2019estada.<\/p>\n\n\n\n<figure class=\"wp-block-image size-large\"><img decoding=\"async\" src=\"https:\/\/canfali.com\/app\/uploads\/2026\/01\/actuacioforestal-dig-bona2-768x1024.jpeg.webp\" alt=\"\" class=\"wp-image-87774\"\/><\/figure>\n\n\n\n<p>Aix\u00ed mateix, ha especificat que els treballs, quantificats amb 14.973 euros iva incl\u00f2s i que tenen un termini m\u00e0xim d\u2019execuci\u00f3 el 12 de febrer, estan a c\u00e0rrec d\u2019 una empresa especialitzada en treballs forestals, a tenor del tipus d\u2019intervenci\u00f3 i les condicions del terreny.<\/p>\n\n\n\n<p>UN ESPAI NATURAL QUE REQUEREIX MANTENIMEN CONTINU<\/p>\n\n\n\n<p>\u201cEs tracta d\u2019una intervenci\u00f3 totalment imprescindible i priorit\u00e0ria per garantir la seguretat de les persones que visiten Seg\u00e0ria, ja que en els \u00faltims mesos hem detectat un increment de pins secs que, a causa del seu estat i de les condicions meteorol\u00f2giques, poden caure en qualsevol moment\u201d, ha manifestat Gomis, per a incidir que el parc municipal es un dels paratges m\u00e9s visitats del municipi, tant per senderistes com per fam\u00edlies i esportistes, i acull proves esportives com el Gegant de Pedra, el pr\u00f2xim 15 de febrer.<\/p>\n\n\n\n<p>En eixa din\u00e0mica, apunta que la pres\u00e8ncia d\u2019arbres morts i inclinats \u2014alguns d\u2019ells situats prop de sendes\u2014 suposa un risc evident, tal com mostren les imatges recollides recentment.<\/p>\n\n\n\n<p>Des de la Regidoria de Medi Ambient es recorda que aquest tipus d\u2019actuacions formen part del manteniment habitual dels espais naturals i que, un cop finalitzats els treballs, el paratge recuperar\u00e0 les condicions \u00f2ptimes de seguretat.<\/p>\n\n\n\n<p>Per al regidor \u201cla nostra obligaci\u00f3 \u00e9s actuar abans que es produ\u00efsca cap incident, aquesta \u00e9s una mesura preventiva per\u00f2 absolutament necess\u00e0ria, perqu\u00e8 volem que Seg\u00e0ria continue sent un espai segur, agradable i natural per a totes i tots\u201d. Mesura que, segons ressalta, \u201cs\u2019ha planificat amb criteris estrictament t\u00e8cnics i ambientals, minimitzant qualsevol impacte i respectant al m\u00e0xim la resta de vegetaci\u00f3 i l\u2019entorn\u201d.<\/p>\n\n\n\n<p><a>.<\/a><\/p>\n","protected":false},"excerpt":{"rendered":"L\u2019Ajuntament procedeix a la retirada d\u2019una cinquantena de pins morts com a mesura de seguretat de cara als&hellip;","protected":false},"author":4,"featured_media":87772,"comment_status":"closed","ping_status":"closed","sticky":false,"template":"","format":"standard","meta":{"csco_display_header_overlay":false,"csco_singular_sidebar":"","csco_page_header_type":"","csco_page_load_nextpost":"","csco_post_video_location":[],"csco_post_video_location_hash":"","csco_post_video_url":"","csco_post_video_bg_start_time":0,"csco_post_video_bg_end_time":0,"footnotes":""},"categories":[4551],"tags":[2349,6280,6279,4687],"class_list":{"0":"post-87771","1":"post","2":"type-post","3":"status-publish","4":"format-standard","5":"has-post-thumbnail","7":"category-turisme","8":"tag-ondara-ca-es","9":"tag-parc-de-segaria","10":"tag-pins-morts","11":"tag-retirada-ca-es","12":"cs-entry","13":"cs-video-wrap"},"yoast_head":"<!-- This site is optimized with the Yoast SEO Premium plugin v26.6 (Yoast SEO v27.3) - https:\/\/yoast.com\/product\/yoast-seo-premium-wordpress\/ -->\n<title>Actuaci\u00f3 forestal al parc de Seg\u00e0ria d\u2019Ondara - Canfali<\/title>\n<meta name=\"robots\" content=\"index, follow, max-snippet:-1, max-image-preview:large, max-video-preview:-1\" \/>\n<link rel=\"canonical\" href=\"https:\/\/canfali.com\/ca-es\/actuacio-forestal-al-parc-de-segaria-dondara\/\" \/>\n<meta property=\"og:locale\" content=\"en_US\" \/>\n<meta property=\"og:type\" content=\"article\" \/>\n<meta property=\"og:title\" content=\"Actuaci\u00f3 forestal al parc de Seg\u00e0ria d\u2019Ondara\" \/>\n<meta property=\"og:description\" content=\"L\u2019Ajuntament procedeix a la retirada d\u2019una cinquantena de pins morts com a mesura de seguretat de cara als&hellip;\" \/>\n<meta property=\"og:url\" content=\"https:\/\/canfali.com\/ca-es\/actuacio-forestal-al-parc-de-segaria-dondara\/\" \/>\n<meta property=\"og:site_name\" content=\"Canfali\" \/>\n<meta property=\"article:publisher\" content=\"https:\/\/es-es.facebook.com\/CANFALIMarinaAlta\" \/>\n<meta property=\"article:published_time\" content=\"2026-01-29T12:20:10+00:00\" \/>\n<meta property=\"article:modified_time\" content=\"2026-01-29T12:20:12+00:00\" \/>\n<meta property=\"og:image\" content=\"https:\/\/canfali.com\/app\/uploads\/2026\/01\/actuacioforestal-dig-bona.jpeg\" \/>\n\t<meta property=\"og:image:width\" content=\"2000\" \/>\n\t<meta property=\"og:image:height\" content=\"1500\" \/>\n\t<meta property=\"og:image:type\" content=\"image\/jpeg\" \/>\n<meta name=\"author\" content=\"JJ Mas\" \/>\n<meta name=\"twitter:card\" content=\"summary_large_image\" \/>\n<meta name=\"twitter:creator\" content=\"@canfalima\" \/>\n<meta name=\"twitter:site\" content=\"@canfalima\" \/>\n<meta name=\"twitter:label1\" content=\"Written by\" \/>\n\t<meta name=\"twitter:data1\" content=\"JJ Mas\" \/>\n\t<meta name=\"twitter:label2\" content=\"Est. reading time\" \/>\n\t<meta name=\"twitter:data2\" content=\"3 minutes\" \/>\n<script type=\"application\/ld+json\" class=\"yoast-schema-graph\">{\"@context\":\"https:\\\/\\\/schema.org\",\"@graph\":[{\"@type\":\"NewsArticle\",\"@id\":\"https:\\\/\\\/canfali.com\\\/ca-es\\\/actuacio-forestal-al-parc-de-segaria-dondara\\\/#article\",\"isPartOf\":{\"@id\":\"https:\\\/\\\/canfali.com\\\/ca-es\\\/actuacio-forestal-al-parc-de-segaria-dondara\\\/\"},\"author\":{\"name\":\"JJ Mas\",\"@id\":\"https:\\\/\\\/canfali.com\\\/ca-es\\\/#\\\/schema\\\/person\\\/d834d2d4df17cac754d3c314d4c404ef\"},\"headline\":\"Actuaci\u00f3 forestal al parc de Seg\u00e0ria d\u2019Ondara\",\"datePublished\":\"2026-01-29T12:20:10+00:00\",\"dateModified\":\"2026-01-29T12:20:12+00:00\",\"mainEntityOfPage\":{\"@id\":\"https:\\\/\\\/canfali.com\\\/ca-es\\\/actuacio-forestal-al-parc-de-segaria-dondara\\\/\"},\"wordCount\":417,\"publisher\":{\"@id\":\"https:\\\/\\\/canfali.com\\\/ca-es\\\/#organization\"},\"image\":{\"@id\":\"https:\\\/\\\/canfali.com\\\/ca-es\\\/actuacio-forestal-al-parc-de-segaria-dondara\\\/#primaryimage\"},\"thumbnailUrl\":\"https:\\\/\\\/canfali.com\\\/app\\\/uploads\\\/2026\\\/01\\\/actuacioforestal-dig-bona.jpeg\",\"keywords\":[\"ondara\",\"parc de Seg\u00e0ria\",\"pins morts\",\"retirada\"],\"articleSection\":[\"Turisme\"],\"inLanguage\":\"va-ES\",\"copyrightYear\":\"2026\",\"copyrightHolder\":{\"@id\":\"https:\\\/\\\/canfali.com\\\/#organization\"}},{\"@type\":\"WebPage\",\"@id\":\"https:\\\/\\\/canfali.com\\\/ca-es\\\/actuacio-forestal-al-parc-de-segaria-dondara\\\/\",\"url\":\"https:\\\/\\\/canfali.com\\\/ca-es\\\/actuacio-forestal-al-parc-de-segaria-dondara\\\/\",\"name\":\"Actuaci\u00f3 forestal al parc de Seg\u00e0ria d\u2019Ondara - Canfali\",\"isPartOf\":{\"@id\":\"https:\\\/\\\/canfali.com\\\/ca-es\\\/#website\"},\"primaryImageOfPage\":{\"@id\":\"https:\\\/\\\/canfali.com\\\/ca-es\\\/actuacio-forestal-al-parc-de-segaria-dondara\\\/#primaryimage\"},\"image\":{\"@id\":\"https:\\\/\\\/canfali.com\\\/ca-es\\\/actuacio-forestal-al-parc-de-segaria-dondara\\\/#primaryimage\"},\"thumbnailUrl\":\"https:\\\/\\\/canfali.com\\\/app\\\/uploads\\\/2026\\\/01\\\/actuacioforestal-dig-bona.jpeg\",\"datePublished\":\"2026-01-29T12:20:10+00:00\",\"dateModified\":\"2026-01-29T12:20:12+00:00\",\"breadcrumb\":{\"@id\":\"https:\\\/\\\/canfali.com\\\/ca-es\\\/actuacio-forestal-al-parc-de-segaria-dondara\\\/#breadcrumb\"},\"inLanguage\":\"va-ES\",\"potentialAction\":[{\"@type\":\"ReadAction\",\"target\":[\"https:\\\/\\\/canfali.com\\\/ca-es\\\/actuacio-forestal-al-parc-de-segaria-dondara\\\/\"]}]},{\"@type\":\"ImageObject\",\"inLanguage\":\"va-ES\",\"@id\":\"https:\\\/\\\/canfali.com\\\/ca-es\\\/actuacio-forestal-al-parc-de-segaria-dondara\\\/#primaryimage\",\"url\":\"https:\\\/\\\/canfali.com\\\/app\\\/uploads\\\/2026\\\/01\\\/actuacioforestal-dig-bona.jpeg\",\"contentUrl\":\"https:\\\/\\\/canfali.com\\\/app\\\/uploads\\\/2026\\\/01\\\/actuacioforestal-dig-bona.jpeg\",\"width\":2000,\"height\":1500},{\"@type\":\"BreadcrumbList\",\"@id\":\"https:\\\/\\\/canfali.com\\\/ca-es\\\/actuacio-forestal-al-parc-de-segaria-dondara\\\/#breadcrumb\",\"itemListElement\":[{\"@type\":\"ListItem\",\"position\":1,\"name\":\"Portada\",\"item\":\"https:\\\/\\\/canfali.com\\\/ca-es\\\/\"},{\"@type\":\"ListItem\",\"position\":2,\"name\":\"Actuaci\u00f3 forestal al parc de Seg\u00e0ria d\u2019Ondara\"}]},{\"@type\":\"WebSite\",\"@id\":\"https:\\\/\\\/canfali.com\\\/ca-es\\\/#website\",\"url\":\"https:\\\/\\\/canfali.com\\\/ca-es\\\/\",\"name\":\"Canfali\",\"description\":\"\",\"publisher\":{\"@id\":\"https:\\\/\\\/canfali.com\\\/ca-es\\\/#organization\"},\"potentialAction\":[{\"@type\":\"SearchAction\",\"target\":{\"@type\":\"EntryPoint\",\"urlTemplate\":\"https:\\\/\\\/canfali.com\\\/ca-es\\\/?s={search_term_string}\"},\"query-input\":{\"@type\":\"PropertyValueSpecification\",\"valueRequired\":true,\"valueName\":\"search_term_string\"}}],\"inLanguage\":\"va-ES\"},{\"@type\":\"Organization\",\"@id\":\"https:\\\/\\\/canfali.com\\\/ca-es\\\/#organization\",\"name\":\"Canfali\",\"url\":\"https:\\\/\\\/canfali.com\\\/ca-es\\\/\",\"logo\":{\"@type\":\"ImageObject\",\"inLanguage\":\"va-ES\",\"@id\":\"https:\\\/\\\/canfali.com\\\/ca-es\\\/#\\\/schema\\\/logo\\\/image\\\/\",\"url\":\"https:\\\/\\\/canfali.com\\\/app\\\/uploads\\\/2025\\\/12\\\/canfali_marina_alta_logo.png\",\"contentUrl\":\"https:\\\/\\\/canfali.com\\\/app\\\/uploads\\\/2025\\\/12\\\/canfali_marina_alta_logo.png\",\"width\":225,\"height\":225,\"caption\":\"Canfali\"},\"image\":{\"@id\":\"https:\\\/\\\/canfali.com\\\/ca-es\\\/#\\\/schema\\\/logo\\\/image\\\/\"},\"sameAs\":[\"https:\\\/\\\/es-es.facebook.com\\\/CANFALIMarinaAlta\",\"https:\\\/\\\/x.com\\\/canfalima\",\"https:\\\/\\\/www.instagram.com\\\/canfalimarinaalta\\\/\"]},{\"@type\":\"Person\",\"@id\":\"https:\\\/\\\/canfali.com\\\/ca-es\\\/#\\\/schema\\\/person\\\/d834d2d4df17cac754d3c314d4c404ef\",\"name\":\"JJ Mas\",\"image\":{\"@type\":\"ImageObject\",\"inLanguage\":\"va-ES\",\"@id\":\"https:\\\/\\\/secure.gravatar.com\\\/avatar\\\/65a5191f5438bf88c2394f6d1a625a6ff903c8785268e603c623a83bc15ba1ee?s=96&d=mm&r=g\",\"url\":\"https:\\\/\\\/secure.gravatar.com\\\/avatar\\\/65a5191f5438bf88c2394f6d1a625a6ff903c8785268e603c623a83bc15ba1ee?s=96&d=mm&r=g\",\"contentUrl\":\"https:\\\/\\\/secure.gravatar.com\\\/avatar\\\/65a5191f5438bf88c2394f6d1a625a6ff903c8785268e603c623a83bc15ba1ee?s=96&d=mm&r=g\",\"caption\":\"JJ Mas\"},\"url\":\"https:\\\/\\\/canfali.com\\\/ca-es\\\/author\\\/jj\\\/\"}]}<\/script>\n<!-- \/ Yoast SEO Premium plugin. -->","yoast_head_json":{"title":"Actuaci\u00f3 forestal al parc de Seg\u00e0ria d\u2019Ondara - Canfali","robots":{"index":"index","follow":"follow","max-snippet":"max-snippet:-1","max-image-preview":"max-image-preview:large","max-video-preview":"max-video-preview:-1"},"canonical":"https:\/\/canfali.com\/ca-es\/actuacio-forestal-al-parc-de-segaria-dondara\/","og_locale":"en_US","og_type":"article","og_title":"Actuaci\u00f3 forestal al parc de Seg\u00e0ria d\u2019Ondara","og_description":"L\u2019Ajuntament procedeix a la retirada d\u2019una cinquantena de pins morts com a mesura de seguretat de cara als&hellip;","og_url":"https:\/\/canfali.com\/ca-es\/actuacio-forestal-al-parc-de-segaria-dondara\/","og_site_name":"Canfali","article_publisher":"https:\/\/es-es.facebook.com\/CANFALIMarinaAlta","article_published_time":"2026-01-29T12:20:10+00:00","article_modified_time":"2026-01-29T12:20:12+00:00","og_image":[{"width":2000,"height":1500,"url":"https:\/\/canfali.com\/app\/uploads\/2026\/01\/actuacioforestal-dig-bona.jpeg","type":"image\/jpeg"}],"author":"JJ Mas","twitter_card":"summary_large_image","twitter_creator":"@canfalima","twitter_site":"@canfalima","twitter_misc":{"Written by":"JJ Mas","Est. reading time":"3 minutes"},"schema":{"@context":"https:\/\/schema.org","@graph":[{"@type":"NewsArticle","@id":"https:\/\/canfali.com\/ca-es\/actuacio-forestal-al-parc-de-segaria-dondara\/#article","isPartOf":{"@id":"https:\/\/canfali.com\/ca-es\/actuacio-forestal-al-parc-de-segaria-dondara\/"},"author":{"name":"JJ Mas","@id":"https:\/\/canfali.com\/ca-es\/#\/schema\/person\/d834d2d4df17cac754d3c314d4c404ef"},"headline":"Actuaci\u00f3 forestal al parc de Seg\u00e0ria d\u2019Ondara","datePublished":"2026-01-29T12:20:10+00:00","dateModified":"2026-01-29T12:20:12+00:00","mainEntityOfPage":{"@id":"https:\/\/canfali.com\/ca-es\/actuacio-forestal-al-parc-de-segaria-dondara\/"},"wordCount":417,"publisher":{"@id":"https:\/\/canfali.com\/ca-es\/#organization"},"image":{"@id":"https:\/\/canfali.com\/ca-es\/actuacio-forestal-al-parc-de-segaria-dondara\/#primaryimage"},"thumbnailUrl":"https:\/\/canfali.com\/app\/uploads\/2026\/01\/actuacioforestal-dig-bona.jpeg","keywords":["ondara","parc de Seg\u00e0ria","pins morts","retirada"],"articleSection":["Turisme"],"inLanguage":"va-ES","copyrightYear":"2026","copyrightHolder":{"@id":"https:\/\/canfali.com\/#organization"}},{"@type":"WebPage","@id":"https:\/\/canfali.com\/ca-es\/actuacio-forestal-al-parc-de-segaria-dondara\/","url":"https:\/\/canfali.com\/ca-es\/actuacio-forestal-al-parc-de-segaria-dondara\/","name":"Actuaci\u00f3 forestal al parc de Seg\u00e0ria d\u2019Ondara - Canfali","isPartOf":{"@id":"https:\/\/canfali.com\/ca-es\/#website"},"primaryImageOfPage":{"@id":"https:\/\/canfali.com\/ca-es\/actuacio-forestal-al-parc-de-segaria-dondara\/#primaryimage"},"image":{"@id":"https:\/\/canfali.com\/ca-es\/actuacio-forestal-al-parc-de-segaria-dondara\/#primaryimage"},"thumbnailUrl":"https:\/\/canfali.com\/app\/uploads\/2026\/01\/actuacioforestal-dig-bona.jpeg","datePublished":"2026-01-29T12:20:10+00:00","dateModified":"2026-01-29T12:20:12+00:00","breadcrumb":{"@id":"https:\/\/canfali.com\/ca-es\/actuacio-forestal-al-parc-de-segaria-dondara\/#breadcrumb"},"inLanguage":"va-ES","potentialAction":[{"@type":"ReadAction","target":["https:\/\/canfali.com\/ca-es\/actuacio-forestal-al-parc-de-segaria-dondara\/"]}]},{"@type":"ImageObject","inLanguage":"va-ES","@id":"https:\/\/canfali.com\/ca-es\/actuacio-forestal-al-parc-de-segaria-dondara\/#primaryimage","url":"https:\/\/canfali.com\/app\/uploads\/2026\/01\/actuacioforestal-dig-bona.jpeg","contentUrl":"https:\/\/canfali.com\/app\/uploads\/2026\/01\/actuacioforestal-dig-bona.jpeg","width":2000,"height":1500},{"@type":"BreadcrumbList","@id":"https:\/\/canfali.com\/ca-es\/actuacio-forestal-al-parc-de-segaria-dondara\/#breadcrumb","itemListElement":[{"@type":"ListItem","position":1,"name":"Portada","item":"https:\/\/canfali.com\/ca-es\/"},{"@type":"ListItem","position":2,"name":"Actuaci\u00f3 forestal al parc de Seg\u00e0ria d\u2019Ondara"}]},{"@type":"WebSite","@id":"https:\/\/canfali.com\/ca-es\/#website","url":"https:\/\/canfali.com\/ca-es\/","name":"Canfali","description":"","publisher":{"@id":"https:\/\/canfali.com\/ca-es\/#organization"},"potentialAction":[{"@type":"SearchAction","target":{"@type":"EntryPoint","urlTemplate":"https:\/\/canfali.com\/ca-es\/?s={search_term_string}"},"query-input":{"@type":"PropertyValueSpecification","valueRequired":true,"valueName":"search_term_string"}}],"inLanguage":"va-ES"},{"@type":"Organization","@id":"https:\/\/canfali.com\/ca-es\/#organization","name":"Canfali","url":"https:\/\/canfali.com\/ca-es\/","logo":{"@type":"ImageObject","inLanguage":"va-ES","@id":"https:\/\/canfali.com\/ca-es\/#\/schema\/logo\/image\/","url":"https:\/\/canfali.com\/app\/uploads\/2025\/12\/canfali_marina_alta_logo.png","contentUrl":"https:\/\/canfali.com\/app\/uploads\/2025\/12\/canfali_marina_alta_logo.png","width":225,"height":225,"caption":"Canfali"},"image":{"@id":"https:\/\/canfali.com\/ca-es\/#\/schema\/logo\/image\/"},"sameAs":["https:\/\/es-es.facebook.com\/CANFALIMarinaAlta","https:\/\/x.com\/canfalima","https:\/\/www.instagram.com\/canfalimarinaalta\/"]},{"@type":"Person","@id":"https:\/\/canfali.com\/ca-es\/#\/schema\/person\/d834d2d4df17cac754d3c314d4c404ef","name":"JJ Mas","image":{"@type":"ImageObject","inLanguage":"va-ES","@id":"https:\/\/secure.gravatar.com\/avatar\/65a5191f5438bf88c2394f6d1a625a6ff903c8785268e603c623a83bc15ba1ee?s=96&d=mm&r=g","url":"https:\/\/secure.gravatar.com\/avatar\/65a5191f5438bf88c2394f6d1a625a6ff903c8785268e603c623a83bc15ba1ee?s=96&d=mm&r=g","contentUrl":"https:\/\/secure.gravatar.com\/avatar\/65a5191f5438bf88c2394f6d1a625a6ff903c8785268e603c623a83bc15ba1ee?s=96&d=mm&r=g","caption":"JJ Mas"},"url":"https:\/\/canfali.com\/ca-es\/author\/jj\/"}]}},"_links":{"self":[{"href":"https:\/\/canfali.com\/ca-es\/wp-json\/wp\/v2\/posts\/87771","targetHints":{"allow":["GET"]}}],"collection":[{"href":"https:\/\/canfali.com\/ca-es\/wp-json\/wp\/v2\/posts"}],"about":[{"href":"https:\/\/canfali.com\/ca-es\/wp-json\/wp\/v2\/types\/post"}],"author":[{"embeddable":true,"href":"https:\/\/canfali.com\/ca-es\/wp-json\/wp\/v2\/users\/4"}],"replies":[{"embeddable":true,"href":"https:\/\/canfali.com\/ca-es\/wp-json\/wp\/v2\/comments?post=87771"}],"version-history":[{"count":1,"href":"https:\/\/canfali.com\/ca-es\/wp-json\/wp\/v2\/posts\/87771\/revisions"}],"predecessor-version":[{"id":87776,"href":"https:\/\/canfali.com\/ca-es\/wp-json\/wp\/v2\/posts\/87771\/revisions\/87776"}],"wp:featuredmedia":[{"embeddable":true,"href":"https:\/\/canfali.com\/ca-es\/wp-json\/wp\/v2\/media\/87772"}],"wp:attachment":[{"href":"https:\/\/canfali.com\/ca-es\/wp-json\/wp\/v2\/media?parent=87771"}],"wp:term":[{"taxonomy":"category","embeddable":true,"href":"https:\/\/canfali.com\/ca-es\/wp-json\/wp\/v2\/categories?post=87771"},{"taxonomy":"post_tag","embeddable":true,"href":"https:\/\/canfali.com\/ca-es\/wp-json\/wp\/v2\/tags?post=87771"}],"curies":[{"name":"wp","href":"https:\/\/api.w.org\/{rel}","templated":true}]}}