{"id":87751,"date":"2026-01-29T11:33:14","date_gmt":"2026-01-29T10:33:14","guid":{"rendered":"https:\/\/canfali.com\/rehabilitacio-de-la-fabrica-de-sabo-del-verger\/"},"modified":"2026-01-29T11:36:58","modified_gmt":"2026-01-29T10:36:58","slug":"rehabilitacio-de-la-fabrica-de-sabo-del-verger","status":"publish","type":"post","link":"https:\/\/canfali.com\/ca-es\/rehabilitacio-de-la-fabrica-de-sabo-del-verger\/","title":{"rendered":"Rehabilitaci\u00f3 de la f\u00e0brica de sab\u00f3 del Verger"},"content":{"rendered":"\n<p>L&#8217;Ajuntament del Verger ha iniciat les obres de rehabilitaci\u00f3 de la F\u00e0brica de Sab\u00f3 i l&#8217;adequaci\u00f3 del seu entorn urb\u00e0, situada en el carrer Sant Antoni, un projecte clau per a la recuperaci\u00f3 del patrimoni local i la millora de l&#8217;espai urb\u00e0 del municipi. \tLa F\u00e0brica \u00e9s un edifici hist\u00f2ric de principis del segle XX, amb una fa\u00e7ana modernista molt caracter\u00edstica i que els \u00faltims anys ha passat a ser una senya d\u2019identitat m\u00e9s del Verger.<\/p>\n\n<p>Les obres estan sent executades per l&#8217;empresa Vies i Obres Aitana S.L., mentre que el projecte i la direcci\u00f3 d&#8217;obra corresponen a Epigram Arquitectura S.L.P.. El pressupost total de l&#8217;actuaci\u00f3 ascendeix a 734.221 euros, dels quals 500.000 euros s\u00f3n finan\u00e7ats pel Pla Conviure de la Generalitat Valenciana (GVA), i la resta fons propis de l\u2019Ajuntament, que any rere any augmenta la seua capacitat d\u2019inversi\u00f3.<\/p>\n\n<p>\tEl passat 20 de gener de 2026 es va signar l&#8217;acta de replanteig, amb l&#8217;inici immediat dels treballs, que ja es troben en execuci\u00f3. El termini previst de les obres \u00e9s de 10 mesos.<\/p>\n\n<figure class=\"wp-block-image size-large\"><img fetchpriority=\"high\" decoding=\"async\" width=\"1024\" height=\"507\" src=\"https:\/\/canfali.com\/app\/uploads\/2026\/01\/sabo-verger-1024x507.jpg\" alt=\"\" class=\"wp-image-87746\" srcset=\"https:\/\/canfali.com\/app\/uploads\/2026\/01\/sabo-verger-1024x507.jpg 1024w, https:\/\/canfali.com\/app\/uploads\/2026\/01\/sabo-verger-300x149.jpg 300w, https:\/\/canfali.com\/app\/uploads\/2026\/01\/sabo-verger-768x380.jpg 768w, https:\/\/canfali.com\/app\/uploads\/2026\/01\/sabo-verger-1536x760.jpg 1536w, https:\/\/canfali.com\/app\/uploads\/2026\/01\/sabo-verger.jpg 1600w\" sizes=\"(max-width: 1024px) 100vw, 1024px\" \/><\/figure>\n\n<p>Amb aquesta actuaci\u00f3, l&#8217;Ajuntament del Verger respon a una demanda hist\u00f2rica de la ciutadania i el mon associatiu i fester del Poble, que necessita d\u2019un espai ample, c\u00f2mode i vers\u00e0til per a tot tipus d\u2019esdeveniments.<\/p>\n\n<p>L\u2019Ajuntament reafirma el seu comprom\u00eds amb la rehabilitaci\u00f3 d&#8217;edificis hist\u00f2rics, la revitalitzaci\u00f3 urbana i la millora dels espais p\u00fablics, contribuint aix\u00ed al desenvolupament sostenible i a la qualitat de vida de la ciutadania.<\/p>\n","protected":false},"excerpt":{"rendered":"L&#8217;Ajuntament del Verger ha iniciat les obres de rehabilitaci\u00f3 de la F\u00e0brica de Sab\u00f3 i l&#8217;adequaci\u00f3 del seu&hellip;","protected":false},"author":5,"featured_media":87749,"comment_status":"closed","ping_status":"closed","sticky":false,"template":"","format":"standard","meta":{"csco_display_header_overlay":false,"csco_singular_sidebar":"","csco_page_header_type":"","csco_page_load_nextpost":"","csco_post_video_location":[],"csco_post_video_location_hash":"","csco_post_video_url":"","csco_post_video_bg_start_time":0,"csco_post_video_bg_end_time":0,"footnotes":""},"categories":[614,1],"tags":[6270,1021,4781],"class_list":{"0":"post-87751","1":"post","2":"type-post","3":"status-publish","4":"format-standard","5":"has-post-thumbnail","7":"category-municipal-ca-es","8":"category-sin-categorizar","9":"tag-fabrica-sabo","10":"tag-patrimoni","11":"tag-rehabilitacio","12":"cs-entry","13":"cs-video-wrap"},"yoast_head":"<!-- This site is optimized with the Yoast SEO Premium plugin v26.6 (Yoast SEO v27.3) - https:\/\/yoast.com\/product\/yoast-seo-premium-wordpress\/ -->\n<title>Rehabilitaci\u00f3 de la f\u00e0brica de sab\u00f3 del Verger - Canfali<\/title>\n<meta name=\"robots\" content=\"index, follow, max-snippet:-1, max-image-preview:large, max-video-preview:-1\" \/>\n<link rel=\"canonical\" href=\"https:\/\/canfali.com\/ca-es\/rehabilitacio-de-la-fabrica-de-sabo-del-verger\/\" \/>\n<meta property=\"og:locale\" content=\"en_US\" \/>\n<meta property=\"og:type\" content=\"article\" \/>\n<meta property=\"og:title\" content=\"Rehabilitaci\u00f3 de la f\u00e0brica de sab\u00f3 del Verger\" \/>\n<meta property=\"og:description\" content=\"L&#8217;Ajuntament del Verger ha iniciat les obres de rehabilitaci\u00f3 de la F\u00e0brica de Sab\u00f3 i l&#8217;adequaci\u00f3 del seu&hellip;\" \/>\n<meta property=\"og:url\" content=\"https:\/\/canfali.com\/ca-es\/rehabilitacio-de-la-fabrica-de-sabo-del-verger\/\" \/>\n<meta property=\"og:site_name\" content=\"Canfali\" \/>\n<meta property=\"article:publisher\" content=\"https:\/\/es-es.facebook.com\/CANFALIMarinaAlta\" \/>\n<meta property=\"article:published_time\" content=\"2026-01-29T10:33:14+00:00\" \/>\n<meta property=\"article:modified_time\" content=\"2026-01-29T10:36:58+00:00\" \/>\n<meta property=\"og:image\" content=\"https:\/\/canfali.com\/app\/uploads\/2026\/01\/sabo-verger2.jpg\" \/>\n\t<meta property=\"og:image:width\" content=\"1600\" \/>\n\t<meta property=\"og:image:height\" content=\"783\" \/>\n\t<meta property=\"og:image:type\" content=\"image\/jpeg\" \/>\n<meta name=\"author\" content=\"D\u00eddac\" \/>\n<meta name=\"twitter:card\" content=\"summary_large_image\" \/>\n<meta name=\"twitter:creator\" content=\"@canfalima\" \/>\n<meta name=\"twitter:site\" content=\"@canfalima\" \/>\n<meta name=\"twitter:label1\" content=\"Written by\" \/>\n\t<meta name=\"twitter:data1\" content=\"D\u00eddac\" \/>\n\t<meta name=\"twitter:label2\" content=\"Est. reading time\" \/>\n\t<meta name=\"twitter:data2\" content=\"1 minute\" \/>\n<script type=\"application\/ld+json\" class=\"yoast-schema-graph\">{\"@context\":\"https:\\\/\\\/schema.org\",\"@graph\":[{\"@type\":\"NewsArticle\",\"@id\":\"https:\\\/\\\/canfali.com\\\/ca-es\\\/rehabilitacio-de-la-fabrica-de-sabo-del-verger\\\/#article\",\"isPartOf\":{\"@id\":\"https:\\\/\\\/canfali.com\\\/ca-es\\\/rehabilitacio-de-la-fabrica-de-sabo-del-verger\\\/\"},\"author\":{\"name\":\"D\u00eddac\",\"@id\":\"https:\\\/\\\/canfali.com\\\/ca-es\\\/#\\\/schema\\\/person\\\/5211f51be1ed486a218e6a4f53355b6d\"},\"headline\":\"Rehabilitaci\u00f3 de la f\u00e0brica de sab\u00f3 del Verger\",\"datePublished\":\"2026-01-29T10:33:14+00:00\",\"dateModified\":\"2026-01-29T10:36:58+00:00\",\"mainEntityOfPage\":{\"@id\":\"https:\\\/\\\/canfali.com\\\/ca-es\\\/rehabilitacio-de-la-fabrica-de-sabo-del-verger\\\/\"},\"wordCount\":279,\"publisher\":{\"@id\":\"https:\\\/\\\/canfali.com\\\/ca-es\\\/#organization\"},\"image\":{\"@id\":\"https:\\\/\\\/canfali.com\\\/ca-es\\\/rehabilitacio-de-la-fabrica-de-sabo-del-verger\\\/#primaryimage\"},\"thumbnailUrl\":\"https:\\\/\\\/canfali.com\\\/app\\\/uploads\\\/2026\\\/01\\\/sabo-verger2.jpg\",\"keywords\":[\"f\u00e0brica sab\u00f3\",\"patrimoni\",\"rehabilitaci\u00f3\"],\"articleSection\":[\"Municipal\",\"Sin categorizar\"],\"inLanguage\":\"va-ES\",\"copyrightYear\":\"2026\",\"copyrightHolder\":{\"@id\":\"https:\\\/\\\/canfali.com\\\/#organization\"}},{\"@type\":\"WebPage\",\"@id\":\"https:\\\/\\\/canfali.com\\\/ca-es\\\/rehabilitacio-de-la-fabrica-de-sabo-del-verger\\\/\",\"url\":\"https:\\\/\\\/canfali.com\\\/ca-es\\\/rehabilitacio-de-la-fabrica-de-sabo-del-verger\\\/\",\"name\":\"Rehabilitaci\u00f3 de la f\u00e0brica de sab\u00f3 del Verger - Canfali\",\"isPartOf\":{\"@id\":\"https:\\\/\\\/canfali.com\\\/ca-es\\\/#website\"},\"primaryImageOfPage\":{\"@id\":\"https:\\\/\\\/canfali.com\\\/ca-es\\\/rehabilitacio-de-la-fabrica-de-sabo-del-verger\\\/#primaryimage\"},\"image\":{\"@id\":\"https:\\\/\\\/canfali.com\\\/ca-es\\\/rehabilitacio-de-la-fabrica-de-sabo-del-verger\\\/#primaryimage\"},\"thumbnailUrl\":\"https:\\\/\\\/canfali.com\\\/app\\\/uploads\\\/2026\\\/01\\\/sabo-verger2.jpg\",\"datePublished\":\"2026-01-29T10:33:14+00:00\",\"dateModified\":\"2026-01-29T10:36:58+00:00\",\"breadcrumb\":{\"@id\":\"https:\\\/\\\/canfali.com\\\/ca-es\\\/rehabilitacio-de-la-fabrica-de-sabo-del-verger\\\/#breadcrumb\"},\"inLanguage\":\"va-ES\",\"potentialAction\":[{\"@type\":\"ReadAction\",\"target\":[\"https:\\\/\\\/canfali.com\\\/ca-es\\\/rehabilitacio-de-la-fabrica-de-sabo-del-verger\\\/\"]}]},{\"@type\":\"ImageObject\",\"inLanguage\":\"va-ES\",\"@id\":\"https:\\\/\\\/canfali.com\\\/ca-es\\\/rehabilitacio-de-la-fabrica-de-sabo-del-verger\\\/#primaryimage\",\"url\":\"https:\\\/\\\/canfali.com\\\/app\\\/uploads\\\/2026\\\/01\\\/sabo-verger2.jpg\",\"contentUrl\":\"https:\\\/\\\/canfali.com\\\/app\\\/uploads\\\/2026\\\/01\\\/sabo-verger2.jpg\",\"width\":1600,\"height\":783},{\"@type\":\"BreadcrumbList\",\"@id\":\"https:\\\/\\\/canfali.com\\\/ca-es\\\/rehabilitacio-de-la-fabrica-de-sabo-del-verger\\\/#breadcrumb\",\"itemListElement\":[{\"@type\":\"ListItem\",\"position\":1,\"name\":\"Portada\",\"item\":\"https:\\\/\\\/canfali.com\\\/ca-es\\\/\"},{\"@type\":\"ListItem\",\"position\":2,\"name\":\"Rehabilitaci\u00f3 de la f\u00e0brica de sab\u00f3 del Verger\"}]},{\"@type\":\"WebSite\",\"@id\":\"https:\\\/\\\/canfali.com\\\/ca-es\\\/#website\",\"url\":\"https:\\\/\\\/canfali.com\\\/ca-es\\\/\",\"name\":\"Canfali\",\"description\":\"\",\"publisher\":{\"@id\":\"https:\\\/\\\/canfali.com\\\/ca-es\\\/#organization\"},\"potentialAction\":[{\"@type\":\"SearchAction\",\"target\":{\"@type\":\"EntryPoint\",\"urlTemplate\":\"https:\\\/\\\/canfali.com\\\/ca-es\\\/?s={search_term_string}\"},\"query-input\":{\"@type\":\"PropertyValueSpecification\",\"valueRequired\":true,\"valueName\":\"search_term_string\"}}],\"inLanguage\":\"va-ES\"},{\"@type\":\"Organization\",\"@id\":\"https:\\\/\\\/canfali.com\\\/ca-es\\\/#organization\",\"name\":\"Canfali\",\"url\":\"https:\\\/\\\/canfali.com\\\/ca-es\\\/\",\"logo\":{\"@type\":\"ImageObject\",\"inLanguage\":\"va-ES\",\"@id\":\"https:\\\/\\\/canfali.com\\\/ca-es\\\/#\\\/schema\\\/logo\\\/image\\\/\",\"url\":\"https:\\\/\\\/canfali.com\\\/app\\\/uploads\\\/2025\\\/12\\\/canfali_marina_alta_logo.png\",\"contentUrl\":\"https:\\\/\\\/canfali.com\\\/app\\\/uploads\\\/2025\\\/12\\\/canfali_marina_alta_logo.png\",\"width\":225,\"height\":225,\"caption\":\"Canfali\"},\"image\":{\"@id\":\"https:\\\/\\\/canfali.com\\\/ca-es\\\/#\\\/schema\\\/logo\\\/image\\\/\"},\"sameAs\":[\"https:\\\/\\\/es-es.facebook.com\\\/CANFALIMarinaAlta\",\"https:\\\/\\\/x.com\\\/canfalima\",\"https:\\\/\\\/www.instagram.com\\\/canfalimarinaalta\\\/\"]},{\"@type\":\"Person\",\"@id\":\"https:\\\/\\\/canfali.com\\\/ca-es\\\/#\\\/schema\\\/person\\\/5211f51be1ed486a218e6a4f53355b6d\",\"name\":\"D\u00eddac\",\"image\":{\"@type\":\"ImageObject\",\"inLanguage\":\"va-ES\",\"@id\":\"https:\\\/\\\/secure.gravatar.com\\\/avatar\\\/a68a2078c12da8a6dd6cff4f3f3f69f7eb69a2d31ac1aac4da61c3761e4557f4?s=96&d=mm&r=g\",\"url\":\"https:\\\/\\\/secure.gravatar.com\\\/avatar\\\/a68a2078c12da8a6dd6cff4f3f3f69f7eb69a2d31ac1aac4da61c3761e4557f4?s=96&d=mm&r=g\",\"contentUrl\":\"https:\\\/\\\/secure.gravatar.com\\\/avatar\\\/a68a2078c12da8a6dd6cff4f3f3f69f7eb69a2d31ac1aac4da61c3761e4557f4?s=96&d=mm&r=g\",\"caption\":\"D\u00eddac\"},\"url\":\"https:\\\/\\\/canfali.com\\\/ca-es\\\/author\\\/didac\\\/\"}]}<\/script>\n<!-- \/ Yoast SEO Premium plugin. -->","yoast_head_json":{"title":"Rehabilitaci\u00f3 de la f\u00e0brica de sab\u00f3 del Verger - Canfali","robots":{"index":"index","follow":"follow","max-snippet":"max-snippet:-1","max-image-preview":"max-image-preview:large","max-video-preview":"max-video-preview:-1"},"canonical":"https:\/\/canfali.com\/ca-es\/rehabilitacio-de-la-fabrica-de-sabo-del-verger\/","og_locale":"en_US","og_type":"article","og_title":"Rehabilitaci\u00f3 de la f\u00e0brica de sab\u00f3 del Verger","og_description":"L&#8217;Ajuntament del Verger ha iniciat les obres de rehabilitaci\u00f3 de la F\u00e0brica de Sab\u00f3 i l&#8217;adequaci\u00f3 del seu&hellip;","og_url":"https:\/\/canfali.com\/ca-es\/rehabilitacio-de-la-fabrica-de-sabo-del-verger\/","og_site_name":"Canfali","article_publisher":"https:\/\/es-es.facebook.com\/CANFALIMarinaAlta","article_published_time":"2026-01-29T10:33:14+00:00","article_modified_time":"2026-01-29T10:36:58+00:00","og_image":[{"width":1600,"height":783,"url":"https:\/\/canfali.com\/app\/uploads\/2026\/01\/sabo-verger2.jpg","type":"image\/jpeg"}],"author":"D\u00eddac","twitter_card":"summary_large_image","twitter_creator":"@canfalima","twitter_site":"@canfalima","twitter_misc":{"Written by":"D\u00eddac","Est. reading time":"1 minute"},"schema":{"@context":"https:\/\/schema.org","@graph":[{"@type":"NewsArticle","@id":"https:\/\/canfali.com\/ca-es\/rehabilitacio-de-la-fabrica-de-sabo-del-verger\/#article","isPartOf":{"@id":"https:\/\/canfali.com\/ca-es\/rehabilitacio-de-la-fabrica-de-sabo-del-verger\/"},"author":{"name":"D\u00eddac","@id":"https:\/\/canfali.com\/ca-es\/#\/schema\/person\/5211f51be1ed486a218e6a4f53355b6d"},"headline":"Rehabilitaci\u00f3 de la f\u00e0brica de sab\u00f3 del Verger","datePublished":"2026-01-29T10:33:14+00:00","dateModified":"2026-01-29T10:36:58+00:00","mainEntityOfPage":{"@id":"https:\/\/canfali.com\/ca-es\/rehabilitacio-de-la-fabrica-de-sabo-del-verger\/"},"wordCount":279,"publisher":{"@id":"https:\/\/canfali.com\/ca-es\/#organization"},"image":{"@id":"https:\/\/canfali.com\/ca-es\/rehabilitacio-de-la-fabrica-de-sabo-del-verger\/#primaryimage"},"thumbnailUrl":"https:\/\/canfali.com\/app\/uploads\/2026\/01\/sabo-verger2.jpg","keywords":["f\u00e0brica sab\u00f3","patrimoni","rehabilitaci\u00f3"],"articleSection":["Municipal","Sin categorizar"],"inLanguage":"va-ES","copyrightYear":"2026","copyrightHolder":{"@id":"https:\/\/canfali.com\/#organization"}},{"@type":"WebPage","@id":"https:\/\/canfali.com\/ca-es\/rehabilitacio-de-la-fabrica-de-sabo-del-verger\/","url":"https:\/\/canfali.com\/ca-es\/rehabilitacio-de-la-fabrica-de-sabo-del-verger\/","name":"Rehabilitaci\u00f3 de la f\u00e0brica de sab\u00f3 del Verger - Canfali","isPartOf":{"@id":"https:\/\/canfali.com\/ca-es\/#website"},"primaryImageOfPage":{"@id":"https:\/\/canfali.com\/ca-es\/rehabilitacio-de-la-fabrica-de-sabo-del-verger\/#primaryimage"},"image":{"@id":"https:\/\/canfali.com\/ca-es\/rehabilitacio-de-la-fabrica-de-sabo-del-verger\/#primaryimage"},"thumbnailUrl":"https:\/\/canfali.com\/app\/uploads\/2026\/01\/sabo-verger2.jpg","datePublished":"2026-01-29T10:33:14+00:00","dateModified":"2026-01-29T10:36:58+00:00","breadcrumb":{"@id":"https:\/\/canfali.com\/ca-es\/rehabilitacio-de-la-fabrica-de-sabo-del-verger\/#breadcrumb"},"inLanguage":"va-ES","potentialAction":[{"@type":"ReadAction","target":["https:\/\/canfali.com\/ca-es\/rehabilitacio-de-la-fabrica-de-sabo-del-verger\/"]}]},{"@type":"ImageObject","inLanguage":"va-ES","@id":"https:\/\/canfali.com\/ca-es\/rehabilitacio-de-la-fabrica-de-sabo-del-verger\/#primaryimage","url":"https:\/\/canfali.com\/app\/uploads\/2026\/01\/sabo-verger2.jpg","contentUrl":"https:\/\/canfali.com\/app\/uploads\/2026\/01\/sabo-verger2.jpg","width":1600,"height":783},{"@type":"BreadcrumbList","@id":"https:\/\/canfali.com\/ca-es\/rehabilitacio-de-la-fabrica-de-sabo-del-verger\/#breadcrumb","itemListElement":[{"@type":"ListItem","position":1,"name":"Portada","item":"https:\/\/canfali.com\/ca-es\/"},{"@type":"ListItem","position":2,"name":"Rehabilitaci\u00f3 de la f\u00e0brica de sab\u00f3 del Verger"}]},{"@type":"WebSite","@id":"https:\/\/canfali.com\/ca-es\/#website","url":"https:\/\/canfali.com\/ca-es\/","name":"Canfali","description":"","publisher":{"@id":"https:\/\/canfali.com\/ca-es\/#organization"},"potentialAction":[{"@type":"SearchAction","target":{"@type":"EntryPoint","urlTemplate":"https:\/\/canfali.com\/ca-es\/?s={search_term_string}"},"query-input":{"@type":"PropertyValueSpecification","valueRequired":true,"valueName":"search_term_string"}}],"inLanguage":"va-ES"},{"@type":"Organization","@id":"https:\/\/canfali.com\/ca-es\/#organization","name":"Canfali","url":"https:\/\/canfali.com\/ca-es\/","logo":{"@type":"ImageObject","inLanguage":"va-ES","@id":"https:\/\/canfali.com\/ca-es\/#\/schema\/logo\/image\/","url":"https:\/\/canfali.com\/app\/uploads\/2025\/12\/canfali_marina_alta_logo.png","contentUrl":"https:\/\/canfali.com\/app\/uploads\/2025\/12\/canfali_marina_alta_logo.png","width":225,"height":225,"caption":"Canfali"},"image":{"@id":"https:\/\/canfali.com\/ca-es\/#\/schema\/logo\/image\/"},"sameAs":["https:\/\/es-es.facebook.com\/CANFALIMarinaAlta","https:\/\/x.com\/canfalima","https:\/\/www.instagram.com\/canfalimarinaalta\/"]},{"@type":"Person","@id":"https:\/\/canfali.com\/ca-es\/#\/schema\/person\/5211f51be1ed486a218e6a4f53355b6d","name":"D\u00eddac","image":{"@type":"ImageObject","inLanguage":"va-ES","@id":"https:\/\/secure.gravatar.com\/avatar\/a68a2078c12da8a6dd6cff4f3f3f69f7eb69a2d31ac1aac4da61c3761e4557f4?s=96&d=mm&r=g","url":"https:\/\/secure.gravatar.com\/avatar\/a68a2078c12da8a6dd6cff4f3f3f69f7eb69a2d31ac1aac4da61c3761e4557f4?s=96&d=mm&r=g","contentUrl":"https:\/\/secure.gravatar.com\/avatar\/a68a2078c12da8a6dd6cff4f3f3f69f7eb69a2d31ac1aac4da61c3761e4557f4?s=96&d=mm&r=g","caption":"D\u00eddac"},"url":"https:\/\/canfali.com\/ca-es\/author\/didac\/"}]}},"_links":{"self":[{"href":"https:\/\/canfali.com\/ca-es\/wp-json\/wp\/v2\/posts\/87751","targetHints":{"allow":["GET"]}}],"collection":[{"href":"https:\/\/canfali.com\/ca-es\/wp-json\/wp\/v2\/posts"}],"about":[{"href":"https:\/\/canfali.com\/ca-es\/wp-json\/wp\/v2\/types\/post"}],"author":[{"embeddable":true,"href":"https:\/\/canfali.com\/ca-es\/wp-json\/wp\/v2\/users\/5"}],"replies":[{"embeddable":true,"href":"https:\/\/canfali.com\/ca-es\/wp-json\/wp\/v2\/comments?post=87751"}],"version-history":[{"count":2,"href":"https:\/\/canfali.com\/ca-es\/wp-json\/wp\/v2\/posts\/87751\/revisions"}],"predecessor-version":[{"id":87757,"href":"https:\/\/canfali.com\/ca-es\/wp-json\/wp\/v2\/posts\/87751\/revisions\/87757"}],"wp:featuredmedia":[{"embeddable":true,"href":"https:\/\/canfali.com\/ca-es\/wp-json\/wp\/v2\/media\/87749"}],"wp:attachment":[{"href":"https:\/\/canfali.com\/ca-es\/wp-json\/wp\/v2\/media?parent=87751"}],"wp:term":[{"taxonomy":"category","embeddable":true,"href":"https:\/\/canfali.com\/ca-es\/wp-json\/wp\/v2\/categories?post=87751"},{"taxonomy":"post_tag","embeddable":true,"href":"https:\/\/canfali.com\/ca-es\/wp-json\/wp\/v2\/tags?post=87751"}],"curies":[{"name":"wp","href":"https:\/\/api.w.org\/{rel}","templated":true}]}}