{"id":87733,"date":"2026-01-29T11:02:44","date_gmt":"2026-01-29T10:02:44","guid":{"rendered":"https:\/\/canfali.com\/?p=87733"},"modified":"2026-01-29T11:24:46","modified_gmt":"2026-01-29T10:24:46","slug":"el-dissabte-encesa-de-torres-pels-drets-humans-a-la-marina","status":"publish","type":"post","link":"https:\/\/canfali.com\/ca-es\/el-dissabte-encesa-de-torres-pels-drets-humans-a-la-marina\/","title":{"rendered":"El dissabte, encesa de torres pels drets humans a la Marina"},"content":{"rendered":"\n<p><\/p>\n\n\n\n<p>L\u2019Encesa de torres, talaies i talaiots de la Mediterr\u00e0nia pels drets humans de les persones migrants i refugiades se celebra el dissabte 31 de gener, a partir de les 12.30 hores. A la Marina Alta es far\u00e0, de nou i amb el suport de l\u2019Institut d\u2019Estudis Comarcals de la Marina Alta (IECMA), a la terrassa de la Biblioteca (12.45 h.) i des de l\u2019Ajuntament de D\u00e9nia (18 h.), al Castell de Moraira, a la Torre dels Duc de Medinacelli del Verger i als Molinets de Pedreguer. Tots cinc  indrets esdevenen, per unes hores, fars de mem\u00f2ria, dignitat i esperan\u00e7a. Com de costum, hi haur\u00e0 una encesa de bengales de fum de mat\u00ed i una segona de bengales de llum de vesprada, a m\u00e9s del cant del <em>Viatge a \u00cdtaca<\/em> de Llu\u00eds Llach. Amb cada bengala s\u2019afirma que la Mediterr\u00e0nia ha de ser espai de vida i no de mort, pont d\u2019humanitat i no frontera de dolor. Des de cada torre es vol escampar un missatge, alt i clar: els drets humans no es negocien, no s\u00f3n una opci\u00f3 ni un privilegi sin\u00f3 la base del nostre pacte social i de la nostra dignitat col\u00b7lectiva, segons comenten fonts de l\u2019organitzaci\u00f3.<\/p>\n\n\n\n<p>En tots els pobles, els actes se celebraran al voltant de les 13 i les 18 h. A Pedreguer, s&#8217;ha convocat els participants a les 12 h. a la Glorieta per eixir cap als Molinets. En acabar l&#8217;acte, es far\u00e0 una visita a l\u2019interior dels molins i se servir\u00e0 un aperitiu amb vermut i cacaues. Per la vesprada, l&#8217;eixida ser\u00e0 a les 17.30 h. des del mateix lloc (es recomana dur llanterna). L&#8217;acte finalitzar\u00e0 amb mistela i coca maria.<\/p>\n\n\n\n<p>El programa inclou en El Verger la interpretaci\u00f3 del <em>Vaixell de Gr\u00e8cia<\/em>, de Llu\u00eds Llach (12.45 h.), amb les veus d&#8217;El Tr\u00e0pig i el Conjunt Vocal de l\u2019Escola L\u00f3pez Cabrera \u2013 ESMUJ. Abans de l&#8217;acte de la vesprada, que acabar\u00e0 amb la interpretaci\u00f3 de la Muixeranga, s&#8217;ha programat tamb\u00e9 una cercavila de la Colla El Tr\u00e0pig \u2013 ESMUJ (17.45 h.).<br><\/p>\n\n\n\n<p> L\u2019Encesa es una convocat\u00f2ria coordinada per l&#8217;Institut Ramon Muntaner, el Consell de Mallorca, el Fons Mallorqu\u00ed de Cooperaci\u00f3 i Amnistia Internacional. A la comarca, organitzada per l\u2019IECMA, hi col\u00b7laboren entitats com ara l\u2019Associaci\u00f3 Cultural Amics de Teulada, l\u2019Associaci\u00f3 Espai de M\u00fasica Jove del Verger, l\u2019Associaci\u00f3 els P\u00f3rxens i l\u2019Ajuntament de Pedreguer, l\u2019Ajuntament de D\u00e9nia i la Falla Baix la Mar. Des de l\u2019IECMA es fa una crida a participar-hi.<\/p>\n\n\n\n<p><\/p>\n","protected":false},"excerpt":{"rendered":"L\u2019Encesa de torres, talaies i talaiots de la Mediterr\u00e0nia pels drets humans de les persones migrants i refugiades&hellip;","protected":false},"author":6,"featured_media":87734,"comment_status":"closed","ping_status":"closed","sticky":false,"template":"","format":"standard","meta":{"csco_display_header_overlay":false,"csco_singular_sidebar":"","csco_page_header_type":"","csco_page_load_nextpost":"","csco_post_video_location":[],"csco_post_video_location_hash":"","csco_post_video_url":"","csco_post_video_bg_start_time":0,"csco_post_video_bg_end_time":0,"footnotes":""},"categories":[594],"tags":[687,5903,6265,6263,5710,1032,6266,6264],"class_list":{"0":"post-87733","1":"post","2":"type-post","3":"status-publish","4":"format-standard","5":"has-post-thumbnail","7":"category-societat","8":"tag-denia-ca-es","9":"tag-drets-humans","10":"tag-el-verger","11":"tag-encesa","12":"tag-iecma","13":"tag-moraira-ca-es","14":"tag-pedreguer","15":"tag-talaies","16":"cs-entry","17":"cs-video-wrap"},"yoast_head":"<!-- This site is optimized with the Yoast SEO Premium plugin v26.6 (Yoast SEO v27.3) - https:\/\/yoast.com\/product\/yoast-seo-premium-wordpress\/ -->\n<title>El dissabte, encesa de torres pels drets humans a la Marina - Canfali<\/title>\n<meta name=\"description\" content=\"L\u2019Encesa de torres, talaies i talaiots de la Mediterr\u00e0nia pels drets humans de les persones migrants i refugiades se celebra el dissabte 31 de gener en quatre municipis de la Marina Alta\" \/>\n<meta name=\"robots\" content=\"index, follow, max-snippet:-1, max-image-preview:large, max-video-preview:-1\" \/>\n<link rel=\"canonical\" href=\"https:\/\/canfali.com\/ca-es\/el-dissabte-encesa-de-torres-pels-drets-humans-a-la-marina\/\" \/>\n<meta property=\"og:locale\" content=\"en_US\" \/>\n<meta property=\"og:type\" content=\"article\" \/>\n<meta property=\"og:title\" content=\"El dissabte, encesa de torres pels drets humans a la Marina\" \/>\n<meta property=\"og:description\" content=\"L\u2019Encesa de torres, talaies i talaiots de la Mediterr\u00e0nia pels drets humans de les persones migrants i refugiades se celebra el dissabte 31 de gener en quatre municipis de la Marina Alta\" \/>\n<meta property=\"og:url\" content=\"https:\/\/canfali.com\/ca-es\/el-dissabte-encesa-de-torres-pels-drets-humans-a-la-marina\/\" \/>\n<meta property=\"og:site_name\" content=\"Canfali\" \/>\n<meta property=\"article:publisher\" content=\"https:\/\/es-es.facebook.com\/CANFALIMarinaAlta\" \/>\n<meta property=\"article:published_time\" content=\"2026-01-29T10:02:44+00:00\" \/>\n<meta property=\"article:modified_time\" content=\"2026-01-29T10:24:46+00:00\" \/>\n<meta property=\"og:image\" content=\"https:\/\/canfali.com\/app\/uploads\/2026\/01\/encesa-moraira.jpg\" \/>\n\t<meta property=\"og:image:width\" content=\"1575\" \/>\n\t<meta property=\"og:image:height\" content=\"1181\" \/>\n\t<meta property=\"og:image:type\" content=\"image\/jpeg\" \/>\n<meta name=\"author\" content=\"Rosa\" \/>\n<meta name=\"twitter:card\" content=\"summary_large_image\" \/>\n<meta name=\"twitter:creator\" content=\"@canfalima\" \/>\n<meta name=\"twitter:site\" content=\"@canfalima\" \/>\n<meta name=\"twitter:label1\" content=\"Written by\" \/>\n\t<meta name=\"twitter:data1\" content=\"Rosa\" \/>\n\t<meta name=\"twitter:label2\" content=\"Est. reading time\" \/>\n\t<meta name=\"twitter:data2\" content=\"3 minutes\" \/>\n<script type=\"application\/ld+json\" class=\"yoast-schema-graph\">{\"@context\":\"https:\\\/\\\/schema.org\",\"@graph\":[{\"@type\":\"NewsArticle\",\"@id\":\"https:\\\/\\\/canfali.com\\\/ca-es\\\/el-dissabte-encesa-de-torres-pels-drets-humans-a-la-marina\\\/#article\",\"isPartOf\":{\"@id\":\"https:\\\/\\\/canfali.com\\\/ca-es\\\/el-dissabte-encesa-de-torres-pels-drets-humans-a-la-marina\\\/\"},\"author\":{\"name\":\"Rosa\",\"@id\":\"https:\\\/\\\/canfali.com\\\/ca-es\\\/#\\\/schema\\\/person\\\/c861a7aa2b2495357b95f35bd5d82f88\"},\"headline\":\"El dissabte, encesa de torres pels drets humans a la Marina\",\"datePublished\":\"2026-01-29T10:02:44+00:00\",\"dateModified\":\"2026-01-29T10:24:46+00:00\",\"mainEntityOfPage\":{\"@id\":\"https:\\\/\\\/canfali.com\\\/ca-es\\\/el-dissabte-encesa-de-torres-pels-drets-humans-a-la-marina\\\/\"},\"wordCount\":450,\"publisher\":{\"@id\":\"https:\\\/\\\/canfali.com\\\/ca-es\\\/#organization\"},\"image\":{\"@id\":\"https:\\\/\\\/canfali.com\\\/ca-es\\\/el-dissabte-encesa-de-torres-pels-drets-humans-a-la-marina\\\/#primaryimage\"},\"thumbnailUrl\":\"https:\\\/\\\/canfali.com\\\/app\\\/uploads\\\/2026\\\/01\\\/encesa-moraira.jpg\",\"keywords\":[\"d\u00e9nia\",\"Drets Humans\",\"El Verger\",\"Encesa\",\"IECMA\",\"moraira\",\"Pedreguer\",\"talaies\"],\"articleSection\":[\"Societat\"],\"inLanguage\":\"va-ES\",\"copyrightYear\":\"2026\",\"copyrightHolder\":{\"@id\":\"https:\\\/\\\/canfali.com\\\/#organization\"}},{\"@type\":\"WebPage\",\"@id\":\"https:\\\/\\\/canfali.com\\\/ca-es\\\/el-dissabte-encesa-de-torres-pels-drets-humans-a-la-marina\\\/\",\"url\":\"https:\\\/\\\/canfali.com\\\/ca-es\\\/el-dissabte-encesa-de-torres-pels-drets-humans-a-la-marina\\\/\",\"name\":\"El dissabte, encesa de torres pels drets humans a la Marina - Canfali\",\"isPartOf\":{\"@id\":\"https:\\\/\\\/canfali.com\\\/ca-es\\\/#website\"},\"primaryImageOfPage\":{\"@id\":\"https:\\\/\\\/canfali.com\\\/ca-es\\\/el-dissabte-encesa-de-torres-pels-drets-humans-a-la-marina\\\/#primaryimage\"},\"image\":{\"@id\":\"https:\\\/\\\/canfali.com\\\/ca-es\\\/el-dissabte-encesa-de-torres-pels-drets-humans-a-la-marina\\\/#primaryimage\"},\"thumbnailUrl\":\"https:\\\/\\\/canfali.com\\\/app\\\/uploads\\\/2026\\\/01\\\/encesa-moraira.jpg\",\"datePublished\":\"2026-01-29T10:02:44+00:00\",\"dateModified\":\"2026-01-29T10:24:46+00:00\",\"description\":\"L\u2019Encesa de torres, talaies i talaiots de la Mediterr\u00e0nia pels drets humans de les persones migrants i refugiades se celebra el dissabte 31 de gener en quatre municipis de la Marina Alta\",\"breadcrumb\":{\"@id\":\"https:\\\/\\\/canfali.com\\\/ca-es\\\/el-dissabte-encesa-de-torres-pels-drets-humans-a-la-marina\\\/#breadcrumb\"},\"inLanguage\":\"va-ES\",\"potentialAction\":[{\"@type\":\"ReadAction\",\"target\":[\"https:\\\/\\\/canfali.com\\\/ca-es\\\/el-dissabte-encesa-de-torres-pels-drets-humans-a-la-marina\\\/\"]}]},{\"@type\":\"ImageObject\",\"inLanguage\":\"va-ES\",\"@id\":\"https:\\\/\\\/canfali.com\\\/ca-es\\\/el-dissabte-encesa-de-torres-pels-drets-humans-a-la-marina\\\/#primaryimage\",\"url\":\"https:\\\/\\\/canfali.com\\\/app\\\/uploads\\\/2026\\\/01\\\/encesa-moraira.jpg\",\"contentUrl\":\"https:\\\/\\\/canfali.com\\\/app\\\/uploads\\\/2026\\\/01\\\/encesa-moraira.jpg\",\"width\":1575,\"height\":1181},{\"@type\":\"BreadcrumbList\",\"@id\":\"https:\\\/\\\/canfali.com\\\/ca-es\\\/el-dissabte-encesa-de-torres-pels-drets-humans-a-la-marina\\\/#breadcrumb\",\"itemListElement\":[{\"@type\":\"ListItem\",\"position\":1,\"name\":\"Portada\",\"item\":\"https:\\\/\\\/canfali.com\\\/ca-es\\\/\"},{\"@type\":\"ListItem\",\"position\":2,\"name\":\"El dissabte, encesa de torres pels drets humans a la Marina\"}]},{\"@type\":\"WebSite\",\"@id\":\"https:\\\/\\\/canfali.com\\\/ca-es\\\/#website\",\"url\":\"https:\\\/\\\/canfali.com\\\/ca-es\\\/\",\"name\":\"Canfali\",\"description\":\"\",\"publisher\":{\"@id\":\"https:\\\/\\\/canfali.com\\\/ca-es\\\/#organization\"},\"potentialAction\":[{\"@type\":\"SearchAction\",\"target\":{\"@type\":\"EntryPoint\",\"urlTemplate\":\"https:\\\/\\\/canfali.com\\\/ca-es\\\/?s={search_term_string}\"},\"query-input\":{\"@type\":\"PropertyValueSpecification\",\"valueRequired\":true,\"valueName\":\"search_term_string\"}}],\"inLanguage\":\"va-ES\"},{\"@type\":\"Organization\",\"@id\":\"https:\\\/\\\/canfali.com\\\/ca-es\\\/#organization\",\"name\":\"Canfali\",\"url\":\"https:\\\/\\\/canfali.com\\\/ca-es\\\/\",\"logo\":{\"@type\":\"ImageObject\",\"inLanguage\":\"va-ES\",\"@id\":\"https:\\\/\\\/canfali.com\\\/ca-es\\\/#\\\/schema\\\/logo\\\/image\\\/\",\"url\":\"https:\\\/\\\/canfali.com\\\/app\\\/uploads\\\/2025\\\/12\\\/canfali_marina_alta_logo.png\",\"contentUrl\":\"https:\\\/\\\/canfali.com\\\/app\\\/uploads\\\/2025\\\/12\\\/canfali_marina_alta_logo.png\",\"width\":225,\"height\":225,\"caption\":\"Canfali\"},\"image\":{\"@id\":\"https:\\\/\\\/canfali.com\\\/ca-es\\\/#\\\/schema\\\/logo\\\/image\\\/\"},\"sameAs\":[\"https:\\\/\\\/es-es.facebook.com\\\/CANFALIMarinaAlta\",\"https:\\\/\\\/x.com\\\/canfalima\",\"https:\\\/\\\/www.instagram.com\\\/canfalimarinaalta\\\/\"]},{\"@type\":\"Person\",\"@id\":\"https:\\\/\\\/canfali.com\\\/ca-es\\\/#\\\/schema\\\/person\\\/c861a7aa2b2495357b95f35bd5d82f88\",\"name\":\"Rosa\",\"image\":{\"@type\":\"ImageObject\",\"inLanguage\":\"va-ES\",\"@id\":\"https:\\\/\\\/secure.gravatar.com\\\/avatar\\\/47fb83d99423a6ef1cf9f83f02a5e91366c671dec76c5c24badf1b0494e1d960?s=96&d=mm&r=g\",\"url\":\"https:\\\/\\\/secure.gravatar.com\\\/avatar\\\/47fb83d99423a6ef1cf9f83f02a5e91366c671dec76c5c24badf1b0494e1d960?s=96&d=mm&r=g\",\"contentUrl\":\"https:\\\/\\\/secure.gravatar.com\\\/avatar\\\/47fb83d99423a6ef1cf9f83f02a5e91366c671dec76c5c24badf1b0494e1d960?s=96&d=mm&r=g\",\"caption\":\"Rosa\"},\"url\":\"https:\\\/\\\/canfali.com\\\/ca-es\\\/author\\\/rosa\\\/\"}]}<\/script>\n<!-- \/ Yoast SEO Premium plugin. -->","yoast_head_json":{"title":"El dissabte, encesa de torres pels drets humans a la Marina - Canfali","description":"L\u2019Encesa de torres, talaies i talaiots de la Mediterr\u00e0nia pels drets humans de les persones migrants i refugiades se celebra el dissabte 31 de gener en quatre municipis de la Marina Alta","robots":{"index":"index","follow":"follow","max-snippet":"max-snippet:-1","max-image-preview":"max-image-preview:large","max-video-preview":"max-video-preview:-1"},"canonical":"https:\/\/canfali.com\/ca-es\/el-dissabte-encesa-de-torres-pels-drets-humans-a-la-marina\/","og_locale":"en_US","og_type":"article","og_title":"El dissabte, encesa de torres pels drets humans a la Marina","og_description":"L\u2019Encesa de torres, talaies i talaiots de la Mediterr\u00e0nia pels drets humans de les persones migrants i refugiades se celebra el dissabte 31 de gener en quatre municipis de la Marina Alta","og_url":"https:\/\/canfali.com\/ca-es\/el-dissabte-encesa-de-torres-pels-drets-humans-a-la-marina\/","og_site_name":"Canfali","article_publisher":"https:\/\/es-es.facebook.com\/CANFALIMarinaAlta","article_published_time":"2026-01-29T10:02:44+00:00","article_modified_time":"2026-01-29T10:24:46+00:00","og_image":[{"width":1575,"height":1181,"url":"https:\/\/canfali.com\/app\/uploads\/2026\/01\/encesa-moraira.jpg","type":"image\/jpeg"}],"author":"Rosa","twitter_card":"summary_large_image","twitter_creator":"@canfalima","twitter_site":"@canfalima","twitter_misc":{"Written by":"Rosa","Est. reading time":"3 minutes"},"schema":{"@context":"https:\/\/schema.org","@graph":[{"@type":"NewsArticle","@id":"https:\/\/canfali.com\/ca-es\/el-dissabte-encesa-de-torres-pels-drets-humans-a-la-marina\/#article","isPartOf":{"@id":"https:\/\/canfali.com\/ca-es\/el-dissabte-encesa-de-torres-pels-drets-humans-a-la-marina\/"},"author":{"name":"Rosa","@id":"https:\/\/canfali.com\/ca-es\/#\/schema\/person\/c861a7aa2b2495357b95f35bd5d82f88"},"headline":"El dissabte, encesa de torres pels drets humans a la Marina","datePublished":"2026-01-29T10:02:44+00:00","dateModified":"2026-01-29T10:24:46+00:00","mainEntityOfPage":{"@id":"https:\/\/canfali.com\/ca-es\/el-dissabte-encesa-de-torres-pels-drets-humans-a-la-marina\/"},"wordCount":450,"publisher":{"@id":"https:\/\/canfali.com\/ca-es\/#organization"},"image":{"@id":"https:\/\/canfali.com\/ca-es\/el-dissabte-encesa-de-torres-pels-drets-humans-a-la-marina\/#primaryimage"},"thumbnailUrl":"https:\/\/canfali.com\/app\/uploads\/2026\/01\/encesa-moraira.jpg","keywords":["d\u00e9nia","Drets Humans","El Verger","Encesa","IECMA","moraira","Pedreguer","talaies"],"articleSection":["Societat"],"inLanguage":"va-ES","copyrightYear":"2026","copyrightHolder":{"@id":"https:\/\/canfali.com\/#organization"}},{"@type":"WebPage","@id":"https:\/\/canfali.com\/ca-es\/el-dissabte-encesa-de-torres-pels-drets-humans-a-la-marina\/","url":"https:\/\/canfali.com\/ca-es\/el-dissabte-encesa-de-torres-pels-drets-humans-a-la-marina\/","name":"El dissabte, encesa de torres pels drets humans a la Marina - Canfali","isPartOf":{"@id":"https:\/\/canfali.com\/ca-es\/#website"},"primaryImageOfPage":{"@id":"https:\/\/canfali.com\/ca-es\/el-dissabte-encesa-de-torres-pels-drets-humans-a-la-marina\/#primaryimage"},"image":{"@id":"https:\/\/canfali.com\/ca-es\/el-dissabte-encesa-de-torres-pels-drets-humans-a-la-marina\/#primaryimage"},"thumbnailUrl":"https:\/\/canfali.com\/app\/uploads\/2026\/01\/encesa-moraira.jpg","datePublished":"2026-01-29T10:02:44+00:00","dateModified":"2026-01-29T10:24:46+00:00","description":"L\u2019Encesa de torres, talaies i talaiots de la Mediterr\u00e0nia pels drets humans de les persones migrants i refugiades se celebra el dissabte 31 de gener en quatre municipis de la Marina Alta","breadcrumb":{"@id":"https:\/\/canfali.com\/ca-es\/el-dissabte-encesa-de-torres-pels-drets-humans-a-la-marina\/#breadcrumb"},"inLanguage":"va-ES","potentialAction":[{"@type":"ReadAction","target":["https:\/\/canfali.com\/ca-es\/el-dissabte-encesa-de-torres-pels-drets-humans-a-la-marina\/"]}]},{"@type":"ImageObject","inLanguage":"va-ES","@id":"https:\/\/canfali.com\/ca-es\/el-dissabte-encesa-de-torres-pels-drets-humans-a-la-marina\/#primaryimage","url":"https:\/\/canfali.com\/app\/uploads\/2026\/01\/encesa-moraira.jpg","contentUrl":"https:\/\/canfali.com\/app\/uploads\/2026\/01\/encesa-moraira.jpg","width":1575,"height":1181},{"@type":"BreadcrumbList","@id":"https:\/\/canfali.com\/ca-es\/el-dissabte-encesa-de-torres-pels-drets-humans-a-la-marina\/#breadcrumb","itemListElement":[{"@type":"ListItem","position":1,"name":"Portada","item":"https:\/\/canfali.com\/ca-es\/"},{"@type":"ListItem","position":2,"name":"El dissabte, encesa de torres pels drets humans a la Marina"}]},{"@type":"WebSite","@id":"https:\/\/canfali.com\/ca-es\/#website","url":"https:\/\/canfali.com\/ca-es\/","name":"Canfali","description":"","publisher":{"@id":"https:\/\/canfali.com\/ca-es\/#organization"},"potentialAction":[{"@type":"SearchAction","target":{"@type":"EntryPoint","urlTemplate":"https:\/\/canfali.com\/ca-es\/?s={search_term_string}"},"query-input":{"@type":"PropertyValueSpecification","valueRequired":true,"valueName":"search_term_string"}}],"inLanguage":"va-ES"},{"@type":"Organization","@id":"https:\/\/canfali.com\/ca-es\/#organization","name":"Canfali","url":"https:\/\/canfali.com\/ca-es\/","logo":{"@type":"ImageObject","inLanguage":"va-ES","@id":"https:\/\/canfali.com\/ca-es\/#\/schema\/logo\/image\/","url":"https:\/\/canfali.com\/app\/uploads\/2025\/12\/canfali_marina_alta_logo.png","contentUrl":"https:\/\/canfali.com\/app\/uploads\/2025\/12\/canfali_marina_alta_logo.png","width":225,"height":225,"caption":"Canfali"},"image":{"@id":"https:\/\/canfali.com\/ca-es\/#\/schema\/logo\/image\/"},"sameAs":["https:\/\/es-es.facebook.com\/CANFALIMarinaAlta","https:\/\/x.com\/canfalima","https:\/\/www.instagram.com\/canfalimarinaalta\/"]},{"@type":"Person","@id":"https:\/\/canfali.com\/ca-es\/#\/schema\/person\/c861a7aa2b2495357b95f35bd5d82f88","name":"Rosa","image":{"@type":"ImageObject","inLanguage":"va-ES","@id":"https:\/\/secure.gravatar.com\/avatar\/47fb83d99423a6ef1cf9f83f02a5e91366c671dec76c5c24badf1b0494e1d960?s=96&d=mm&r=g","url":"https:\/\/secure.gravatar.com\/avatar\/47fb83d99423a6ef1cf9f83f02a5e91366c671dec76c5c24badf1b0494e1d960?s=96&d=mm&r=g","contentUrl":"https:\/\/secure.gravatar.com\/avatar\/47fb83d99423a6ef1cf9f83f02a5e91366c671dec76c5c24badf1b0494e1d960?s=96&d=mm&r=g","caption":"Rosa"},"url":"https:\/\/canfali.com\/ca-es\/author\/rosa\/"}]}},"_links":{"self":[{"href":"https:\/\/canfali.com\/ca-es\/wp-json\/wp\/v2\/posts\/87733","targetHints":{"allow":["GET"]}}],"collection":[{"href":"https:\/\/canfali.com\/ca-es\/wp-json\/wp\/v2\/posts"}],"about":[{"href":"https:\/\/canfali.com\/ca-es\/wp-json\/wp\/v2\/types\/post"}],"author":[{"embeddable":true,"href":"https:\/\/canfali.com\/ca-es\/wp-json\/wp\/v2\/users\/6"}],"replies":[{"embeddable":true,"href":"https:\/\/canfali.com\/ca-es\/wp-json\/wp\/v2\/comments?post=87733"}],"version-history":[{"count":2,"href":"https:\/\/canfali.com\/ca-es\/wp-json\/wp\/v2\/posts\/87733\/revisions"}],"predecessor-version":[{"id":87738,"href":"https:\/\/canfali.com\/ca-es\/wp-json\/wp\/v2\/posts\/87733\/revisions\/87738"}],"wp:featuredmedia":[{"embeddable":true,"href":"https:\/\/canfali.com\/ca-es\/wp-json\/wp\/v2\/media\/87734"}],"wp:attachment":[{"href":"https:\/\/canfali.com\/ca-es\/wp-json\/wp\/v2\/media?parent=87733"}],"wp:term":[{"taxonomy":"category","embeddable":true,"href":"https:\/\/canfali.com\/ca-es\/wp-json\/wp\/v2\/categories?post=87733"},{"taxonomy":"post_tag","embeddable":true,"href":"https:\/\/canfali.com\/ca-es\/wp-json\/wp\/v2\/tags?post=87733"}],"curies":[{"name":"wp","href":"https:\/\/api.w.org\/{rel}","templated":true}]}}