{"id":87722,"date":"2026-01-29T07:55:07","date_gmt":"2026-01-29T06:55:07","guid":{"rendered":"https:\/\/canfali.com\/?p=87722"},"modified":"2026-01-29T07:55:08","modified_gmt":"2026-01-29T06:55:08","slug":"cinc-dies-mes-dintensa-festa-a-pedreguer-dedicats-a-sant-blai","status":"publish","type":"post","link":"https:\/\/canfali.com\/ca-es\/cinc-dies-mes-dintensa-festa-a-pedreguer-dedicats-a-sant-blai\/","title":{"rendered":"Cinc dies m\u00e9s d\u2019intensa festa a Pedreguer dedicats a Sant Blai"},"content":{"rendered":"\n<p>La festa de Sant Blai de Pedreguer encara un nou cap de setmana de celebracions decidades al segon patr\u00f3 del poble. Enrere ha quedat un cap de setmana intens de bous al carrer i m\u00fasica que se sumen als actes pendents per als pr\u00f2xims dies. En total se sumaran huit jornades festives, una xifra de r\u00e8cord per la celebraci\u00f3 de Sant Blai i que servir\u00e0 per posar el colof\u00f3 al treball de la Comissi\u00f3 durant els \u00faltims tres anys, ja que enguany toca relleu de festers.<\/p>\n\n\n\n<p>La programaci\u00f3 prevista en els pr\u00f2xims dies \u00e9s la seg\u00fcent:&nbsp;<\/p>\n\n\n\n<p>DIVENDRES 30 DE GENER<br>PUJADA DE SANT BLAI<\/p>\n\n\n\n<p>&#8211; A les 13 h.: Volteig general de campanes anunciant l\u2019inici de les festes.<\/p>\n\n\n\n<p>&#8211; A les 19 h.: Santa Missa solemne. A continuaci\u00f3, pujada de Sant Blai a l\u2019Ermita en romeria pel Carrer Ample, acompanyat per la Dol\u00e7aina i Tabal i per la Banda de M\u00fasica del Centre Art\u00edstic Musical de Pedreguer. En arribar a la Capelleta es cantaran els Gojos a Sant Blai i, a continuaci\u00f3, es disparar\u00e0 un castell de focs d\u2019artifici a c\u00e0rrec de la pirot\u00e8cnia VULCANO.<\/p>\n\n\n\n<p>&#8211; A les 24 h.: Revetlla a la Pla\u00e7a de l\u2019Amistat amenitzada per la gran orquestra LA METRO, amb servei de barra de la QUINT\u00c0 2026 de Pedreguer.<\/p>\n\n\n\n<p>DISSABTE 31 DE GENER<\/p>\n\n\n\n<p>&#8211; A les 17 h.: M\u00e0gia i humor amb MAGWENDO per als m\u00e9s menuts. A continuaci\u00f3, berenar infantil a la Pla\u00e7a de l\u2019Amistat, patrocinat per SUPERMERCATS MAS Y MAS.<\/p>\n\n\n\n<p>&#8211; A les 19 h.: Concert a la Pista (Espai Cultural) a c\u00e0rrec de la COLLA DE DOL\u00c7AINES I TABALS ELS TRAGINERS DE PEDREGUER.<\/p>\n\n\n\n<p>&#8211; A les 24 h.: Gran nit de revetlla amb l\u2019actuaci\u00f3 de l\u2019espectacular orquestra V\u00c9RTIGO REVOLUTION a la Pla\u00e7a Major, fins a la matinada.<\/p>\n\n\n\n<p>DIUMENGE 1 DE FEBRER<\/p>\n\n\n\n<p>&#8211; A les 8 h.: Despert\u00e0 amb coets i Dol\u00e7aina i Tabal.<\/p>\n\n\n\n<p>&#8211; A les 9 h.: Excursi\u00f3 a la Creueta de la Llagosta pel Cementeri dels Burros i la Cova de les Mamelles, organitzada pel CENTRE EXCURSIONISTA DE PEDREGUER. Eixida des de l\u2019Ermita.<\/p>\n\n\n\n<p>&#8211; A les 10 h.: Campionat de truc al Carrer Mestre Serrano, organitzat per \u201cLA QUADRILLETA\u201d. Per a inscriure\u2019s, contactar amb els membres de l\u2019organitzaci\u00f3. Servei de barra a c\u00e0rrec de la COMISSI\u00d3 DE REIS 2027.<\/p>\n\n\n\n<p>&#8211; A les 11 h.: Inflables i activitats infantils al Carrer Major, a c\u00e0rrec de NITIDIA ESPORTS.<\/p>\n\n\n\n<p>DIUMENGE 1 DE FEBRER<br>II CANDELARIA FEST<br>Amb la col\u00b7laboraci\u00f3 de la COMISSI\u00d3 DE REIS 2027<\/p>\n\n\n\n<p>&#8211; A les 13.30 h.: Dinar popular a la Pla\u00e7a de l\u2019Amistat. Reserva de tiquets a la COMISSI\u00d3 DE REIS 2027 (m\u00e9s informaci\u00f3 a les xarxes socials).<\/p>\n\n\n\n<p>A continuaci\u00f3: \u201cTardeo\u201d a la Pla\u00e7a de l\u2019Amistat amenitzat pel grup GLOP ESPONJA. Barra a c\u00e0rrec de la COMISSI\u00d3 DE REIS 2027.<\/p>\n\n\n\n<p>&#8211; A les 19.30 h.: Projecci\u00f3 d\u2019audiovisuals sobre Pedreguer: \u201cPedreguer ve de lluny\u201d i \u201cL\u2019Art de la llata\u201d, a l\u2019Espai Cultural, a c\u00e0rrec de l\u2019Associaci\u00f3 per la Recuperaci\u00f3 del Patrimoni Cultural Els P\u00f2rxens i del Col\u00b7lectiu Mirades. Direcci\u00f3: Jose Gay\u00e0.<\/p>\n\n\n\n<p>ILLUNS 2 DE FEBRER<\/p>\n\n\n\n<p>&#8211; A les 23.30 h.: Revetlla a la Pla\u00e7a de l\u2019Amistat amb l\u2019actuaci\u00f3 de SWEET SOURZ, amb servei de barra de la QUINT\u00c0 2026.<\/p>\n\n\n\n<p>DIMARTS 3 DE FEBRER<br>DIA DE LA BAIXADA DE SANT BLAI<\/p>\n\n\n\n<p>&#8211; A les 10 h.: Tradicional Porrat de Sant Blai durant tot el dia.<\/p>\n\n\n\n<p>&#8211; A les 10.30 h.: Cercavila de Dol\u00e7aina i Tabal anunciant la Festa Major.<\/p>\n\n\n\n<p>&#8211; A les 11.30 h.: Arreplegada de la Comissi\u00f3 de Sant Blai des de l\u2019Ajuntament fins a l\u2019Ermita, acompanyats per la Dol\u00e7aina i el Tabal.<\/p>\n\n\n\n<p>&#8211; A les 12 h.: Missa solemne a l\u2019Ermita en honor a Sant Blai, amb l\u2019actuaci\u00f3 del Cor Sant Bonaventura de Pedreguer. En acabar, \u201cmasclet\u00e0 en miniatura\u201d al Carrer Passatge, a c\u00e0rrec de la pirot\u00e8cnia VULCANO.<\/p>\n\n\n\n<p>&#8211; A les 17 h.: Tradicional concert de la Banda de M\u00fasica del Centre Art\u00edstic Musical de Pedreguer al mirador de Sant Blai.<\/p>\n\n\n\n<p>&#8211; A les 18 h.: Dansada al Carrer Sant Blai a c\u00e0rrec del GRUP DE DANSES DE PEDREGUER.<\/p>\n\n\n\n<p>&#8211; A les 18.15 h.: Baixada en romeria de Sant Blai, acompanyat per Dol\u00e7aina i Tabal, banda de m\u00fasica del Centre Art\u00edstic Musical de Pedreguer i el Grup de Danses Pedreguer, patrocinat, aquest \u00faltim, per la Fundaci\u00f3 Server i P\u00e9rez i fundaci\u00f3 Fam\u00edlia Costa i Costa, per l\u2019itinerari de costum. En arribar a la Pla\u00e7a hi haur\u00e0 un espectacle Fi de Festa Pirot\u00e8cnic. Una vegada dins l\u2019esgl\u00e9sia es cantaran els gojos a Sant Blai, es far\u00e0 el sorteig d\u2019una imatge del patr\u00f3 entre el socis, i s\u2019anomenaran els nous membres de la Comissi\u00f3 de Sant Blai 27-29.<\/p>\n","protected":false},"excerpt":{"rendered":"La festa de Sant Blai de Pedreguer encara un nou cap de setmana de celebracions decidades al segon&hellip;","protected":false},"author":8,"featured_media":87723,"comment_status":"closed","ping_status":"closed","sticky":false,"template":"","format":"standard","meta":{"csco_display_header_overlay":false,"csco_singular_sidebar":"","csco_page_header_type":"","csco_page_load_nextpost":"","csco_post_video_location":[],"csco_post_video_location_hash":"","csco_post_video_url":"","csco_post_video_bg_start_time":0,"csco_post_video_bg_end_time":0,"footnotes":""},"categories":[1],"tags":[],"class_list":{"0":"post-87722","1":"post","2":"type-post","3":"status-publish","4":"format-standard","5":"has-post-thumbnail","7":"category-sin-categorizar","8":"cs-entry","9":"cs-video-wrap"},"yoast_head":"<!-- This site is optimized with the Yoast SEO Premium plugin v26.6 (Yoast SEO v27.3) - https:\/\/yoast.com\/product\/yoast-seo-premium-wordpress\/ -->\n<title>Cinc dies m\u00e9s d\u2019intensa festa a Pedreguer dedicats a Sant Blai - Canfali<\/title>\n<meta name=\"description\" content=\"La festa de Sant Blai de Pedreguer encara un nou cap de setmana de celebracions decidades al segon patr\u00f3 del poble\" \/>\n<meta name=\"robots\" content=\"index, follow, max-snippet:-1, max-image-preview:large, max-video-preview:-1\" \/>\n<link rel=\"canonical\" href=\"https:\/\/canfali.com\/ca-es\/cinc-dies-mes-dintensa-festa-a-pedreguer-dedicats-a-sant-blai\/\" \/>\n<meta property=\"og:locale\" content=\"en_US\" \/>\n<meta property=\"og:type\" content=\"article\" \/>\n<meta property=\"og:title\" content=\"Cinc dies m\u00e9s d\u2019intensa festa a Pedreguer dedicats a Sant Blai\" \/>\n<meta property=\"og:description\" content=\"La festa de Sant Blai de Pedreguer encara un nou cap de setmana de celebracions decidades al segon patr\u00f3 del poble\" \/>\n<meta property=\"og:url\" content=\"https:\/\/canfali.com\/ca-es\/cinc-dies-mes-dintensa-festa-a-pedreguer-dedicats-a-sant-blai\/\" \/>\n<meta property=\"og:site_name\" content=\"Canfali\" \/>\n<meta property=\"article:publisher\" content=\"https:\/\/es-es.facebook.com\/CANFALIMarinaAlta\" \/>\n<meta property=\"article:published_time\" content=\"2026-01-29T06:55:07+00:00\" \/>\n<meta property=\"article:modified_time\" content=\"2026-01-29T06:55:08+00:00\" \/>\n<meta property=\"og:image\" content=\"https:\/\/canfali.com\/app\/uploads\/2026\/01\/8santblai-scaled.jpg\" \/>\n\t<meta property=\"og:image:width\" content=\"2560\" \/>\n\t<meta property=\"og:image:height\" content=\"1920\" \/>\n\t<meta property=\"og:image:type\" content=\"image\/jpeg\" \/>\n<meta name=\"author\" content=\"Lluis\" \/>\n<meta name=\"twitter:card\" content=\"summary_large_image\" \/>\n<meta name=\"twitter:creator\" content=\"@canfalima\" \/>\n<meta name=\"twitter:site\" content=\"@canfalima\" \/>\n<meta name=\"twitter:label1\" content=\"Written by\" \/>\n\t<meta name=\"twitter:data1\" content=\"Lluis\" \/>\n\t<meta name=\"twitter:label2\" content=\"Est. reading time\" \/>\n\t<meta name=\"twitter:data2\" content=\"4 minutes\" \/>\n<script type=\"application\/ld+json\" class=\"yoast-schema-graph\">{\"@context\":\"https:\\\/\\\/schema.org\",\"@graph\":[{\"@type\":\"NewsArticle\",\"@id\":\"https:\\\/\\\/canfali.com\\\/ca-es\\\/cinc-dies-mes-dintensa-festa-a-pedreguer-dedicats-a-sant-blai\\\/#article\",\"isPartOf\":{\"@id\":\"https:\\\/\\\/canfali.com\\\/ca-es\\\/cinc-dies-mes-dintensa-festa-a-pedreguer-dedicats-a-sant-blai\\\/\"},\"author\":{\"name\":\"Lluis\",\"@id\":\"https:\\\/\\\/canfali.com\\\/ca-es\\\/#\\\/schema\\\/person\\\/f540a86fb33e10daaae53c59ceaa1194\"},\"headline\":\"Cinc dies m\u00e9s d\u2019intensa festa a Pedreguer dedicats a Sant Blai\",\"datePublished\":\"2026-01-29T06:55:07+00:00\",\"dateModified\":\"2026-01-29T06:55:08+00:00\",\"mainEntityOfPage\":{\"@id\":\"https:\\\/\\\/canfali.com\\\/ca-es\\\/cinc-dies-mes-dintensa-festa-a-pedreguer-dedicats-a-sant-blai\\\/\"},\"wordCount\":815,\"publisher\":{\"@id\":\"https:\\\/\\\/canfali.com\\\/ca-es\\\/#organization\"},\"image\":{\"@id\":\"https:\\\/\\\/canfali.com\\\/ca-es\\\/cinc-dies-mes-dintensa-festa-a-pedreguer-dedicats-a-sant-blai\\\/#primaryimage\"},\"thumbnailUrl\":\"https:\\\/\\\/canfali.com\\\/app\\\/uploads\\\/2026\\\/01\\\/8santblai-scaled.jpg\",\"articleSection\":[\"Sin categorizar\"],\"inLanguage\":\"va-ES\",\"copyrightYear\":\"2026\",\"copyrightHolder\":{\"@id\":\"https:\\\/\\\/canfali.com\\\/#organization\"}},{\"@type\":\"WebPage\",\"@id\":\"https:\\\/\\\/canfali.com\\\/ca-es\\\/cinc-dies-mes-dintensa-festa-a-pedreguer-dedicats-a-sant-blai\\\/\",\"url\":\"https:\\\/\\\/canfali.com\\\/ca-es\\\/cinc-dies-mes-dintensa-festa-a-pedreguer-dedicats-a-sant-blai\\\/\",\"name\":\"Cinc dies m\u00e9s d\u2019intensa festa a Pedreguer dedicats a Sant Blai - Canfali\",\"isPartOf\":{\"@id\":\"https:\\\/\\\/canfali.com\\\/ca-es\\\/#website\"},\"primaryImageOfPage\":{\"@id\":\"https:\\\/\\\/canfali.com\\\/ca-es\\\/cinc-dies-mes-dintensa-festa-a-pedreguer-dedicats-a-sant-blai\\\/#primaryimage\"},\"image\":{\"@id\":\"https:\\\/\\\/canfali.com\\\/ca-es\\\/cinc-dies-mes-dintensa-festa-a-pedreguer-dedicats-a-sant-blai\\\/#primaryimage\"},\"thumbnailUrl\":\"https:\\\/\\\/canfali.com\\\/app\\\/uploads\\\/2026\\\/01\\\/8santblai-scaled.jpg\",\"datePublished\":\"2026-01-29T06:55:07+00:00\",\"dateModified\":\"2026-01-29T06:55:08+00:00\",\"description\":\"La festa de Sant Blai de Pedreguer encara un nou cap de setmana de celebracions decidades al segon patr\u00f3 del poble\",\"breadcrumb\":{\"@id\":\"https:\\\/\\\/canfali.com\\\/ca-es\\\/cinc-dies-mes-dintensa-festa-a-pedreguer-dedicats-a-sant-blai\\\/#breadcrumb\"},\"inLanguage\":\"va-ES\",\"potentialAction\":[{\"@type\":\"ReadAction\",\"target\":[\"https:\\\/\\\/canfali.com\\\/ca-es\\\/cinc-dies-mes-dintensa-festa-a-pedreguer-dedicats-a-sant-blai\\\/\"]}]},{\"@type\":\"ImageObject\",\"inLanguage\":\"va-ES\",\"@id\":\"https:\\\/\\\/canfali.com\\\/ca-es\\\/cinc-dies-mes-dintensa-festa-a-pedreguer-dedicats-a-sant-blai\\\/#primaryimage\",\"url\":\"https:\\\/\\\/canfali.com\\\/app\\\/uploads\\\/2026\\\/01\\\/8santblai-scaled.jpg\",\"contentUrl\":\"https:\\\/\\\/canfali.com\\\/app\\\/uploads\\\/2026\\\/01\\\/8santblai-scaled.jpg\",\"width\":2560,\"height\":1920},{\"@type\":\"BreadcrumbList\",\"@id\":\"https:\\\/\\\/canfali.com\\\/ca-es\\\/cinc-dies-mes-dintensa-festa-a-pedreguer-dedicats-a-sant-blai\\\/#breadcrumb\",\"itemListElement\":[{\"@type\":\"ListItem\",\"position\":1,\"name\":\"Portada\",\"item\":\"https:\\\/\\\/canfali.com\\\/ca-es\\\/\"},{\"@type\":\"ListItem\",\"position\":2,\"name\":\"Cinc dies m\u00e9s d\u2019intensa festa a Pedreguer dedicats a Sant Blai\"}]},{\"@type\":\"WebSite\",\"@id\":\"https:\\\/\\\/canfali.com\\\/ca-es\\\/#website\",\"url\":\"https:\\\/\\\/canfali.com\\\/ca-es\\\/\",\"name\":\"Canfali\",\"description\":\"\",\"publisher\":{\"@id\":\"https:\\\/\\\/canfali.com\\\/ca-es\\\/#organization\"},\"potentialAction\":[{\"@type\":\"SearchAction\",\"target\":{\"@type\":\"EntryPoint\",\"urlTemplate\":\"https:\\\/\\\/canfali.com\\\/ca-es\\\/?s={search_term_string}\"},\"query-input\":{\"@type\":\"PropertyValueSpecification\",\"valueRequired\":true,\"valueName\":\"search_term_string\"}}],\"inLanguage\":\"va-ES\"},{\"@type\":\"Organization\",\"@id\":\"https:\\\/\\\/canfali.com\\\/ca-es\\\/#organization\",\"name\":\"Canfali\",\"url\":\"https:\\\/\\\/canfali.com\\\/ca-es\\\/\",\"logo\":{\"@type\":\"ImageObject\",\"inLanguage\":\"va-ES\",\"@id\":\"https:\\\/\\\/canfali.com\\\/ca-es\\\/#\\\/schema\\\/logo\\\/image\\\/\",\"url\":\"https:\\\/\\\/canfali.com\\\/app\\\/uploads\\\/2025\\\/12\\\/canfali_marina_alta_logo.png\",\"contentUrl\":\"https:\\\/\\\/canfali.com\\\/app\\\/uploads\\\/2025\\\/12\\\/canfali_marina_alta_logo.png\",\"width\":225,\"height\":225,\"caption\":\"Canfali\"},\"image\":{\"@id\":\"https:\\\/\\\/canfali.com\\\/ca-es\\\/#\\\/schema\\\/logo\\\/image\\\/\"},\"sameAs\":[\"https:\\\/\\\/es-es.facebook.com\\\/CANFALIMarinaAlta\",\"https:\\\/\\\/x.com\\\/canfalima\",\"https:\\\/\\\/www.instagram.com\\\/canfalimarinaalta\\\/\"]},{\"@type\":\"Person\",\"@id\":\"https:\\\/\\\/canfali.com\\\/ca-es\\\/#\\\/schema\\\/person\\\/f540a86fb33e10daaae53c59ceaa1194\",\"name\":\"Lluis\",\"image\":{\"@type\":\"ImageObject\",\"inLanguage\":\"va-ES\",\"@id\":\"https:\\\/\\\/secure.gravatar.com\\\/avatar\\\/a21ec8835290e4e02ed0886b8cb327d807d0eb6ec8ccf25d4c2a0a415f506c0d?s=96&d=mm&r=g\",\"url\":\"https:\\\/\\\/secure.gravatar.com\\\/avatar\\\/a21ec8835290e4e02ed0886b8cb327d807d0eb6ec8ccf25d4c2a0a415f506c0d?s=96&d=mm&r=g\",\"contentUrl\":\"https:\\\/\\\/secure.gravatar.com\\\/avatar\\\/a21ec8835290e4e02ed0886b8cb327d807d0eb6ec8ccf25d4c2a0a415f506c0d?s=96&d=mm&r=g\",\"caption\":\"Lluis\"},\"url\":\"https:\\\/\\\/canfali.com\\\/ca-es\\\/author\\\/lluis\\\/\"}]}<\/script>\n<!-- \/ Yoast SEO Premium plugin. -->","yoast_head_json":{"title":"Cinc dies m\u00e9s d\u2019intensa festa a Pedreguer dedicats a Sant Blai - Canfali","description":"La festa de Sant Blai de Pedreguer encara un nou cap de setmana de celebracions decidades al segon patr\u00f3 del poble","robots":{"index":"index","follow":"follow","max-snippet":"max-snippet:-1","max-image-preview":"max-image-preview:large","max-video-preview":"max-video-preview:-1"},"canonical":"https:\/\/canfali.com\/ca-es\/cinc-dies-mes-dintensa-festa-a-pedreguer-dedicats-a-sant-blai\/","og_locale":"en_US","og_type":"article","og_title":"Cinc dies m\u00e9s d\u2019intensa festa a Pedreguer dedicats a Sant Blai","og_description":"La festa de Sant Blai de Pedreguer encara un nou cap de setmana de celebracions decidades al segon patr\u00f3 del poble","og_url":"https:\/\/canfali.com\/ca-es\/cinc-dies-mes-dintensa-festa-a-pedreguer-dedicats-a-sant-blai\/","og_site_name":"Canfali","article_publisher":"https:\/\/es-es.facebook.com\/CANFALIMarinaAlta","article_published_time":"2026-01-29T06:55:07+00:00","article_modified_time":"2026-01-29T06:55:08+00:00","og_image":[{"width":2560,"height":1920,"url":"https:\/\/canfali.com\/app\/uploads\/2026\/01\/8santblai-scaled.jpg","type":"image\/jpeg"}],"author":"Lluis","twitter_card":"summary_large_image","twitter_creator":"@canfalima","twitter_site":"@canfalima","twitter_misc":{"Written by":"Lluis","Est. reading time":"4 minutes"},"schema":{"@context":"https:\/\/schema.org","@graph":[{"@type":"NewsArticle","@id":"https:\/\/canfali.com\/ca-es\/cinc-dies-mes-dintensa-festa-a-pedreguer-dedicats-a-sant-blai\/#article","isPartOf":{"@id":"https:\/\/canfali.com\/ca-es\/cinc-dies-mes-dintensa-festa-a-pedreguer-dedicats-a-sant-blai\/"},"author":{"name":"Lluis","@id":"https:\/\/canfali.com\/ca-es\/#\/schema\/person\/f540a86fb33e10daaae53c59ceaa1194"},"headline":"Cinc dies m\u00e9s d\u2019intensa festa a Pedreguer dedicats a Sant Blai","datePublished":"2026-01-29T06:55:07+00:00","dateModified":"2026-01-29T06:55:08+00:00","mainEntityOfPage":{"@id":"https:\/\/canfali.com\/ca-es\/cinc-dies-mes-dintensa-festa-a-pedreguer-dedicats-a-sant-blai\/"},"wordCount":815,"publisher":{"@id":"https:\/\/canfali.com\/ca-es\/#organization"},"image":{"@id":"https:\/\/canfali.com\/ca-es\/cinc-dies-mes-dintensa-festa-a-pedreguer-dedicats-a-sant-blai\/#primaryimage"},"thumbnailUrl":"https:\/\/canfali.com\/app\/uploads\/2026\/01\/8santblai-scaled.jpg","articleSection":["Sin categorizar"],"inLanguage":"va-ES","copyrightYear":"2026","copyrightHolder":{"@id":"https:\/\/canfali.com\/#organization"}},{"@type":"WebPage","@id":"https:\/\/canfali.com\/ca-es\/cinc-dies-mes-dintensa-festa-a-pedreguer-dedicats-a-sant-blai\/","url":"https:\/\/canfali.com\/ca-es\/cinc-dies-mes-dintensa-festa-a-pedreguer-dedicats-a-sant-blai\/","name":"Cinc dies m\u00e9s d\u2019intensa festa a Pedreguer dedicats a Sant Blai - Canfali","isPartOf":{"@id":"https:\/\/canfali.com\/ca-es\/#website"},"primaryImageOfPage":{"@id":"https:\/\/canfali.com\/ca-es\/cinc-dies-mes-dintensa-festa-a-pedreguer-dedicats-a-sant-blai\/#primaryimage"},"image":{"@id":"https:\/\/canfali.com\/ca-es\/cinc-dies-mes-dintensa-festa-a-pedreguer-dedicats-a-sant-blai\/#primaryimage"},"thumbnailUrl":"https:\/\/canfali.com\/app\/uploads\/2026\/01\/8santblai-scaled.jpg","datePublished":"2026-01-29T06:55:07+00:00","dateModified":"2026-01-29T06:55:08+00:00","description":"La festa de Sant Blai de Pedreguer encara un nou cap de setmana de celebracions decidades al segon patr\u00f3 del poble","breadcrumb":{"@id":"https:\/\/canfali.com\/ca-es\/cinc-dies-mes-dintensa-festa-a-pedreguer-dedicats-a-sant-blai\/#breadcrumb"},"inLanguage":"va-ES","potentialAction":[{"@type":"ReadAction","target":["https:\/\/canfali.com\/ca-es\/cinc-dies-mes-dintensa-festa-a-pedreguer-dedicats-a-sant-blai\/"]}]},{"@type":"ImageObject","inLanguage":"va-ES","@id":"https:\/\/canfali.com\/ca-es\/cinc-dies-mes-dintensa-festa-a-pedreguer-dedicats-a-sant-blai\/#primaryimage","url":"https:\/\/canfali.com\/app\/uploads\/2026\/01\/8santblai-scaled.jpg","contentUrl":"https:\/\/canfali.com\/app\/uploads\/2026\/01\/8santblai-scaled.jpg","width":2560,"height":1920},{"@type":"BreadcrumbList","@id":"https:\/\/canfali.com\/ca-es\/cinc-dies-mes-dintensa-festa-a-pedreguer-dedicats-a-sant-blai\/#breadcrumb","itemListElement":[{"@type":"ListItem","position":1,"name":"Portada","item":"https:\/\/canfali.com\/ca-es\/"},{"@type":"ListItem","position":2,"name":"Cinc dies m\u00e9s d\u2019intensa festa a Pedreguer dedicats a Sant Blai"}]},{"@type":"WebSite","@id":"https:\/\/canfali.com\/ca-es\/#website","url":"https:\/\/canfali.com\/ca-es\/","name":"Canfali","description":"","publisher":{"@id":"https:\/\/canfali.com\/ca-es\/#organization"},"potentialAction":[{"@type":"SearchAction","target":{"@type":"EntryPoint","urlTemplate":"https:\/\/canfali.com\/ca-es\/?s={search_term_string}"},"query-input":{"@type":"PropertyValueSpecification","valueRequired":true,"valueName":"search_term_string"}}],"inLanguage":"va-ES"},{"@type":"Organization","@id":"https:\/\/canfali.com\/ca-es\/#organization","name":"Canfali","url":"https:\/\/canfali.com\/ca-es\/","logo":{"@type":"ImageObject","inLanguage":"va-ES","@id":"https:\/\/canfali.com\/ca-es\/#\/schema\/logo\/image\/","url":"https:\/\/canfali.com\/app\/uploads\/2025\/12\/canfali_marina_alta_logo.png","contentUrl":"https:\/\/canfali.com\/app\/uploads\/2025\/12\/canfali_marina_alta_logo.png","width":225,"height":225,"caption":"Canfali"},"image":{"@id":"https:\/\/canfali.com\/ca-es\/#\/schema\/logo\/image\/"},"sameAs":["https:\/\/es-es.facebook.com\/CANFALIMarinaAlta","https:\/\/x.com\/canfalima","https:\/\/www.instagram.com\/canfalimarinaalta\/"]},{"@type":"Person","@id":"https:\/\/canfali.com\/ca-es\/#\/schema\/person\/f540a86fb33e10daaae53c59ceaa1194","name":"Lluis","image":{"@type":"ImageObject","inLanguage":"va-ES","@id":"https:\/\/secure.gravatar.com\/avatar\/a21ec8835290e4e02ed0886b8cb327d807d0eb6ec8ccf25d4c2a0a415f506c0d?s=96&d=mm&r=g","url":"https:\/\/secure.gravatar.com\/avatar\/a21ec8835290e4e02ed0886b8cb327d807d0eb6ec8ccf25d4c2a0a415f506c0d?s=96&d=mm&r=g","contentUrl":"https:\/\/secure.gravatar.com\/avatar\/a21ec8835290e4e02ed0886b8cb327d807d0eb6ec8ccf25d4c2a0a415f506c0d?s=96&d=mm&r=g","caption":"Lluis"},"url":"https:\/\/canfali.com\/ca-es\/author\/lluis\/"}]}},"_links":{"self":[{"href":"https:\/\/canfali.com\/ca-es\/wp-json\/wp\/v2\/posts\/87722","targetHints":{"allow":["GET"]}}],"collection":[{"href":"https:\/\/canfali.com\/ca-es\/wp-json\/wp\/v2\/posts"}],"about":[{"href":"https:\/\/canfali.com\/ca-es\/wp-json\/wp\/v2\/types\/post"}],"author":[{"embeddable":true,"href":"https:\/\/canfali.com\/ca-es\/wp-json\/wp\/v2\/users\/8"}],"replies":[{"embeddable":true,"href":"https:\/\/canfali.com\/ca-es\/wp-json\/wp\/v2\/comments?post=87722"}],"version-history":[{"count":1,"href":"https:\/\/canfali.com\/ca-es\/wp-json\/wp\/v2\/posts\/87722\/revisions"}],"predecessor-version":[{"id":87725,"href":"https:\/\/canfali.com\/ca-es\/wp-json\/wp\/v2\/posts\/87722\/revisions\/87725"}],"wp:featuredmedia":[{"embeddable":true,"href":"https:\/\/canfali.com\/ca-es\/wp-json\/wp\/v2\/media\/87723"}],"wp:attachment":[{"href":"https:\/\/canfali.com\/ca-es\/wp-json\/wp\/v2\/media?parent=87722"}],"wp:term":[{"taxonomy":"category","embeddable":true,"href":"https:\/\/canfali.com\/ca-es\/wp-json\/wp\/v2\/categories?post=87722"},{"taxonomy":"post_tag","embeddable":true,"href":"https:\/\/canfali.com\/ca-es\/wp-json\/wp\/v2\/tags?post=87722"}],"curies":[{"name":"wp","href":"https:\/\/api.w.org\/{rel}","templated":true}]}}