{"id":87679,"date":"2026-01-28T18:09:49","date_gmt":"2026-01-28T17:09:49","guid":{"rendered":"https:\/\/canfali.com\/joaquim-vilarnau-estrena-els-encontres-a-beniaarbeig\/"},"modified":"2026-01-28T18:10:42","modified_gmt":"2026-01-28T17:10:42","slug":"joaquim-vilarnau-estrena-els-encontres-a-beniaarbeig","status":"publish","type":"post","link":"https:\/\/canfali.com\/ca-es\/joaquim-vilarnau-estrena-els-encontres-a-beniaarbeig\/","title":{"rendered":"Joaquim Vilarnau estrena els Encontres a Beniaarbeig"},"content":{"rendered":"\n<p><p class=\"p1\">La Biblioteca de Beniarbeig acull este dijous 29 de gener, a les 19.30 hores, la confer\u00e8ncia <i>Quan la can\u00e7\u00f3 troba la literatura<\/i>, a c\u00e0rrec del periodista i investigador Joaquim Vilarnau, dins del cicle <i>M\u00fasica i literatura<\/i>.<\/p><\/p>\n\n<p>\tL\u2019activitat proposa un recorregut per la relaci\u00f3 hist\u00f2rica entre la poesia i la can\u00e7\u00f3, analitzant com molts poemes han esdevingut peces musicals i com la cultura catalana ha destacat, de manera singular, per la difusi\u00f3 de la poesia a trav\u00e9s de la can\u00e7\u00f3. La xarrada abordar\u00e0 tamb\u00e9 el comprom\u00eds entre poetes i cantants, la inspiraci\u00f3 compartida i els autors m\u00e9s musicats.&#13;\n<\/p>\n\n<p><p class=\"p1\">Joaquim Vilarnau, especialista en la Nova Can\u00e7\u00f3 i autor de diversos llibres sobre m\u00fasica i literatura, \u00e9s tamb\u00e9 autor de <i>L\u2019estaca. Cr\u00f2nica d\u2019una can\u00e7\u00f3 sense fronteres<\/i>, una obra que documenta m\u00e9s de 450 versions de la can\u00e7\u00f3 de Llu\u00eds Llach arreu del m\u00f3n. L\u2019entrada \u00e9s lliure fins a completar l\u2019aforament.<\/p><\/p>\n","protected":false},"excerpt":{"rendered":"La Biblioteca de Beniarbeig acull este dijous 29 de gener, a les 19.30 hores, la confer\u00e8ncia Quan la&hellip;","protected":false},"author":8,"featured_media":87677,"comment_status":"closed","ping_status":"closed","sticky":false,"template":"","format":"standard","meta":{"csco_display_header_overlay":false,"csco_singular_sidebar":"","csco_page_header_type":"","csco_page_load_nextpost":"","csco_post_video_location":[],"csco_post_video_location_hash":"","csco_post_video_url":"","csco_post_video_bg_start_time":0,"csco_post_video_bg_end_time":0,"footnotes":""},"categories":[579,597],"tags":[],"class_list":{"0":"post-87679","1":"post","2":"type-post","3":"status-publish","4":"format-standard","5":"has-post-thumbnail","7":"category-cultura-2","8":"category-cultura-ca-es","9":"cs-entry","10":"cs-video-wrap"},"yoast_head":"<!-- This site is optimized with the Yoast SEO Premium plugin v26.6 (Yoast SEO v27.3) - https:\/\/yoast.com\/product\/yoast-seo-premium-wordpress\/ -->\n<title>Joaquim Vilarnau estrena els Encontres a Beniaarbeig - Canfali<\/title>\n<meta name=\"description\" content=\"La Biblioteca de Beniarbeig acull este dijous 29 de gener, a les 19.30 hores, la confer\u00e8ncia Quan la can\u00e7\u00f3 troba la literatura\" \/>\n<meta name=\"robots\" content=\"index, follow, max-snippet:-1, max-image-preview:large, max-video-preview:-1\" \/>\n<link rel=\"canonical\" href=\"https:\/\/canfali.com\/ca-es\/joaquim-vilarnau-estrena-els-encontres-a-beniaarbeig\/\" \/>\n<meta property=\"og:locale\" content=\"en_US\" \/>\n<meta property=\"og:type\" content=\"article\" \/>\n<meta property=\"og:title\" content=\"Joaquim Vilarnau estrena els Encontres a Beniaarbeig\" \/>\n<meta property=\"og:description\" content=\"La Biblioteca de Beniarbeig acull este dijous 29 de gener, a les 19.30 hores, la confer\u00e8ncia Quan la can\u00e7\u00f3 troba la literatura\" \/>\n<meta property=\"og:url\" content=\"https:\/\/canfali.com\/ca-es\/joaquim-vilarnau-estrena-els-encontres-a-beniaarbeig\/\" \/>\n<meta property=\"og:site_name\" content=\"Canfali\" \/>\n<meta property=\"article:publisher\" content=\"https:\/\/es-es.facebook.com\/CANFALIMarinaAlta\" \/>\n<meta property=\"article:published_time\" content=\"2026-01-28T17:09:49+00:00\" \/>\n<meta property=\"article:modified_time\" content=\"2026-01-28T17:10:42+00:00\" \/>\n<meta property=\"og:image\" content=\"https:\/\/canfali.com\/app\/uploads\/2026\/01\/Captura-de-pantalla-2026-01-28-a-las-18.05.32-1-1024x689.png\" \/>\n\t<meta property=\"og:image:width\" content=\"1024\" \/>\n\t<meta property=\"og:image:height\" content=\"689\" \/>\n\t<meta property=\"og:image:type\" content=\"image\/png\" \/>\n<meta name=\"author\" content=\"Lluis\" \/>\n<meta name=\"twitter:card\" content=\"summary_large_image\" \/>\n<meta name=\"twitter:creator\" content=\"@canfalima\" \/>\n<meta name=\"twitter:site\" content=\"@canfalima\" \/>\n<meta name=\"twitter:label1\" content=\"Written by\" \/>\n\t<meta name=\"twitter:data1\" content=\"Lluis\" \/>\n\t<meta name=\"twitter:label2\" content=\"Est. reading time\" \/>\n\t<meta name=\"twitter:data2\" content=\"1 minute\" \/>\n<script type=\"application\/ld+json\" class=\"yoast-schema-graph\">{\"@context\":\"https:\\\/\\\/schema.org\",\"@graph\":[{\"@type\":\"NewsArticle\",\"@id\":\"https:\\\/\\\/canfali.com\\\/ca-es\\\/joaquim-vilarnau-estrena-els-encontres-a-beniaarbeig\\\/#article\",\"isPartOf\":{\"@id\":\"https:\\\/\\\/canfali.com\\\/ca-es\\\/joaquim-vilarnau-estrena-els-encontres-a-beniaarbeig\\\/\"},\"author\":{\"name\":\"Lluis\",\"@id\":\"https:\\\/\\\/canfali.com\\\/ca-es\\\/#\\\/schema\\\/person\\\/f540a86fb33e10daaae53c59ceaa1194\"},\"headline\":\"Joaquim Vilarnau estrena els Encontres a Beniaarbeig\",\"datePublished\":\"2026-01-28T17:09:49+00:00\",\"dateModified\":\"2026-01-28T17:10:42+00:00\",\"mainEntityOfPage\":{\"@id\":\"https:\\\/\\\/canfali.com\\\/ca-es\\\/joaquim-vilarnau-estrena-els-encontres-a-beniaarbeig\\\/\"},\"wordCount\":168,\"publisher\":{\"@id\":\"https:\\\/\\\/canfali.com\\\/ca-es\\\/#organization\"},\"image\":{\"@id\":\"https:\\\/\\\/canfali.com\\\/ca-es\\\/joaquim-vilarnau-estrena-els-encontres-a-beniaarbeig\\\/#primaryimage\"},\"thumbnailUrl\":\"https:\\\/\\\/canfali.com\\\/app\\\/uploads\\\/2026\\\/01\\\/Captura-de-pantalla-2026-01-28-a-las-18.05.32-1.png\",\"articleSection\":[\"Cultura\",\"Cultura\"],\"inLanguage\":\"va-ES\",\"copyrightYear\":\"2026\",\"copyrightHolder\":{\"@id\":\"https:\\\/\\\/canfali.com\\\/#organization\"}},{\"@type\":\"WebPage\",\"@id\":\"https:\\\/\\\/canfali.com\\\/ca-es\\\/joaquim-vilarnau-estrena-els-encontres-a-beniaarbeig\\\/\",\"url\":\"https:\\\/\\\/canfali.com\\\/ca-es\\\/joaquim-vilarnau-estrena-els-encontres-a-beniaarbeig\\\/\",\"name\":\"Joaquim Vilarnau estrena els Encontres a Beniaarbeig - Canfali\",\"isPartOf\":{\"@id\":\"https:\\\/\\\/canfali.com\\\/ca-es\\\/#website\"},\"primaryImageOfPage\":{\"@id\":\"https:\\\/\\\/canfali.com\\\/ca-es\\\/joaquim-vilarnau-estrena-els-encontres-a-beniaarbeig\\\/#primaryimage\"},\"image\":{\"@id\":\"https:\\\/\\\/canfali.com\\\/ca-es\\\/joaquim-vilarnau-estrena-els-encontres-a-beniaarbeig\\\/#primaryimage\"},\"thumbnailUrl\":\"https:\\\/\\\/canfali.com\\\/app\\\/uploads\\\/2026\\\/01\\\/Captura-de-pantalla-2026-01-28-a-las-18.05.32-1.png\",\"datePublished\":\"2026-01-28T17:09:49+00:00\",\"dateModified\":\"2026-01-28T17:10:42+00:00\",\"description\":\"La Biblioteca de Beniarbeig acull este dijous 29 de gener, a les 19.30 hores, la confer\u00e8ncia Quan la can\u00e7\u00f3 troba la literatura\",\"breadcrumb\":{\"@id\":\"https:\\\/\\\/canfali.com\\\/ca-es\\\/joaquim-vilarnau-estrena-els-encontres-a-beniaarbeig\\\/#breadcrumb\"},\"inLanguage\":\"va-ES\",\"potentialAction\":[{\"@type\":\"ReadAction\",\"target\":[\"https:\\\/\\\/canfali.com\\\/ca-es\\\/joaquim-vilarnau-estrena-els-encontres-a-beniaarbeig\\\/\"]}]},{\"@type\":\"ImageObject\",\"inLanguage\":\"va-ES\",\"@id\":\"https:\\\/\\\/canfali.com\\\/ca-es\\\/joaquim-vilarnau-estrena-els-encontres-a-beniaarbeig\\\/#primaryimage\",\"url\":\"https:\\\/\\\/canfali.com\\\/app\\\/uploads\\\/2026\\\/01\\\/Captura-de-pantalla-2026-01-28-a-las-18.05.32-1.png\",\"contentUrl\":\"https:\\\/\\\/canfali.com\\\/app\\\/uploads\\\/2026\\\/01\\\/Captura-de-pantalla-2026-01-28-a-las-18.05.32-1.png\",\"width\":1922,\"height\":1294},{\"@type\":\"BreadcrumbList\",\"@id\":\"https:\\\/\\\/canfali.com\\\/ca-es\\\/joaquim-vilarnau-estrena-els-encontres-a-beniaarbeig\\\/#breadcrumb\",\"itemListElement\":[{\"@type\":\"ListItem\",\"position\":1,\"name\":\"Portada\",\"item\":\"https:\\\/\\\/canfali.com\\\/ca-es\\\/\"},{\"@type\":\"ListItem\",\"position\":2,\"name\":\"Joaquim Vilarnau estrena els Encontres a Beniaarbeig\"}]},{\"@type\":\"WebSite\",\"@id\":\"https:\\\/\\\/canfali.com\\\/ca-es\\\/#website\",\"url\":\"https:\\\/\\\/canfali.com\\\/ca-es\\\/\",\"name\":\"Canfali\",\"description\":\"\",\"publisher\":{\"@id\":\"https:\\\/\\\/canfali.com\\\/ca-es\\\/#organization\"},\"potentialAction\":[{\"@type\":\"SearchAction\",\"target\":{\"@type\":\"EntryPoint\",\"urlTemplate\":\"https:\\\/\\\/canfali.com\\\/ca-es\\\/?s={search_term_string}\"},\"query-input\":{\"@type\":\"PropertyValueSpecification\",\"valueRequired\":true,\"valueName\":\"search_term_string\"}}],\"inLanguage\":\"va-ES\"},{\"@type\":\"Organization\",\"@id\":\"https:\\\/\\\/canfali.com\\\/ca-es\\\/#organization\",\"name\":\"Canfali\",\"url\":\"https:\\\/\\\/canfali.com\\\/ca-es\\\/\",\"logo\":{\"@type\":\"ImageObject\",\"inLanguage\":\"va-ES\",\"@id\":\"https:\\\/\\\/canfali.com\\\/ca-es\\\/#\\\/schema\\\/logo\\\/image\\\/\",\"url\":\"https:\\\/\\\/canfali.com\\\/app\\\/uploads\\\/2025\\\/12\\\/canfali_marina_alta_logo.png\",\"contentUrl\":\"https:\\\/\\\/canfali.com\\\/app\\\/uploads\\\/2025\\\/12\\\/canfali_marina_alta_logo.png\",\"width\":225,\"height\":225,\"caption\":\"Canfali\"},\"image\":{\"@id\":\"https:\\\/\\\/canfali.com\\\/ca-es\\\/#\\\/schema\\\/logo\\\/image\\\/\"},\"sameAs\":[\"https:\\\/\\\/es-es.facebook.com\\\/CANFALIMarinaAlta\",\"https:\\\/\\\/x.com\\\/canfalima\",\"https:\\\/\\\/www.instagram.com\\\/canfalimarinaalta\\\/\"]},{\"@type\":\"Person\",\"@id\":\"https:\\\/\\\/canfali.com\\\/ca-es\\\/#\\\/schema\\\/person\\\/f540a86fb33e10daaae53c59ceaa1194\",\"name\":\"Lluis\",\"image\":{\"@type\":\"ImageObject\",\"inLanguage\":\"va-ES\",\"@id\":\"https:\\\/\\\/secure.gravatar.com\\\/avatar\\\/a21ec8835290e4e02ed0886b8cb327d807d0eb6ec8ccf25d4c2a0a415f506c0d?s=96&d=mm&r=g\",\"url\":\"https:\\\/\\\/secure.gravatar.com\\\/avatar\\\/a21ec8835290e4e02ed0886b8cb327d807d0eb6ec8ccf25d4c2a0a415f506c0d?s=96&d=mm&r=g\",\"contentUrl\":\"https:\\\/\\\/secure.gravatar.com\\\/avatar\\\/a21ec8835290e4e02ed0886b8cb327d807d0eb6ec8ccf25d4c2a0a415f506c0d?s=96&d=mm&r=g\",\"caption\":\"Lluis\"},\"url\":\"https:\\\/\\\/canfali.com\\\/ca-es\\\/author\\\/lluis\\\/\"}]}<\/script>\n<!-- \/ Yoast SEO Premium plugin. -->","yoast_head_json":{"title":"Joaquim Vilarnau estrena els Encontres a Beniaarbeig - Canfali","description":"La Biblioteca de Beniarbeig acull este dijous 29 de gener, a les 19.30 hores, la confer\u00e8ncia Quan la can\u00e7\u00f3 troba la literatura","robots":{"index":"index","follow":"follow","max-snippet":"max-snippet:-1","max-image-preview":"max-image-preview:large","max-video-preview":"max-video-preview:-1"},"canonical":"https:\/\/canfali.com\/ca-es\/joaquim-vilarnau-estrena-els-encontres-a-beniaarbeig\/","og_locale":"en_US","og_type":"article","og_title":"Joaquim Vilarnau estrena els Encontres a Beniaarbeig","og_description":"La Biblioteca de Beniarbeig acull este dijous 29 de gener, a les 19.30 hores, la confer\u00e8ncia Quan la can\u00e7\u00f3 troba la literatura","og_url":"https:\/\/canfali.com\/ca-es\/joaquim-vilarnau-estrena-els-encontres-a-beniaarbeig\/","og_site_name":"Canfali","article_publisher":"https:\/\/es-es.facebook.com\/CANFALIMarinaAlta","article_published_time":"2026-01-28T17:09:49+00:00","article_modified_time":"2026-01-28T17:10:42+00:00","og_image":[{"width":1024,"height":689,"url":"https:\/\/canfali.com\/app\/uploads\/2026\/01\/Captura-de-pantalla-2026-01-28-a-las-18.05.32-1-1024x689.png","type":"image\/png"}],"author":"Lluis","twitter_card":"summary_large_image","twitter_creator":"@canfalima","twitter_site":"@canfalima","twitter_misc":{"Written by":"Lluis","Est. reading time":"1 minute"},"schema":{"@context":"https:\/\/schema.org","@graph":[{"@type":"NewsArticle","@id":"https:\/\/canfali.com\/ca-es\/joaquim-vilarnau-estrena-els-encontres-a-beniaarbeig\/#article","isPartOf":{"@id":"https:\/\/canfali.com\/ca-es\/joaquim-vilarnau-estrena-els-encontres-a-beniaarbeig\/"},"author":{"name":"Lluis","@id":"https:\/\/canfali.com\/ca-es\/#\/schema\/person\/f540a86fb33e10daaae53c59ceaa1194"},"headline":"Joaquim Vilarnau estrena els Encontres a Beniaarbeig","datePublished":"2026-01-28T17:09:49+00:00","dateModified":"2026-01-28T17:10:42+00:00","mainEntityOfPage":{"@id":"https:\/\/canfali.com\/ca-es\/joaquim-vilarnau-estrena-els-encontres-a-beniaarbeig\/"},"wordCount":168,"publisher":{"@id":"https:\/\/canfali.com\/ca-es\/#organization"},"image":{"@id":"https:\/\/canfali.com\/ca-es\/joaquim-vilarnau-estrena-els-encontres-a-beniaarbeig\/#primaryimage"},"thumbnailUrl":"https:\/\/canfali.com\/app\/uploads\/2026\/01\/Captura-de-pantalla-2026-01-28-a-las-18.05.32-1.png","articleSection":["Cultura","Cultura"],"inLanguage":"va-ES","copyrightYear":"2026","copyrightHolder":{"@id":"https:\/\/canfali.com\/#organization"}},{"@type":"WebPage","@id":"https:\/\/canfali.com\/ca-es\/joaquim-vilarnau-estrena-els-encontres-a-beniaarbeig\/","url":"https:\/\/canfali.com\/ca-es\/joaquim-vilarnau-estrena-els-encontres-a-beniaarbeig\/","name":"Joaquim Vilarnau estrena els Encontres a Beniaarbeig - Canfali","isPartOf":{"@id":"https:\/\/canfali.com\/ca-es\/#website"},"primaryImageOfPage":{"@id":"https:\/\/canfali.com\/ca-es\/joaquim-vilarnau-estrena-els-encontres-a-beniaarbeig\/#primaryimage"},"image":{"@id":"https:\/\/canfali.com\/ca-es\/joaquim-vilarnau-estrena-els-encontres-a-beniaarbeig\/#primaryimage"},"thumbnailUrl":"https:\/\/canfali.com\/app\/uploads\/2026\/01\/Captura-de-pantalla-2026-01-28-a-las-18.05.32-1.png","datePublished":"2026-01-28T17:09:49+00:00","dateModified":"2026-01-28T17:10:42+00:00","description":"La Biblioteca de Beniarbeig acull este dijous 29 de gener, a les 19.30 hores, la confer\u00e8ncia Quan la can\u00e7\u00f3 troba la literatura","breadcrumb":{"@id":"https:\/\/canfali.com\/ca-es\/joaquim-vilarnau-estrena-els-encontres-a-beniaarbeig\/#breadcrumb"},"inLanguage":"va-ES","potentialAction":[{"@type":"ReadAction","target":["https:\/\/canfali.com\/ca-es\/joaquim-vilarnau-estrena-els-encontres-a-beniaarbeig\/"]}]},{"@type":"ImageObject","inLanguage":"va-ES","@id":"https:\/\/canfali.com\/ca-es\/joaquim-vilarnau-estrena-els-encontres-a-beniaarbeig\/#primaryimage","url":"https:\/\/canfali.com\/app\/uploads\/2026\/01\/Captura-de-pantalla-2026-01-28-a-las-18.05.32-1.png","contentUrl":"https:\/\/canfali.com\/app\/uploads\/2026\/01\/Captura-de-pantalla-2026-01-28-a-las-18.05.32-1.png","width":1922,"height":1294},{"@type":"BreadcrumbList","@id":"https:\/\/canfali.com\/ca-es\/joaquim-vilarnau-estrena-els-encontres-a-beniaarbeig\/#breadcrumb","itemListElement":[{"@type":"ListItem","position":1,"name":"Portada","item":"https:\/\/canfali.com\/ca-es\/"},{"@type":"ListItem","position":2,"name":"Joaquim Vilarnau estrena els Encontres a Beniaarbeig"}]},{"@type":"WebSite","@id":"https:\/\/canfali.com\/ca-es\/#website","url":"https:\/\/canfali.com\/ca-es\/","name":"Canfali","description":"","publisher":{"@id":"https:\/\/canfali.com\/ca-es\/#organization"},"potentialAction":[{"@type":"SearchAction","target":{"@type":"EntryPoint","urlTemplate":"https:\/\/canfali.com\/ca-es\/?s={search_term_string}"},"query-input":{"@type":"PropertyValueSpecification","valueRequired":true,"valueName":"search_term_string"}}],"inLanguage":"va-ES"},{"@type":"Organization","@id":"https:\/\/canfali.com\/ca-es\/#organization","name":"Canfali","url":"https:\/\/canfali.com\/ca-es\/","logo":{"@type":"ImageObject","inLanguage":"va-ES","@id":"https:\/\/canfali.com\/ca-es\/#\/schema\/logo\/image\/","url":"https:\/\/canfali.com\/app\/uploads\/2025\/12\/canfali_marina_alta_logo.png","contentUrl":"https:\/\/canfali.com\/app\/uploads\/2025\/12\/canfali_marina_alta_logo.png","width":225,"height":225,"caption":"Canfali"},"image":{"@id":"https:\/\/canfali.com\/ca-es\/#\/schema\/logo\/image\/"},"sameAs":["https:\/\/es-es.facebook.com\/CANFALIMarinaAlta","https:\/\/x.com\/canfalima","https:\/\/www.instagram.com\/canfalimarinaalta\/"]},{"@type":"Person","@id":"https:\/\/canfali.com\/ca-es\/#\/schema\/person\/f540a86fb33e10daaae53c59ceaa1194","name":"Lluis","image":{"@type":"ImageObject","inLanguage":"va-ES","@id":"https:\/\/secure.gravatar.com\/avatar\/a21ec8835290e4e02ed0886b8cb327d807d0eb6ec8ccf25d4c2a0a415f506c0d?s=96&d=mm&r=g","url":"https:\/\/secure.gravatar.com\/avatar\/a21ec8835290e4e02ed0886b8cb327d807d0eb6ec8ccf25d4c2a0a415f506c0d?s=96&d=mm&r=g","contentUrl":"https:\/\/secure.gravatar.com\/avatar\/a21ec8835290e4e02ed0886b8cb327d807d0eb6ec8ccf25d4c2a0a415f506c0d?s=96&d=mm&r=g","caption":"Lluis"},"url":"https:\/\/canfali.com\/ca-es\/author\/lluis\/"}]}},"_links":{"self":[{"href":"https:\/\/canfali.com\/ca-es\/wp-json\/wp\/v2\/posts\/87679","targetHints":{"allow":["GET"]}}],"collection":[{"href":"https:\/\/canfali.com\/ca-es\/wp-json\/wp\/v2\/posts"}],"about":[{"href":"https:\/\/canfali.com\/ca-es\/wp-json\/wp\/v2\/types\/post"}],"author":[{"embeddable":true,"href":"https:\/\/canfali.com\/ca-es\/wp-json\/wp\/v2\/users\/8"}],"replies":[{"embeddable":true,"href":"https:\/\/canfali.com\/ca-es\/wp-json\/wp\/v2\/comments?post=87679"}],"version-history":[{"count":1,"href":"https:\/\/canfali.com\/ca-es\/wp-json\/wp\/v2\/posts\/87679\/revisions"}],"predecessor-version":[{"id":87680,"href":"https:\/\/canfali.com\/ca-es\/wp-json\/wp\/v2\/posts\/87679\/revisions\/87680"}],"wp:featuredmedia":[{"embeddable":true,"href":"https:\/\/canfali.com\/ca-es\/wp-json\/wp\/v2\/media\/87677"}],"wp:attachment":[{"href":"https:\/\/canfali.com\/ca-es\/wp-json\/wp\/v2\/media?parent=87679"}],"wp:term":[{"taxonomy":"category","embeddable":true,"href":"https:\/\/canfali.com\/ca-es\/wp-json\/wp\/v2\/categories?post=87679"},{"taxonomy":"post_tag","embeddable":true,"href":"https:\/\/canfali.com\/ca-es\/wp-json\/wp\/v2\/tags?post=87679"}],"curies":[{"name":"wp","href":"https:\/\/api.w.org\/{rel}","templated":true}]}}