{"id":87664,"date":"2026-01-28T17:43:27","date_gmt":"2026-01-28T16:43:27","guid":{"rendered":"https:\/\/canfali.com\/el-club-de-tennis-xabia-torna-a-acollir-un-torneig-del-circuit-internacional\/"},"modified":"2026-01-28T17:45:18","modified_gmt":"2026-01-28T16:45:18","slug":"el-club-de-tennis-xabia-torna-a-acollir-un-torneig-del-circuit-internacional","status":"publish","type":"post","link":"https:\/\/canfali.com\/ca-es\/el-club-de-tennis-xabia-torna-a-acollir-un-torneig-del-circuit-internacional\/","title":{"rendered":"El Club de Tennis X\u00e0bia torna a acollir un torneig del circuit internacional"},"content":{"rendered":"\n<p>El tennis d\u2019elit torna a X\u00e0bia. De l\u20191 al 8 de febrer, les instal\u00b7lacions del Club de Tennis X\u00e0bia seran l\u2019escenari d\u2019una prova del Circuit Internacional ITF World Tennis Tour W15, una cita de primer nivell que situar\u00e0 el municipi en el calendari del tennis internacional.&#13;\n<\/p>\n\n<p>El torneig ha sigut presentat en roda de premsa amb la participaci\u00f3 de l\u2019alcaldessa de X\u00e0bia, Rosa Cardona; el regidor d\u2019Esports, Toni Molina; el president del Club de Tennis X\u00e0bia, Vicent Andr\u00e9s; i el president de la Federaci\u00f3 de Tennis de la Comunitat Valenciana, Paco Vicent. Tots ells han coincidit a destacar la rellev\u00e0ncia esportiva, social i econ\u00f2mica de l\u2019esdeveniment per a la localitat.&#13;\n<\/p>\n\n<p>La competici\u00f3, organitzada pel Club de Tennis X\u00e0bia amb la col\u00b7laboraci\u00f3 de l\u2019Ajuntament de X\u00e0bia i la Federaci\u00f3 de Tennis de la Comunitat Valenciana, forma part del calendari oficial de la ITF World Tennis Tour i compta amb l\u2019aval de la Reial Federaci\u00f3 Espanyola de Tennis. A m\u00e9s, X\u00e0bia ser\u00e0 la primera seu de la segona edici\u00f3 del Circuit d\u2019Internacionals de la Comunitat Valenciana, consolidant-se com a referent en l\u2019organitzaci\u00f3 de competicions esportives d\u2019alt nivell.&#13;\n<\/p>\n\n<p>El torneig arrancar\u00e0 amb la fase pr\u00e8via els dies 1, 2 i 3 de febrer, mentre que el quadre final es disputar\u00e0 del 3 al 8 de febrer. Hi participaran jugadores situades entre les 500 millors del r\u00e0nquing mundial, fet que garanteix un alt nivell competitiu i partits de gran qualitat.&#13;\n<\/p>\n\n<p>De manera paral\u00b7lela, es desenvolupar\u00e0 un programa d\u2019activitats complement\u00e0ries orientades a fomentar l\u2019esport base i la participaci\u00f3 ciutadana. Entre aquestes, s\u2019han programat jornades per a centres escolars, en qu\u00e8 l\u2019alumnat podr\u00e0 iniciar-se en el pickleball i con\u00e9ixer de prop el funcionament d\u2019un torneig internacional, aix\u00ed com clinics amb jugadores professionals.&#13;\n<\/p>\n\n<p><p class=\"p1\"><b>TORNEIGS PER A LA BASE<\/b><b><\/b><\/p><\/p>\n\n<p>Paral\u00b7lelament, durant la setmana del torneig tamb\u00e9 se celebrar\u00e0 el Trofeu Juan Olivert i Josele Pastor, adre\u00e7at a les categories alev\u00ed i infantil, amb la participaci\u00f3 dels huit millors jugadors i jugadores de la Comunitat Valenciana. Aquesta competici\u00f3 permetr\u00e0 la concessi\u00f3 de beques econ\u00f2miques per a la formaci\u00f3 esportiva, atorgades per la Federaci\u00f3 de Tennis de la Comunitat Valenciana.&#13;\n<\/p>\n\n<p>L\u2019alcaldessa, Rosa Cardona, ha subratllat que es tracta d\u2019\u201cun esdeveniment esportiu de gran prestigi que atrau fam\u00edlies i visitants i refor\u00e7a la projecci\u00f3 de X\u00e0bia com a destinaci\u00f3 esportiva\u201d, destacant l\u2019impacte positiu del torneig en l\u2019economia local, el turisme i la visibilitat del municipi.&#13;\n<\/p>\n","protected":false},"excerpt":{"rendered":"El tennis d\u2019elit torna a X\u00e0bia. De l\u20191 al 8 de febrer, les instal\u00b7lacions del Club de Tennis&hellip;","protected":false},"author":8,"featured_media":87662,"comment_status":"closed","ping_status":"closed","sticky":false,"template":"","format":"standard","meta":{"csco_display_header_overlay":false,"csco_singular_sidebar":"","csco_page_header_type":"","csco_page_load_nextpost":"","csco_post_video_location":[],"csco_post_video_location_hash":"","csco_post_video_url":"","csco_post_video_bg_start_time":0,"csco_post_video_bg_end_time":0,"footnotes":""},"categories":[573,598],"tags":[],"class_list":{"0":"post-87664","1":"post","2":"type-post","3":"status-publish","4":"format-standard","5":"has-post-thumbnail","7":"category-deportes-2","8":"category-esports","9":"cs-entry","10":"cs-video-wrap"},"yoast_head":"<!-- This site is optimized with the Yoast SEO Premium plugin v26.6 (Yoast SEO v27.3) - https:\/\/yoast.com\/product\/yoast-seo-premium-wordpress\/ -->\n<title>El Club de Tennis X\u00e0bia torna a acollir un torneig del circuit internacional - Canfali<\/title>\n<meta name=\"description\" content=\"De l\u20191 al 8 de febrer, les instal\u00b7lacions del Club de Tennis X\u00e0bia seran l\u2019escenari d\u2019una prova del Circuit Internacional ITour W15\" \/>\n<meta name=\"robots\" content=\"index, follow, max-snippet:-1, max-image-preview:large, max-video-preview:-1\" \/>\n<link rel=\"canonical\" href=\"https:\/\/canfali.com\/ca-es\/el-club-de-tennis-xabia-torna-a-acollir-un-torneig-del-circuit-internacional\/\" \/>\n<meta property=\"og:locale\" content=\"en_US\" \/>\n<meta property=\"og:type\" content=\"article\" \/>\n<meta property=\"og:title\" content=\"El Club de Tennis X\u00e0bia torna a acollir un torneig del circuit internacional\" \/>\n<meta property=\"og:description\" content=\"De l\u20191 al 8 de febrer, les instal\u00b7lacions del Club de Tennis X\u00e0bia seran l\u2019escenari d\u2019una prova del Circuit Internacional ITour W15\" \/>\n<meta property=\"og:url\" content=\"https:\/\/canfali.com\/ca-es\/el-club-de-tennis-xabia-torna-a-acollir-un-torneig-del-circuit-internacional\/\" \/>\n<meta property=\"og:site_name\" content=\"Canfali\" \/>\n<meta property=\"article:publisher\" content=\"https:\/\/es-es.facebook.com\/CANFALIMarinaAlta\" \/>\n<meta property=\"article:published_time\" content=\"2026-01-28T16:43:27+00:00\" \/>\n<meta property=\"article:modified_time\" content=\"2026-01-28T16:45:18+00:00\" \/>\n<meta property=\"og:image\" content=\"https:\/\/canfali.com\/app\/uploads\/2026\/01\/8tenis-scaled.jpg\" \/>\n\t<meta property=\"og:image:width\" content=\"2560\" \/>\n\t<meta property=\"og:image:height\" content=\"1920\" \/>\n\t<meta property=\"og:image:type\" content=\"image\/jpeg\" \/>\n<meta name=\"author\" content=\"Lluis\" \/>\n<meta name=\"twitter:card\" content=\"summary_large_image\" \/>\n<meta name=\"twitter:creator\" content=\"@canfalima\" \/>\n<meta name=\"twitter:site\" content=\"@canfalima\" \/>\n<meta name=\"twitter:label1\" content=\"Written by\" \/>\n\t<meta name=\"twitter:data1\" content=\"Lluis\" \/>\n\t<meta name=\"twitter:label2\" content=\"Est. reading time\" \/>\n\t<meta name=\"twitter:data2\" content=\"2 minutes\" \/>\n<script type=\"application\/ld+json\" class=\"yoast-schema-graph\">{\"@context\":\"https:\\\/\\\/schema.org\",\"@graph\":[{\"@type\":\"NewsArticle\",\"@id\":\"https:\\\/\\\/canfali.com\\\/ca-es\\\/el-club-de-tennis-xabia-torna-a-acollir-un-torneig-del-circuit-internacional\\\/#article\",\"isPartOf\":{\"@id\":\"https:\\\/\\\/canfali.com\\\/ca-es\\\/el-club-de-tennis-xabia-torna-a-acollir-un-torneig-del-circuit-internacional\\\/\"},\"author\":{\"name\":\"Lluis\",\"@id\":\"https:\\\/\\\/canfali.com\\\/ca-es\\\/#\\\/schema\\\/person\\\/f540a86fb33e10daaae53c59ceaa1194\"},\"headline\":\"El Club de Tennis X\u00e0bia torna a acollir un torneig del circuit internacional\",\"datePublished\":\"2026-01-28T16:43:27+00:00\",\"dateModified\":\"2026-01-28T16:45:18+00:00\",\"mainEntityOfPage\":{\"@id\":\"https:\\\/\\\/canfali.com\\\/ca-es\\\/el-club-de-tennis-xabia-torna-a-acollir-un-torneig-del-circuit-internacional\\\/\"},\"wordCount\":445,\"publisher\":{\"@id\":\"https:\\\/\\\/canfali.com\\\/ca-es\\\/#organization\"},\"image\":{\"@id\":\"https:\\\/\\\/canfali.com\\\/ca-es\\\/el-club-de-tennis-xabia-torna-a-acollir-un-torneig-del-circuit-internacional\\\/#primaryimage\"},\"thumbnailUrl\":\"https:\\\/\\\/canfali.com\\\/app\\\/uploads\\\/2026\\\/01\\\/8tenis-scaled.jpg\",\"articleSection\":[\"Deportes\",\"Esports\"],\"inLanguage\":\"va-ES\",\"copyrightYear\":\"2026\",\"copyrightHolder\":{\"@id\":\"https:\\\/\\\/canfali.com\\\/#organization\"}},{\"@type\":\"WebPage\",\"@id\":\"https:\\\/\\\/canfali.com\\\/ca-es\\\/el-club-de-tennis-xabia-torna-a-acollir-un-torneig-del-circuit-internacional\\\/\",\"url\":\"https:\\\/\\\/canfali.com\\\/ca-es\\\/el-club-de-tennis-xabia-torna-a-acollir-un-torneig-del-circuit-internacional\\\/\",\"name\":\"El Club de Tennis X\u00e0bia torna a acollir un torneig del circuit internacional - Canfali\",\"isPartOf\":{\"@id\":\"https:\\\/\\\/canfali.com\\\/ca-es\\\/#website\"},\"primaryImageOfPage\":{\"@id\":\"https:\\\/\\\/canfali.com\\\/ca-es\\\/el-club-de-tennis-xabia-torna-a-acollir-un-torneig-del-circuit-internacional\\\/#primaryimage\"},\"image\":{\"@id\":\"https:\\\/\\\/canfali.com\\\/ca-es\\\/el-club-de-tennis-xabia-torna-a-acollir-un-torneig-del-circuit-internacional\\\/#primaryimage\"},\"thumbnailUrl\":\"https:\\\/\\\/canfali.com\\\/app\\\/uploads\\\/2026\\\/01\\\/8tenis-scaled.jpg\",\"datePublished\":\"2026-01-28T16:43:27+00:00\",\"dateModified\":\"2026-01-28T16:45:18+00:00\",\"description\":\"De l\u20191 al 8 de febrer, les instal\u00b7lacions del Club de Tennis X\u00e0bia seran l\u2019escenari d\u2019una prova del Circuit Internacional ITour W15\",\"breadcrumb\":{\"@id\":\"https:\\\/\\\/canfali.com\\\/ca-es\\\/el-club-de-tennis-xabia-torna-a-acollir-un-torneig-del-circuit-internacional\\\/#breadcrumb\"},\"inLanguage\":\"va-ES\",\"potentialAction\":[{\"@type\":\"ReadAction\",\"target\":[\"https:\\\/\\\/canfali.com\\\/ca-es\\\/el-club-de-tennis-xabia-torna-a-acollir-un-torneig-del-circuit-internacional\\\/\"]}]},{\"@type\":\"ImageObject\",\"inLanguage\":\"va-ES\",\"@id\":\"https:\\\/\\\/canfali.com\\\/ca-es\\\/el-club-de-tennis-xabia-torna-a-acollir-un-torneig-del-circuit-internacional\\\/#primaryimage\",\"url\":\"https:\\\/\\\/canfali.com\\\/app\\\/uploads\\\/2026\\\/01\\\/8tenis-scaled.jpg\",\"contentUrl\":\"https:\\\/\\\/canfali.com\\\/app\\\/uploads\\\/2026\\\/01\\\/8tenis-scaled.jpg\",\"width\":2560,\"height\":1920},{\"@type\":\"BreadcrumbList\",\"@id\":\"https:\\\/\\\/canfali.com\\\/ca-es\\\/el-club-de-tennis-xabia-torna-a-acollir-un-torneig-del-circuit-internacional\\\/#breadcrumb\",\"itemListElement\":[{\"@type\":\"ListItem\",\"position\":1,\"name\":\"Portada\",\"item\":\"https:\\\/\\\/canfali.com\\\/ca-es\\\/\"},{\"@type\":\"ListItem\",\"position\":2,\"name\":\"El Club de Tennis X\u00e0bia torna a acollir un torneig del circuit internacional\"}]},{\"@type\":\"WebSite\",\"@id\":\"https:\\\/\\\/canfali.com\\\/ca-es\\\/#website\",\"url\":\"https:\\\/\\\/canfali.com\\\/ca-es\\\/\",\"name\":\"Canfali\",\"description\":\"\",\"publisher\":{\"@id\":\"https:\\\/\\\/canfali.com\\\/ca-es\\\/#organization\"},\"potentialAction\":[{\"@type\":\"SearchAction\",\"target\":{\"@type\":\"EntryPoint\",\"urlTemplate\":\"https:\\\/\\\/canfali.com\\\/ca-es\\\/?s={search_term_string}\"},\"query-input\":{\"@type\":\"PropertyValueSpecification\",\"valueRequired\":true,\"valueName\":\"search_term_string\"}}],\"inLanguage\":\"va-ES\"},{\"@type\":\"Organization\",\"@id\":\"https:\\\/\\\/canfali.com\\\/ca-es\\\/#organization\",\"name\":\"Canfali\",\"url\":\"https:\\\/\\\/canfali.com\\\/ca-es\\\/\",\"logo\":{\"@type\":\"ImageObject\",\"inLanguage\":\"va-ES\",\"@id\":\"https:\\\/\\\/canfali.com\\\/ca-es\\\/#\\\/schema\\\/logo\\\/image\\\/\",\"url\":\"https:\\\/\\\/canfali.com\\\/app\\\/uploads\\\/2025\\\/12\\\/canfali_marina_alta_logo.png\",\"contentUrl\":\"https:\\\/\\\/canfali.com\\\/app\\\/uploads\\\/2025\\\/12\\\/canfali_marina_alta_logo.png\",\"width\":225,\"height\":225,\"caption\":\"Canfali\"},\"image\":{\"@id\":\"https:\\\/\\\/canfali.com\\\/ca-es\\\/#\\\/schema\\\/logo\\\/image\\\/\"},\"sameAs\":[\"https:\\\/\\\/es-es.facebook.com\\\/CANFALIMarinaAlta\",\"https:\\\/\\\/x.com\\\/canfalima\",\"https:\\\/\\\/www.instagram.com\\\/canfalimarinaalta\\\/\"]},{\"@type\":\"Person\",\"@id\":\"https:\\\/\\\/canfali.com\\\/ca-es\\\/#\\\/schema\\\/person\\\/f540a86fb33e10daaae53c59ceaa1194\",\"name\":\"Lluis\",\"image\":{\"@type\":\"ImageObject\",\"inLanguage\":\"va-ES\",\"@id\":\"https:\\\/\\\/secure.gravatar.com\\\/avatar\\\/a21ec8835290e4e02ed0886b8cb327d807d0eb6ec8ccf25d4c2a0a415f506c0d?s=96&d=mm&r=g\",\"url\":\"https:\\\/\\\/secure.gravatar.com\\\/avatar\\\/a21ec8835290e4e02ed0886b8cb327d807d0eb6ec8ccf25d4c2a0a415f506c0d?s=96&d=mm&r=g\",\"contentUrl\":\"https:\\\/\\\/secure.gravatar.com\\\/avatar\\\/a21ec8835290e4e02ed0886b8cb327d807d0eb6ec8ccf25d4c2a0a415f506c0d?s=96&d=mm&r=g\",\"caption\":\"Lluis\"},\"url\":\"https:\\\/\\\/canfali.com\\\/ca-es\\\/author\\\/lluis\\\/\"}]}<\/script>\n<!-- \/ Yoast SEO Premium plugin. -->","yoast_head_json":{"title":"El Club de Tennis X\u00e0bia torna a acollir un torneig del circuit internacional - Canfali","description":"De l\u20191 al 8 de febrer, les instal\u00b7lacions del Club de Tennis X\u00e0bia seran l\u2019escenari d\u2019una prova del Circuit Internacional ITour W15","robots":{"index":"index","follow":"follow","max-snippet":"max-snippet:-1","max-image-preview":"max-image-preview:large","max-video-preview":"max-video-preview:-1"},"canonical":"https:\/\/canfali.com\/ca-es\/el-club-de-tennis-xabia-torna-a-acollir-un-torneig-del-circuit-internacional\/","og_locale":"en_US","og_type":"article","og_title":"El Club de Tennis X\u00e0bia torna a acollir un torneig del circuit internacional","og_description":"De l\u20191 al 8 de febrer, les instal\u00b7lacions del Club de Tennis X\u00e0bia seran l\u2019escenari d\u2019una prova del Circuit Internacional ITour W15","og_url":"https:\/\/canfali.com\/ca-es\/el-club-de-tennis-xabia-torna-a-acollir-un-torneig-del-circuit-internacional\/","og_site_name":"Canfali","article_publisher":"https:\/\/es-es.facebook.com\/CANFALIMarinaAlta","article_published_time":"2026-01-28T16:43:27+00:00","article_modified_time":"2026-01-28T16:45:18+00:00","og_image":[{"width":2560,"height":1920,"url":"https:\/\/canfali.com\/app\/uploads\/2026\/01\/8tenis-scaled.jpg","type":"image\/jpeg"}],"author":"Lluis","twitter_card":"summary_large_image","twitter_creator":"@canfalima","twitter_site":"@canfalima","twitter_misc":{"Written by":"Lluis","Est. reading time":"2 minutes"},"schema":{"@context":"https:\/\/schema.org","@graph":[{"@type":"NewsArticle","@id":"https:\/\/canfali.com\/ca-es\/el-club-de-tennis-xabia-torna-a-acollir-un-torneig-del-circuit-internacional\/#article","isPartOf":{"@id":"https:\/\/canfali.com\/ca-es\/el-club-de-tennis-xabia-torna-a-acollir-un-torneig-del-circuit-internacional\/"},"author":{"name":"Lluis","@id":"https:\/\/canfali.com\/ca-es\/#\/schema\/person\/f540a86fb33e10daaae53c59ceaa1194"},"headline":"El Club de Tennis X\u00e0bia torna a acollir un torneig del circuit internacional","datePublished":"2026-01-28T16:43:27+00:00","dateModified":"2026-01-28T16:45:18+00:00","mainEntityOfPage":{"@id":"https:\/\/canfali.com\/ca-es\/el-club-de-tennis-xabia-torna-a-acollir-un-torneig-del-circuit-internacional\/"},"wordCount":445,"publisher":{"@id":"https:\/\/canfali.com\/ca-es\/#organization"},"image":{"@id":"https:\/\/canfali.com\/ca-es\/el-club-de-tennis-xabia-torna-a-acollir-un-torneig-del-circuit-internacional\/#primaryimage"},"thumbnailUrl":"https:\/\/canfali.com\/app\/uploads\/2026\/01\/8tenis-scaled.jpg","articleSection":["Deportes","Esports"],"inLanguage":"va-ES","copyrightYear":"2026","copyrightHolder":{"@id":"https:\/\/canfali.com\/#organization"}},{"@type":"WebPage","@id":"https:\/\/canfali.com\/ca-es\/el-club-de-tennis-xabia-torna-a-acollir-un-torneig-del-circuit-internacional\/","url":"https:\/\/canfali.com\/ca-es\/el-club-de-tennis-xabia-torna-a-acollir-un-torneig-del-circuit-internacional\/","name":"El Club de Tennis X\u00e0bia torna a acollir un torneig del circuit internacional - Canfali","isPartOf":{"@id":"https:\/\/canfali.com\/ca-es\/#website"},"primaryImageOfPage":{"@id":"https:\/\/canfali.com\/ca-es\/el-club-de-tennis-xabia-torna-a-acollir-un-torneig-del-circuit-internacional\/#primaryimage"},"image":{"@id":"https:\/\/canfali.com\/ca-es\/el-club-de-tennis-xabia-torna-a-acollir-un-torneig-del-circuit-internacional\/#primaryimage"},"thumbnailUrl":"https:\/\/canfali.com\/app\/uploads\/2026\/01\/8tenis-scaled.jpg","datePublished":"2026-01-28T16:43:27+00:00","dateModified":"2026-01-28T16:45:18+00:00","description":"De l\u20191 al 8 de febrer, les instal\u00b7lacions del Club de Tennis X\u00e0bia seran l\u2019escenari d\u2019una prova del Circuit Internacional ITour W15","breadcrumb":{"@id":"https:\/\/canfali.com\/ca-es\/el-club-de-tennis-xabia-torna-a-acollir-un-torneig-del-circuit-internacional\/#breadcrumb"},"inLanguage":"va-ES","potentialAction":[{"@type":"ReadAction","target":["https:\/\/canfali.com\/ca-es\/el-club-de-tennis-xabia-torna-a-acollir-un-torneig-del-circuit-internacional\/"]}]},{"@type":"ImageObject","inLanguage":"va-ES","@id":"https:\/\/canfali.com\/ca-es\/el-club-de-tennis-xabia-torna-a-acollir-un-torneig-del-circuit-internacional\/#primaryimage","url":"https:\/\/canfali.com\/app\/uploads\/2026\/01\/8tenis-scaled.jpg","contentUrl":"https:\/\/canfali.com\/app\/uploads\/2026\/01\/8tenis-scaled.jpg","width":2560,"height":1920},{"@type":"BreadcrumbList","@id":"https:\/\/canfali.com\/ca-es\/el-club-de-tennis-xabia-torna-a-acollir-un-torneig-del-circuit-internacional\/#breadcrumb","itemListElement":[{"@type":"ListItem","position":1,"name":"Portada","item":"https:\/\/canfali.com\/ca-es\/"},{"@type":"ListItem","position":2,"name":"El Club de Tennis X\u00e0bia torna a acollir un torneig del circuit internacional"}]},{"@type":"WebSite","@id":"https:\/\/canfali.com\/ca-es\/#website","url":"https:\/\/canfali.com\/ca-es\/","name":"Canfali","description":"","publisher":{"@id":"https:\/\/canfali.com\/ca-es\/#organization"},"potentialAction":[{"@type":"SearchAction","target":{"@type":"EntryPoint","urlTemplate":"https:\/\/canfali.com\/ca-es\/?s={search_term_string}"},"query-input":{"@type":"PropertyValueSpecification","valueRequired":true,"valueName":"search_term_string"}}],"inLanguage":"va-ES"},{"@type":"Organization","@id":"https:\/\/canfali.com\/ca-es\/#organization","name":"Canfali","url":"https:\/\/canfali.com\/ca-es\/","logo":{"@type":"ImageObject","inLanguage":"va-ES","@id":"https:\/\/canfali.com\/ca-es\/#\/schema\/logo\/image\/","url":"https:\/\/canfali.com\/app\/uploads\/2025\/12\/canfali_marina_alta_logo.png","contentUrl":"https:\/\/canfali.com\/app\/uploads\/2025\/12\/canfali_marina_alta_logo.png","width":225,"height":225,"caption":"Canfali"},"image":{"@id":"https:\/\/canfali.com\/ca-es\/#\/schema\/logo\/image\/"},"sameAs":["https:\/\/es-es.facebook.com\/CANFALIMarinaAlta","https:\/\/x.com\/canfalima","https:\/\/www.instagram.com\/canfalimarinaalta\/"]},{"@type":"Person","@id":"https:\/\/canfali.com\/ca-es\/#\/schema\/person\/f540a86fb33e10daaae53c59ceaa1194","name":"Lluis","image":{"@type":"ImageObject","inLanguage":"va-ES","@id":"https:\/\/secure.gravatar.com\/avatar\/a21ec8835290e4e02ed0886b8cb327d807d0eb6ec8ccf25d4c2a0a415f506c0d?s=96&d=mm&r=g","url":"https:\/\/secure.gravatar.com\/avatar\/a21ec8835290e4e02ed0886b8cb327d807d0eb6ec8ccf25d4c2a0a415f506c0d?s=96&d=mm&r=g","contentUrl":"https:\/\/secure.gravatar.com\/avatar\/a21ec8835290e4e02ed0886b8cb327d807d0eb6ec8ccf25d4c2a0a415f506c0d?s=96&d=mm&r=g","caption":"Lluis"},"url":"https:\/\/canfali.com\/ca-es\/author\/lluis\/"}]}},"_links":{"self":[{"href":"https:\/\/canfali.com\/ca-es\/wp-json\/wp\/v2\/posts\/87664","targetHints":{"allow":["GET"]}}],"collection":[{"href":"https:\/\/canfali.com\/ca-es\/wp-json\/wp\/v2\/posts"}],"about":[{"href":"https:\/\/canfali.com\/ca-es\/wp-json\/wp\/v2\/types\/post"}],"author":[{"embeddable":true,"href":"https:\/\/canfali.com\/ca-es\/wp-json\/wp\/v2\/users\/8"}],"replies":[{"embeddable":true,"href":"https:\/\/canfali.com\/ca-es\/wp-json\/wp\/v2\/comments?post=87664"}],"version-history":[{"count":1,"href":"https:\/\/canfali.com\/ca-es\/wp-json\/wp\/v2\/posts\/87664\/revisions"}],"predecessor-version":[{"id":87665,"href":"https:\/\/canfali.com\/ca-es\/wp-json\/wp\/v2\/posts\/87664\/revisions\/87665"}],"wp:featuredmedia":[{"embeddable":true,"href":"https:\/\/canfali.com\/ca-es\/wp-json\/wp\/v2\/media\/87662"}],"wp:attachment":[{"href":"https:\/\/canfali.com\/ca-es\/wp-json\/wp\/v2\/media?parent=87664"}],"wp:term":[{"taxonomy":"category","embeddable":true,"href":"https:\/\/canfali.com\/ca-es\/wp-json\/wp\/v2\/categories?post=87664"},{"taxonomy":"post_tag","embeddable":true,"href":"https:\/\/canfali.com\/ca-es\/wp-json\/wp\/v2\/tags?post=87664"}],"curies":[{"name":"wp","href":"https:\/\/api.w.org\/{rel}","templated":true}]}}