{"id":87634,"date":"2026-01-28T15:08:33","date_gmt":"2026-01-28T14:08:33","guid":{"rendered":"https:\/\/canfali.com\/?p=87634"},"modified":"2026-01-28T15:22:54","modified_gmt":"2026-01-28T14:22:54","slug":"una-desfilada-de-mes-de-cent-cinquanta-figurants-i-musica-sera-lacte-central-del-carnestoltes-de-pego-2026","status":"publish","type":"post","link":"https:\/\/canfali.com\/ca-es\/una-desfilada-de-mes-de-cent-cinquanta-figurants-i-musica-sera-lacte-central-del-carnestoltes-de-pego-2026\/","title":{"rendered":"Una desfilada de m\u00e9s de cent-cinquanta figurants i m\u00fasica ser\u00e0 l\u2019acte central del carnestoltes de Pego 2026"},"content":{"rendered":"\n<p><strong>La Regidoria de Festes recupera els premis a la millor disfressa amb un guard\u00f3 individual i un de colles per a d\u00faes categoriess<\/strong><\/p>\n\n\n\n<p>El format en moviment previst per al carnestoltes de la passada edici\u00f3, que va resultar finalment suspesa per la pluja, pren enguany encara m\u00e9s for\u00e7a per eixe motiu amb la desfilada que ha programat la Regidoria de Festes de Pego com a acte central de la celebraci\u00f3 que tindr\u00e0 lloc la vesprada-nit del dissabte 14 de febrer.<\/p>\n\n\n\n<p>&nbsp;&nbsp;&nbsp;&nbsp;&nbsp;&nbsp; La desfilada en q\u00fcesti\u00f3, segons ha explicat la responsable de l\u2019\u00e0rea, Paula Orihuel, preveu una actuaci\u00f3 itinerant representativa del carnaval de Ven\u00e8cia, la Xina, Rio de Janeiro i Cadis a la que convida a unir-se als pegolins amb disfresses artesanals que facen retornar al carnestoltes pegol\u00ed a la seua ess\u00e8ncia participativa i que reivindiquen el lloc referent que suposa el municipi en la recuperaci\u00f3 d\u2019eixa festa profana.<\/p>\n\n\n\n<p>UN AMBIENT DIN\u00c0MIC PER A AFAVORIR LA PARTICIPACI\u00d3<\/p>\n\n\n\n<figure class=\"wp-block-image size-large\"><img decoding=\"async\" src=\"https:\/\/canfali.com\/app\/uploads\/2026\/01\/Cartell-Carnestoltes-2026-682x1024.png.webp\" alt=\"\" class=\"wp-image-87641\"\/><\/figure>\n\n\n\n<p>&nbsp;&nbsp;&nbsp;&nbsp;&nbsp;&nbsp; \u201cCreiem que eixa cavalcada que pret\u00e9n mostrar les caracter\u00edstiques de la celebraci\u00f3 en les diferents parts del mon li atorga l\u2019ambient din\u00e0mic que, pot ser, li fa falta a la gent de Pego i de la comarca per a reprendre l\u2019esperit an\u00e0rquic del nostre carnestoltes pel fet que facilita que l\u2019espectador en un determinat moment s\u2019anime a formar part de la festa com a actor\u201d, ha manifestat.<\/p>\n\n\n\n<p>&nbsp;&nbsp;&nbsp;&nbsp;&nbsp;&nbsp; Orihuel ha confirmat que l\u2019acte central del carnestoltes pegol\u00ed tindr\u00e0 lloc a les 19.30 hores amb eixida des de la pla\u00e7a Jaume I, per a rec\u00f3rrer el carrer hom\u00f2nim fins a trencar pel Poeta Lorente fins a arribar a la pla\u00e7a del Mercat on est\u00e0 previst el lliurament dels premis a les millors disfresses que ha tornat a instituir en les categories individual i de colles com a incentiu per a fomentar la participaci\u00f3. Aquestes \u00faltimes tenen els guardons establerts per a la categoria de majors de 25 anys i la d\u2019entre 14 i 24.<\/p>\n\n\n\n<p>La cerim\u00f2nia de lliurament, detalla, tindr\u00e0 lloc despr\u00e9s de la deliberaci\u00f3 del jurat en el que dura el recorregut per a adjudicar els guardons per als pr\u00e8viament inscrits.<\/p>\n\n\n\n<p>&nbsp;&nbsp;&nbsp;&nbsp;&nbsp;&nbsp; Tot aix\u00f2 desembocar\u00e0 en la vetlada carnestoltenca que ser\u00e0 iniciada per una discom\u00f2bil a la pla\u00e7a de l\u2019Antic Regne de Val\u00e8ncia a les 23 hores, per a cedir el protagonisme musical a l\u2019Orquestra L\u00edmite empla\u00e7ada en la pla\u00e7a del Mercat a partir de les 0.30 hores<\/p>\n\n\n\n<p>&nbsp;&nbsp;&nbsp;&nbsp;&nbsp;&nbsp; Pel que fa als actes preliminars de la celebraci\u00f3 m\u00e9s universal de Pego ha informat que el departament de Joventut que la t\u00e9 tamb\u00e9 al cap ha organitzat una agenda d\u2019activitats per les vesprades de cara als m\u00e9s menuts amb diferents tallers i contacontes al voltant de la tem\u00e0tica de carnaval els dies 9,10,11,12 i 13,&nbsp; a partir de les 17.30 hores a la pla\u00e7a de l\u2019Ajuntament. Aquesta \u00faltima data, on es preveu desenvolupar un contacontes din\u00e0mic, tindr\u00e0 com a protagonista la visita de la bruixa de carnestoltes per a revisar que tota la menudalla tinga llesta la disfressa per a la desfilada infantil prevista pel mat\u00ed del dissabte 14.<\/p>\n\n\n\n<p>NOU GUARD\u00d3 ASSOCIATIU A LA BAIXADA AL RIU DE BULLENT<\/p>\n\n\n\n<p>\u00a0\u00a0\u00a0\u00a0\u00a0\u00a0 No obstant aix\u00f2, la bruixa far\u00e0 una primera aparici\u00f3 el \u00a0divendres 6 de febrer en el taller de m\u00e0scares per a presentar a la instagramer Carolina Ferrer com a pregonera, a un acte que, a partir de les 19 hores, descorre el tel\u00f3 d\u2019una trilogia que t\u00e9 el seu primer cap\u00edtol el dissabte amb la Baixada del Riu de Bullent que arriba a la XL edici\u00f3, amb eixida a partir de les 11 hores.<\/p>\n\n\n\n<figure class=\"wp-block-gallery has-nested-images columns-default is-cropped wp-block-gallery-15 is-layout-flex wp-block-gallery-is-layout-flex\">\n<figure class=\"wp-block-image size-large\"><img decoding=\"async\" data-id=\"87639\" src=\"https:\/\/canfali.com\/app\/uploads\/2026\/01\/Cartell-Baixa-del-Riu-2026-682x1024.png.webp\" alt=\"\" class=\"wp-image-87639\"\/><\/figure>\n<\/figure>\n\n\n\n<p>&nbsp;&nbsp;&nbsp;&nbsp;&nbsp;&nbsp; &nbsp;\u201cQue arribe al quaranta aniversari un acte tan peculiar com es rec\u00f3rrer en ple m\u00e9s de febrer amb disfresses la llera del principal riu que nodreix el nostre parc natural i que la continu\u00eftat en el temps haja acabat per convertir-lo en l\u2019avantsala del nostre carnestoltes suposa tota un efem\u00e8rides a tindre en compte a l\u2019hora de fomentar una major implicaci\u00f3 de les associacions, que enguany hem tractat de donar-li impuls amb la instituci\u00f3 del premi a la millor embarcaci\u00f3 confeccionada per una entitat local, amb la dotaci\u00f3 de 350 euros, que suposa la m\u00e9s important de la resta de guardons establerts per a la barca m\u00e9s ecol\u00f2gica i la que mes residus trega de la llera de les gelades aig\u00fces del riu\u201d, ha justificat la regidora de Festes, Paula Orihuel.<\/p>\n\n\n\n<p>&nbsp;&nbsp;&nbsp;&nbsp;&nbsp;&nbsp; En eixa din\u00e0mica, aposta per popularitzar l\u2019elecci\u00f3 dels premis entre el p\u00fablic mitjan\u00e7ant una f\u00f3rmula telem\u00e0tica que permeta expressar les seues opinions al p\u00fablic present, per tal de barrejar el veredicte del jurat amb aquestes, emmarcada en una jornada destinada a reivindicar l\u2019espai natural de la marjal i la necessitat d\u2019escometre la seua preservaci\u00f3.&nbsp;<\/p>\n\n\n\n<p>&nbsp;&nbsp;&nbsp;&nbsp;&nbsp;&nbsp; Quant a l\u2019ep\u00edleg que suposa La Pinyata dins del calendari de les carnestoltes pegolines, considera que&nbsp; \u201cl\u2019arrelament d\u2019aquest tercer cap\u00edtol de la m\u00e0 de les associacions i els hostalers a l\u2019hora de muntar les carrosses que vertebren la festa amb la seua desfilada per ens porta a apostar per la consolidaci\u00f3 d\u2019eixe format que s\u2019ha mostrat exit\u00f3s sobre tot de cara la gent de Pego d\u2019una forma que en els \u00faltims l\u2019any l\u2019ha fet equiparar-se en participaci\u00f3 a la jornada central, aix\u00ed que l\u2019\u00fanic que ens queda \u00e9s tractar d\u2019innovar en el correfoc i enguany ho hem fet amb l\u2019espectacle de Dimonis de Massalfassar\u201d.<\/p>\n\n\n\n<figure class=\"wp-block-image size-large\"><img decoding=\"async\" src=\"https:\/\/canfali.com\/app\/uploads\/2026\/01\/Cartell-Pinyata-2026-682x1024.png.webp\" alt=\"\" class=\"wp-image-87637\"\/><\/figure>\n\n\n\n<p>&nbsp;&nbsp;&nbsp;&nbsp;&nbsp;&nbsp; Per a la regidora \u201cdel que \u00e9s tracta \u00e9s de recuperar l\u2019esperit del nostre principal esdeveniment fester, buscant l\u2019equilibri entre l\u2019espectacle i la participaci\u00f3 per a qu\u00e8, en un determinat moment els espectadors s\u2019animen a formar part de la festa, tenint en compte les inquietuds de la gent que la integra i les possibilitats econ\u00f2miques de l\u2019Ajuntament a l\u2019hora de satisfer-les\u201d.<\/p>\n","protected":false},"excerpt":{"rendered":"La Regidoria de Festes recupera els premis a la millor disfressa amb un guard\u00f3 individual i un de&hellip;","protected":false},"author":4,"featured_media":87635,"comment_status":"closed","ping_status":"closed","sticky":false,"template":"","format":"standard","meta":{"csco_display_header_overlay":false,"csco_singular_sidebar":"","csco_page_header_type":"","csco_page_load_nextpost":"","csco_post_video_location":[],"csco_post_video_location_hash":"","csco_post_video_url":"","csco_post_video_bg_start_time":0,"csco_post_video_bg_end_time":0,"footnotes":""},"categories":[587],"tags":[6251,6250,3323,642],"class_list":{"0":"post-87634","1":"post","2":"type-post","3":"status-publish","4":"format-standard","5":"has-post-thumbnail","7":"category-festes","8":"tag-acte-central","9":"tag-carnestoltes","10":"tag-desfilada","11":"tag-pego-2","12":"cs-entry","13":"cs-video-wrap"},"yoast_head":"<!-- This site is optimized with the Yoast SEO Premium plugin v26.6 (Yoast SEO v27.3) - https:\/\/yoast.com\/product\/yoast-seo-premium-wordpress\/ -->\n<title>Una desfilada de m\u00e9s de cent-cinquanta figurants i m\u00fasica ser\u00e0 l\u2019acte central del carnestoltes de Pego 2026 - Canfali<\/title>\n<meta name=\"robots\" content=\"index, follow, max-snippet:-1, max-image-preview:large, max-video-preview:-1\" \/>\n<link rel=\"canonical\" href=\"https:\/\/canfali.com\/ca-es\/una-desfilada-de-mes-de-cent-cinquanta-figurants-i-musica-sera-lacte-central-del-carnestoltes-de-pego-2026\/\" \/>\n<meta property=\"og:locale\" content=\"en_US\" \/>\n<meta property=\"og:type\" content=\"article\" \/>\n<meta property=\"og:title\" content=\"Una desfilada de m\u00e9s de cent-cinquanta figurants i m\u00fasica ser\u00e0 l\u2019acte central del carnestoltes de Pego 2026\" \/>\n<meta property=\"og:description\" content=\"La Regidoria de Festes recupera els premis a la millor disfressa amb un guard\u00f3 individual i un de&hellip;\" \/>\n<meta property=\"og:url\" content=\"https:\/\/canfali.com\/ca-es\/una-desfilada-de-mes-de-cent-cinquanta-figurants-i-musica-sera-lacte-central-del-carnestoltes-de-pego-2026\/\" \/>\n<meta property=\"og:site_name\" content=\"Canfali\" \/>\n<meta property=\"article:publisher\" content=\"https:\/\/es-es.facebook.com\/CANFALIMarinaAlta\" \/>\n<meta property=\"article:published_time\" content=\"2026-01-28T14:08:33+00:00\" \/>\n<meta property=\"article:modified_time\" content=\"2026-01-28T14:22:54+00:00\" \/>\n<meta property=\"og:image\" content=\"https:\/\/canfali.com\/app\/uploads\/2026\/01\/CARNESTOLTES-PAULA.jpg\" \/>\n\t<meta property=\"og:image:width\" content=\"2016\" \/>\n\t<meta property=\"og:image:height\" content=\"1134\" \/>\n\t<meta property=\"og:image:type\" content=\"image\/jpeg\" \/>\n<meta name=\"author\" content=\"JJ Mas\" \/>\n<meta name=\"twitter:card\" content=\"summary_large_image\" \/>\n<meta name=\"twitter:creator\" content=\"@canfalima\" \/>\n<meta name=\"twitter:site\" content=\"@canfalima\" \/>\n<meta name=\"twitter:label1\" content=\"Written by\" \/>\n\t<meta name=\"twitter:data1\" content=\"JJ Mas\" \/>\n\t<meta name=\"twitter:label2\" content=\"Est. reading time\" \/>\n\t<meta name=\"twitter:data2\" content=\"6 minutes\" \/>\n<script type=\"application\/ld+json\" class=\"yoast-schema-graph\">{\"@context\":\"https:\\\/\\\/schema.org\",\"@graph\":[{\"@type\":\"NewsArticle\",\"@id\":\"https:\\\/\\\/canfali.com\\\/ca-es\\\/una-desfilada-de-mes-de-cent-cinquanta-figurants-i-musica-sera-lacte-central-del-carnestoltes-de-pego-2026\\\/#article\",\"isPartOf\":{\"@id\":\"https:\\\/\\\/canfali.com\\\/ca-es\\\/una-desfilada-de-mes-de-cent-cinquanta-figurants-i-musica-sera-lacte-central-del-carnestoltes-de-pego-2026\\\/\"},\"author\":{\"name\":\"JJ Mas\",\"@id\":\"https:\\\/\\\/canfali.com\\\/ca-es\\\/#\\\/schema\\\/person\\\/d834d2d4df17cac754d3c314d4c404ef\"},\"headline\":\"Una desfilada de m\u00e9s de cent-cinquanta figurants i m\u00fasica ser\u00e0 l\u2019acte central del carnestoltes de Pego 2026\",\"datePublished\":\"2026-01-28T14:08:33+00:00\",\"dateModified\":\"2026-01-28T14:22:54+00:00\",\"mainEntityOfPage\":{\"@id\":\"https:\\\/\\\/canfali.com\\\/ca-es\\\/una-desfilada-de-mes-de-cent-cinquanta-figurants-i-musica-sera-lacte-central-del-carnestoltes-de-pego-2026\\\/\"},\"wordCount\":1082,\"publisher\":{\"@id\":\"https:\\\/\\\/canfali.com\\\/ca-es\\\/#organization\"},\"image\":{\"@id\":\"https:\\\/\\\/canfali.com\\\/ca-es\\\/una-desfilada-de-mes-de-cent-cinquanta-figurants-i-musica-sera-lacte-central-del-carnestoltes-de-pego-2026\\\/#primaryimage\"},\"thumbnailUrl\":\"https:\\\/\\\/canfali.com\\\/app\\\/uploads\\\/2026\\\/01\\\/CARNESTOLTES-PAULA.jpg\",\"keywords\":[\"acte central\",\"carnestoltes\",\"desfilada\",\"Pego\"],\"articleSection\":[\"Festes\"],\"inLanguage\":\"va-ES\",\"copyrightYear\":\"2026\",\"copyrightHolder\":{\"@id\":\"https:\\\/\\\/canfali.com\\\/#organization\"}},{\"@type\":\"WebPage\",\"@id\":\"https:\\\/\\\/canfali.com\\\/ca-es\\\/una-desfilada-de-mes-de-cent-cinquanta-figurants-i-musica-sera-lacte-central-del-carnestoltes-de-pego-2026\\\/\",\"url\":\"https:\\\/\\\/canfali.com\\\/ca-es\\\/una-desfilada-de-mes-de-cent-cinquanta-figurants-i-musica-sera-lacte-central-del-carnestoltes-de-pego-2026\\\/\",\"name\":\"Una desfilada de m\u00e9s de cent-cinquanta figurants i m\u00fasica ser\u00e0 l\u2019acte central del carnestoltes de Pego 2026 - Canfali\",\"isPartOf\":{\"@id\":\"https:\\\/\\\/canfali.com\\\/ca-es\\\/#website\"},\"primaryImageOfPage\":{\"@id\":\"https:\\\/\\\/canfali.com\\\/ca-es\\\/una-desfilada-de-mes-de-cent-cinquanta-figurants-i-musica-sera-lacte-central-del-carnestoltes-de-pego-2026\\\/#primaryimage\"},\"image\":{\"@id\":\"https:\\\/\\\/canfali.com\\\/ca-es\\\/una-desfilada-de-mes-de-cent-cinquanta-figurants-i-musica-sera-lacte-central-del-carnestoltes-de-pego-2026\\\/#primaryimage\"},\"thumbnailUrl\":\"https:\\\/\\\/canfali.com\\\/app\\\/uploads\\\/2026\\\/01\\\/CARNESTOLTES-PAULA.jpg\",\"datePublished\":\"2026-01-28T14:08:33+00:00\",\"dateModified\":\"2026-01-28T14:22:54+00:00\",\"breadcrumb\":{\"@id\":\"https:\\\/\\\/canfali.com\\\/ca-es\\\/una-desfilada-de-mes-de-cent-cinquanta-figurants-i-musica-sera-lacte-central-del-carnestoltes-de-pego-2026\\\/#breadcrumb\"},\"inLanguage\":\"va-ES\",\"potentialAction\":[{\"@type\":\"ReadAction\",\"target\":[\"https:\\\/\\\/canfali.com\\\/ca-es\\\/una-desfilada-de-mes-de-cent-cinquanta-figurants-i-musica-sera-lacte-central-del-carnestoltes-de-pego-2026\\\/\"]}]},{\"@type\":\"ImageObject\",\"inLanguage\":\"va-ES\",\"@id\":\"https:\\\/\\\/canfali.com\\\/ca-es\\\/una-desfilada-de-mes-de-cent-cinquanta-figurants-i-musica-sera-lacte-central-del-carnestoltes-de-pego-2026\\\/#primaryimage\",\"url\":\"https:\\\/\\\/canfali.com\\\/app\\\/uploads\\\/2026\\\/01\\\/CARNESTOLTES-PAULA.jpg\",\"contentUrl\":\"https:\\\/\\\/canfali.com\\\/app\\\/uploads\\\/2026\\\/01\\\/CARNESTOLTES-PAULA.jpg\",\"width\":2016,\"height\":1134},{\"@type\":\"BreadcrumbList\",\"@id\":\"https:\\\/\\\/canfali.com\\\/ca-es\\\/una-desfilada-de-mes-de-cent-cinquanta-figurants-i-musica-sera-lacte-central-del-carnestoltes-de-pego-2026\\\/#breadcrumb\",\"itemListElement\":[{\"@type\":\"ListItem\",\"position\":1,\"name\":\"Portada\",\"item\":\"https:\\\/\\\/canfali.com\\\/ca-es\\\/\"},{\"@type\":\"ListItem\",\"position\":2,\"name\":\"Una desfilada de m\u00e9s de cent-cinquanta figurants i m\u00fasica ser\u00e0 l\u2019acte central del carnestoltes de Pego 2026\"}]},{\"@type\":\"WebSite\",\"@id\":\"https:\\\/\\\/canfali.com\\\/ca-es\\\/#website\",\"url\":\"https:\\\/\\\/canfali.com\\\/ca-es\\\/\",\"name\":\"Canfali\",\"description\":\"\",\"publisher\":{\"@id\":\"https:\\\/\\\/canfali.com\\\/ca-es\\\/#organization\"},\"potentialAction\":[{\"@type\":\"SearchAction\",\"target\":{\"@type\":\"EntryPoint\",\"urlTemplate\":\"https:\\\/\\\/canfali.com\\\/ca-es\\\/?s={search_term_string}\"},\"query-input\":{\"@type\":\"PropertyValueSpecification\",\"valueRequired\":true,\"valueName\":\"search_term_string\"}}],\"inLanguage\":\"va-ES\"},{\"@type\":\"Organization\",\"@id\":\"https:\\\/\\\/canfali.com\\\/ca-es\\\/#organization\",\"name\":\"Canfali\",\"url\":\"https:\\\/\\\/canfali.com\\\/ca-es\\\/\",\"logo\":{\"@type\":\"ImageObject\",\"inLanguage\":\"va-ES\",\"@id\":\"https:\\\/\\\/canfali.com\\\/ca-es\\\/#\\\/schema\\\/logo\\\/image\\\/\",\"url\":\"https:\\\/\\\/canfali.com\\\/app\\\/uploads\\\/2025\\\/12\\\/canfali_marina_alta_logo.png\",\"contentUrl\":\"https:\\\/\\\/canfali.com\\\/app\\\/uploads\\\/2025\\\/12\\\/canfali_marina_alta_logo.png\",\"width\":225,\"height\":225,\"caption\":\"Canfali\"},\"image\":{\"@id\":\"https:\\\/\\\/canfali.com\\\/ca-es\\\/#\\\/schema\\\/logo\\\/image\\\/\"},\"sameAs\":[\"https:\\\/\\\/es-es.facebook.com\\\/CANFALIMarinaAlta\",\"https:\\\/\\\/x.com\\\/canfalima\",\"https:\\\/\\\/www.instagram.com\\\/canfalimarinaalta\\\/\"]},{\"@type\":\"Person\",\"@id\":\"https:\\\/\\\/canfali.com\\\/ca-es\\\/#\\\/schema\\\/person\\\/d834d2d4df17cac754d3c314d4c404ef\",\"name\":\"JJ Mas\",\"image\":{\"@type\":\"ImageObject\",\"inLanguage\":\"va-ES\",\"@id\":\"https:\\\/\\\/secure.gravatar.com\\\/avatar\\\/65a5191f5438bf88c2394f6d1a625a6ff903c8785268e603c623a83bc15ba1ee?s=96&d=mm&r=g\",\"url\":\"https:\\\/\\\/secure.gravatar.com\\\/avatar\\\/65a5191f5438bf88c2394f6d1a625a6ff903c8785268e603c623a83bc15ba1ee?s=96&d=mm&r=g\",\"contentUrl\":\"https:\\\/\\\/secure.gravatar.com\\\/avatar\\\/65a5191f5438bf88c2394f6d1a625a6ff903c8785268e603c623a83bc15ba1ee?s=96&d=mm&r=g\",\"caption\":\"JJ Mas\"},\"url\":\"https:\\\/\\\/canfali.com\\\/ca-es\\\/author\\\/jj\\\/\"}]}<\/script>\n<!-- \/ Yoast SEO Premium plugin. -->","yoast_head_json":{"title":"Una desfilada de m\u00e9s de cent-cinquanta figurants i m\u00fasica ser\u00e0 l\u2019acte central del carnestoltes de Pego 2026 - Canfali","robots":{"index":"index","follow":"follow","max-snippet":"max-snippet:-1","max-image-preview":"max-image-preview:large","max-video-preview":"max-video-preview:-1"},"canonical":"https:\/\/canfali.com\/ca-es\/una-desfilada-de-mes-de-cent-cinquanta-figurants-i-musica-sera-lacte-central-del-carnestoltes-de-pego-2026\/","og_locale":"en_US","og_type":"article","og_title":"Una desfilada de m\u00e9s de cent-cinquanta figurants i m\u00fasica ser\u00e0 l\u2019acte central del carnestoltes de Pego 2026","og_description":"La Regidoria de Festes recupera els premis a la millor disfressa amb un guard\u00f3 individual i un de&hellip;","og_url":"https:\/\/canfali.com\/ca-es\/una-desfilada-de-mes-de-cent-cinquanta-figurants-i-musica-sera-lacte-central-del-carnestoltes-de-pego-2026\/","og_site_name":"Canfali","article_publisher":"https:\/\/es-es.facebook.com\/CANFALIMarinaAlta","article_published_time":"2026-01-28T14:08:33+00:00","article_modified_time":"2026-01-28T14:22:54+00:00","og_image":[{"width":2016,"height":1134,"url":"https:\/\/canfali.com\/app\/uploads\/2026\/01\/CARNESTOLTES-PAULA.jpg","type":"image\/jpeg"}],"author":"JJ Mas","twitter_card":"summary_large_image","twitter_creator":"@canfalima","twitter_site":"@canfalima","twitter_misc":{"Written by":"JJ Mas","Est. reading time":"6 minutes"},"schema":{"@context":"https:\/\/schema.org","@graph":[{"@type":"NewsArticle","@id":"https:\/\/canfali.com\/ca-es\/una-desfilada-de-mes-de-cent-cinquanta-figurants-i-musica-sera-lacte-central-del-carnestoltes-de-pego-2026\/#article","isPartOf":{"@id":"https:\/\/canfali.com\/ca-es\/una-desfilada-de-mes-de-cent-cinquanta-figurants-i-musica-sera-lacte-central-del-carnestoltes-de-pego-2026\/"},"author":{"name":"JJ Mas","@id":"https:\/\/canfali.com\/ca-es\/#\/schema\/person\/d834d2d4df17cac754d3c314d4c404ef"},"headline":"Una desfilada de m\u00e9s de cent-cinquanta figurants i m\u00fasica ser\u00e0 l\u2019acte central del carnestoltes de Pego 2026","datePublished":"2026-01-28T14:08:33+00:00","dateModified":"2026-01-28T14:22:54+00:00","mainEntityOfPage":{"@id":"https:\/\/canfali.com\/ca-es\/una-desfilada-de-mes-de-cent-cinquanta-figurants-i-musica-sera-lacte-central-del-carnestoltes-de-pego-2026\/"},"wordCount":1082,"publisher":{"@id":"https:\/\/canfali.com\/ca-es\/#organization"},"image":{"@id":"https:\/\/canfali.com\/ca-es\/una-desfilada-de-mes-de-cent-cinquanta-figurants-i-musica-sera-lacte-central-del-carnestoltes-de-pego-2026\/#primaryimage"},"thumbnailUrl":"https:\/\/canfali.com\/app\/uploads\/2026\/01\/CARNESTOLTES-PAULA.jpg","keywords":["acte central","carnestoltes","desfilada","Pego"],"articleSection":["Festes"],"inLanguage":"va-ES","copyrightYear":"2026","copyrightHolder":{"@id":"https:\/\/canfali.com\/#organization"}},{"@type":"WebPage","@id":"https:\/\/canfali.com\/ca-es\/una-desfilada-de-mes-de-cent-cinquanta-figurants-i-musica-sera-lacte-central-del-carnestoltes-de-pego-2026\/","url":"https:\/\/canfali.com\/ca-es\/una-desfilada-de-mes-de-cent-cinquanta-figurants-i-musica-sera-lacte-central-del-carnestoltes-de-pego-2026\/","name":"Una desfilada de m\u00e9s de cent-cinquanta figurants i m\u00fasica ser\u00e0 l\u2019acte central del carnestoltes de Pego 2026 - Canfali","isPartOf":{"@id":"https:\/\/canfali.com\/ca-es\/#website"},"primaryImageOfPage":{"@id":"https:\/\/canfali.com\/ca-es\/una-desfilada-de-mes-de-cent-cinquanta-figurants-i-musica-sera-lacte-central-del-carnestoltes-de-pego-2026\/#primaryimage"},"image":{"@id":"https:\/\/canfali.com\/ca-es\/una-desfilada-de-mes-de-cent-cinquanta-figurants-i-musica-sera-lacte-central-del-carnestoltes-de-pego-2026\/#primaryimage"},"thumbnailUrl":"https:\/\/canfali.com\/app\/uploads\/2026\/01\/CARNESTOLTES-PAULA.jpg","datePublished":"2026-01-28T14:08:33+00:00","dateModified":"2026-01-28T14:22:54+00:00","breadcrumb":{"@id":"https:\/\/canfali.com\/ca-es\/una-desfilada-de-mes-de-cent-cinquanta-figurants-i-musica-sera-lacte-central-del-carnestoltes-de-pego-2026\/#breadcrumb"},"inLanguage":"va-ES","potentialAction":[{"@type":"ReadAction","target":["https:\/\/canfali.com\/ca-es\/una-desfilada-de-mes-de-cent-cinquanta-figurants-i-musica-sera-lacte-central-del-carnestoltes-de-pego-2026\/"]}]},{"@type":"ImageObject","inLanguage":"va-ES","@id":"https:\/\/canfali.com\/ca-es\/una-desfilada-de-mes-de-cent-cinquanta-figurants-i-musica-sera-lacte-central-del-carnestoltes-de-pego-2026\/#primaryimage","url":"https:\/\/canfali.com\/app\/uploads\/2026\/01\/CARNESTOLTES-PAULA.jpg","contentUrl":"https:\/\/canfali.com\/app\/uploads\/2026\/01\/CARNESTOLTES-PAULA.jpg","width":2016,"height":1134},{"@type":"BreadcrumbList","@id":"https:\/\/canfali.com\/ca-es\/una-desfilada-de-mes-de-cent-cinquanta-figurants-i-musica-sera-lacte-central-del-carnestoltes-de-pego-2026\/#breadcrumb","itemListElement":[{"@type":"ListItem","position":1,"name":"Portada","item":"https:\/\/canfali.com\/ca-es\/"},{"@type":"ListItem","position":2,"name":"Una desfilada de m\u00e9s de cent-cinquanta figurants i m\u00fasica ser\u00e0 l\u2019acte central del carnestoltes de Pego 2026"}]},{"@type":"WebSite","@id":"https:\/\/canfali.com\/ca-es\/#website","url":"https:\/\/canfali.com\/ca-es\/","name":"Canfali","description":"","publisher":{"@id":"https:\/\/canfali.com\/ca-es\/#organization"},"potentialAction":[{"@type":"SearchAction","target":{"@type":"EntryPoint","urlTemplate":"https:\/\/canfali.com\/ca-es\/?s={search_term_string}"},"query-input":{"@type":"PropertyValueSpecification","valueRequired":true,"valueName":"search_term_string"}}],"inLanguage":"va-ES"},{"@type":"Organization","@id":"https:\/\/canfali.com\/ca-es\/#organization","name":"Canfali","url":"https:\/\/canfali.com\/ca-es\/","logo":{"@type":"ImageObject","inLanguage":"va-ES","@id":"https:\/\/canfali.com\/ca-es\/#\/schema\/logo\/image\/","url":"https:\/\/canfali.com\/app\/uploads\/2025\/12\/canfali_marina_alta_logo.png","contentUrl":"https:\/\/canfali.com\/app\/uploads\/2025\/12\/canfali_marina_alta_logo.png","width":225,"height":225,"caption":"Canfali"},"image":{"@id":"https:\/\/canfali.com\/ca-es\/#\/schema\/logo\/image\/"},"sameAs":["https:\/\/es-es.facebook.com\/CANFALIMarinaAlta","https:\/\/x.com\/canfalima","https:\/\/www.instagram.com\/canfalimarinaalta\/"]},{"@type":"Person","@id":"https:\/\/canfali.com\/ca-es\/#\/schema\/person\/d834d2d4df17cac754d3c314d4c404ef","name":"JJ Mas","image":{"@type":"ImageObject","inLanguage":"va-ES","@id":"https:\/\/secure.gravatar.com\/avatar\/65a5191f5438bf88c2394f6d1a625a6ff903c8785268e603c623a83bc15ba1ee?s=96&d=mm&r=g","url":"https:\/\/secure.gravatar.com\/avatar\/65a5191f5438bf88c2394f6d1a625a6ff903c8785268e603c623a83bc15ba1ee?s=96&d=mm&r=g","contentUrl":"https:\/\/secure.gravatar.com\/avatar\/65a5191f5438bf88c2394f6d1a625a6ff903c8785268e603c623a83bc15ba1ee?s=96&d=mm&r=g","caption":"JJ Mas"},"url":"https:\/\/canfali.com\/ca-es\/author\/jj\/"}]}},"_links":{"self":[{"href":"https:\/\/canfali.com\/ca-es\/wp-json\/wp\/v2\/posts\/87634","targetHints":{"allow":["GET"]}}],"collection":[{"href":"https:\/\/canfali.com\/ca-es\/wp-json\/wp\/v2\/posts"}],"about":[{"href":"https:\/\/canfali.com\/ca-es\/wp-json\/wp\/v2\/types\/post"}],"author":[{"embeddable":true,"href":"https:\/\/canfali.com\/ca-es\/wp-json\/wp\/v2\/users\/4"}],"replies":[{"embeddable":true,"href":"https:\/\/canfali.com\/ca-es\/wp-json\/wp\/v2\/comments?post=87634"}],"version-history":[{"count":2,"href":"https:\/\/canfali.com\/ca-es\/wp-json\/wp\/v2\/posts\/87634\/revisions"}],"predecessor-version":[{"id":87646,"href":"https:\/\/canfali.com\/ca-es\/wp-json\/wp\/v2\/posts\/87634\/revisions\/87646"}],"wp:featuredmedia":[{"embeddable":true,"href":"https:\/\/canfali.com\/ca-es\/wp-json\/wp\/v2\/media\/87635"}],"wp:attachment":[{"href":"https:\/\/canfali.com\/ca-es\/wp-json\/wp\/v2\/media?parent=87634"}],"wp:term":[{"taxonomy":"category","embeddable":true,"href":"https:\/\/canfali.com\/ca-es\/wp-json\/wp\/v2\/categories?post=87634"},{"taxonomy":"post_tag","embeddable":true,"href":"https:\/\/canfali.com\/ca-es\/wp-json\/wp\/v2\/tags?post=87634"}],"curies":[{"name":"wp","href":"https:\/\/api.w.org\/{rel}","templated":true}]}}