{"id":87607,"date":"2026-01-28T10:51:34","date_gmt":"2026-01-28T09:51:34","guid":{"rendered":"https:\/\/canfali.com\/el-granadella-trial-es-disputa-el-proxim-cap-de-setmana\/"},"modified":"2026-01-29T06:30:04","modified_gmt":"2026-01-29T05:30:04","slug":"el-granadella-trial-es-disputa-el-proxim-cap-de-setmana","status":"publish","type":"post","link":"https:\/\/canfali.com\/ca-es\/el-granadella-trial-es-disputa-el-proxim-cap-de-setmana\/","title":{"rendered":"El Granadella Trail es disputa el pr\u00f2xim cap de setmana"},"content":{"rendered":"\n<p>El Club Esportiu Llebeig de X\u00e0bia organitza una nova edici\u00f3 del Granadella Trail. La prova se celebra els dies 31 de gener i 1 de febrer. En la jornada del dissabte tindr\u00e0 lloc l&#8217;Sprint Trail de 14 quil\u00f2metres, amb sortida a partir dels 9,30 hores, aix\u00ed com el Mini Trail per als m\u00e9s petits, als 16 hores. I el diumenge es disputaran les proves de 21 i 5 quil\u00f2metres.<\/p>\n\n<p>El regidor d&#8217;Esports, Toni Molina, ha destacat la import\u00e0ncia d&#8217;aquest esdeveniment i ha agra\u00eft al Club Esportiu Llebeig l&#8217;organitzaci\u00f3 d&#8217;una prova tan important no sols pel seu impacte esportiu sin\u00f3 tamb\u00e9 per la seva projecci\u00f3 exterior. Molina ha subratllat que \u201cel Granadella Trail contribueix a donar a con\u00e8ixer l&#8217;entorn natural del Parc de la Granadella, atraient a fam\u00edlies senceres que gaudeixen d&#8217;un cap de setmana a X\u00e0bia combinant esport i turisme\u201d.<\/p>\n\n<p>\tEdu Vall\u00e9s, membre del Club Esportiu Llebeig, ha explicat que la participaci\u00f3 prevista ser\u00e0 similar a la de l&#8217;any passat, amb al voltant de 1.400 participants entre adults i nens. El seu company Ra\u00fal Bover comenta que es tracta d&#8217;una carrera amb un alt nivell de participaci\u00f3, amb corredors procedents de pa\u00efsos com el Regne Unit, Pa\u00efsos Baixos i It\u00e0lia. Bover considera que el Granadella Trail s&#8217;ha convertit en un esdeveniment familiar que contribueix a desestacionalitzar el turisme.<\/p>\n\n<p>\tEls participants rebran, com \u00e9s habitual, la tassa commemorativa i, com a novetat, podran triar entre samarreta o motxilla, amb la possibilitat d&#8217;adquirir tots dos articles per un preu redu\u00eft.<\/p>\n","protected":false},"excerpt":{"rendered":"El Club Esportiu Llebeig de X\u00e0bia organitza una nova edici\u00f3 del Granadella Trail. La prova se celebra els&hellip;","protected":false},"author":5,"featured_media":87601,"comment_status":"closed","ping_status":"closed","sticky":false,"template":"","format":"standard","meta":{"csco_display_header_overlay":false,"csco_singular_sidebar":"","csco_page_header_type":"","csco_page_load_nextpost":"","csco_post_video_location":[],"csco_post_video_location_hash":"","csco_post_video_url":"","csco_post_video_bg_start_time":0,"csco_post_video_bg_end_time":0,"footnotes":""},"categories":[599,598],"tags":[5495,6241],"class_list":{"0":"post-87607","1":"post","2":"type-post","3":"status-publish","4":"format-standard","5":"has-post-thumbnail","7":"category-atletisme-ca-es","8":"category-esports","9":"tag-atletisme","10":"tag-trail","11":"cs-entry","12":"cs-video-wrap"},"yoast_head":"<!-- This site is optimized with the Yoast SEO Premium plugin v26.6 (Yoast SEO v27.3) - https:\/\/yoast.com\/product\/yoast-seo-premium-wordpress\/ -->\n<title>El Granadella Trail es disputa el pr\u00f2xim cap de setmana - Canfali<\/title>\n<meta name=\"robots\" content=\"index, follow, max-snippet:-1, max-image-preview:large, max-video-preview:-1\" \/>\n<link rel=\"canonical\" href=\"https:\/\/canfali.com\/ca-es\/el-granadella-trial-es-disputa-el-proxim-cap-de-setmana\/\" \/>\n<meta property=\"og:locale\" content=\"en_US\" \/>\n<meta property=\"og:type\" content=\"article\" \/>\n<meta property=\"og:title\" content=\"El Granadella Trail es disputa el pr\u00f2xim cap de setmana\" \/>\n<meta property=\"og:description\" content=\"El Club Esportiu Llebeig de X\u00e0bia organitza una nova edici\u00f3 del Granadella Trail. La prova se celebra els&hellip;\" \/>\n<meta property=\"og:url\" content=\"https:\/\/canfali.com\/ca-es\/el-granadella-trial-es-disputa-el-proxim-cap-de-setmana\/\" \/>\n<meta property=\"og:site_name\" content=\"Canfali\" \/>\n<meta property=\"article:publisher\" content=\"https:\/\/es-es.facebook.com\/CANFALIMarinaAlta\" \/>\n<meta property=\"article:published_time\" content=\"2026-01-28T09:51:34+00:00\" \/>\n<meta property=\"article:modified_time\" content=\"2026-01-29T05:30:04+00:00\" \/>\n<meta property=\"og:image\" content=\"https:\/\/canfali.com\/app\/uploads\/2026\/01\/granadellatrail-scaled.jpg\" \/>\n\t<meta property=\"og:image:width\" content=\"2560\" \/>\n\t<meta property=\"og:image:height\" content=\"1618\" \/>\n\t<meta property=\"og:image:type\" content=\"image\/jpeg\" \/>\n<meta name=\"author\" content=\"D\u00eddac\" \/>\n<meta name=\"twitter:card\" content=\"summary_large_image\" \/>\n<meta name=\"twitter:creator\" content=\"@canfalima\" \/>\n<meta name=\"twitter:site\" content=\"@canfalima\" \/>\n<meta name=\"twitter:label1\" content=\"Written by\" \/>\n\t<meta name=\"twitter:data1\" content=\"D\u00eddac\" \/>\n\t<meta name=\"twitter:label2\" content=\"Est. reading time\" \/>\n\t<meta name=\"twitter:data2\" content=\"1 minute\" \/>\n<script type=\"application\/ld+json\" class=\"yoast-schema-graph\">{\"@context\":\"https:\\\/\\\/schema.org\",\"@graph\":[{\"@type\":\"NewsArticle\",\"@id\":\"https:\\\/\\\/canfali.com\\\/ca-es\\\/el-granadella-trial-es-disputa-el-proxim-cap-de-setmana\\\/#article\",\"isPartOf\":{\"@id\":\"https:\\\/\\\/canfali.com\\\/ca-es\\\/el-granadella-trial-es-disputa-el-proxim-cap-de-setmana\\\/\"},\"author\":{\"name\":\"D\u00eddac\",\"@id\":\"https:\\\/\\\/canfali.com\\\/ca-es\\\/#\\\/schema\\\/person\\\/5211f51be1ed486a218e6a4f53355b6d\"},\"headline\":\"El Granadella Trail es disputa el pr\u00f2xim cap de setmana\",\"datePublished\":\"2026-01-28T09:51:34+00:00\",\"dateModified\":\"2026-01-29T05:30:04+00:00\",\"mainEntityOfPage\":{\"@id\":\"https:\\\/\\\/canfali.com\\\/ca-es\\\/el-granadella-trial-es-disputa-el-proxim-cap-de-setmana\\\/\"},\"wordCount\":277,\"publisher\":{\"@id\":\"https:\\\/\\\/canfali.com\\\/ca-es\\\/#organization\"},\"image\":{\"@id\":\"https:\\\/\\\/canfali.com\\\/ca-es\\\/el-granadella-trial-es-disputa-el-proxim-cap-de-setmana\\\/#primaryimage\"},\"thumbnailUrl\":\"https:\\\/\\\/canfali.com\\\/app\\\/uploads\\\/2026\\\/01\\\/granadellatrail-scaled.jpg\",\"keywords\":[\"Atletisme\",\"trail\"],\"articleSection\":[\"Atletisme\",\"Esports\"],\"inLanguage\":\"va-ES\",\"copyrightYear\":\"2026\",\"copyrightHolder\":{\"@id\":\"https:\\\/\\\/canfali.com\\\/#organization\"}},{\"@type\":\"WebPage\",\"@id\":\"https:\\\/\\\/canfali.com\\\/ca-es\\\/el-granadella-trial-es-disputa-el-proxim-cap-de-setmana\\\/\",\"url\":\"https:\\\/\\\/canfali.com\\\/ca-es\\\/el-granadella-trial-es-disputa-el-proxim-cap-de-setmana\\\/\",\"name\":\"El Granadella Trail es disputa el pr\u00f2xim cap de setmana - Canfali\",\"isPartOf\":{\"@id\":\"https:\\\/\\\/canfali.com\\\/ca-es\\\/#website\"},\"primaryImageOfPage\":{\"@id\":\"https:\\\/\\\/canfali.com\\\/ca-es\\\/el-granadella-trial-es-disputa-el-proxim-cap-de-setmana\\\/#primaryimage\"},\"image\":{\"@id\":\"https:\\\/\\\/canfali.com\\\/ca-es\\\/el-granadella-trial-es-disputa-el-proxim-cap-de-setmana\\\/#primaryimage\"},\"thumbnailUrl\":\"https:\\\/\\\/canfali.com\\\/app\\\/uploads\\\/2026\\\/01\\\/granadellatrail-scaled.jpg\",\"datePublished\":\"2026-01-28T09:51:34+00:00\",\"dateModified\":\"2026-01-29T05:30:04+00:00\",\"breadcrumb\":{\"@id\":\"https:\\\/\\\/canfali.com\\\/ca-es\\\/el-granadella-trial-es-disputa-el-proxim-cap-de-setmana\\\/#breadcrumb\"},\"inLanguage\":\"va-ES\",\"potentialAction\":[{\"@type\":\"ReadAction\",\"target\":[\"https:\\\/\\\/canfali.com\\\/ca-es\\\/el-granadella-trial-es-disputa-el-proxim-cap-de-setmana\\\/\"]}]},{\"@type\":\"ImageObject\",\"inLanguage\":\"va-ES\",\"@id\":\"https:\\\/\\\/canfali.com\\\/ca-es\\\/el-granadella-trial-es-disputa-el-proxim-cap-de-setmana\\\/#primaryimage\",\"url\":\"https:\\\/\\\/canfali.com\\\/app\\\/uploads\\\/2026\\\/01\\\/granadellatrail-scaled.jpg\",\"contentUrl\":\"https:\\\/\\\/canfali.com\\\/app\\\/uploads\\\/2026\\\/01\\\/granadellatrail-scaled.jpg\",\"width\":2560,\"height\":1618},{\"@type\":\"BreadcrumbList\",\"@id\":\"https:\\\/\\\/canfali.com\\\/ca-es\\\/el-granadella-trial-es-disputa-el-proxim-cap-de-setmana\\\/#breadcrumb\",\"itemListElement\":[{\"@type\":\"ListItem\",\"position\":1,\"name\":\"Portada\",\"item\":\"https:\\\/\\\/canfali.com\\\/ca-es\\\/\"},{\"@type\":\"ListItem\",\"position\":2,\"name\":\"El Granadella Trail es disputa el pr\u00f2xim cap de setmana\"}]},{\"@type\":\"WebSite\",\"@id\":\"https:\\\/\\\/canfali.com\\\/ca-es\\\/#website\",\"url\":\"https:\\\/\\\/canfali.com\\\/ca-es\\\/\",\"name\":\"Canfali\",\"description\":\"\",\"publisher\":{\"@id\":\"https:\\\/\\\/canfali.com\\\/ca-es\\\/#organization\"},\"potentialAction\":[{\"@type\":\"SearchAction\",\"target\":{\"@type\":\"EntryPoint\",\"urlTemplate\":\"https:\\\/\\\/canfali.com\\\/ca-es\\\/?s={search_term_string}\"},\"query-input\":{\"@type\":\"PropertyValueSpecification\",\"valueRequired\":true,\"valueName\":\"search_term_string\"}}],\"inLanguage\":\"va-ES\"},{\"@type\":\"Organization\",\"@id\":\"https:\\\/\\\/canfali.com\\\/ca-es\\\/#organization\",\"name\":\"Canfali\",\"url\":\"https:\\\/\\\/canfali.com\\\/ca-es\\\/\",\"logo\":{\"@type\":\"ImageObject\",\"inLanguage\":\"va-ES\",\"@id\":\"https:\\\/\\\/canfali.com\\\/ca-es\\\/#\\\/schema\\\/logo\\\/image\\\/\",\"url\":\"https:\\\/\\\/canfali.com\\\/app\\\/uploads\\\/2025\\\/12\\\/canfali_marina_alta_logo.png\",\"contentUrl\":\"https:\\\/\\\/canfali.com\\\/app\\\/uploads\\\/2025\\\/12\\\/canfali_marina_alta_logo.png\",\"width\":225,\"height\":225,\"caption\":\"Canfali\"},\"image\":{\"@id\":\"https:\\\/\\\/canfali.com\\\/ca-es\\\/#\\\/schema\\\/logo\\\/image\\\/\"},\"sameAs\":[\"https:\\\/\\\/es-es.facebook.com\\\/CANFALIMarinaAlta\",\"https:\\\/\\\/x.com\\\/canfalima\",\"https:\\\/\\\/www.instagram.com\\\/canfalimarinaalta\\\/\"]},{\"@type\":\"Person\",\"@id\":\"https:\\\/\\\/canfali.com\\\/ca-es\\\/#\\\/schema\\\/person\\\/5211f51be1ed486a218e6a4f53355b6d\",\"name\":\"D\u00eddac\",\"image\":{\"@type\":\"ImageObject\",\"inLanguage\":\"va-ES\",\"@id\":\"https:\\\/\\\/secure.gravatar.com\\\/avatar\\\/a68a2078c12da8a6dd6cff4f3f3f69f7eb69a2d31ac1aac4da61c3761e4557f4?s=96&d=mm&r=g\",\"url\":\"https:\\\/\\\/secure.gravatar.com\\\/avatar\\\/a68a2078c12da8a6dd6cff4f3f3f69f7eb69a2d31ac1aac4da61c3761e4557f4?s=96&d=mm&r=g\",\"contentUrl\":\"https:\\\/\\\/secure.gravatar.com\\\/avatar\\\/a68a2078c12da8a6dd6cff4f3f3f69f7eb69a2d31ac1aac4da61c3761e4557f4?s=96&d=mm&r=g\",\"caption\":\"D\u00eddac\"},\"url\":\"https:\\\/\\\/canfali.com\\\/ca-es\\\/author\\\/didac\\\/\"}]}<\/script>\n<!-- \/ Yoast SEO Premium plugin. -->","yoast_head_json":{"title":"El Granadella Trail es disputa el pr\u00f2xim cap de setmana - Canfali","robots":{"index":"index","follow":"follow","max-snippet":"max-snippet:-1","max-image-preview":"max-image-preview:large","max-video-preview":"max-video-preview:-1"},"canonical":"https:\/\/canfali.com\/ca-es\/el-granadella-trial-es-disputa-el-proxim-cap-de-setmana\/","og_locale":"en_US","og_type":"article","og_title":"El Granadella Trail es disputa el pr\u00f2xim cap de setmana","og_description":"El Club Esportiu Llebeig de X\u00e0bia organitza una nova edici\u00f3 del Granadella Trail. La prova se celebra els&hellip;","og_url":"https:\/\/canfali.com\/ca-es\/el-granadella-trial-es-disputa-el-proxim-cap-de-setmana\/","og_site_name":"Canfali","article_publisher":"https:\/\/es-es.facebook.com\/CANFALIMarinaAlta","article_published_time":"2026-01-28T09:51:34+00:00","article_modified_time":"2026-01-29T05:30:04+00:00","og_image":[{"width":2560,"height":1618,"url":"https:\/\/canfali.com\/app\/uploads\/2026\/01\/granadellatrail-scaled.jpg","type":"image\/jpeg"}],"author":"D\u00eddac","twitter_card":"summary_large_image","twitter_creator":"@canfalima","twitter_site":"@canfalima","twitter_misc":{"Written by":"D\u00eddac","Est. reading time":"1 minute"},"schema":{"@context":"https:\/\/schema.org","@graph":[{"@type":"NewsArticle","@id":"https:\/\/canfali.com\/ca-es\/el-granadella-trial-es-disputa-el-proxim-cap-de-setmana\/#article","isPartOf":{"@id":"https:\/\/canfali.com\/ca-es\/el-granadella-trial-es-disputa-el-proxim-cap-de-setmana\/"},"author":{"name":"D\u00eddac","@id":"https:\/\/canfali.com\/ca-es\/#\/schema\/person\/5211f51be1ed486a218e6a4f53355b6d"},"headline":"El Granadella Trail es disputa el pr\u00f2xim cap de setmana","datePublished":"2026-01-28T09:51:34+00:00","dateModified":"2026-01-29T05:30:04+00:00","mainEntityOfPage":{"@id":"https:\/\/canfali.com\/ca-es\/el-granadella-trial-es-disputa-el-proxim-cap-de-setmana\/"},"wordCount":277,"publisher":{"@id":"https:\/\/canfali.com\/ca-es\/#organization"},"image":{"@id":"https:\/\/canfali.com\/ca-es\/el-granadella-trial-es-disputa-el-proxim-cap-de-setmana\/#primaryimage"},"thumbnailUrl":"https:\/\/canfali.com\/app\/uploads\/2026\/01\/granadellatrail-scaled.jpg","keywords":["Atletisme","trail"],"articleSection":["Atletisme","Esports"],"inLanguage":"va-ES","copyrightYear":"2026","copyrightHolder":{"@id":"https:\/\/canfali.com\/#organization"}},{"@type":"WebPage","@id":"https:\/\/canfali.com\/ca-es\/el-granadella-trial-es-disputa-el-proxim-cap-de-setmana\/","url":"https:\/\/canfali.com\/ca-es\/el-granadella-trial-es-disputa-el-proxim-cap-de-setmana\/","name":"El Granadella Trail es disputa el pr\u00f2xim cap de setmana - Canfali","isPartOf":{"@id":"https:\/\/canfali.com\/ca-es\/#website"},"primaryImageOfPage":{"@id":"https:\/\/canfali.com\/ca-es\/el-granadella-trial-es-disputa-el-proxim-cap-de-setmana\/#primaryimage"},"image":{"@id":"https:\/\/canfali.com\/ca-es\/el-granadella-trial-es-disputa-el-proxim-cap-de-setmana\/#primaryimage"},"thumbnailUrl":"https:\/\/canfali.com\/app\/uploads\/2026\/01\/granadellatrail-scaled.jpg","datePublished":"2026-01-28T09:51:34+00:00","dateModified":"2026-01-29T05:30:04+00:00","breadcrumb":{"@id":"https:\/\/canfali.com\/ca-es\/el-granadella-trial-es-disputa-el-proxim-cap-de-setmana\/#breadcrumb"},"inLanguage":"va-ES","potentialAction":[{"@type":"ReadAction","target":["https:\/\/canfali.com\/ca-es\/el-granadella-trial-es-disputa-el-proxim-cap-de-setmana\/"]}]},{"@type":"ImageObject","inLanguage":"va-ES","@id":"https:\/\/canfali.com\/ca-es\/el-granadella-trial-es-disputa-el-proxim-cap-de-setmana\/#primaryimage","url":"https:\/\/canfali.com\/app\/uploads\/2026\/01\/granadellatrail-scaled.jpg","contentUrl":"https:\/\/canfali.com\/app\/uploads\/2026\/01\/granadellatrail-scaled.jpg","width":2560,"height":1618},{"@type":"BreadcrumbList","@id":"https:\/\/canfali.com\/ca-es\/el-granadella-trial-es-disputa-el-proxim-cap-de-setmana\/#breadcrumb","itemListElement":[{"@type":"ListItem","position":1,"name":"Portada","item":"https:\/\/canfali.com\/ca-es\/"},{"@type":"ListItem","position":2,"name":"El Granadella Trail es disputa el pr\u00f2xim cap de setmana"}]},{"@type":"WebSite","@id":"https:\/\/canfali.com\/ca-es\/#website","url":"https:\/\/canfali.com\/ca-es\/","name":"Canfali","description":"","publisher":{"@id":"https:\/\/canfali.com\/ca-es\/#organization"},"potentialAction":[{"@type":"SearchAction","target":{"@type":"EntryPoint","urlTemplate":"https:\/\/canfali.com\/ca-es\/?s={search_term_string}"},"query-input":{"@type":"PropertyValueSpecification","valueRequired":true,"valueName":"search_term_string"}}],"inLanguage":"va-ES"},{"@type":"Organization","@id":"https:\/\/canfali.com\/ca-es\/#organization","name":"Canfali","url":"https:\/\/canfali.com\/ca-es\/","logo":{"@type":"ImageObject","inLanguage":"va-ES","@id":"https:\/\/canfali.com\/ca-es\/#\/schema\/logo\/image\/","url":"https:\/\/canfali.com\/app\/uploads\/2025\/12\/canfali_marina_alta_logo.png","contentUrl":"https:\/\/canfali.com\/app\/uploads\/2025\/12\/canfali_marina_alta_logo.png","width":225,"height":225,"caption":"Canfali"},"image":{"@id":"https:\/\/canfali.com\/ca-es\/#\/schema\/logo\/image\/"},"sameAs":["https:\/\/es-es.facebook.com\/CANFALIMarinaAlta","https:\/\/x.com\/canfalima","https:\/\/www.instagram.com\/canfalimarinaalta\/"]},{"@type":"Person","@id":"https:\/\/canfali.com\/ca-es\/#\/schema\/person\/5211f51be1ed486a218e6a4f53355b6d","name":"D\u00eddac","image":{"@type":"ImageObject","inLanguage":"va-ES","@id":"https:\/\/secure.gravatar.com\/avatar\/a68a2078c12da8a6dd6cff4f3f3f69f7eb69a2d31ac1aac4da61c3761e4557f4?s=96&d=mm&r=g","url":"https:\/\/secure.gravatar.com\/avatar\/a68a2078c12da8a6dd6cff4f3f3f69f7eb69a2d31ac1aac4da61c3761e4557f4?s=96&d=mm&r=g","contentUrl":"https:\/\/secure.gravatar.com\/avatar\/a68a2078c12da8a6dd6cff4f3f3f69f7eb69a2d31ac1aac4da61c3761e4557f4?s=96&d=mm&r=g","caption":"D\u00eddac"},"url":"https:\/\/canfali.com\/ca-es\/author\/didac\/"}]}},"_links":{"self":[{"href":"https:\/\/canfali.com\/ca-es\/wp-json\/wp\/v2\/posts\/87607","targetHints":{"allow":["GET"]}}],"collection":[{"href":"https:\/\/canfali.com\/ca-es\/wp-json\/wp\/v2\/posts"}],"about":[{"href":"https:\/\/canfali.com\/ca-es\/wp-json\/wp\/v2\/types\/post"}],"author":[{"embeddable":true,"href":"https:\/\/canfali.com\/ca-es\/wp-json\/wp\/v2\/users\/5"}],"replies":[{"embeddable":true,"href":"https:\/\/canfali.com\/ca-es\/wp-json\/wp\/v2\/comments?post=87607"}],"version-history":[{"count":2,"href":"https:\/\/canfali.com\/ca-es\/wp-json\/wp\/v2\/posts\/87607\/revisions"}],"predecessor-version":[{"id":87720,"href":"https:\/\/canfali.com\/ca-es\/wp-json\/wp\/v2\/posts\/87607\/revisions\/87720"}],"wp:featuredmedia":[{"embeddable":true,"href":"https:\/\/canfali.com\/ca-es\/wp-json\/wp\/v2\/media\/87601"}],"wp:attachment":[{"href":"https:\/\/canfali.com\/ca-es\/wp-json\/wp\/v2\/media?parent=87607"}],"wp:term":[{"taxonomy":"category","embeddable":true,"href":"https:\/\/canfali.com\/ca-es\/wp-json\/wp\/v2\/categories?post=87607"},{"taxonomy":"post_tag","embeddable":true,"href":"https:\/\/canfali.com\/ca-es\/wp-json\/wp\/v2\/tags?post=87607"}],"curies":[{"name":"wp","href":"https:\/\/api.w.org\/{rel}","templated":true}]}}