{"id":87586,"date":"2026-01-27T22:58:27","date_gmt":"2026-01-27T21:58:27","guid":{"rendered":"https:\/\/canfali.com\/el-govern-de-calp-gaudeix-de-bona-salut\/"},"modified":"2026-01-27T23:00:18","modified_gmt":"2026-01-27T22:00:18","slug":"el-govern-de-calp-gaudeix-de-bona-salut","status":"publish","type":"post","link":"https:\/\/canfali.com\/ca-es\/el-govern-de-calp-gaudeix-de-bona-salut\/","title":{"rendered":"El govern de Calp gaudeix de bona salut"},"content":{"rendered":"\n<p><p class=\"p1\"><b>Rebeca Merch\u00e1n s\u2019estrena com a portaveu de Som Calp i regidora de Comunicaci\u00f3 Institucional<\/b><b><\/b><\/p><\/p>\n\n<p>L\u2019Ajuntament de Calp ha presentat Rebeca Merch\u00e1n com a nova portaveu del Grup Municipal Som Calp i responsable de la Regidoria de Comunicaci\u00f3 Institucional, compet\u00e8ncia que fins ara assumia l\u2019Alcaldia. L\u2019anunci es va fer en una trobada amb els mitjans de comunicaci\u00f3 encap\u00e7alada per l\u2019alcaldessa, Ana Sala, junt amb els regidors Mireia Ripoll, Pere Moll i Marco Bittner, a m\u00e9s de la mateixa Merch\u00e1n.&#13;\n<\/p>\n\n<p>L\u2019alcaldessa va emmarcar l\u2019acte com un espai de di\u00e0leg amb els mitjans i va aprofitar per agrair la seua tasca, aix\u00ed com la del personal del departament municipal de comunicaci\u00f3. Durant la seua intervenci\u00f3, va destacar la traject\u00f2ria de Merch\u00e1n, que ja gestionava \u00e0rees com Associacions, Persones Majors i Participaci\u00f3 Ciutadana.&#13;\n<\/p>\n\n<p>Per la seua banda, Rebeca Merch\u00e1n va agrair la confian\u00e7a depositada i va tindre paraules de reconeixement per a l\u2019anterior portaveu, Juan Manuel del Pino. Va assumir el nou c\u00e0rrec com un repte, amb el comprom\u00eds d\u2019exercir una portavoc\u00eda \u201cclara, honesta i rigorosa\u201d. Entre les principals l\u00ednies de treball va destacar el refor\u00e7 de la participaci\u00f3 ciutadana i la transpar\u00e8ncia, anunciant la licitaci\u00f3 d\u2019un pla estrat\u00e8gic de participaci\u00f3 i la creaci\u00f3 d\u2019una comissi\u00f3 de transpar\u00e8ncia orientada a simplificar els procediments administratius. Aix\u00ed mateix, es va mostrar oberta al di\u00e0leg i a la negociaci\u00f3 amb l\u2019oposici\u00f3 per evitar que els plens s\u2019allarguen durant quatre o cinc hores.&#13;\n<\/p>\n\n<p>En aquest mateix \u00e0mbit, va avan\u00e7ar la posada en marxa de la figura del \u201cdefensor del ve\u00efnat\u201d com a canal per a recollir queixes i simplificar els processos de comunicaci\u00f3 entre la ciutadania i l\u2019Ajuntament. Tamb\u00e9 va anunciar que s\u2019est\u00e0 treballant en l\u2019organitzaci\u00f3 d\u2019una Fira de Nacionalitats en 2026, amb l\u2019objectiu de visibilitzar la diversitat cultural del municipi.&#13;\n<\/p>\n\n<p><p class=\"p1\"><b>El tripartito va b\u00e9<\/b><b><\/b><\/p><\/p>\n\n<p>Durant la compareixen\u00e7a, els socis del tripartit \u2014Som Calp, PSPV-PSOE i Comprom\u00eds per Calp\u2014 van valorar positivament el funcionament de la coalici\u00f3 i no van descartar revalidar el pacte en cas de repetir els resultats electorals. Tant l\u2019alcaldessa, Ana Sala (Som Calp), com els regidors Marco Bittner (PSOE) i Mireia Ripoll (Comprom\u00eds) van coincidir a destacar el treball en equip, la capacitat de gesti\u00f3 i el desbloqueig de projectes, alguns d\u2019ells hist\u00f2rics.&#13;\n<\/p>\n\n<p>En altres blocs, l\u2019alcaldessa va repassar les principals l\u00ednies de treball en mat\u00e8ria de turisme, subratllant les bones dades d\u2019ocupaci\u00f3 i l\u2019estrat\u00e8gia de desestacionalitzaci\u00f3. Tamb\u00e9 va posar en valor el suport al sector pesquer mitjan\u00e7ant la promoci\u00f3 de productes locals i la formaci\u00f3 especialitzada. Aix\u00ed mateix, es van abordar iniciatives relacionades amb l\u2019aplicaci\u00f3 de la intel\u00b7lig\u00e8ncia artificial en l\u2019administraci\u00f3 i la formaci\u00f3 interna del personal municipal.&#13;\n<\/p>\n","protected":false},"excerpt":{"rendered":"Rebeca Merch\u00e1n s\u2019estrena com a portaveu de Som Calp i regidora de Comunicaci\u00f3 Institucional L\u2019Ajuntament de Calp ha&hellip;","protected":false},"author":8,"featured_media":87584,"comment_status":"closed","ping_status":"closed","sticky":false,"template":"","format":"standard","meta":{"csco_display_header_overlay":false,"csco_singular_sidebar":"","csco_page_header_type":"","csco_page_load_nextpost":"","csco_post_video_location":[],"csco_post_video_location_hash":"","csco_post_video_url":"","csco_post_video_bg_start_time":0,"csco_post_video_bg_end_time":0,"footnotes":""},"categories":[614],"tags":[],"class_list":{"0":"post-87586","1":"post","2":"type-post","3":"status-publish","4":"format-standard","5":"has-post-thumbnail","7":"category-municipal-ca-es","8":"cs-entry","9":"cs-video-wrap"},"yoast_head":"<!-- This site is optimized with the Yoast SEO Premium plugin v26.6 (Yoast SEO v27.3) - https:\/\/yoast.com\/product\/yoast-seo-premium-wordpress\/ -->\n<title>El govern de Calp gaudeix de bona salut - Canfali<\/title>\n<meta name=\"description\" content=\"L\u2019Ajuntament de Calp ha presentat Rebeca Merch\u00e1n com a nova portaveu de Somos Calpe i concejala de Comunicaci\u00f3 Institucional.\" \/>\n<meta name=\"robots\" content=\"index, follow, max-snippet:-1, max-image-preview:large, max-video-preview:-1\" \/>\n<link rel=\"canonical\" href=\"https:\/\/canfali.com\/ca-es\/el-govern-de-calp-gaudeix-de-bona-salut\/\" \/>\n<meta property=\"og:locale\" content=\"en_US\" \/>\n<meta property=\"og:type\" content=\"article\" \/>\n<meta property=\"og:title\" content=\"El govern de Calp gaudeix de bona salut\" \/>\n<meta property=\"og:description\" content=\"L\u2019Ajuntament de Calp ha presentat Rebeca Merch\u00e1n com a nova portaveu de Somos Calpe i concejala de Comunicaci\u00f3 Institucional.\" \/>\n<meta property=\"og:url\" content=\"https:\/\/canfali.com\/ca-es\/el-govern-de-calp-gaudeix-de-bona-salut\/\" \/>\n<meta property=\"og:site_name\" content=\"Canfali\" \/>\n<meta property=\"article:publisher\" content=\"https:\/\/es-es.facebook.com\/CANFALIMarinaAlta\" \/>\n<meta property=\"article:published_time\" content=\"2026-01-27T21:58:27+00:00\" \/>\n<meta property=\"article:modified_time\" content=\"2026-01-27T22:00:18+00:00\" \/>\n<meta property=\"og:image\" content=\"https:\/\/canfali.com\/app\/uploads\/2026\/01\/8calp-scaled.jpg\" \/>\n\t<meta property=\"og:image:width\" content=\"2560\" \/>\n\t<meta property=\"og:image:height\" content=\"1920\" \/>\n\t<meta property=\"og:image:type\" content=\"image\/jpeg\" \/>\n<meta name=\"author\" content=\"Lluis\" \/>\n<meta name=\"twitter:card\" content=\"summary_large_image\" \/>\n<meta name=\"twitter:creator\" content=\"@canfalima\" \/>\n<meta name=\"twitter:site\" content=\"@canfalima\" \/>\n<meta name=\"twitter:label1\" content=\"Written by\" \/>\n\t<meta name=\"twitter:data1\" content=\"Lluis\" \/>\n\t<meta name=\"twitter:label2\" content=\"Est. reading time\" \/>\n\t<meta name=\"twitter:data2\" content=\"2 minutes\" \/>\n<script type=\"application\/ld+json\" class=\"yoast-schema-graph\">{\"@context\":\"https:\\\/\\\/schema.org\",\"@graph\":[{\"@type\":\"NewsArticle\",\"@id\":\"https:\\\/\\\/canfali.com\\\/ca-es\\\/el-govern-de-calp-gaudeix-de-bona-salut\\\/#article\",\"isPartOf\":{\"@id\":\"https:\\\/\\\/canfali.com\\\/ca-es\\\/el-govern-de-calp-gaudeix-de-bona-salut\\\/\"},\"author\":{\"name\":\"Lluis\",\"@id\":\"https:\\\/\\\/canfali.com\\\/ca-es\\\/#\\\/schema\\\/person\\\/f540a86fb33e10daaae53c59ceaa1194\"},\"headline\":\"El govern de Calp gaudeix de bona salut\",\"datePublished\":\"2026-01-27T21:58:27+00:00\",\"dateModified\":\"2026-01-27T22:00:18+00:00\",\"mainEntityOfPage\":{\"@id\":\"https:\\\/\\\/canfali.com\\\/ca-es\\\/el-govern-de-calp-gaudeix-de-bona-salut\\\/\"},\"wordCount\":498,\"publisher\":{\"@id\":\"https:\\\/\\\/canfali.com\\\/ca-es\\\/#organization\"},\"image\":{\"@id\":\"https:\\\/\\\/canfali.com\\\/ca-es\\\/el-govern-de-calp-gaudeix-de-bona-salut\\\/#primaryimage\"},\"thumbnailUrl\":\"https:\\\/\\\/canfali.com\\\/app\\\/uploads\\\/2026\\\/01\\\/8calp-scaled.jpg\",\"articleSection\":[\"Municipal\"],\"inLanguage\":\"va-ES\",\"copyrightYear\":\"2026\",\"copyrightHolder\":{\"@id\":\"https:\\\/\\\/canfali.com\\\/#organization\"}},{\"@type\":\"WebPage\",\"@id\":\"https:\\\/\\\/canfali.com\\\/ca-es\\\/el-govern-de-calp-gaudeix-de-bona-salut\\\/\",\"url\":\"https:\\\/\\\/canfali.com\\\/ca-es\\\/el-govern-de-calp-gaudeix-de-bona-salut\\\/\",\"name\":\"El govern de Calp gaudeix de bona salut - Canfali\",\"isPartOf\":{\"@id\":\"https:\\\/\\\/canfali.com\\\/ca-es\\\/#website\"},\"primaryImageOfPage\":{\"@id\":\"https:\\\/\\\/canfali.com\\\/ca-es\\\/el-govern-de-calp-gaudeix-de-bona-salut\\\/#primaryimage\"},\"image\":{\"@id\":\"https:\\\/\\\/canfali.com\\\/ca-es\\\/el-govern-de-calp-gaudeix-de-bona-salut\\\/#primaryimage\"},\"thumbnailUrl\":\"https:\\\/\\\/canfali.com\\\/app\\\/uploads\\\/2026\\\/01\\\/8calp-scaled.jpg\",\"datePublished\":\"2026-01-27T21:58:27+00:00\",\"dateModified\":\"2026-01-27T22:00:18+00:00\",\"description\":\"L\u2019Ajuntament de Calp ha presentat Rebeca Merch\u00e1n com a nova portaveu de Somos Calpe i concejala de Comunicaci\u00f3 Institucional.\",\"breadcrumb\":{\"@id\":\"https:\\\/\\\/canfali.com\\\/ca-es\\\/el-govern-de-calp-gaudeix-de-bona-salut\\\/#breadcrumb\"},\"inLanguage\":\"va-ES\",\"potentialAction\":[{\"@type\":\"ReadAction\",\"target\":[\"https:\\\/\\\/canfali.com\\\/ca-es\\\/el-govern-de-calp-gaudeix-de-bona-salut\\\/\"]}]},{\"@type\":\"ImageObject\",\"inLanguage\":\"va-ES\",\"@id\":\"https:\\\/\\\/canfali.com\\\/ca-es\\\/el-govern-de-calp-gaudeix-de-bona-salut\\\/#primaryimage\",\"url\":\"https:\\\/\\\/canfali.com\\\/app\\\/uploads\\\/2026\\\/01\\\/8calp-scaled.jpg\",\"contentUrl\":\"https:\\\/\\\/canfali.com\\\/app\\\/uploads\\\/2026\\\/01\\\/8calp-scaled.jpg\",\"width\":2560,\"height\":1920},{\"@type\":\"BreadcrumbList\",\"@id\":\"https:\\\/\\\/canfali.com\\\/ca-es\\\/el-govern-de-calp-gaudeix-de-bona-salut\\\/#breadcrumb\",\"itemListElement\":[{\"@type\":\"ListItem\",\"position\":1,\"name\":\"Portada\",\"item\":\"https:\\\/\\\/canfali.com\\\/ca-es\\\/\"},{\"@type\":\"ListItem\",\"position\":2,\"name\":\"El govern de Calp gaudeix de bona salut\"}]},{\"@type\":\"WebSite\",\"@id\":\"https:\\\/\\\/canfali.com\\\/ca-es\\\/#website\",\"url\":\"https:\\\/\\\/canfali.com\\\/ca-es\\\/\",\"name\":\"Canfali\",\"description\":\"\",\"publisher\":{\"@id\":\"https:\\\/\\\/canfali.com\\\/ca-es\\\/#organization\"},\"potentialAction\":[{\"@type\":\"SearchAction\",\"target\":{\"@type\":\"EntryPoint\",\"urlTemplate\":\"https:\\\/\\\/canfali.com\\\/ca-es\\\/?s={search_term_string}\"},\"query-input\":{\"@type\":\"PropertyValueSpecification\",\"valueRequired\":true,\"valueName\":\"search_term_string\"}}],\"inLanguage\":\"va-ES\"},{\"@type\":\"Organization\",\"@id\":\"https:\\\/\\\/canfali.com\\\/ca-es\\\/#organization\",\"name\":\"Canfali\",\"url\":\"https:\\\/\\\/canfali.com\\\/ca-es\\\/\",\"logo\":{\"@type\":\"ImageObject\",\"inLanguage\":\"va-ES\",\"@id\":\"https:\\\/\\\/canfali.com\\\/ca-es\\\/#\\\/schema\\\/logo\\\/image\\\/\",\"url\":\"https:\\\/\\\/canfali.com\\\/app\\\/uploads\\\/2025\\\/12\\\/canfali_marina_alta_logo.png\",\"contentUrl\":\"https:\\\/\\\/canfali.com\\\/app\\\/uploads\\\/2025\\\/12\\\/canfali_marina_alta_logo.png\",\"width\":225,\"height\":225,\"caption\":\"Canfali\"},\"image\":{\"@id\":\"https:\\\/\\\/canfali.com\\\/ca-es\\\/#\\\/schema\\\/logo\\\/image\\\/\"},\"sameAs\":[\"https:\\\/\\\/es-es.facebook.com\\\/CANFALIMarinaAlta\",\"https:\\\/\\\/x.com\\\/canfalima\",\"https:\\\/\\\/www.instagram.com\\\/canfalimarinaalta\\\/\"]},{\"@type\":\"Person\",\"@id\":\"https:\\\/\\\/canfali.com\\\/ca-es\\\/#\\\/schema\\\/person\\\/f540a86fb33e10daaae53c59ceaa1194\",\"name\":\"Lluis\",\"image\":{\"@type\":\"ImageObject\",\"inLanguage\":\"va-ES\",\"@id\":\"https:\\\/\\\/secure.gravatar.com\\\/avatar\\\/a21ec8835290e4e02ed0886b8cb327d807d0eb6ec8ccf25d4c2a0a415f506c0d?s=96&d=mm&r=g\",\"url\":\"https:\\\/\\\/secure.gravatar.com\\\/avatar\\\/a21ec8835290e4e02ed0886b8cb327d807d0eb6ec8ccf25d4c2a0a415f506c0d?s=96&d=mm&r=g\",\"contentUrl\":\"https:\\\/\\\/secure.gravatar.com\\\/avatar\\\/a21ec8835290e4e02ed0886b8cb327d807d0eb6ec8ccf25d4c2a0a415f506c0d?s=96&d=mm&r=g\",\"caption\":\"Lluis\"},\"url\":\"https:\\\/\\\/canfali.com\\\/ca-es\\\/author\\\/lluis\\\/\"}]}<\/script>\n<!-- \/ Yoast SEO Premium plugin. -->","yoast_head_json":{"title":"El govern de Calp gaudeix de bona salut - Canfali","description":"L\u2019Ajuntament de Calp ha presentat Rebeca Merch\u00e1n com a nova portaveu de Somos Calpe i concejala de Comunicaci\u00f3 Institucional.","robots":{"index":"index","follow":"follow","max-snippet":"max-snippet:-1","max-image-preview":"max-image-preview:large","max-video-preview":"max-video-preview:-1"},"canonical":"https:\/\/canfali.com\/ca-es\/el-govern-de-calp-gaudeix-de-bona-salut\/","og_locale":"en_US","og_type":"article","og_title":"El govern de Calp gaudeix de bona salut","og_description":"L\u2019Ajuntament de Calp ha presentat Rebeca Merch\u00e1n com a nova portaveu de Somos Calpe i concejala de Comunicaci\u00f3 Institucional.","og_url":"https:\/\/canfali.com\/ca-es\/el-govern-de-calp-gaudeix-de-bona-salut\/","og_site_name":"Canfali","article_publisher":"https:\/\/es-es.facebook.com\/CANFALIMarinaAlta","article_published_time":"2026-01-27T21:58:27+00:00","article_modified_time":"2026-01-27T22:00:18+00:00","og_image":[{"width":2560,"height":1920,"url":"https:\/\/canfali.com\/app\/uploads\/2026\/01\/8calp-scaled.jpg","type":"image\/jpeg"}],"author":"Lluis","twitter_card":"summary_large_image","twitter_creator":"@canfalima","twitter_site":"@canfalima","twitter_misc":{"Written by":"Lluis","Est. reading time":"2 minutes"},"schema":{"@context":"https:\/\/schema.org","@graph":[{"@type":"NewsArticle","@id":"https:\/\/canfali.com\/ca-es\/el-govern-de-calp-gaudeix-de-bona-salut\/#article","isPartOf":{"@id":"https:\/\/canfali.com\/ca-es\/el-govern-de-calp-gaudeix-de-bona-salut\/"},"author":{"name":"Lluis","@id":"https:\/\/canfali.com\/ca-es\/#\/schema\/person\/f540a86fb33e10daaae53c59ceaa1194"},"headline":"El govern de Calp gaudeix de bona salut","datePublished":"2026-01-27T21:58:27+00:00","dateModified":"2026-01-27T22:00:18+00:00","mainEntityOfPage":{"@id":"https:\/\/canfali.com\/ca-es\/el-govern-de-calp-gaudeix-de-bona-salut\/"},"wordCount":498,"publisher":{"@id":"https:\/\/canfali.com\/ca-es\/#organization"},"image":{"@id":"https:\/\/canfali.com\/ca-es\/el-govern-de-calp-gaudeix-de-bona-salut\/#primaryimage"},"thumbnailUrl":"https:\/\/canfali.com\/app\/uploads\/2026\/01\/8calp-scaled.jpg","articleSection":["Municipal"],"inLanguage":"va-ES","copyrightYear":"2026","copyrightHolder":{"@id":"https:\/\/canfali.com\/#organization"}},{"@type":"WebPage","@id":"https:\/\/canfali.com\/ca-es\/el-govern-de-calp-gaudeix-de-bona-salut\/","url":"https:\/\/canfali.com\/ca-es\/el-govern-de-calp-gaudeix-de-bona-salut\/","name":"El govern de Calp gaudeix de bona salut - Canfali","isPartOf":{"@id":"https:\/\/canfali.com\/ca-es\/#website"},"primaryImageOfPage":{"@id":"https:\/\/canfali.com\/ca-es\/el-govern-de-calp-gaudeix-de-bona-salut\/#primaryimage"},"image":{"@id":"https:\/\/canfali.com\/ca-es\/el-govern-de-calp-gaudeix-de-bona-salut\/#primaryimage"},"thumbnailUrl":"https:\/\/canfali.com\/app\/uploads\/2026\/01\/8calp-scaled.jpg","datePublished":"2026-01-27T21:58:27+00:00","dateModified":"2026-01-27T22:00:18+00:00","description":"L\u2019Ajuntament de Calp ha presentat Rebeca Merch\u00e1n com a nova portaveu de Somos Calpe i concejala de Comunicaci\u00f3 Institucional.","breadcrumb":{"@id":"https:\/\/canfali.com\/ca-es\/el-govern-de-calp-gaudeix-de-bona-salut\/#breadcrumb"},"inLanguage":"va-ES","potentialAction":[{"@type":"ReadAction","target":["https:\/\/canfali.com\/ca-es\/el-govern-de-calp-gaudeix-de-bona-salut\/"]}]},{"@type":"ImageObject","inLanguage":"va-ES","@id":"https:\/\/canfali.com\/ca-es\/el-govern-de-calp-gaudeix-de-bona-salut\/#primaryimage","url":"https:\/\/canfali.com\/app\/uploads\/2026\/01\/8calp-scaled.jpg","contentUrl":"https:\/\/canfali.com\/app\/uploads\/2026\/01\/8calp-scaled.jpg","width":2560,"height":1920},{"@type":"BreadcrumbList","@id":"https:\/\/canfali.com\/ca-es\/el-govern-de-calp-gaudeix-de-bona-salut\/#breadcrumb","itemListElement":[{"@type":"ListItem","position":1,"name":"Portada","item":"https:\/\/canfali.com\/ca-es\/"},{"@type":"ListItem","position":2,"name":"El govern de Calp gaudeix de bona salut"}]},{"@type":"WebSite","@id":"https:\/\/canfali.com\/ca-es\/#website","url":"https:\/\/canfali.com\/ca-es\/","name":"Canfali","description":"","publisher":{"@id":"https:\/\/canfali.com\/ca-es\/#organization"},"potentialAction":[{"@type":"SearchAction","target":{"@type":"EntryPoint","urlTemplate":"https:\/\/canfali.com\/ca-es\/?s={search_term_string}"},"query-input":{"@type":"PropertyValueSpecification","valueRequired":true,"valueName":"search_term_string"}}],"inLanguage":"va-ES"},{"@type":"Organization","@id":"https:\/\/canfali.com\/ca-es\/#organization","name":"Canfali","url":"https:\/\/canfali.com\/ca-es\/","logo":{"@type":"ImageObject","inLanguage":"va-ES","@id":"https:\/\/canfali.com\/ca-es\/#\/schema\/logo\/image\/","url":"https:\/\/canfali.com\/app\/uploads\/2025\/12\/canfali_marina_alta_logo.png","contentUrl":"https:\/\/canfali.com\/app\/uploads\/2025\/12\/canfali_marina_alta_logo.png","width":225,"height":225,"caption":"Canfali"},"image":{"@id":"https:\/\/canfali.com\/ca-es\/#\/schema\/logo\/image\/"},"sameAs":["https:\/\/es-es.facebook.com\/CANFALIMarinaAlta","https:\/\/x.com\/canfalima","https:\/\/www.instagram.com\/canfalimarinaalta\/"]},{"@type":"Person","@id":"https:\/\/canfali.com\/ca-es\/#\/schema\/person\/f540a86fb33e10daaae53c59ceaa1194","name":"Lluis","image":{"@type":"ImageObject","inLanguage":"va-ES","@id":"https:\/\/secure.gravatar.com\/avatar\/a21ec8835290e4e02ed0886b8cb327d807d0eb6ec8ccf25d4c2a0a415f506c0d?s=96&d=mm&r=g","url":"https:\/\/secure.gravatar.com\/avatar\/a21ec8835290e4e02ed0886b8cb327d807d0eb6ec8ccf25d4c2a0a415f506c0d?s=96&d=mm&r=g","contentUrl":"https:\/\/secure.gravatar.com\/avatar\/a21ec8835290e4e02ed0886b8cb327d807d0eb6ec8ccf25d4c2a0a415f506c0d?s=96&d=mm&r=g","caption":"Lluis"},"url":"https:\/\/canfali.com\/ca-es\/author\/lluis\/"}]}},"_links":{"self":[{"href":"https:\/\/canfali.com\/ca-es\/wp-json\/wp\/v2\/posts\/87586","targetHints":{"allow":["GET"]}}],"collection":[{"href":"https:\/\/canfali.com\/ca-es\/wp-json\/wp\/v2\/posts"}],"about":[{"href":"https:\/\/canfali.com\/ca-es\/wp-json\/wp\/v2\/types\/post"}],"author":[{"embeddable":true,"href":"https:\/\/canfali.com\/ca-es\/wp-json\/wp\/v2\/users\/8"}],"replies":[{"embeddable":true,"href":"https:\/\/canfali.com\/ca-es\/wp-json\/wp\/v2\/comments?post=87586"}],"version-history":[{"count":1,"href":"https:\/\/canfali.com\/ca-es\/wp-json\/wp\/v2\/posts\/87586\/revisions"}],"predecessor-version":[{"id":87587,"href":"https:\/\/canfali.com\/ca-es\/wp-json\/wp\/v2\/posts\/87586\/revisions\/87587"}],"wp:featuredmedia":[{"embeddable":true,"href":"https:\/\/canfali.com\/ca-es\/wp-json\/wp\/v2\/media\/87584"}],"wp:attachment":[{"href":"https:\/\/canfali.com\/ca-es\/wp-json\/wp\/v2\/media?parent=87586"}],"wp:term":[{"taxonomy":"category","embeddable":true,"href":"https:\/\/canfali.com\/ca-es\/wp-json\/wp\/v2\/categories?post=87586"},{"taxonomy":"post_tag","embeddable":true,"href":"https:\/\/canfali.com\/ca-es\/wp-json\/wp\/v2\/tags?post=87586"}],"curies":[{"name":"wp","href":"https:\/\/api.w.org\/{rel}","templated":true}]}}