{"id":87577,"date":"2026-01-27T19:12:07","date_gmt":"2026-01-27T18:12:07","guid":{"rendered":"https:\/\/canfali.com\/pedreguer-es-prepara-per-a-viure-una-ocaive-mes-espectacular-que-mai\/"},"modified":"2026-01-27T19:14:17","modified_gmt":"2026-01-27T18:14:17","slug":"pedreguer-es-prepara-per-a-viure-una-ocaive-mes-espectacular-que-mai","status":"publish","type":"post","link":"https:\/\/canfali.com\/ca-es\/pedreguer-es-prepara-per-a-viure-una-ocaive-mes-espectacular-que-mai\/","title":{"rendered":"Pedreguer es prepara per a viure una Cursa Ocaive m\u00e9s espectacular que mai"},"content":{"rendered":"\n<p>La XIII Mitja Marat\u00f3 i Cursa de Muntanya Ocaive reunir\u00e0 el proper diumenge 8 de febrer a m\u00e9s de 500 corredors, corredores i senderistes a la Muntanya Gran de Pedreguer. La prova, consolidada com una de les m\u00e9s importants del calendari esportiu de la Marina Alta, ofereix tres modalitats adaptades a diferents nivells: la Mitja Marat\u00f3 de 22,4 km (8:30 h), la Cursa de Muntanya de 14,7 km (9:00 h) i la modalitat senderista de 13 km, pensada per a aquelles persones que prefereixen un ritme m\u00e9s tranquil. Les inscripcions es poden fer a la p\u00e0gina web de mychip, amb preus des de 18 euros.&#13;\n<\/p>\n\n<p>La presentaci\u00f3 oficial va comptar amb la pres\u00e8ncia dels clubs organitzadors \u2013Club d\u2019Atletisme Cametes i Centre Excursionista Pedreguer\u2013 i de la regidora d\u2019Esports, Celia Mas, qui va destacar la import\u00e0ncia de la prova com a referent esportiu de la comarca.&#13;\n<\/p>\n\n<p>Entre les principals novetats destaquen m\u00e9s punts d\u2019animaci\u00f3 al llarg del recorregut, una entrada a meta m\u00e9s vistosa, una bossa del corredor m\u00e9s completa i un avituallament final refor\u00e7at. La competici\u00f3 estrena un nou trofeu amb la silueta de la muntanya i el castell de l\u2019Ocaive, refor\u00e7ant la identitat de la prova. A m\u00e9s, al finalitzar, es realitzar\u00e0 un sorteig de regals del patrocinador SuperateSport Gandia entre tots els dorsals inscrits.&#13;\n<\/p>\n\n<p>Gr\u00e0cies al suport d\u2019un major nombre de patrocinadors, la XIII Ocaive reafirma el seu prestigi com una de les proves de trail m\u00e9s atractives de la Comunitat Valenciana, oferint un repte esportiu de primer nivell en un entorn natural privilegiat.&#13;\n<\/p>\n","protected":false},"excerpt":{"rendered":"La XIII Mitja Marat\u00f3 i Cursa de Muntanya Ocaive reunir\u00e0 el proper diumenge 8 de febrer a m\u00e9s&hellip;","protected":false},"author":8,"featured_media":87575,"comment_status":"closed","ping_status":"closed","sticky":false,"template":"","format":"standard","meta":{"csco_display_header_overlay":false,"csco_singular_sidebar":"","csco_page_header_type":"","csco_page_load_nextpost":"","csco_post_video_location":[],"csco_post_video_location_hash":"","csco_post_video_url":"","csco_post_video_bg_start_time":0,"csco_post_video_bg_end_time":0,"footnotes":""},"categories":[599,573,598],"tags":[],"class_list":{"0":"post-87577","1":"post","2":"type-post","3":"status-publish","4":"format-standard","5":"has-post-thumbnail","7":"category-atletisme-ca-es","8":"category-deportes-2","9":"category-esports","10":"cs-entry","11":"cs-video-wrap"},"yoast_head":"<!-- This site is optimized with the Yoast SEO Premium plugin v26.6 (Yoast SEO v27.3) - https:\/\/yoast.com\/product\/yoast-seo-premium-wordpress\/ -->\n<title>Pedreguer es prepara per a viure una Cursa Ocaive m\u00e9s espectacular que mai - Canfali<\/title>\n<meta name=\"description\" content=\"La XIII Mitja Marat\u00f3 i Cursa de Muntanya Ocaive reunir\u00e0 el diumenge 8 de febrer a m\u00e9s de 500 participants a la Muntanya Gran de Pedreguer.\" \/>\n<meta name=\"robots\" content=\"index, follow, max-snippet:-1, max-image-preview:large, max-video-preview:-1\" \/>\n<link rel=\"canonical\" href=\"https:\/\/canfali.com\/ca-es\/pedreguer-es-prepara-per-a-viure-una-ocaive-mes-espectacular-que-mai\/\" \/>\n<meta property=\"og:locale\" content=\"en_US\" \/>\n<meta property=\"og:type\" content=\"article\" \/>\n<meta property=\"og:title\" content=\"Pedreguer es prepara per a viure una Cursa Ocaive m\u00e9s espectacular que mai\" \/>\n<meta property=\"og:description\" content=\"La XIII Mitja Marat\u00f3 i Cursa de Muntanya Ocaive reunir\u00e0 el diumenge 8 de febrer a m\u00e9s de 500 participants a la Muntanya Gran de Pedreguer.\" \/>\n<meta property=\"og:url\" content=\"https:\/\/canfali.com\/ca-es\/pedreguer-es-prepara-per-a-viure-una-ocaive-mes-espectacular-que-mai\/\" \/>\n<meta property=\"og:site_name\" content=\"Canfali\" \/>\n<meta property=\"article:publisher\" content=\"https:\/\/es-es.facebook.com\/CANFALIMarinaAlta\" \/>\n<meta property=\"article:published_time\" content=\"2026-01-27T18:12:07+00:00\" \/>\n<meta property=\"article:modified_time\" content=\"2026-01-27T18:14:17+00:00\" \/>\n<meta property=\"og:image\" content=\"https:\/\/canfali.com\/app\/uploads\/2026\/01\/8ocaive-scaled.jpg\" \/>\n\t<meta property=\"og:image:width\" content=\"2560\" \/>\n\t<meta property=\"og:image:height\" content=\"1920\" \/>\n\t<meta property=\"og:image:type\" content=\"image\/jpeg\" \/>\n<meta name=\"author\" content=\"Lluis\" \/>\n<meta name=\"twitter:card\" content=\"summary_large_image\" \/>\n<meta name=\"twitter:creator\" content=\"@canfalima\" \/>\n<meta name=\"twitter:site\" content=\"@canfalima\" \/>\n<meta name=\"twitter:label1\" content=\"Written by\" \/>\n\t<meta name=\"twitter:data1\" content=\"Lluis\" \/>\n\t<meta name=\"twitter:label2\" content=\"Est. reading time\" \/>\n\t<meta name=\"twitter:data2\" content=\"1 minute\" \/>\n<script type=\"application\/ld+json\" class=\"yoast-schema-graph\">{\"@context\":\"https:\\\/\\\/schema.org\",\"@graph\":[{\"@type\":\"NewsArticle\",\"@id\":\"https:\\\/\\\/canfali.com\\\/ca-es\\\/pedreguer-es-prepara-per-a-viure-una-ocaive-mes-espectacular-que-mai\\\/#article\",\"isPartOf\":{\"@id\":\"https:\\\/\\\/canfali.com\\\/ca-es\\\/pedreguer-es-prepara-per-a-viure-una-ocaive-mes-espectacular-que-mai\\\/\"},\"author\":{\"name\":\"Lluis\",\"@id\":\"https:\\\/\\\/canfali.com\\\/ca-es\\\/#\\\/schema\\\/person\\\/f540a86fb33e10daaae53c59ceaa1194\"},\"headline\":\"Pedreguer es prepara per a viure una Cursa Ocaive m\u00e9s espectacular que mai\",\"datePublished\":\"2026-01-27T18:12:07+00:00\",\"dateModified\":\"2026-01-27T18:14:17+00:00\",\"mainEntityOfPage\":{\"@id\":\"https:\\\/\\\/canfali.com\\\/ca-es\\\/pedreguer-es-prepara-per-a-viure-una-ocaive-mes-espectacular-que-mai\\\/\"},\"wordCount\":281,\"publisher\":{\"@id\":\"https:\\\/\\\/canfali.com\\\/ca-es\\\/#organization\"},\"image\":{\"@id\":\"https:\\\/\\\/canfali.com\\\/ca-es\\\/pedreguer-es-prepara-per-a-viure-una-ocaive-mes-espectacular-que-mai\\\/#primaryimage\"},\"thumbnailUrl\":\"https:\\\/\\\/canfali.com\\\/app\\\/uploads\\\/2026\\\/01\\\/8ocaive-scaled.jpg\",\"articleSection\":[\"Atletisme\",\"Deportes\",\"Esports\"],\"inLanguage\":\"va-ES\",\"copyrightYear\":\"2026\",\"copyrightHolder\":{\"@id\":\"https:\\\/\\\/canfali.com\\\/#organization\"}},{\"@type\":\"WebPage\",\"@id\":\"https:\\\/\\\/canfali.com\\\/ca-es\\\/pedreguer-es-prepara-per-a-viure-una-ocaive-mes-espectacular-que-mai\\\/\",\"url\":\"https:\\\/\\\/canfali.com\\\/ca-es\\\/pedreguer-es-prepara-per-a-viure-una-ocaive-mes-espectacular-que-mai\\\/\",\"name\":\"Pedreguer es prepara per a viure una Cursa Ocaive m\u00e9s espectacular que mai - Canfali\",\"isPartOf\":{\"@id\":\"https:\\\/\\\/canfali.com\\\/ca-es\\\/#website\"},\"primaryImageOfPage\":{\"@id\":\"https:\\\/\\\/canfali.com\\\/ca-es\\\/pedreguer-es-prepara-per-a-viure-una-ocaive-mes-espectacular-que-mai\\\/#primaryimage\"},\"image\":{\"@id\":\"https:\\\/\\\/canfali.com\\\/ca-es\\\/pedreguer-es-prepara-per-a-viure-una-ocaive-mes-espectacular-que-mai\\\/#primaryimage\"},\"thumbnailUrl\":\"https:\\\/\\\/canfali.com\\\/app\\\/uploads\\\/2026\\\/01\\\/8ocaive-scaled.jpg\",\"datePublished\":\"2026-01-27T18:12:07+00:00\",\"dateModified\":\"2026-01-27T18:14:17+00:00\",\"description\":\"La XIII Mitja Marat\u00f3 i Cursa de Muntanya Ocaive reunir\u00e0 el diumenge 8 de febrer a m\u00e9s de 500 participants a la Muntanya Gran de Pedreguer.\",\"breadcrumb\":{\"@id\":\"https:\\\/\\\/canfali.com\\\/ca-es\\\/pedreguer-es-prepara-per-a-viure-una-ocaive-mes-espectacular-que-mai\\\/#breadcrumb\"},\"inLanguage\":\"va-ES\",\"potentialAction\":[{\"@type\":\"ReadAction\",\"target\":[\"https:\\\/\\\/canfali.com\\\/ca-es\\\/pedreguer-es-prepara-per-a-viure-una-ocaive-mes-espectacular-que-mai\\\/\"]}]},{\"@type\":\"ImageObject\",\"inLanguage\":\"va-ES\",\"@id\":\"https:\\\/\\\/canfali.com\\\/ca-es\\\/pedreguer-es-prepara-per-a-viure-una-ocaive-mes-espectacular-que-mai\\\/#primaryimage\",\"url\":\"https:\\\/\\\/canfali.com\\\/app\\\/uploads\\\/2026\\\/01\\\/8ocaive-scaled.jpg\",\"contentUrl\":\"https:\\\/\\\/canfali.com\\\/app\\\/uploads\\\/2026\\\/01\\\/8ocaive-scaled.jpg\",\"width\":2560,\"height\":1920},{\"@type\":\"BreadcrumbList\",\"@id\":\"https:\\\/\\\/canfali.com\\\/ca-es\\\/pedreguer-es-prepara-per-a-viure-una-ocaive-mes-espectacular-que-mai\\\/#breadcrumb\",\"itemListElement\":[{\"@type\":\"ListItem\",\"position\":1,\"name\":\"Portada\",\"item\":\"https:\\\/\\\/canfali.com\\\/ca-es\\\/\"},{\"@type\":\"ListItem\",\"position\":2,\"name\":\"Pedreguer es prepara per a viure una Cursa Ocaive m\u00e9s espectacular que mai\"}]},{\"@type\":\"WebSite\",\"@id\":\"https:\\\/\\\/canfali.com\\\/ca-es\\\/#website\",\"url\":\"https:\\\/\\\/canfali.com\\\/ca-es\\\/\",\"name\":\"Canfali\",\"description\":\"\",\"publisher\":{\"@id\":\"https:\\\/\\\/canfali.com\\\/ca-es\\\/#organization\"},\"potentialAction\":[{\"@type\":\"SearchAction\",\"target\":{\"@type\":\"EntryPoint\",\"urlTemplate\":\"https:\\\/\\\/canfali.com\\\/ca-es\\\/?s={search_term_string}\"},\"query-input\":{\"@type\":\"PropertyValueSpecification\",\"valueRequired\":true,\"valueName\":\"search_term_string\"}}],\"inLanguage\":\"va-ES\"},{\"@type\":\"Organization\",\"@id\":\"https:\\\/\\\/canfali.com\\\/ca-es\\\/#organization\",\"name\":\"Canfali\",\"url\":\"https:\\\/\\\/canfali.com\\\/ca-es\\\/\",\"logo\":{\"@type\":\"ImageObject\",\"inLanguage\":\"va-ES\",\"@id\":\"https:\\\/\\\/canfali.com\\\/ca-es\\\/#\\\/schema\\\/logo\\\/image\\\/\",\"url\":\"https:\\\/\\\/canfali.com\\\/app\\\/uploads\\\/2025\\\/12\\\/canfali_marina_alta_logo.png\",\"contentUrl\":\"https:\\\/\\\/canfali.com\\\/app\\\/uploads\\\/2025\\\/12\\\/canfali_marina_alta_logo.png\",\"width\":225,\"height\":225,\"caption\":\"Canfali\"},\"image\":{\"@id\":\"https:\\\/\\\/canfali.com\\\/ca-es\\\/#\\\/schema\\\/logo\\\/image\\\/\"},\"sameAs\":[\"https:\\\/\\\/es-es.facebook.com\\\/CANFALIMarinaAlta\",\"https:\\\/\\\/x.com\\\/canfalima\",\"https:\\\/\\\/www.instagram.com\\\/canfalimarinaalta\\\/\"]},{\"@type\":\"Person\",\"@id\":\"https:\\\/\\\/canfali.com\\\/ca-es\\\/#\\\/schema\\\/person\\\/f540a86fb33e10daaae53c59ceaa1194\",\"name\":\"Lluis\",\"image\":{\"@type\":\"ImageObject\",\"inLanguage\":\"va-ES\",\"@id\":\"https:\\\/\\\/secure.gravatar.com\\\/avatar\\\/a21ec8835290e4e02ed0886b8cb327d807d0eb6ec8ccf25d4c2a0a415f506c0d?s=96&d=mm&r=g\",\"url\":\"https:\\\/\\\/secure.gravatar.com\\\/avatar\\\/a21ec8835290e4e02ed0886b8cb327d807d0eb6ec8ccf25d4c2a0a415f506c0d?s=96&d=mm&r=g\",\"contentUrl\":\"https:\\\/\\\/secure.gravatar.com\\\/avatar\\\/a21ec8835290e4e02ed0886b8cb327d807d0eb6ec8ccf25d4c2a0a415f506c0d?s=96&d=mm&r=g\",\"caption\":\"Lluis\"},\"url\":\"https:\\\/\\\/canfali.com\\\/ca-es\\\/author\\\/lluis\\\/\"}]}<\/script>\n<!-- \/ Yoast SEO Premium plugin. -->","yoast_head_json":{"title":"Pedreguer es prepara per a viure una Cursa Ocaive m\u00e9s espectacular que mai - Canfali","description":"La XIII Mitja Marat\u00f3 i Cursa de Muntanya Ocaive reunir\u00e0 el diumenge 8 de febrer a m\u00e9s de 500 participants a la Muntanya Gran de Pedreguer.","robots":{"index":"index","follow":"follow","max-snippet":"max-snippet:-1","max-image-preview":"max-image-preview:large","max-video-preview":"max-video-preview:-1"},"canonical":"https:\/\/canfali.com\/ca-es\/pedreguer-es-prepara-per-a-viure-una-ocaive-mes-espectacular-que-mai\/","og_locale":"en_US","og_type":"article","og_title":"Pedreguer es prepara per a viure una Cursa Ocaive m\u00e9s espectacular que mai","og_description":"La XIII Mitja Marat\u00f3 i Cursa de Muntanya Ocaive reunir\u00e0 el diumenge 8 de febrer a m\u00e9s de 500 participants a la Muntanya Gran de Pedreguer.","og_url":"https:\/\/canfali.com\/ca-es\/pedreguer-es-prepara-per-a-viure-una-ocaive-mes-espectacular-que-mai\/","og_site_name":"Canfali","article_publisher":"https:\/\/es-es.facebook.com\/CANFALIMarinaAlta","article_published_time":"2026-01-27T18:12:07+00:00","article_modified_time":"2026-01-27T18:14:17+00:00","og_image":[{"width":2560,"height":1920,"url":"https:\/\/canfali.com\/app\/uploads\/2026\/01\/8ocaive-scaled.jpg","type":"image\/jpeg"}],"author":"Lluis","twitter_card":"summary_large_image","twitter_creator":"@canfalima","twitter_site":"@canfalima","twitter_misc":{"Written by":"Lluis","Est. reading time":"1 minute"},"schema":{"@context":"https:\/\/schema.org","@graph":[{"@type":"NewsArticle","@id":"https:\/\/canfali.com\/ca-es\/pedreguer-es-prepara-per-a-viure-una-ocaive-mes-espectacular-que-mai\/#article","isPartOf":{"@id":"https:\/\/canfali.com\/ca-es\/pedreguer-es-prepara-per-a-viure-una-ocaive-mes-espectacular-que-mai\/"},"author":{"name":"Lluis","@id":"https:\/\/canfali.com\/ca-es\/#\/schema\/person\/f540a86fb33e10daaae53c59ceaa1194"},"headline":"Pedreguer es prepara per a viure una Cursa Ocaive m\u00e9s espectacular que mai","datePublished":"2026-01-27T18:12:07+00:00","dateModified":"2026-01-27T18:14:17+00:00","mainEntityOfPage":{"@id":"https:\/\/canfali.com\/ca-es\/pedreguer-es-prepara-per-a-viure-una-ocaive-mes-espectacular-que-mai\/"},"wordCount":281,"publisher":{"@id":"https:\/\/canfali.com\/ca-es\/#organization"},"image":{"@id":"https:\/\/canfali.com\/ca-es\/pedreguer-es-prepara-per-a-viure-una-ocaive-mes-espectacular-que-mai\/#primaryimage"},"thumbnailUrl":"https:\/\/canfali.com\/app\/uploads\/2026\/01\/8ocaive-scaled.jpg","articleSection":["Atletisme","Deportes","Esports"],"inLanguage":"va-ES","copyrightYear":"2026","copyrightHolder":{"@id":"https:\/\/canfali.com\/#organization"}},{"@type":"WebPage","@id":"https:\/\/canfali.com\/ca-es\/pedreguer-es-prepara-per-a-viure-una-ocaive-mes-espectacular-que-mai\/","url":"https:\/\/canfali.com\/ca-es\/pedreguer-es-prepara-per-a-viure-una-ocaive-mes-espectacular-que-mai\/","name":"Pedreguer es prepara per a viure una Cursa Ocaive m\u00e9s espectacular que mai - Canfali","isPartOf":{"@id":"https:\/\/canfali.com\/ca-es\/#website"},"primaryImageOfPage":{"@id":"https:\/\/canfali.com\/ca-es\/pedreguer-es-prepara-per-a-viure-una-ocaive-mes-espectacular-que-mai\/#primaryimage"},"image":{"@id":"https:\/\/canfali.com\/ca-es\/pedreguer-es-prepara-per-a-viure-una-ocaive-mes-espectacular-que-mai\/#primaryimage"},"thumbnailUrl":"https:\/\/canfali.com\/app\/uploads\/2026\/01\/8ocaive-scaled.jpg","datePublished":"2026-01-27T18:12:07+00:00","dateModified":"2026-01-27T18:14:17+00:00","description":"La XIII Mitja Marat\u00f3 i Cursa de Muntanya Ocaive reunir\u00e0 el diumenge 8 de febrer a m\u00e9s de 500 participants a la Muntanya Gran de Pedreguer.","breadcrumb":{"@id":"https:\/\/canfali.com\/ca-es\/pedreguer-es-prepara-per-a-viure-una-ocaive-mes-espectacular-que-mai\/#breadcrumb"},"inLanguage":"va-ES","potentialAction":[{"@type":"ReadAction","target":["https:\/\/canfali.com\/ca-es\/pedreguer-es-prepara-per-a-viure-una-ocaive-mes-espectacular-que-mai\/"]}]},{"@type":"ImageObject","inLanguage":"va-ES","@id":"https:\/\/canfali.com\/ca-es\/pedreguer-es-prepara-per-a-viure-una-ocaive-mes-espectacular-que-mai\/#primaryimage","url":"https:\/\/canfali.com\/app\/uploads\/2026\/01\/8ocaive-scaled.jpg","contentUrl":"https:\/\/canfali.com\/app\/uploads\/2026\/01\/8ocaive-scaled.jpg","width":2560,"height":1920},{"@type":"BreadcrumbList","@id":"https:\/\/canfali.com\/ca-es\/pedreguer-es-prepara-per-a-viure-una-ocaive-mes-espectacular-que-mai\/#breadcrumb","itemListElement":[{"@type":"ListItem","position":1,"name":"Portada","item":"https:\/\/canfali.com\/ca-es\/"},{"@type":"ListItem","position":2,"name":"Pedreguer es prepara per a viure una Cursa Ocaive m\u00e9s espectacular que mai"}]},{"@type":"WebSite","@id":"https:\/\/canfali.com\/ca-es\/#website","url":"https:\/\/canfali.com\/ca-es\/","name":"Canfali","description":"","publisher":{"@id":"https:\/\/canfali.com\/ca-es\/#organization"},"potentialAction":[{"@type":"SearchAction","target":{"@type":"EntryPoint","urlTemplate":"https:\/\/canfali.com\/ca-es\/?s={search_term_string}"},"query-input":{"@type":"PropertyValueSpecification","valueRequired":true,"valueName":"search_term_string"}}],"inLanguage":"va-ES"},{"@type":"Organization","@id":"https:\/\/canfali.com\/ca-es\/#organization","name":"Canfali","url":"https:\/\/canfali.com\/ca-es\/","logo":{"@type":"ImageObject","inLanguage":"va-ES","@id":"https:\/\/canfali.com\/ca-es\/#\/schema\/logo\/image\/","url":"https:\/\/canfali.com\/app\/uploads\/2025\/12\/canfali_marina_alta_logo.png","contentUrl":"https:\/\/canfali.com\/app\/uploads\/2025\/12\/canfali_marina_alta_logo.png","width":225,"height":225,"caption":"Canfali"},"image":{"@id":"https:\/\/canfali.com\/ca-es\/#\/schema\/logo\/image\/"},"sameAs":["https:\/\/es-es.facebook.com\/CANFALIMarinaAlta","https:\/\/x.com\/canfalima","https:\/\/www.instagram.com\/canfalimarinaalta\/"]},{"@type":"Person","@id":"https:\/\/canfali.com\/ca-es\/#\/schema\/person\/f540a86fb33e10daaae53c59ceaa1194","name":"Lluis","image":{"@type":"ImageObject","inLanguage":"va-ES","@id":"https:\/\/secure.gravatar.com\/avatar\/a21ec8835290e4e02ed0886b8cb327d807d0eb6ec8ccf25d4c2a0a415f506c0d?s=96&d=mm&r=g","url":"https:\/\/secure.gravatar.com\/avatar\/a21ec8835290e4e02ed0886b8cb327d807d0eb6ec8ccf25d4c2a0a415f506c0d?s=96&d=mm&r=g","contentUrl":"https:\/\/secure.gravatar.com\/avatar\/a21ec8835290e4e02ed0886b8cb327d807d0eb6ec8ccf25d4c2a0a415f506c0d?s=96&d=mm&r=g","caption":"Lluis"},"url":"https:\/\/canfali.com\/ca-es\/author\/lluis\/"}]}},"_links":{"self":[{"href":"https:\/\/canfali.com\/ca-es\/wp-json\/wp\/v2\/posts\/87577","targetHints":{"allow":["GET"]}}],"collection":[{"href":"https:\/\/canfali.com\/ca-es\/wp-json\/wp\/v2\/posts"}],"about":[{"href":"https:\/\/canfali.com\/ca-es\/wp-json\/wp\/v2\/types\/post"}],"author":[{"embeddable":true,"href":"https:\/\/canfali.com\/ca-es\/wp-json\/wp\/v2\/users\/8"}],"replies":[{"embeddable":true,"href":"https:\/\/canfali.com\/ca-es\/wp-json\/wp\/v2\/comments?post=87577"}],"version-history":[{"count":3,"href":"https:\/\/canfali.com\/ca-es\/wp-json\/wp\/v2\/posts\/87577\/revisions"}],"predecessor-version":[{"id":87580,"href":"https:\/\/canfali.com\/ca-es\/wp-json\/wp\/v2\/posts\/87577\/revisions\/87580"}],"wp:featuredmedia":[{"embeddable":true,"href":"https:\/\/canfali.com\/ca-es\/wp-json\/wp\/v2\/media\/87575"}],"wp:attachment":[{"href":"https:\/\/canfali.com\/ca-es\/wp-json\/wp\/v2\/media?parent=87577"}],"wp:term":[{"taxonomy":"category","embeddable":true,"href":"https:\/\/canfali.com\/ca-es\/wp-json\/wp\/v2\/categories?post=87577"},{"taxonomy":"post_tag","embeddable":true,"href":"https:\/\/canfali.com\/ca-es\/wp-json\/wp\/v2\/tags?post=87577"}],"curies":[{"name":"wp","href":"https:\/\/api.w.org\/{rel}","templated":true}]}}