{"id":87540,"date":"2026-01-27T15:07:56","date_gmt":"2026-01-27T14:07:56","guid":{"rendered":"https:\/\/canfali.com\/?p=87540"},"modified":"2026-01-27T15:07:58","modified_gmt":"2026-01-27T14:07:58","slug":"el-cinquantenari-docell-arranca-amb-contes-tradicionals","status":"publish","type":"post","link":"https:\/\/canfali.com\/ca-es\/el-cinquantenari-docell-arranca-amb-contes-tradicionals\/","title":{"rendered":"El cinquantenari d\u2019Ocell arranca amb contes tradicionals"},"content":{"rendered":"\n<p><strong>L\u2019escriptor Jordi Ra\u00fcl Verd\u00fa presenta <em>Rondalles i succe\u00efts rescatats de l\u2019oblit<\/em><\/strong><\/p>\n\n\n\n<p>L\u2019Associaci\u00f3 Cultural Ocell d\u2019Ondara ha arrancat amb for\u00e7a el seu cinquantenari amb la presentaci\u00f3 del treball <em>Rondalles i succe\u00efts rescatats de l\u2019oblit, <\/em>a c\u00e0rrec de l\u2019autor i investigador alcoi\u00e0 Jordi Ra\u00fcl Verd\u00fa Pons a la seu del col\u00b7lectiu al carrer Verge del Roser.<\/p>\n\n\n\n<p>L\u2019obra, que ha estat guardonada amb el Premi Valeri Serra i Bold\u00fa de Cultura Popular de Catalunya, suposa la recopilaci\u00f3 de material d\u2019aquesta mena recollit pels pobles de les comarques centrals. No obstant aix\u00f2, segons remarca, dins del nou recull hi ha fins a quatre relats amb fonts ondarenques, per la qual cosa l\u2019autor volgu\u00e9 destacar la pertinen\u00e7a de presentar el seu nou llibre precisament al municipi.<\/p>\n\n\n\n<p>De fet, el tamb\u00e9 professor ondarenc i alcoi\u00e0 d\u2019adopci\u00f3 Vicent Romans va ser l\u2019encarregat d\u2019introduir un escriptor que ha dedicat la seua vida liter\u00e0ria a la recerca de la tradici\u00f3 oral i a l\u2019estudi de la mateixa, aix\u00ed com que Verd\u00fa Pons ha estat reconegut com un dels grans valors de la transmissi\u00f3 oral dins el mapa literari del Pa\u00eds Valenci\u00e0 i en el context de tot l\u2019\u00e0mbit ling\u00fc\u00edstic sobre tot pel que fa a la literatura juvenil.<\/p>\n\n\n\n<figure class=\"wp-block-gallery has-nested-images columns-default is-cropped wp-block-gallery-15 is-layout-flex wp-block-gallery-is-layout-flex\">\n<figure class=\"wp-block-image size-large\"><img decoding=\"async\" data-id=\"87543\" src=\"https:\/\/canfali.com\/app\/uploads\/2026\/01\/ocell-verdu-dig1-1024x771.jpg.webp\" alt=\"\" class=\"wp-image-87543\"\/><\/figure>\n<\/figure>\n\n\n\n<p>&nbsp;En eixa din\u00e0mica, ha assenyalat que l\u2019autor alcoi\u00e0 &nbsp;porta ja vora tres-centes hist\u00f2ries materialitzades despr\u00e9s de tantes d\u00e8cades de documentaci\u00f3 tot i que espera seguir publicant-les en propers volums. Amb un meritori palmar\u00e9s de guardons i una obra que tamb\u00e9 abra\u00e7a la literatura juvenil, Verd\u00fa Pons ha estat reconegut com un dels grans valors de la transmissi\u00f3 oral dins el mapa literari del Pa\u00eds Valenci\u00e0 i en el context de tot l\u2019\u00e0mbit ling\u00fc\u00edstic<\/p>\n\n\n\n<p>D\u2019altra banda, el proper acte programat per al cicle d\u2019enguany est\u00e0 previst per al proper divendres 6 de febrer a les 20 hores amb la presentaci\u00f3 del nou poemari de Carles Mulet publicat per Lletra Impresa que porta per t\u00edtol <em>Tabernacle<\/em>. Segons han especificat des d\u2019Ocell la cita po\u00e8tica ser\u00e0 presentada per l\u2019escriptor ondarenc Jovi Lozano-Seser i anir\u00e0 acompanyada per la lectura dels poemes de l\u2019autor gater per part dels membres i simpatitzants de l\u2019associaci\u00f3.<\/p>\n","protected":false},"excerpt":{"rendered":"L\u2019escriptor Jordi Ra\u00fcl Verd\u00fa presenta Rondalles i succe\u00efts rescatats de l\u2019oblit L\u2019Associaci\u00f3 Cultural Ocell d\u2019Ondara ha arrancat amb&hellip;","protected":false},"author":4,"featured_media":87541,"comment_status":"closed","ping_status":"closed","sticky":false,"template":"","format":"standard","meta":{"csco_display_header_overlay":false,"csco_singular_sidebar":"","csco_page_header_type":"","csco_page_load_nextpost":"","csco_post_video_location":[],"csco_post_video_location_hash":"","csco_post_video_url":"","csco_post_video_bg_start_time":0,"csco_post_video_bg_end_time":0,"footnotes":""},"categories":[597],"tags":[6234,6235,661],"class_list":{"0":"post-87540","1":"post","2":"type-post","3":"status-publish","4":"format-standard","5":"has-post-thumbnail","7":"category-cultura-ca-es","8":"tag-50-aniversari","9":"tag-ocell","10":"tag-ondara-2","11":"cs-entry","12":"cs-video-wrap"},"yoast_head":"<!-- This site is optimized with the Yoast SEO Premium plugin v26.6 (Yoast SEO v27.3) - https:\/\/yoast.com\/product\/yoast-seo-premium-wordpress\/ -->\n<title>El cinquantenari d\u2019Ocell arranca amb contes tradicionals - Canfali<\/title>\n<meta name=\"robots\" content=\"index, follow, max-snippet:-1, max-image-preview:large, max-video-preview:-1\" \/>\n<link rel=\"canonical\" href=\"https:\/\/canfali.com\/ca-es\/el-cinquantenari-docell-arranca-amb-contes-tradicionals\/\" \/>\n<meta property=\"og:locale\" content=\"en_US\" \/>\n<meta property=\"og:type\" content=\"article\" \/>\n<meta property=\"og:title\" content=\"El cinquantenari d\u2019Ocell arranca amb contes tradicionals\" \/>\n<meta property=\"og:description\" content=\"L\u2019escriptor Jordi Ra\u00fcl Verd\u00fa presenta Rondalles i succe\u00efts rescatats de l\u2019oblit L\u2019Associaci\u00f3 Cultural Ocell d\u2019Ondara ha arrancat amb&hellip;\" \/>\n<meta property=\"og:url\" content=\"https:\/\/canfali.com\/ca-es\/el-cinquantenari-docell-arranca-amb-contes-tradicionals\/\" \/>\n<meta property=\"og:site_name\" content=\"Canfali\" \/>\n<meta property=\"article:publisher\" content=\"https:\/\/es-es.facebook.com\/CANFALIMarinaAlta\" \/>\n<meta property=\"article:published_time\" content=\"2026-01-27T14:07:56+00:00\" \/>\n<meta property=\"article:modified_time\" content=\"2026-01-27T14:07:58+00:00\" \/>\n<meta property=\"og:image\" content=\"https:\/\/canfali.com\/app\/uploads\/2026\/01\/ocell-verdu-dig2.jpg\" \/>\n\t<meta property=\"og:image:width\" content=\"1459\" \/>\n\t<meta property=\"og:image:height\" content=\"1031\" \/>\n\t<meta property=\"og:image:type\" content=\"image\/jpeg\" \/>\n<meta name=\"author\" content=\"JJ Mas\" \/>\n<meta name=\"twitter:card\" content=\"summary_large_image\" \/>\n<meta name=\"twitter:creator\" content=\"@canfalima\" \/>\n<meta name=\"twitter:site\" content=\"@canfalima\" \/>\n<meta name=\"twitter:label1\" content=\"Written by\" \/>\n\t<meta name=\"twitter:data1\" content=\"JJ Mas\" \/>\n\t<meta name=\"twitter:label2\" content=\"Est. reading time\" \/>\n\t<meta name=\"twitter:data2\" content=\"2 minutes\" \/>\n<script type=\"application\/ld+json\" class=\"yoast-schema-graph\">{\"@context\":\"https:\\\/\\\/schema.org\",\"@graph\":[{\"@type\":\"NewsArticle\",\"@id\":\"https:\\\/\\\/canfali.com\\\/ca-es\\\/el-cinquantenari-docell-arranca-amb-contes-tradicionals\\\/#article\",\"isPartOf\":{\"@id\":\"https:\\\/\\\/canfali.com\\\/ca-es\\\/el-cinquantenari-docell-arranca-amb-contes-tradicionals\\\/\"},\"author\":{\"name\":\"JJ Mas\",\"@id\":\"https:\\\/\\\/canfali.com\\\/ca-es\\\/#\\\/schema\\\/person\\\/d834d2d4df17cac754d3c314d4c404ef\"},\"headline\":\"El cinquantenari d\u2019Ocell arranca amb contes tradicionals\",\"datePublished\":\"2026-01-27T14:07:56+00:00\",\"dateModified\":\"2026-01-27T14:07:58+00:00\",\"mainEntityOfPage\":{\"@id\":\"https:\\\/\\\/canfali.com\\\/ca-es\\\/el-cinquantenari-docell-arranca-amb-contes-tradicionals\\\/\"},\"wordCount\":398,\"publisher\":{\"@id\":\"https:\\\/\\\/canfali.com\\\/ca-es\\\/#organization\"},\"image\":{\"@id\":\"https:\\\/\\\/canfali.com\\\/ca-es\\\/el-cinquantenari-docell-arranca-amb-contes-tradicionals\\\/#primaryimage\"},\"thumbnailUrl\":\"https:\\\/\\\/canfali.com\\\/app\\\/uploads\\\/2026\\\/01\\\/ocell-verdu-dig2.jpg\",\"keywords\":[\"50 aniversari\",\"Ocell\",\"Ondara\"],\"articleSection\":[\"Cultura\"],\"inLanguage\":\"va-ES\",\"copyrightYear\":\"2026\",\"copyrightHolder\":{\"@id\":\"https:\\\/\\\/canfali.com\\\/#organization\"}},{\"@type\":\"WebPage\",\"@id\":\"https:\\\/\\\/canfali.com\\\/ca-es\\\/el-cinquantenari-docell-arranca-amb-contes-tradicionals\\\/\",\"url\":\"https:\\\/\\\/canfali.com\\\/ca-es\\\/el-cinquantenari-docell-arranca-amb-contes-tradicionals\\\/\",\"name\":\"El cinquantenari d\u2019Ocell arranca amb contes tradicionals - Canfali\",\"isPartOf\":{\"@id\":\"https:\\\/\\\/canfali.com\\\/ca-es\\\/#website\"},\"primaryImageOfPage\":{\"@id\":\"https:\\\/\\\/canfali.com\\\/ca-es\\\/el-cinquantenari-docell-arranca-amb-contes-tradicionals\\\/#primaryimage\"},\"image\":{\"@id\":\"https:\\\/\\\/canfali.com\\\/ca-es\\\/el-cinquantenari-docell-arranca-amb-contes-tradicionals\\\/#primaryimage\"},\"thumbnailUrl\":\"https:\\\/\\\/canfali.com\\\/app\\\/uploads\\\/2026\\\/01\\\/ocell-verdu-dig2.jpg\",\"datePublished\":\"2026-01-27T14:07:56+00:00\",\"dateModified\":\"2026-01-27T14:07:58+00:00\",\"breadcrumb\":{\"@id\":\"https:\\\/\\\/canfali.com\\\/ca-es\\\/el-cinquantenari-docell-arranca-amb-contes-tradicionals\\\/#breadcrumb\"},\"inLanguage\":\"va-ES\",\"potentialAction\":[{\"@type\":\"ReadAction\",\"target\":[\"https:\\\/\\\/canfali.com\\\/ca-es\\\/el-cinquantenari-docell-arranca-amb-contes-tradicionals\\\/\"]}]},{\"@type\":\"ImageObject\",\"inLanguage\":\"va-ES\",\"@id\":\"https:\\\/\\\/canfali.com\\\/ca-es\\\/el-cinquantenari-docell-arranca-amb-contes-tradicionals\\\/#primaryimage\",\"url\":\"https:\\\/\\\/canfali.com\\\/app\\\/uploads\\\/2026\\\/01\\\/ocell-verdu-dig2.jpg\",\"contentUrl\":\"https:\\\/\\\/canfali.com\\\/app\\\/uploads\\\/2026\\\/01\\\/ocell-verdu-dig2.jpg\",\"width\":1459,\"height\":1031},{\"@type\":\"BreadcrumbList\",\"@id\":\"https:\\\/\\\/canfali.com\\\/ca-es\\\/el-cinquantenari-docell-arranca-amb-contes-tradicionals\\\/#breadcrumb\",\"itemListElement\":[{\"@type\":\"ListItem\",\"position\":1,\"name\":\"Portada\",\"item\":\"https:\\\/\\\/canfali.com\\\/ca-es\\\/\"},{\"@type\":\"ListItem\",\"position\":2,\"name\":\"El cinquantenari d\u2019Ocell arranca amb contes tradicionals\"}]},{\"@type\":\"WebSite\",\"@id\":\"https:\\\/\\\/canfali.com\\\/ca-es\\\/#website\",\"url\":\"https:\\\/\\\/canfali.com\\\/ca-es\\\/\",\"name\":\"Canfali\",\"description\":\"\",\"publisher\":{\"@id\":\"https:\\\/\\\/canfali.com\\\/ca-es\\\/#organization\"},\"potentialAction\":[{\"@type\":\"SearchAction\",\"target\":{\"@type\":\"EntryPoint\",\"urlTemplate\":\"https:\\\/\\\/canfali.com\\\/ca-es\\\/?s={search_term_string}\"},\"query-input\":{\"@type\":\"PropertyValueSpecification\",\"valueRequired\":true,\"valueName\":\"search_term_string\"}}],\"inLanguage\":\"va-ES\"},{\"@type\":\"Organization\",\"@id\":\"https:\\\/\\\/canfali.com\\\/ca-es\\\/#organization\",\"name\":\"Canfali\",\"url\":\"https:\\\/\\\/canfali.com\\\/ca-es\\\/\",\"logo\":{\"@type\":\"ImageObject\",\"inLanguage\":\"va-ES\",\"@id\":\"https:\\\/\\\/canfali.com\\\/ca-es\\\/#\\\/schema\\\/logo\\\/image\\\/\",\"url\":\"https:\\\/\\\/canfali.com\\\/app\\\/uploads\\\/2025\\\/12\\\/canfali_marina_alta_logo.png\",\"contentUrl\":\"https:\\\/\\\/canfali.com\\\/app\\\/uploads\\\/2025\\\/12\\\/canfali_marina_alta_logo.png\",\"width\":225,\"height\":225,\"caption\":\"Canfali\"},\"image\":{\"@id\":\"https:\\\/\\\/canfali.com\\\/ca-es\\\/#\\\/schema\\\/logo\\\/image\\\/\"},\"sameAs\":[\"https:\\\/\\\/es-es.facebook.com\\\/CANFALIMarinaAlta\",\"https:\\\/\\\/x.com\\\/canfalima\",\"https:\\\/\\\/www.instagram.com\\\/canfalimarinaalta\\\/\"]},{\"@type\":\"Person\",\"@id\":\"https:\\\/\\\/canfali.com\\\/ca-es\\\/#\\\/schema\\\/person\\\/d834d2d4df17cac754d3c314d4c404ef\",\"name\":\"JJ Mas\",\"image\":{\"@type\":\"ImageObject\",\"inLanguage\":\"va-ES\",\"@id\":\"https:\\\/\\\/secure.gravatar.com\\\/avatar\\\/65a5191f5438bf88c2394f6d1a625a6ff903c8785268e603c623a83bc15ba1ee?s=96&d=mm&r=g\",\"url\":\"https:\\\/\\\/secure.gravatar.com\\\/avatar\\\/65a5191f5438bf88c2394f6d1a625a6ff903c8785268e603c623a83bc15ba1ee?s=96&d=mm&r=g\",\"contentUrl\":\"https:\\\/\\\/secure.gravatar.com\\\/avatar\\\/65a5191f5438bf88c2394f6d1a625a6ff903c8785268e603c623a83bc15ba1ee?s=96&d=mm&r=g\",\"caption\":\"JJ Mas\"},\"url\":\"https:\\\/\\\/canfali.com\\\/ca-es\\\/author\\\/jj\\\/\"}]}<\/script>\n<!-- \/ Yoast SEO Premium plugin. -->","yoast_head_json":{"title":"El cinquantenari d\u2019Ocell arranca amb contes tradicionals - Canfali","robots":{"index":"index","follow":"follow","max-snippet":"max-snippet:-1","max-image-preview":"max-image-preview:large","max-video-preview":"max-video-preview:-1"},"canonical":"https:\/\/canfali.com\/ca-es\/el-cinquantenari-docell-arranca-amb-contes-tradicionals\/","og_locale":"en_US","og_type":"article","og_title":"El cinquantenari d\u2019Ocell arranca amb contes tradicionals","og_description":"L\u2019escriptor Jordi Ra\u00fcl Verd\u00fa presenta Rondalles i succe\u00efts rescatats de l\u2019oblit L\u2019Associaci\u00f3 Cultural Ocell d\u2019Ondara ha arrancat amb&hellip;","og_url":"https:\/\/canfali.com\/ca-es\/el-cinquantenari-docell-arranca-amb-contes-tradicionals\/","og_site_name":"Canfali","article_publisher":"https:\/\/es-es.facebook.com\/CANFALIMarinaAlta","article_published_time":"2026-01-27T14:07:56+00:00","article_modified_time":"2026-01-27T14:07:58+00:00","og_image":[{"width":1459,"height":1031,"url":"https:\/\/canfali.com\/app\/uploads\/2026\/01\/ocell-verdu-dig2.jpg","type":"image\/jpeg"}],"author":"JJ Mas","twitter_card":"summary_large_image","twitter_creator":"@canfalima","twitter_site":"@canfalima","twitter_misc":{"Written by":"JJ Mas","Est. reading time":"2 minutes"},"schema":{"@context":"https:\/\/schema.org","@graph":[{"@type":"NewsArticle","@id":"https:\/\/canfali.com\/ca-es\/el-cinquantenari-docell-arranca-amb-contes-tradicionals\/#article","isPartOf":{"@id":"https:\/\/canfali.com\/ca-es\/el-cinquantenari-docell-arranca-amb-contes-tradicionals\/"},"author":{"name":"JJ Mas","@id":"https:\/\/canfali.com\/ca-es\/#\/schema\/person\/d834d2d4df17cac754d3c314d4c404ef"},"headline":"El cinquantenari d\u2019Ocell arranca amb contes tradicionals","datePublished":"2026-01-27T14:07:56+00:00","dateModified":"2026-01-27T14:07:58+00:00","mainEntityOfPage":{"@id":"https:\/\/canfali.com\/ca-es\/el-cinquantenari-docell-arranca-amb-contes-tradicionals\/"},"wordCount":398,"publisher":{"@id":"https:\/\/canfali.com\/ca-es\/#organization"},"image":{"@id":"https:\/\/canfali.com\/ca-es\/el-cinquantenari-docell-arranca-amb-contes-tradicionals\/#primaryimage"},"thumbnailUrl":"https:\/\/canfali.com\/app\/uploads\/2026\/01\/ocell-verdu-dig2.jpg","keywords":["50 aniversari","Ocell","Ondara"],"articleSection":["Cultura"],"inLanguage":"va-ES","copyrightYear":"2026","copyrightHolder":{"@id":"https:\/\/canfali.com\/#organization"}},{"@type":"WebPage","@id":"https:\/\/canfali.com\/ca-es\/el-cinquantenari-docell-arranca-amb-contes-tradicionals\/","url":"https:\/\/canfali.com\/ca-es\/el-cinquantenari-docell-arranca-amb-contes-tradicionals\/","name":"El cinquantenari d\u2019Ocell arranca amb contes tradicionals - Canfali","isPartOf":{"@id":"https:\/\/canfali.com\/ca-es\/#website"},"primaryImageOfPage":{"@id":"https:\/\/canfali.com\/ca-es\/el-cinquantenari-docell-arranca-amb-contes-tradicionals\/#primaryimage"},"image":{"@id":"https:\/\/canfali.com\/ca-es\/el-cinquantenari-docell-arranca-amb-contes-tradicionals\/#primaryimage"},"thumbnailUrl":"https:\/\/canfali.com\/app\/uploads\/2026\/01\/ocell-verdu-dig2.jpg","datePublished":"2026-01-27T14:07:56+00:00","dateModified":"2026-01-27T14:07:58+00:00","breadcrumb":{"@id":"https:\/\/canfali.com\/ca-es\/el-cinquantenari-docell-arranca-amb-contes-tradicionals\/#breadcrumb"},"inLanguage":"va-ES","potentialAction":[{"@type":"ReadAction","target":["https:\/\/canfali.com\/ca-es\/el-cinquantenari-docell-arranca-amb-contes-tradicionals\/"]}]},{"@type":"ImageObject","inLanguage":"va-ES","@id":"https:\/\/canfali.com\/ca-es\/el-cinquantenari-docell-arranca-amb-contes-tradicionals\/#primaryimage","url":"https:\/\/canfali.com\/app\/uploads\/2026\/01\/ocell-verdu-dig2.jpg","contentUrl":"https:\/\/canfali.com\/app\/uploads\/2026\/01\/ocell-verdu-dig2.jpg","width":1459,"height":1031},{"@type":"BreadcrumbList","@id":"https:\/\/canfali.com\/ca-es\/el-cinquantenari-docell-arranca-amb-contes-tradicionals\/#breadcrumb","itemListElement":[{"@type":"ListItem","position":1,"name":"Portada","item":"https:\/\/canfali.com\/ca-es\/"},{"@type":"ListItem","position":2,"name":"El cinquantenari d\u2019Ocell arranca amb contes tradicionals"}]},{"@type":"WebSite","@id":"https:\/\/canfali.com\/ca-es\/#website","url":"https:\/\/canfali.com\/ca-es\/","name":"Canfali","description":"","publisher":{"@id":"https:\/\/canfali.com\/ca-es\/#organization"},"potentialAction":[{"@type":"SearchAction","target":{"@type":"EntryPoint","urlTemplate":"https:\/\/canfali.com\/ca-es\/?s={search_term_string}"},"query-input":{"@type":"PropertyValueSpecification","valueRequired":true,"valueName":"search_term_string"}}],"inLanguage":"va-ES"},{"@type":"Organization","@id":"https:\/\/canfali.com\/ca-es\/#organization","name":"Canfali","url":"https:\/\/canfali.com\/ca-es\/","logo":{"@type":"ImageObject","inLanguage":"va-ES","@id":"https:\/\/canfali.com\/ca-es\/#\/schema\/logo\/image\/","url":"https:\/\/canfali.com\/app\/uploads\/2025\/12\/canfali_marina_alta_logo.png","contentUrl":"https:\/\/canfali.com\/app\/uploads\/2025\/12\/canfali_marina_alta_logo.png","width":225,"height":225,"caption":"Canfali"},"image":{"@id":"https:\/\/canfali.com\/ca-es\/#\/schema\/logo\/image\/"},"sameAs":["https:\/\/es-es.facebook.com\/CANFALIMarinaAlta","https:\/\/x.com\/canfalima","https:\/\/www.instagram.com\/canfalimarinaalta\/"]},{"@type":"Person","@id":"https:\/\/canfali.com\/ca-es\/#\/schema\/person\/d834d2d4df17cac754d3c314d4c404ef","name":"JJ Mas","image":{"@type":"ImageObject","inLanguage":"va-ES","@id":"https:\/\/secure.gravatar.com\/avatar\/65a5191f5438bf88c2394f6d1a625a6ff903c8785268e603c623a83bc15ba1ee?s=96&d=mm&r=g","url":"https:\/\/secure.gravatar.com\/avatar\/65a5191f5438bf88c2394f6d1a625a6ff903c8785268e603c623a83bc15ba1ee?s=96&d=mm&r=g","contentUrl":"https:\/\/secure.gravatar.com\/avatar\/65a5191f5438bf88c2394f6d1a625a6ff903c8785268e603c623a83bc15ba1ee?s=96&d=mm&r=g","caption":"JJ Mas"},"url":"https:\/\/canfali.com\/ca-es\/author\/jj\/"}]}},"_links":{"self":[{"href":"https:\/\/canfali.com\/ca-es\/wp-json\/wp\/v2\/posts\/87540","targetHints":{"allow":["GET"]}}],"collection":[{"href":"https:\/\/canfali.com\/ca-es\/wp-json\/wp\/v2\/posts"}],"about":[{"href":"https:\/\/canfali.com\/ca-es\/wp-json\/wp\/v2\/types\/post"}],"author":[{"embeddable":true,"href":"https:\/\/canfali.com\/ca-es\/wp-json\/wp\/v2\/users\/4"}],"replies":[{"embeddable":true,"href":"https:\/\/canfali.com\/ca-es\/wp-json\/wp\/v2\/comments?post=87540"}],"version-history":[{"count":1,"href":"https:\/\/canfali.com\/ca-es\/wp-json\/wp\/v2\/posts\/87540\/revisions"}],"predecessor-version":[{"id":87545,"href":"https:\/\/canfali.com\/ca-es\/wp-json\/wp\/v2\/posts\/87540\/revisions\/87545"}],"wp:featuredmedia":[{"embeddable":true,"href":"https:\/\/canfali.com\/ca-es\/wp-json\/wp\/v2\/media\/87541"}],"wp:attachment":[{"href":"https:\/\/canfali.com\/ca-es\/wp-json\/wp\/v2\/media?parent=87540"}],"wp:term":[{"taxonomy":"category","embeddable":true,"href":"https:\/\/canfali.com\/ca-es\/wp-json\/wp\/v2\/categories?post=87540"},{"taxonomy":"post_tag","embeddable":true,"href":"https:\/\/canfali.com\/ca-es\/wp-json\/wp\/v2\/tags?post=87540"}],"curies":[{"name":"wp","href":"https:\/\/api.w.org\/{rel}","templated":true}]}}