{"id":87537,"date":"2026-01-27T10:38:24","date_gmt":"2026-01-27T09:38:24","guid":{"rendered":"https:\/\/canfali.com\/un-home-apunyala-a-un-altre-per-una-discussio-sobre-politica\/"},"modified":"2026-01-27T10:55:48","modified_gmt":"2026-01-27T09:55:48","slug":"un-home-apunyala-a-un-altre-per-una-discussio-sobre-politica","status":"publish","type":"post","link":"https:\/\/canfali.com\/ca-es\/un-home-apunyala-a-un-altre-per-una-discussio-sobre-politica\/","title":{"rendered":"Un home apunyala a un altre per una discussi\u00f3 sobre pol\u00edtica"},"content":{"rendered":"\n<p><\/p>\n\n<figure class=\"wp-block-pullquote\"><blockquote><p>L&#8217;origen de l&#8217;agressi\u00f3 van ser assumptes pol\u00edtics relacionats amb els seus pa\u00efsos d&#8217;origen, Vene\u00e7uela i Col\u00f2mbia<\/p><\/blockquote><\/figure>\n\n<p>Agents de la Policia Nacional han detingut a D\u00e9nia a un home, de 44 anys d&#8217;edat, com a presumpte responsable d&#8217;un delicte de lesions, en haver apunyalat a una persona en un bar amb una ampolla de cristall trencada despr\u00e9s d&#8217;una discussi\u00f3 sobre assumptes pol\u00edtics relacionats amb els seus pa\u00efsos d&#8217;origen. L&#8217;agredit va sofrir lesions d&#8217;extrema gravetat per les quals va haver de ser intervingut quir\u00fargicament d&#8217;urg\u00e8ncia.<\/p>\n\n<p>Els fets van oc\u00f3rrer en un bar de la ciutat on dos homes, un de nacionalitat vene\u00e7olana i un altre colombiana, es van enredar en una discussi\u00f3 sobre assumptes de pol\u00edtica relacionats amb els seus pa\u00efsos d&#8217;origen. En un moment donat de la discussi\u00f3, un d&#8217;ells va fer un comentari i va ser recriminat per l&#8217;altre, qui a m\u00e9s li va arribar a propinar un cop en la cara. <\/p>\n\n<p>El primer va agarrar una ampolla de vidre i la va trencar per a, a continuaci\u00f3, comen\u00e7ar a apunyalar a la v\u00edctima amb ella al cap, arribant a tallar-li la cara, la part posterior del cap i els bra\u00e7os. Diversos testimonis dels fets intentaven separar-los per\u00f2 l&#8217;agressor continuava en la seva obstinaci\u00f3, fins que finalment entre el propietari de l&#8217;establiment i altres testimonis van aconseguir separar-los. <\/p>\n\n<p>L&#8217;agressor havia fugit del lloc on van oc\u00f3rrer els fets quan van arribar els agents de la Policia Nacional. La v\u00edctima, es trobava estesa en el s\u00f2l sagnant abundantment, per la qual cosa li van assistir tapant les ferides fins a l&#8217;arribada de la dotaci\u00f3 sanit\u00e0ria que posteriorment el va traslladar a l&#8217;hospital, on va ser ingressat i intervingut quir\u00fargicament d&#8217;urg\u00e8ncia. Posteriorment va manifestar no recordar res de l&#8217;ocorregut, tret que un policia li estava tapant una ferida de la cara i li deia que no s&#8217;adorm\u00eds.&#13;\n<\/p>\n\n<p>El ferit presentava ferides profundes i complexes en mand\u00edbula, coll, b\u00edceps, espatlles i cervicals, precisant fins i tot cirurgia pl\u00e0stica facial per a la seva recomposici\u00f3.<\/p>\n\n<p>De la recerca posterior,es van fer c\u00e0rrec els agents de Policia Judicial de la Comissaria de D\u00e9nia, que van aconseguir esbrinar la identitat de l&#8217;agressor, localitzar-lo i detenir-lo.<\/p>\n","protected":false},"excerpt":{"rendered":"L&#8217;origen de l&#8217;agressi\u00f3 van ser assumptes pol\u00edtics relacionats amb els seus pa\u00efsos d&#8217;origen, Vene\u00e7uela i Col\u00f2mbia Agents de&hellip;","protected":false},"author":6,"featured_media":87528,"comment_status":"closed","ping_status":"closed","sticky":false,"template":"","format":"standard","meta":{"csco_display_header_overlay":false,"csco_singular_sidebar":"","csco_page_header_type":"","csco_page_load_nextpost":"","csco_post_video_location":[],"csco_post_video_location_hash":"","csco_post_video_url":"","csco_post_video_bg_start_time":0,"csco_post_video_bg_end_time":0,"footnotes":""},"categories":[615],"tags":[6229,6230,922,6231,2951,687,6233,6232],"class_list":{"0":"post-87537","1":"post","2":"type-post","3":"status-publish","4":"format-standard","5":"has-post-thumbnail","7":"category-successos","8":"tag-agressio","9":"tag-apunyalament","10":"tag-bar","11":"tag-botella","12":"tag-colombia-ca-es","13":"tag-denia-ca-es","14":"tag-discusiso-politica","15":"tag-venezuela","16":"cs-entry","17":"cs-video-wrap"},"yoast_head":"<!-- This site is optimized with the Yoast SEO Premium plugin v26.6 (Yoast SEO v27.3) - https:\/\/yoast.com\/product\/yoast-seo-premium-wordpress\/ -->\n<title>Un home apunyala a un altre per una discussi\u00f3 sobre pol\u00edtica - Canfali<\/title>\n<meta name=\"description\" content=\"Un home apunyala a un altre en un bar amb una botella trencada per una discussi\u00f3 sobre pol\u00edtica\" \/>\n<meta name=\"robots\" content=\"index, follow, max-snippet:-1, max-image-preview:large, max-video-preview:-1\" \/>\n<link rel=\"canonical\" href=\"https:\/\/canfali.com\/ca-es\/un-home-apunyala-a-un-altre-per-una-discussio-sobre-politica\/\" \/>\n<meta property=\"og:locale\" content=\"en_US\" \/>\n<meta property=\"og:type\" content=\"article\" \/>\n<meta property=\"og:title\" content=\"Un home apunyala a un altre per una discussi\u00f3 sobre pol\u00edtica\" \/>\n<meta property=\"og:description\" content=\"Un home apunyala a un altre en un bar amb una botella trencada per una discussi\u00f3 sobre pol\u00edtica\" \/>\n<meta property=\"og:url\" content=\"https:\/\/canfali.com\/ca-es\/un-home-apunyala-a-un-altre-per-una-discussio-sobre-politica\/\" \/>\n<meta property=\"og:site_name\" content=\"Canfali\" \/>\n<meta property=\"article:publisher\" content=\"https:\/\/es-es.facebook.com\/CANFALIMarinaAlta\" \/>\n<meta property=\"article:published_time\" content=\"2026-01-27T09:38:24+00:00\" \/>\n<meta property=\"article:modified_time\" content=\"2026-01-27T09:55:48+00:00\" \/>\n<meta property=\"og:image\" content=\"https:\/\/canfali.com\/app\/uploads\/2026\/01\/DENIA-VISTA-AEREA.jpg\" \/>\n\t<meta property=\"og:image:width\" content=\"1085\" \/>\n\t<meta property=\"og:image:height\" content=\"897\" \/>\n\t<meta property=\"og:image:type\" content=\"image\/jpeg\" \/>\n<meta name=\"author\" content=\"Rosa\" \/>\n<meta name=\"twitter:card\" content=\"summary_large_image\" \/>\n<meta name=\"twitter:creator\" content=\"@canfalima\" \/>\n<meta name=\"twitter:site\" content=\"@canfalima\" \/>\n<meta name=\"twitter:label1\" content=\"Written by\" \/>\n\t<meta name=\"twitter:data1\" content=\"Rosa\" \/>\n\t<meta name=\"twitter:label2\" content=\"Est. reading time\" \/>\n\t<meta name=\"twitter:data2\" content=\"2 minutes\" \/>\n<script type=\"application\/ld+json\" class=\"yoast-schema-graph\">{\"@context\":\"https:\\\/\\\/schema.org\",\"@graph\":[{\"@type\":\"NewsArticle\",\"@id\":\"https:\\\/\\\/canfali.com\\\/ca-es\\\/un-home-apunyala-a-un-altre-per-una-discussio-sobre-politica\\\/#article\",\"isPartOf\":{\"@id\":\"https:\\\/\\\/canfali.com\\\/ca-es\\\/un-home-apunyala-a-un-altre-per-una-discussio-sobre-politica\\\/\"},\"author\":{\"name\":\"Rosa\",\"@id\":\"https:\\\/\\\/canfali.com\\\/ca-es\\\/#\\\/schema\\\/person\\\/c861a7aa2b2495357b95f35bd5d82f88\"},\"headline\":\"Un home apunyala a un altre per una discussi\u00f3 sobre pol\u00edtica\",\"datePublished\":\"2026-01-27T09:38:24+00:00\",\"dateModified\":\"2026-01-27T09:55:48+00:00\",\"mainEntityOfPage\":{\"@id\":\"https:\\\/\\\/canfali.com\\\/ca-es\\\/un-home-apunyala-a-un-altre-per-una-discussio-sobre-politica\\\/\"},\"wordCount\":423,\"publisher\":{\"@id\":\"https:\\\/\\\/canfali.com\\\/ca-es\\\/#organization\"},\"image\":{\"@id\":\"https:\\\/\\\/canfali.com\\\/ca-es\\\/un-home-apunyala-a-un-altre-per-una-discussio-sobre-politica\\\/#primaryimage\"},\"thumbnailUrl\":\"https:\\\/\\\/canfali.com\\\/app\\\/uploads\\\/2026\\\/01\\\/DENIA-VISTA-AEREA.jpg\",\"keywords\":[\"agressi\u00f3\",\"apunyalament\",\"bar\",\"botella\",\"Colombia\",\"d\u00e9nia\",\"discusis\u00f3 pol\u00edtica\",\"Venezuela\"],\"articleSection\":[\"Successos\"],\"inLanguage\":\"va-ES\",\"copyrightYear\":\"2026\",\"copyrightHolder\":{\"@id\":\"https:\\\/\\\/canfali.com\\\/#organization\"}},{\"@type\":\"WebPage\",\"@id\":\"https:\\\/\\\/canfali.com\\\/ca-es\\\/un-home-apunyala-a-un-altre-per-una-discussio-sobre-politica\\\/\",\"url\":\"https:\\\/\\\/canfali.com\\\/ca-es\\\/un-home-apunyala-a-un-altre-per-una-discussio-sobre-politica\\\/\",\"name\":\"Un home apunyala a un altre per una discussi\u00f3 sobre pol\u00edtica - Canfali\",\"isPartOf\":{\"@id\":\"https:\\\/\\\/canfali.com\\\/ca-es\\\/#website\"},\"primaryImageOfPage\":{\"@id\":\"https:\\\/\\\/canfali.com\\\/ca-es\\\/un-home-apunyala-a-un-altre-per-una-discussio-sobre-politica\\\/#primaryimage\"},\"image\":{\"@id\":\"https:\\\/\\\/canfali.com\\\/ca-es\\\/un-home-apunyala-a-un-altre-per-una-discussio-sobre-politica\\\/#primaryimage\"},\"thumbnailUrl\":\"https:\\\/\\\/canfali.com\\\/app\\\/uploads\\\/2026\\\/01\\\/DENIA-VISTA-AEREA.jpg\",\"datePublished\":\"2026-01-27T09:38:24+00:00\",\"dateModified\":\"2026-01-27T09:55:48+00:00\",\"description\":\"Un home apunyala a un altre en un bar amb una botella trencada per una discussi\u00f3 sobre pol\u00edtica\",\"breadcrumb\":{\"@id\":\"https:\\\/\\\/canfali.com\\\/ca-es\\\/un-home-apunyala-a-un-altre-per-una-discussio-sobre-politica\\\/#breadcrumb\"},\"inLanguage\":\"va-ES\",\"potentialAction\":[{\"@type\":\"ReadAction\",\"target\":[\"https:\\\/\\\/canfali.com\\\/ca-es\\\/un-home-apunyala-a-un-altre-per-una-discussio-sobre-politica\\\/\"]}]},{\"@type\":\"ImageObject\",\"inLanguage\":\"va-ES\",\"@id\":\"https:\\\/\\\/canfali.com\\\/ca-es\\\/un-home-apunyala-a-un-altre-per-una-discussio-sobre-politica\\\/#primaryimage\",\"url\":\"https:\\\/\\\/canfali.com\\\/app\\\/uploads\\\/2026\\\/01\\\/DENIA-VISTA-AEREA.jpg\",\"contentUrl\":\"https:\\\/\\\/canfali.com\\\/app\\\/uploads\\\/2026\\\/01\\\/DENIA-VISTA-AEREA.jpg\",\"width\":1085,\"height\":897},{\"@type\":\"BreadcrumbList\",\"@id\":\"https:\\\/\\\/canfali.com\\\/ca-es\\\/un-home-apunyala-a-un-altre-per-una-discussio-sobre-politica\\\/#breadcrumb\",\"itemListElement\":[{\"@type\":\"ListItem\",\"position\":1,\"name\":\"Portada\",\"item\":\"https:\\\/\\\/canfali.com\\\/ca-es\\\/\"},{\"@type\":\"ListItem\",\"position\":2,\"name\":\"Un home apunyala a un altre per una discussi\u00f3 sobre pol\u00edtica\"}]},{\"@type\":\"WebSite\",\"@id\":\"https:\\\/\\\/canfali.com\\\/ca-es\\\/#website\",\"url\":\"https:\\\/\\\/canfali.com\\\/ca-es\\\/\",\"name\":\"Canfali\",\"description\":\"\",\"publisher\":{\"@id\":\"https:\\\/\\\/canfali.com\\\/ca-es\\\/#organization\"},\"potentialAction\":[{\"@type\":\"SearchAction\",\"target\":{\"@type\":\"EntryPoint\",\"urlTemplate\":\"https:\\\/\\\/canfali.com\\\/ca-es\\\/?s={search_term_string}\"},\"query-input\":{\"@type\":\"PropertyValueSpecification\",\"valueRequired\":true,\"valueName\":\"search_term_string\"}}],\"inLanguage\":\"va-ES\"},{\"@type\":\"Organization\",\"@id\":\"https:\\\/\\\/canfali.com\\\/ca-es\\\/#organization\",\"name\":\"Canfali\",\"url\":\"https:\\\/\\\/canfali.com\\\/ca-es\\\/\",\"logo\":{\"@type\":\"ImageObject\",\"inLanguage\":\"va-ES\",\"@id\":\"https:\\\/\\\/canfali.com\\\/ca-es\\\/#\\\/schema\\\/logo\\\/image\\\/\",\"url\":\"https:\\\/\\\/canfali.com\\\/app\\\/uploads\\\/2025\\\/12\\\/canfali_marina_alta_logo.png\",\"contentUrl\":\"https:\\\/\\\/canfali.com\\\/app\\\/uploads\\\/2025\\\/12\\\/canfali_marina_alta_logo.png\",\"width\":225,\"height\":225,\"caption\":\"Canfali\"},\"image\":{\"@id\":\"https:\\\/\\\/canfali.com\\\/ca-es\\\/#\\\/schema\\\/logo\\\/image\\\/\"},\"sameAs\":[\"https:\\\/\\\/es-es.facebook.com\\\/CANFALIMarinaAlta\",\"https:\\\/\\\/x.com\\\/canfalima\",\"https:\\\/\\\/www.instagram.com\\\/canfalimarinaalta\\\/\"]},{\"@type\":\"Person\",\"@id\":\"https:\\\/\\\/canfali.com\\\/ca-es\\\/#\\\/schema\\\/person\\\/c861a7aa2b2495357b95f35bd5d82f88\",\"name\":\"Rosa\",\"image\":{\"@type\":\"ImageObject\",\"inLanguage\":\"va-ES\",\"@id\":\"https:\\\/\\\/secure.gravatar.com\\\/avatar\\\/47fb83d99423a6ef1cf9f83f02a5e91366c671dec76c5c24badf1b0494e1d960?s=96&d=mm&r=g\",\"url\":\"https:\\\/\\\/secure.gravatar.com\\\/avatar\\\/47fb83d99423a6ef1cf9f83f02a5e91366c671dec76c5c24badf1b0494e1d960?s=96&d=mm&r=g\",\"contentUrl\":\"https:\\\/\\\/secure.gravatar.com\\\/avatar\\\/47fb83d99423a6ef1cf9f83f02a5e91366c671dec76c5c24badf1b0494e1d960?s=96&d=mm&r=g\",\"caption\":\"Rosa\"},\"url\":\"https:\\\/\\\/canfali.com\\\/ca-es\\\/author\\\/rosa\\\/\"}]}<\/script>\n<!-- \/ Yoast SEO Premium plugin. -->","yoast_head_json":{"title":"Un home apunyala a un altre per una discussi\u00f3 sobre pol\u00edtica - Canfali","description":"Un home apunyala a un altre en un bar amb una botella trencada per una discussi\u00f3 sobre pol\u00edtica","robots":{"index":"index","follow":"follow","max-snippet":"max-snippet:-1","max-image-preview":"max-image-preview:large","max-video-preview":"max-video-preview:-1"},"canonical":"https:\/\/canfali.com\/ca-es\/un-home-apunyala-a-un-altre-per-una-discussio-sobre-politica\/","og_locale":"en_US","og_type":"article","og_title":"Un home apunyala a un altre per una discussi\u00f3 sobre pol\u00edtica","og_description":"Un home apunyala a un altre en un bar amb una botella trencada per una discussi\u00f3 sobre pol\u00edtica","og_url":"https:\/\/canfali.com\/ca-es\/un-home-apunyala-a-un-altre-per-una-discussio-sobre-politica\/","og_site_name":"Canfali","article_publisher":"https:\/\/es-es.facebook.com\/CANFALIMarinaAlta","article_published_time":"2026-01-27T09:38:24+00:00","article_modified_time":"2026-01-27T09:55:48+00:00","og_image":[{"width":1085,"height":897,"url":"https:\/\/canfali.com\/app\/uploads\/2026\/01\/DENIA-VISTA-AEREA.jpg","type":"image\/jpeg"}],"author":"Rosa","twitter_card":"summary_large_image","twitter_creator":"@canfalima","twitter_site":"@canfalima","twitter_misc":{"Written by":"Rosa","Est. reading time":"2 minutes"},"schema":{"@context":"https:\/\/schema.org","@graph":[{"@type":"NewsArticle","@id":"https:\/\/canfali.com\/ca-es\/un-home-apunyala-a-un-altre-per-una-discussio-sobre-politica\/#article","isPartOf":{"@id":"https:\/\/canfali.com\/ca-es\/un-home-apunyala-a-un-altre-per-una-discussio-sobre-politica\/"},"author":{"name":"Rosa","@id":"https:\/\/canfali.com\/ca-es\/#\/schema\/person\/c861a7aa2b2495357b95f35bd5d82f88"},"headline":"Un home apunyala a un altre per una discussi\u00f3 sobre pol\u00edtica","datePublished":"2026-01-27T09:38:24+00:00","dateModified":"2026-01-27T09:55:48+00:00","mainEntityOfPage":{"@id":"https:\/\/canfali.com\/ca-es\/un-home-apunyala-a-un-altre-per-una-discussio-sobre-politica\/"},"wordCount":423,"publisher":{"@id":"https:\/\/canfali.com\/ca-es\/#organization"},"image":{"@id":"https:\/\/canfali.com\/ca-es\/un-home-apunyala-a-un-altre-per-una-discussio-sobre-politica\/#primaryimage"},"thumbnailUrl":"https:\/\/canfali.com\/app\/uploads\/2026\/01\/DENIA-VISTA-AEREA.jpg","keywords":["agressi\u00f3","apunyalament","bar","botella","Colombia","d\u00e9nia","discusis\u00f3 pol\u00edtica","Venezuela"],"articleSection":["Successos"],"inLanguage":"va-ES","copyrightYear":"2026","copyrightHolder":{"@id":"https:\/\/canfali.com\/#organization"}},{"@type":"WebPage","@id":"https:\/\/canfali.com\/ca-es\/un-home-apunyala-a-un-altre-per-una-discussio-sobre-politica\/","url":"https:\/\/canfali.com\/ca-es\/un-home-apunyala-a-un-altre-per-una-discussio-sobre-politica\/","name":"Un home apunyala a un altre per una discussi\u00f3 sobre pol\u00edtica - Canfali","isPartOf":{"@id":"https:\/\/canfali.com\/ca-es\/#website"},"primaryImageOfPage":{"@id":"https:\/\/canfali.com\/ca-es\/un-home-apunyala-a-un-altre-per-una-discussio-sobre-politica\/#primaryimage"},"image":{"@id":"https:\/\/canfali.com\/ca-es\/un-home-apunyala-a-un-altre-per-una-discussio-sobre-politica\/#primaryimage"},"thumbnailUrl":"https:\/\/canfali.com\/app\/uploads\/2026\/01\/DENIA-VISTA-AEREA.jpg","datePublished":"2026-01-27T09:38:24+00:00","dateModified":"2026-01-27T09:55:48+00:00","description":"Un home apunyala a un altre en un bar amb una botella trencada per una discussi\u00f3 sobre pol\u00edtica","breadcrumb":{"@id":"https:\/\/canfali.com\/ca-es\/un-home-apunyala-a-un-altre-per-una-discussio-sobre-politica\/#breadcrumb"},"inLanguage":"va-ES","potentialAction":[{"@type":"ReadAction","target":["https:\/\/canfali.com\/ca-es\/un-home-apunyala-a-un-altre-per-una-discussio-sobre-politica\/"]}]},{"@type":"ImageObject","inLanguage":"va-ES","@id":"https:\/\/canfali.com\/ca-es\/un-home-apunyala-a-un-altre-per-una-discussio-sobre-politica\/#primaryimage","url":"https:\/\/canfali.com\/app\/uploads\/2026\/01\/DENIA-VISTA-AEREA.jpg","contentUrl":"https:\/\/canfali.com\/app\/uploads\/2026\/01\/DENIA-VISTA-AEREA.jpg","width":1085,"height":897},{"@type":"BreadcrumbList","@id":"https:\/\/canfali.com\/ca-es\/un-home-apunyala-a-un-altre-per-una-discussio-sobre-politica\/#breadcrumb","itemListElement":[{"@type":"ListItem","position":1,"name":"Portada","item":"https:\/\/canfali.com\/ca-es\/"},{"@type":"ListItem","position":2,"name":"Un home apunyala a un altre per una discussi\u00f3 sobre pol\u00edtica"}]},{"@type":"WebSite","@id":"https:\/\/canfali.com\/ca-es\/#website","url":"https:\/\/canfali.com\/ca-es\/","name":"Canfali","description":"","publisher":{"@id":"https:\/\/canfali.com\/ca-es\/#organization"},"potentialAction":[{"@type":"SearchAction","target":{"@type":"EntryPoint","urlTemplate":"https:\/\/canfali.com\/ca-es\/?s={search_term_string}"},"query-input":{"@type":"PropertyValueSpecification","valueRequired":true,"valueName":"search_term_string"}}],"inLanguage":"va-ES"},{"@type":"Organization","@id":"https:\/\/canfali.com\/ca-es\/#organization","name":"Canfali","url":"https:\/\/canfali.com\/ca-es\/","logo":{"@type":"ImageObject","inLanguage":"va-ES","@id":"https:\/\/canfali.com\/ca-es\/#\/schema\/logo\/image\/","url":"https:\/\/canfali.com\/app\/uploads\/2025\/12\/canfali_marina_alta_logo.png","contentUrl":"https:\/\/canfali.com\/app\/uploads\/2025\/12\/canfali_marina_alta_logo.png","width":225,"height":225,"caption":"Canfali"},"image":{"@id":"https:\/\/canfali.com\/ca-es\/#\/schema\/logo\/image\/"},"sameAs":["https:\/\/es-es.facebook.com\/CANFALIMarinaAlta","https:\/\/x.com\/canfalima","https:\/\/www.instagram.com\/canfalimarinaalta\/"]},{"@type":"Person","@id":"https:\/\/canfali.com\/ca-es\/#\/schema\/person\/c861a7aa2b2495357b95f35bd5d82f88","name":"Rosa","image":{"@type":"ImageObject","inLanguage":"va-ES","@id":"https:\/\/secure.gravatar.com\/avatar\/47fb83d99423a6ef1cf9f83f02a5e91366c671dec76c5c24badf1b0494e1d960?s=96&d=mm&r=g","url":"https:\/\/secure.gravatar.com\/avatar\/47fb83d99423a6ef1cf9f83f02a5e91366c671dec76c5c24badf1b0494e1d960?s=96&d=mm&r=g","contentUrl":"https:\/\/secure.gravatar.com\/avatar\/47fb83d99423a6ef1cf9f83f02a5e91366c671dec76c5c24badf1b0494e1d960?s=96&d=mm&r=g","caption":"Rosa"},"url":"https:\/\/canfali.com\/ca-es\/author\/rosa\/"}]}},"_links":{"self":[{"href":"https:\/\/canfali.com\/ca-es\/wp-json\/wp\/v2\/posts\/87537","targetHints":{"allow":["GET"]}}],"collection":[{"href":"https:\/\/canfali.com\/ca-es\/wp-json\/wp\/v2\/posts"}],"about":[{"href":"https:\/\/canfali.com\/ca-es\/wp-json\/wp\/v2\/types\/post"}],"author":[{"embeddable":true,"href":"https:\/\/canfali.com\/ca-es\/wp-json\/wp\/v2\/users\/6"}],"replies":[{"embeddable":true,"href":"https:\/\/canfali.com\/ca-es\/wp-json\/wp\/v2\/comments?post=87537"}],"version-history":[{"count":1,"href":"https:\/\/canfali.com\/ca-es\/wp-json\/wp\/v2\/posts\/87537\/revisions"}],"predecessor-version":[{"id":87538,"href":"https:\/\/canfali.com\/ca-es\/wp-json\/wp\/v2\/posts\/87537\/revisions\/87538"}],"wp:featuredmedia":[{"embeddable":true,"href":"https:\/\/canfali.com\/ca-es\/wp-json\/wp\/v2\/media\/87528"}],"wp:attachment":[{"href":"https:\/\/canfali.com\/ca-es\/wp-json\/wp\/v2\/media?parent=87537"}],"wp:term":[{"taxonomy":"category","embeddable":true,"href":"https:\/\/canfali.com\/ca-es\/wp-json\/wp\/v2\/categories?post=87537"},{"taxonomy":"post_tag","embeddable":true,"href":"https:\/\/canfali.com\/ca-es\/wp-json\/wp\/v2\/tags?post=87537"}],"curies":[{"name":"wp","href":"https:\/\/api.w.org\/{rel}","templated":true}]}}