{"id":87534,"date":"2026-01-27T10:40:01","date_gmt":"2026-01-27T09:40:01","guid":{"rendered":"https:\/\/canfali.com\/el-mig-any-de-moros-i-cristians-de-xabia-se-celebra-la-setmana-vinent\/"},"modified":"2026-01-27T10:45:25","modified_gmt":"2026-01-27T09:45:25","slug":"el-mig-any-de-moros-i-cristians-de-xabia-se-celebra-la-setmana-vinent","status":"publish","type":"post","link":"https:\/\/canfali.com\/ca-es\/el-mig-any-de-moros-i-cristians-de-xabia-se-celebra-la-setmana-vinent\/","title":{"rendered":"El Mig Any de moros i cristians de X\u00e0bia se celebra la setmana vinent"},"content":{"rendered":"\n<p>\u00c9s una tradici\u00f3 recuperada. La festa de Moros i Cristians de X\u00e0bia tornar\u00e0 a concentrar tota la celebraci\u00f3 de la seva Mig Any als carrers de Duanes de la Mar el cap de setmana del 6 i 7 de febrer. Despr\u00e9s d&#8217;anys celebrant l&#8217;acte central i m\u00e9s protocol\u00b7lari, aix\u00ed com la festa posterior, a l&#8217;interior dels Salons Carrasco, la Junta de Festes actualitza i acreix el que \u00e9s el seu tret de sortida a una nova edici\u00f3 festera amb una clara vocaci\u00f3 d&#8217;obertura i convidant a la participaci\u00f3 de la ciutadania.<\/p>\n\n<p>Amb l&#8217;objectiu de compartir i traslladar l&#8217;ess\u00e8ncia de la festa m\u00e9s enll\u00e0 de les pr\u00f2pies Filaes i compartir-la amb tothom, la Junta de Festes destaca que el Mig Any d&#8217;enguany \u201cno \u00e9s nom\u00e9s una cita interna, sin\u00f3 una oportunitat perqu\u00e8 ve\u00efns i visitants descobreixin i gaudeixin en un ambient pr\u00f2xim i popular\u201d. \u201cTant els qui formen part activa de la festa com els qui s&#8217;acosten per primera vegada a ella, estan convidats a sumar-se i participar de la germanor de la nostra gran fam\u00edlia festera\u201d. Una aposta que compta amb la col\u00b7laboraci\u00f3 de la regidoria de Festes de l&#8217;Ajuntament de X\u00e0bia.<\/p>\n\n<p>\tEl centre neur\u00e0lgic ser\u00e0 una gran carpa instal\u00b7lada en l&#8217;avinguda Lepant. All\u00ed es concentrar\u00e0 gran part de la programaci\u00f3 durant la nit del divendres 6 i la jornada del dissabte 7, a excepci\u00f3 de les entraetas informals que prendran els carrers del nucli mariner tots dos dies. En aquest espai, condicionat per a l&#8217;ocasi\u00f3, es desenvoluparan els principals actes dirigits als membres de les Filaes i al p\u00fablic en general.<\/p>\n\n<p>Enguany, la Proclamaci\u00f3 la Banderera Mora, Aroa S\u00e1nchez Lora, i el Banderer Cristi\u00e0, Jos\u00e9 Antonio Buigues Llid\u00f3, aix\u00ed com la Presentaci\u00f3 de la Capitania Al-Tarik\u2019s 2026, tindr\u00e0 lloc el divendres 6 amb la finalitat que el Mig Any sigui presidit pels seus m\u00e0xims representants des de pr\u00e0cticament l&#8217;inici de la celebraci\u00f3.<\/p>\n\n<p>El Mig Any combinar\u00e0 els actes m\u00e9s representatius d&#8217;aquesta tradici\u00f3 lligada a la festa de Moros i Cristians, al costat de desfilades, menjades de germanor, molta m\u00fasica i oci per a tot el p\u00fablic.<\/p>\n\n<p>La programaci\u00f3 \u00e9s la que segueix:<\/p>\n\n<p>DIVENDRES 6<\/p>\n\n<p>-A les 19.30 h. Concentraci\u00f3 de Filaes en l&#8217;Arcada Pius X.<\/p>\n\n<p>-A les 20 h: Entraeta dels b\u00e0ndols Moro i Cristiano. A continuaci\u00f3, proclamaci\u00f3 de la Banderera Mora i el Banderer Cristi\u00e0 2026 i presentaci\u00f3 de la Capitania 2026 en la carpa festera de l&#8217;avinguda Lepant. Seguidament, sopar de germanor entre Filaes.<\/p>\n\n<p>-A les 23 hores: Obertura de la carpa al p\u00fablic amb discom\u00f3vil i barra a preus populars fins a la 1.00 h.<\/p>\n\n<p>DISSABTE 7<\/p>\n\n<p>-A les 9.30 h. Concentraci\u00f3 de Filaes en la carpa festera.<\/p>\n\n<p>-A les 10 h: Esmorzar entre Filaes amenitzat amb xaranga.<\/p>\n\n<p>-A les 12.30 h. Entraeta dels b\u00e0ndols Moro i Cristiano pels carrers de Duanes, acompanyada de xaranga, fins a les 15.00 h.<\/p>\n\n<p>-A les 15 h. Menjar de germanor.<\/p>\n\n<p>-A les 17.30 h. Tardeo obert al p\u00fablic amb discom\u00f3vil i l&#8217;actuaci\u00f3 dels DJ Ra\u00fcl Albi, \u00c1lex Torres i Sergio P\u00e9rez, en la carpa festera i amb barra a preus populars, fins a les 1.30 h.<\/p>\n","protected":false},"excerpt":{"rendered":"\u00c9s una tradici\u00f3 recuperada. La festa de Moros i Cristians de X\u00e0bia tornar\u00e0 a concentrar tota la celebraci\u00f3&hellip;","protected":false},"author":5,"featured_media":87531,"comment_status":"closed","ping_status":"closed","sticky":false,"template":"","format":"standard","meta":{"csco_display_header_overlay":false,"csco_singular_sidebar":"","csco_page_header_type":"","csco_page_load_nextpost":"","csco_post_video_location":[],"csco_post_video_location_hash":"","csco_post_video_url":"","csco_post_video_bg_start_time":0,"csco_post_video_bg_end_time":0,"footnotes":""},"categories":[587],"tags":[1223,6141],"class_list":{"0":"post-87534","1":"post","2":"type-post","3":"status-publish","4":"format-standard","5":"has-post-thumbnail","7":"category-festes","8":"tag-festes","9":"tag-mig-any","10":"cs-entry","11":"cs-video-wrap"},"yoast_head":"<!-- This site is optimized with the Yoast SEO Premium plugin v26.6 (Yoast SEO v27.3) - https:\/\/yoast.com\/product\/yoast-seo-premium-wordpress\/ -->\n<title>El Mig Any de moros i cristians de X\u00e0bia se celebra la setmana vinent - Canfali<\/title>\n<meta name=\"robots\" content=\"index, follow, max-snippet:-1, max-image-preview:large, max-video-preview:-1\" \/>\n<link rel=\"canonical\" href=\"https:\/\/canfali.com\/ca-es\/el-mig-any-de-moros-i-cristians-de-xabia-se-celebra-la-setmana-vinent\/\" \/>\n<meta property=\"og:locale\" content=\"en_US\" \/>\n<meta property=\"og:type\" content=\"article\" \/>\n<meta property=\"og:title\" content=\"El Mig Any de moros i cristians de X\u00e0bia se celebra la setmana vinent\" \/>\n<meta property=\"og:description\" content=\"\u00c9s una tradici\u00f3 recuperada. La festa de Moros i Cristians de X\u00e0bia tornar\u00e0 a concentrar tota la celebraci\u00f3&hellip;\" \/>\n<meta property=\"og:url\" content=\"https:\/\/canfali.com\/ca-es\/el-mig-any-de-moros-i-cristians-de-xabia-se-celebra-la-setmana-vinent\/\" \/>\n<meta property=\"og:site_name\" content=\"Canfali\" \/>\n<meta property=\"article:publisher\" content=\"https:\/\/es-es.facebook.com\/CANFALIMarinaAlta\" \/>\n<meta property=\"article:published_time\" content=\"2026-01-27T09:40:01+00:00\" \/>\n<meta property=\"article:modified_time\" content=\"2026-01-27T09:45:25+00:00\" \/>\n<meta property=\"og:image\" content=\"https:\/\/canfali.com\/app\/uploads\/2026\/01\/moros-xabia.jpg\" \/>\n\t<meta property=\"og:image:width\" content=\"1080\" \/>\n\t<meta property=\"og:image:height\" content=\"1080\" \/>\n\t<meta property=\"og:image:type\" content=\"image\/jpeg\" \/>\n<meta name=\"author\" content=\"D\u00eddac\" \/>\n<meta name=\"twitter:card\" content=\"summary_large_image\" \/>\n<meta name=\"twitter:creator\" content=\"@canfalima\" \/>\n<meta name=\"twitter:site\" content=\"@canfalima\" \/>\n<meta name=\"twitter:label1\" content=\"Written by\" \/>\n\t<meta name=\"twitter:data1\" content=\"D\u00eddac\" \/>\n\t<meta name=\"twitter:label2\" content=\"Est. reading time\" \/>\n\t<meta name=\"twitter:data2\" content=\"3 minutes\" \/>\n<script type=\"application\/ld+json\" class=\"yoast-schema-graph\">{\"@context\":\"https:\\\/\\\/schema.org\",\"@graph\":[{\"@type\":\"NewsArticle\",\"@id\":\"https:\\\/\\\/canfali.com\\\/ca-es\\\/el-mig-any-de-moros-i-cristians-de-xabia-se-celebra-la-setmana-vinent\\\/#article\",\"isPartOf\":{\"@id\":\"https:\\\/\\\/canfali.com\\\/ca-es\\\/el-mig-any-de-moros-i-cristians-de-xabia-se-celebra-la-setmana-vinent\\\/\"},\"author\":{\"name\":\"D\u00eddac\",\"@id\":\"https:\\\/\\\/canfali.com\\\/ca-es\\\/#\\\/schema\\\/person\\\/5211f51be1ed486a218e6a4f53355b6d\"},\"headline\":\"El Mig Any de moros i cristians de X\u00e0bia se celebra la setmana vinent\",\"datePublished\":\"2026-01-27T09:40:01+00:00\",\"dateModified\":\"2026-01-27T09:45:25+00:00\",\"mainEntityOfPage\":{\"@id\":\"https:\\\/\\\/canfali.com\\\/ca-es\\\/el-mig-any-de-moros-i-cristians-de-xabia-se-celebra-la-setmana-vinent\\\/\"},\"wordCount\":558,\"publisher\":{\"@id\":\"https:\\\/\\\/canfali.com\\\/ca-es\\\/#organization\"},\"image\":{\"@id\":\"https:\\\/\\\/canfali.com\\\/ca-es\\\/el-mig-any-de-moros-i-cristians-de-xabia-se-celebra-la-setmana-vinent\\\/#primaryimage\"},\"thumbnailUrl\":\"https:\\\/\\\/canfali.com\\\/app\\\/uploads\\\/2026\\\/01\\\/moros-xabia.jpg\",\"keywords\":[\"festes\",\"Mig any\"],\"articleSection\":[\"Festes\"],\"inLanguage\":\"va-ES\",\"copyrightYear\":\"2026\",\"copyrightHolder\":{\"@id\":\"https:\\\/\\\/canfali.com\\\/#organization\"}},{\"@type\":\"WebPage\",\"@id\":\"https:\\\/\\\/canfali.com\\\/ca-es\\\/el-mig-any-de-moros-i-cristians-de-xabia-se-celebra-la-setmana-vinent\\\/\",\"url\":\"https:\\\/\\\/canfali.com\\\/ca-es\\\/el-mig-any-de-moros-i-cristians-de-xabia-se-celebra-la-setmana-vinent\\\/\",\"name\":\"El Mig Any de moros i cristians de X\u00e0bia se celebra la setmana vinent - Canfali\",\"isPartOf\":{\"@id\":\"https:\\\/\\\/canfali.com\\\/ca-es\\\/#website\"},\"primaryImageOfPage\":{\"@id\":\"https:\\\/\\\/canfali.com\\\/ca-es\\\/el-mig-any-de-moros-i-cristians-de-xabia-se-celebra-la-setmana-vinent\\\/#primaryimage\"},\"image\":{\"@id\":\"https:\\\/\\\/canfali.com\\\/ca-es\\\/el-mig-any-de-moros-i-cristians-de-xabia-se-celebra-la-setmana-vinent\\\/#primaryimage\"},\"thumbnailUrl\":\"https:\\\/\\\/canfali.com\\\/app\\\/uploads\\\/2026\\\/01\\\/moros-xabia.jpg\",\"datePublished\":\"2026-01-27T09:40:01+00:00\",\"dateModified\":\"2026-01-27T09:45:25+00:00\",\"breadcrumb\":{\"@id\":\"https:\\\/\\\/canfali.com\\\/ca-es\\\/el-mig-any-de-moros-i-cristians-de-xabia-se-celebra-la-setmana-vinent\\\/#breadcrumb\"},\"inLanguage\":\"va-ES\",\"potentialAction\":[{\"@type\":\"ReadAction\",\"target\":[\"https:\\\/\\\/canfali.com\\\/ca-es\\\/el-mig-any-de-moros-i-cristians-de-xabia-se-celebra-la-setmana-vinent\\\/\"]}]},{\"@type\":\"ImageObject\",\"inLanguage\":\"va-ES\",\"@id\":\"https:\\\/\\\/canfali.com\\\/ca-es\\\/el-mig-any-de-moros-i-cristians-de-xabia-se-celebra-la-setmana-vinent\\\/#primaryimage\",\"url\":\"https:\\\/\\\/canfali.com\\\/app\\\/uploads\\\/2026\\\/01\\\/moros-xabia.jpg\",\"contentUrl\":\"https:\\\/\\\/canfali.com\\\/app\\\/uploads\\\/2026\\\/01\\\/moros-xabia.jpg\",\"width\":1080,\"height\":1080},{\"@type\":\"BreadcrumbList\",\"@id\":\"https:\\\/\\\/canfali.com\\\/ca-es\\\/el-mig-any-de-moros-i-cristians-de-xabia-se-celebra-la-setmana-vinent\\\/#breadcrumb\",\"itemListElement\":[{\"@type\":\"ListItem\",\"position\":1,\"name\":\"Portada\",\"item\":\"https:\\\/\\\/canfali.com\\\/ca-es\\\/\"},{\"@type\":\"ListItem\",\"position\":2,\"name\":\"El Mig Any de moros i cristians de X\u00e0bia se celebra la setmana vinent\"}]},{\"@type\":\"WebSite\",\"@id\":\"https:\\\/\\\/canfali.com\\\/ca-es\\\/#website\",\"url\":\"https:\\\/\\\/canfali.com\\\/ca-es\\\/\",\"name\":\"Canfali\",\"description\":\"\",\"publisher\":{\"@id\":\"https:\\\/\\\/canfali.com\\\/ca-es\\\/#organization\"},\"potentialAction\":[{\"@type\":\"SearchAction\",\"target\":{\"@type\":\"EntryPoint\",\"urlTemplate\":\"https:\\\/\\\/canfali.com\\\/ca-es\\\/?s={search_term_string}\"},\"query-input\":{\"@type\":\"PropertyValueSpecification\",\"valueRequired\":true,\"valueName\":\"search_term_string\"}}],\"inLanguage\":\"va-ES\"},{\"@type\":\"Organization\",\"@id\":\"https:\\\/\\\/canfali.com\\\/ca-es\\\/#organization\",\"name\":\"Canfali\",\"url\":\"https:\\\/\\\/canfali.com\\\/ca-es\\\/\",\"logo\":{\"@type\":\"ImageObject\",\"inLanguage\":\"va-ES\",\"@id\":\"https:\\\/\\\/canfali.com\\\/ca-es\\\/#\\\/schema\\\/logo\\\/image\\\/\",\"url\":\"https:\\\/\\\/canfali.com\\\/app\\\/uploads\\\/2025\\\/12\\\/canfali_marina_alta_logo.png\",\"contentUrl\":\"https:\\\/\\\/canfali.com\\\/app\\\/uploads\\\/2025\\\/12\\\/canfali_marina_alta_logo.png\",\"width\":225,\"height\":225,\"caption\":\"Canfali\"},\"image\":{\"@id\":\"https:\\\/\\\/canfali.com\\\/ca-es\\\/#\\\/schema\\\/logo\\\/image\\\/\"},\"sameAs\":[\"https:\\\/\\\/es-es.facebook.com\\\/CANFALIMarinaAlta\",\"https:\\\/\\\/x.com\\\/canfalima\",\"https:\\\/\\\/www.instagram.com\\\/canfalimarinaalta\\\/\"]},{\"@type\":\"Person\",\"@id\":\"https:\\\/\\\/canfali.com\\\/ca-es\\\/#\\\/schema\\\/person\\\/5211f51be1ed486a218e6a4f53355b6d\",\"name\":\"D\u00eddac\",\"image\":{\"@type\":\"ImageObject\",\"inLanguage\":\"va-ES\",\"@id\":\"https:\\\/\\\/secure.gravatar.com\\\/avatar\\\/a68a2078c12da8a6dd6cff4f3f3f69f7eb69a2d31ac1aac4da61c3761e4557f4?s=96&d=mm&r=g\",\"url\":\"https:\\\/\\\/secure.gravatar.com\\\/avatar\\\/a68a2078c12da8a6dd6cff4f3f3f69f7eb69a2d31ac1aac4da61c3761e4557f4?s=96&d=mm&r=g\",\"contentUrl\":\"https:\\\/\\\/secure.gravatar.com\\\/avatar\\\/a68a2078c12da8a6dd6cff4f3f3f69f7eb69a2d31ac1aac4da61c3761e4557f4?s=96&d=mm&r=g\",\"caption\":\"D\u00eddac\"},\"url\":\"https:\\\/\\\/canfali.com\\\/ca-es\\\/author\\\/didac\\\/\"}]}<\/script>\n<!-- \/ Yoast SEO Premium plugin. -->","yoast_head_json":{"title":"El Mig Any de moros i cristians de X\u00e0bia se celebra la setmana vinent - Canfali","robots":{"index":"index","follow":"follow","max-snippet":"max-snippet:-1","max-image-preview":"max-image-preview:large","max-video-preview":"max-video-preview:-1"},"canonical":"https:\/\/canfali.com\/ca-es\/el-mig-any-de-moros-i-cristians-de-xabia-se-celebra-la-setmana-vinent\/","og_locale":"en_US","og_type":"article","og_title":"El Mig Any de moros i cristians de X\u00e0bia se celebra la setmana vinent","og_description":"\u00c9s una tradici\u00f3 recuperada. La festa de Moros i Cristians de X\u00e0bia tornar\u00e0 a concentrar tota la celebraci\u00f3&hellip;","og_url":"https:\/\/canfali.com\/ca-es\/el-mig-any-de-moros-i-cristians-de-xabia-se-celebra-la-setmana-vinent\/","og_site_name":"Canfali","article_publisher":"https:\/\/es-es.facebook.com\/CANFALIMarinaAlta","article_published_time":"2026-01-27T09:40:01+00:00","article_modified_time":"2026-01-27T09:45:25+00:00","og_image":[{"width":1080,"height":1080,"url":"https:\/\/canfali.com\/app\/uploads\/2026\/01\/moros-xabia.jpg","type":"image\/jpeg"}],"author":"D\u00eddac","twitter_card":"summary_large_image","twitter_creator":"@canfalima","twitter_site":"@canfalima","twitter_misc":{"Written by":"D\u00eddac","Est. reading time":"3 minutes"},"schema":{"@context":"https:\/\/schema.org","@graph":[{"@type":"NewsArticle","@id":"https:\/\/canfali.com\/ca-es\/el-mig-any-de-moros-i-cristians-de-xabia-se-celebra-la-setmana-vinent\/#article","isPartOf":{"@id":"https:\/\/canfali.com\/ca-es\/el-mig-any-de-moros-i-cristians-de-xabia-se-celebra-la-setmana-vinent\/"},"author":{"name":"D\u00eddac","@id":"https:\/\/canfali.com\/ca-es\/#\/schema\/person\/5211f51be1ed486a218e6a4f53355b6d"},"headline":"El Mig Any de moros i cristians de X\u00e0bia se celebra la setmana vinent","datePublished":"2026-01-27T09:40:01+00:00","dateModified":"2026-01-27T09:45:25+00:00","mainEntityOfPage":{"@id":"https:\/\/canfali.com\/ca-es\/el-mig-any-de-moros-i-cristians-de-xabia-se-celebra-la-setmana-vinent\/"},"wordCount":558,"publisher":{"@id":"https:\/\/canfali.com\/ca-es\/#organization"},"image":{"@id":"https:\/\/canfali.com\/ca-es\/el-mig-any-de-moros-i-cristians-de-xabia-se-celebra-la-setmana-vinent\/#primaryimage"},"thumbnailUrl":"https:\/\/canfali.com\/app\/uploads\/2026\/01\/moros-xabia.jpg","keywords":["festes","Mig any"],"articleSection":["Festes"],"inLanguage":"va-ES","copyrightYear":"2026","copyrightHolder":{"@id":"https:\/\/canfali.com\/#organization"}},{"@type":"WebPage","@id":"https:\/\/canfali.com\/ca-es\/el-mig-any-de-moros-i-cristians-de-xabia-se-celebra-la-setmana-vinent\/","url":"https:\/\/canfali.com\/ca-es\/el-mig-any-de-moros-i-cristians-de-xabia-se-celebra-la-setmana-vinent\/","name":"El Mig Any de moros i cristians de X\u00e0bia se celebra la setmana vinent - Canfali","isPartOf":{"@id":"https:\/\/canfali.com\/ca-es\/#website"},"primaryImageOfPage":{"@id":"https:\/\/canfali.com\/ca-es\/el-mig-any-de-moros-i-cristians-de-xabia-se-celebra-la-setmana-vinent\/#primaryimage"},"image":{"@id":"https:\/\/canfali.com\/ca-es\/el-mig-any-de-moros-i-cristians-de-xabia-se-celebra-la-setmana-vinent\/#primaryimage"},"thumbnailUrl":"https:\/\/canfali.com\/app\/uploads\/2026\/01\/moros-xabia.jpg","datePublished":"2026-01-27T09:40:01+00:00","dateModified":"2026-01-27T09:45:25+00:00","breadcrumb":{"@id":"https:\/\/canfali.com\/ca-es\/el-mig-any-de-moros-i-cristians-de-xabia-se-celebra-la-setmana-vinent\/#breadcrumb"},"inLanguage":"va-ES","potentialAction":[{"@type":"ReadAction","target":["https:\/\/canfali.com\/ca-es\/el-mig-any-de-moros-i-cristians-de-xabia-se-celebra-la-setmana-vinent\/"]}]},{"@type":"ImageObject","inLanguage":"va-ES","@id":"https:\/\/canfali.com\/ca-es\/el-mig-any-de-moros-i-cristians-de-xabia-se-celebra-la-setmana-vinent\/#primaryimage","url":"https:\/\/canfali.com\/app\/uploads\/2026\/01\/moros-xabia.jpg","contentUrl":"https:\/\/canfali.com\/app\/uploads\/2026\/01\/moros-xabia.jpg","width":1080,"height":1080},{"@type":"BreadcrumbList","@id":"https:\/\/canfali.com\/ca-es\/el-mig-any-de-moros-i-cristians-de-xabia-se-celebra-la-setmana-vinent\/#breadcrumb","itemListElement":[{"@type":"ListItem","position":1,"name":"Portada","item":"https:\/\/canfali.com\/ca-es\/"},{"@type":"ListItem","position":2,"name":"El Mig Any de moros i cristians de X\u00e0bia se celebra la setmana vinent"}]},{"@type":"WebSite","@id":"https:\/\/canfali.com\/ca-es\/#website","url":"https:\/\/canfali.com\/ca-es\/","name":"Canfali","description":"","publisher":{"@id":"https:\/\/canfali.com\/ca-es\/#organization"},"potentialAction":[{"@type":"SearchAction","target":{"@type":"EntryPoint","urlTemplate":"https:\/\/canfali.com\/ca-es\/?s={search_term_string}"},"query-input":{"@type":"PropertyValueSpecification","valueRequired":true,"valueName":"search_term_string"}}],"inLanguage":"va-ES"},{"@type":"Organization","@id":"https:\/\/canfali.com\/ca-es\/#organization","name":"Canfali","url":"https:\/\/canfali.com\/ca-es\/","logo":{"@type":"ImageObject","inLanguage":"va-ES","@id":"https:\/\/canfali.com\/ca-es\/#\/schema\/logo\/image\/","url":"https:\/\/canfali.com\/app\/uploads\/2025\/12\/canfali_marina_alta_logo.png","contentUrl":"https:\/\/canfali.com\/app\/uploads\/2025\/12\/canfali_marina_alta_logo.png","width":225,"height":225,"caption":"Canfali"},"image":{"@id":"https:\/\/canfali.com\/ca-es\/#\/schema\/logo\/image\/"},"sameAs":["https:\/\/es-es.facebook.com\/CANFALIMarinaAlta","https:\/\/x.com\/canfalima","https:\/\/www.instagram.com\/canfalimarinaalta\/"]},{"@type":"Person","@id":"https:\/\/canfali.com\/ca-es\/#\/schema\/person\/5211f51be1ed486a218e6a4f53355b6d","name":"D\u00eddac","image":{"@type":"ImageObject","inLanguage":"va-ES","@id":"https:\/\/secure.gravatar.com\/avatar\/a68a2078c12da8a6dd6cff4f3f3f69f7eb69a2d31ac1aac4da61c3761e4557f4?s=96&d=mm&r=g","url":"https:\/\/secure.gravatar.com\/avatar\/a68a2078c12da8a6dd6cff4f3f3f69f7eb69a2d31ac1aac4da61c3761e4557f4?s=96&d=mm&r=g","contentUrl":"https:\/\/secure.gravatar.com\/avatar\/a68a2078c12da8a6dd6cff4f3f3f69f7eb69a2d31ac1aac4da61c3761e4557f4?s=96&d=mm&r=g","caption":"D\u00eddac"},"url":"https:\/\/canfali.com\/ca-es\/author\/didac\/"}]}},"_links":{"self":[{"href":"https:\/\/canfali.com\/ca-es\/wp-json\/wp\/v2\/posts\/87534","targetHints":{"allow":["GET"]}}],"collection":[{"href":"https:\/\/canfali.com\/ca-es\/wp-json\/wp\/v2\/posts"}],"about":[{"href":"https:\/\/canfali.com\/ca-es\/wp-json\/wp\/v2\/types\/post"}],"author":[{"embeddable":true,"href":"https:\/\/canfali.com\/ca-es\/wp-json\/wp\/v2\/users\/5"}],"replies":[{"embeddable":true,"href":"https:\/\/canfali.com\/ca-es\/wp-json\/wp\/v2\/comments?post=87534"}],"version-history":[{"count":1,"href":"https:\/\/canfali.com\/ca-es\/wp-json\/wp\/v2\/posts\/87534\/revisions"}],"predecessor-version":[{"id":87535,"href":"https:\/\/canfali.com\/ca-es\/wp-json\/wp\/v2\/posts\/87534\/revisions\/87535"}],"wp:featuredmedia":[{"embeddable":true,"href":"https:\/\/canfali.com\/ca-es\/wp-json\/wp\/v2\/media\/87531"}],"wp:attachment":[{"href":"https:\/\/canfali.com\/ca-es\/wp-json\/wp\/v2\/media?parent=87534"}],"wp:term":[{"taxonomy":"category","embeddable":true,"href":"https:\/\/canfali.com\/ca-es\/wp-json\/wp\/v2\/categories?post=87534"},{"taxonomy":"post_tag","embeddable":true,"href":"https:\/\/canfali.com\/ca-es\/wp-json\/wp\/v2\/tags?post=87534"}],"curies":[{"name":"wp","href":"https:\/\/api.w.org\/{rel}","templated":true}]}}