{"id":87522,"date":"2026-01-27T09:59:15","date_gmt":"2026-01-27T08:59:15","guid":{"rendered":"https:\/\/canfali.com\/uned-denia-promou-la-integracio-de-la-perspectiva-de-genere-en-la-practica-docent\/"},"modified":"2026-01-27T10:13:09","modified_gmt":"2026-01-27T09:13:09","slug":"uned-denia-promou-la-integracio-de-la-perspectiva-de-genere-en-la-practica-docent","status":"publish","type":"post","link":"https:\/\/canfali.com\/ca-es\/uned-denia-promou-la-integracio-de-la-perspectiva-de-genere-en-la-practica-docent\/","title":{"rendered":"UNED D\u00e9nia promou la integraci\u00f3 de la perspectiva de g\u00e8nere en la pr\u00e0ctica docent"},"content":{"rendered":"\n<p><\/p>\n\n<figure class=\"wp-block-pullquote\"><blockquote><p>El projecte europeu \u2018Beyond Bias is Gender Harmony\u2019 reuneix a la ciutat a representants d&#8217;altres quatre pa\u00efsos per treballar per la igulatat en els entorns escolars<\/p><\/blockquote><\/figure>\n\n<p>L&#8217;Ajuntament de D\u00e9nia ha rebut els participants en el projecte europeu \u201cBeyond Bias is Gender Harmony\u201d, una iniciativa coordinada per UNED D\u00e9nia que reuneix representants educatius de S\u00e8rbia, Romania, Eslov\u00e8nia i Litu\u00e0nia, juntament amb Espanya, a trav\u00e9s del centre associat. El projecte gira entorn de la integraci\u00f3 de la perspectiva de g\u00e8nere en la pr\u00e0ctica docent, la reducci\u00f3 d&#8217;estereotips i el refor\u00e7 de la igualtat en els entorns escolars&#13;\n&#13;\n<\/p>\n\n<p>La recepci\u00f3 institucional ha estat presidida per l&#8217;alcalde en funcions, Rafa Carri\u00f3, acompanyat pel regidor d&#8217;Igualtat, Javier Scotto, i el regidor d&#8217;Hisenda, Paco Rosell\u00f3. En la seva intervenci\u00f3, Carri\u00f3 ha subratllat la rellev\u00e0ncia del projecte i ha agra\u00eft el comprom\u00eds del grup participant per impulsar una educaci\u00f3 m\u00e9s inclusiva: \u201cla q\u00fcesti\u00f3 de la igualtat en l&#8217;educaci\u00f3 \u00e9s molt important\u201d i \u201ccreiem que l&#8217;educaci\u00f3 \u00e9s clau per a construir una societat el m\u00e9s justa possible\u201d, ha indicat. Aix\u00ed mateix, ha animat la delegaci\u00f3 a aprofitar l&#8217;estada, tant a nivell professional com personal, i a continuar \u201cteixint xarxes, compartint aprenentatges i generant canvis reals a les aules i la societat\u201d. <\/p>\n\n<figure class=\"wp-block-gallery has-nested-images columns-default is-cropped wp-block-gallery-15 is-layout-flex wp-block-gallery-is-layout-flex\">\n<figure class=\"wp-block-image size-large\"><img decoding=\"async\" data-id=\"87518\" src=\"https:\/\/canfali.com\/app\/uploads\/2026\/01\/recepciouned-3-1024x683.jpg.webp\" alt=\"\" class=\"wp-image-87518\"\/><\/figure>\n<\/figure>\n\n<p>Per part seva, la directora de UNED D\u00e9nia, Raquel Mart\u00ed, ha expressat el seu agra\u00efment a l&#8217;Ajuntament de D\u00e9nia per l&#8217;acolliment i ha posat en valor la col\u00b7laboraci\u00f3 institucional com un element essencial per a l&#8217;\u00e8xit de projectes europeus que busquen transformar la realitat educativa des del treball conjunt i la transfer\u00e8ncia de bones pr\u00e0ctiques. Al mateix temps, ha agra\u00eft la pres\u00e8ncia de les regidores de l\u2019Alf\u00e0s del Pi, que s&#8217;han despla\u00e7at fins a D\u00e9nia per a donar suport al projecte. <\/p>\n\n<p>El projecte europeu \u00e9s liderat per la UNED D\u00c9NIA que, des de l&#8217;Observatori d&#8217;Igualtat, ha confeccionat una guia coeducativa per a formar al professorat de secund\u00e0ria. La finalitat \u00e9s implementar les accions indicades en la guia per a posteriorment avaluar l&#8217;impacte en els diferents pa\u00efsos europeus i a la comarca de la marina. &#13;\n<\/p>\n\n<figure class=\"wp-block-image size-large\"><img decoding=\"async\" src=\"https:\/\/canfali.com\/app\/uploads\/2026\/01\/recepciouned-2-1024x683.jpg.webp\" alt=\"\" class=\"wp-image-87519\"\/><\/figure>\n\n<p>Les delegacions han visitat diferents punts d&#8217;inter\u00e8s per a con\u00e8ixer l&#8217;entorn hist\u00f2ric i cultural de la ciutat, amb parades en la ruta de la D\u00e9nia dels segles XIX al XXI pel carrer Campos, l&#8217;Oficina de Turisme i el Museu del Joguet. Durant la setmana s&#8217;imparteixen les formacions i es desenvolupen les taules rodones previstes en el marc del projecte, orientades a avan\u00e7ar en la implantaci\u00f3 d&#8217;una metodologia educativa que facilite la integraci\u00f3 de la perspectiva de g\u00e8nere en la pr\u00e0ctica docent.<\/p>\n","protected":false},"excerpt":{"rendered":"El projecte europeu \u2018Beyond Bias is Gender Harmony\u2019 reuneix a la ciutat a representants d&#8217;altres quatre pa\u00efsos per&hellip;","protected":false},"author":6,"featured_media":87517,"comment_status":"closed","ping_status":"closed","sticky":false,"template":"","format":"standard","meta":{"csco_display_header_overlay":false,"csco_singular_sidebar":"","csco_page_header_type":"","csco_page_load_nextpost":"","csco_post_video_location":[],"csco_post_video_location_hash":"","csco_post_video_url":"","csco_post_video_bg_start_time":0,"csco_post_video_bg_end_time":0,"footnotes":""},"categories":[759],"tags":[6218,6220,2616,6219,1486],"class_list":{"0":"post-87522","1":"post","2":"type-post","3":"status-publish","4":"format-standard","5":"has-post-thumbnail","7":"category-educacio","8":"tag-centre-associat","9":"tag-entorns-escolars","10":"tag-igualtat-ca-es","11":"tag-perspectiva-de-genere","12":"tag-uned-ca-es","13":"cs-entry","14":"cs-video-wrap"},"yoast_head":"<!-- This site is optimized with the Yoast SEO Premium plugin v26.6 (Yoast SEO v27.3) - https:\/\/yoast.com\/product\/yoast-seo-premium-wordpress\/ -->\n<title>UNED D\u00e9nia promou la integraci\u00f3 de la perspectiva de g\u00e8nere en la pr\u00e0ctica docent - Canfali<\/title>\n<meta name=\"description\" content=\"El projecte europeu \u2018Beyond Bias is Gender Harmony\u2019 reuneix a la ciutat a representants d&#039;altres quatre pa\u00efsos per treballar per la igulatat en els entorns escolars\" \/>\n<meta name=\"robots\" content=\"index, follow, max-snippet:-1, max-image-preview:large, max-video-preview:-1\" \/>\n<link rel=\"canonical\" href=\"https:\/\/canfali.com\/ca-es\/uned-denia-promou-la-integracio-de-la-perspectiva-de-genere-en-la-practica-docent\/\" \/>\n<meta property=\"og:locale\" content=\"en_US\" \/>\n<meta property=\"og:type\" content=\"article\" \/>\n<meta property=\"og:title\" content=\"UNED D\u00e9nia promou la integraci\u00f3 de la perspectiva de g\u00e8nere en la pr\u00e0ctica docent\" \/>\n<meta property=\"og:description\" content=\"El projecte europeu \u2018Beyond Bias is Gender Harmony\u2019 reuneix a la ciutat a representants d&#039;altres quatre pa\u00efsos per treballar per la igulatat en els entorns escolars\" \/>\n<meta property=\"og:url\" content=\"https:\/\/canfali.com\/ca-es\/uned-denia-promou-la-integracio-de-la-perspectiva-de-genere-en-la-practica-docent\/\" \/>\n<meta property=\"og:site_name\" content=\"Canfali\" \/>\n<meta property=\"article:publisher\" content=\"https:\/\/es-es.facebook.com\/CANFALIMarinaAlta\" \/>\n<meta property=\"article:published_time\" content=\"2026-01-27T08:59:15+00:00\" \/>\n<meta property=\"article:modified_time\" content=\"2026-01-27T09:13:09+00:00\" \/>\n<meta property=\"og:image\" content=\"https:\/\/canfali.com\/app\/uploads\/2026\/01\/recepciouned-1-scaled.jpg\" \/>\n\t<meta property=\"og:image:width\" content=\"2560\" \/>\n\t<meta property=\"og:image:height\" content=\"1707\" \/>\n\t<meta property=\"og:image:type\" content=\"image\/jpeg\" \/>\n<meta name=\"author\" content=\"Rosa\" \/>\n<meta name=\"twitter:card\" content=\"summary_large_image\" \/>\n<meta name=\"twitter:creator\" content=\"@canfalima\" \/>\n<meta name=\"twitter:site\" content=\"@canfalima\" \/>\n<meta name=\"twitter:label1\" content=\"Written by\" \/>\n\t<meta name=\"twitter:data1\" content=\"Rosa\" \/>\n\t<meta name=\"twitter:label2\" content=\"Est. reading time\" \/>\n\t<meta name=\"twitter:data2\" content=\"2 minutes\" \/>\n<script type=\"application\/ld+json\" class=\"yoast-schema-graph\">{\"@context\":\"https:\\\/\\\/schema.org\",\"@graph\":[{\"@type\":\"NewsArticle\",\"@id\":\"https:\\\/\\\/canfali.com\\\/ca-es\\\/uned-denia-promou-la-integracio-de-la-perspectiva-de-genere-en-la-practica-docent\\\/#article\",\"isPartOf\":{\"@id\":\"https:\\\/\\\/canfali.com\\\/ca-es\\\/uned-denia-promou-la-integracio-de-la-perspectiva-de-genere-en-la-practica-docent\\\/\"},\"author\":{\"name\":\"Rosa\",\"@id\":\"https:\\\/\\\/canfali.com\\\/ca-es\\\/#\\\/schema\\\/person\\\/c861a7aa2b2495357b95f35bd5d82f88\"},\"headline\":\"UNED D\u00e9nia promou la integraci\u00f3 de la perspectiva de g\u00e8nere en la pr\u00e0ctica docent\",\"datePublished\":\"2026-01-27T08:59:15+00:00\",\"dateModified\":\"2026-01-27T09:13:09+00:00\",\"mainEntityOfPage\":{\"@id\":\"https:\\\/\\\/canfali.com\\\/ca-es\\\/uned-denia-promou-la-integracio-de-la-perspectiva-de-genere-en-la-practica-docent\\\/\"},\"wordCount\":493,\"publisher\":{\"@id\":\"https:\\\/\\\/canfali.com\\\/ca-es\\\/#organization\"},\"image\":{\"@id\":\"https:\\\/\\\/canfali.com\\\/ca-es\\\/uned-denia-promou-la-integracio-de-la-perspectiva-de-genere-en-la-practica-docent\\\/#primaryimage\"},\"thumbnailUrl\":\"https:\\\/\\\/canfali.com\\\/app\\\/uploads\\\/2026\\\/01\\\/recepciouned-1-scaled.jpg\",\"keywords\":[\"centre associat\",\"entorns escolars\",\"igualtat\",\"perspectiva de g\u00e8nere\",\"uned\"],\"articleSection\":[\"Educaci\u00f3\"],\"inLanguage\":\"va-ES\",\"copyrightYear\":\"2026\",\"copyrightHolder\":{\"@id\":\"https:\\\/\\\/canfali.com\\\/#organization\"}},{\"@type\":\"WebPage\",\"@id\":\"https:\\\/\\\/canfali.com\\\/ca-es\\\/uned-denia-promou-la-integracio-de-la-perspectiva-de-genere-en-la-practica-docent\\\/\",\"url\":\"https:\\\/\\\/canfali.com\\\/ca-es\\\/uned-denia-promou-la-integracio-de-la-perspectiva-de-genere-en-la-practica-docent\\\/\",\"name\":\"UNED D\u00e9nia promou la integraci\u00f3 de la perspectiva de g\u00e8nere en la pr\u00e0ctica docent - Canfali\",\"isPartOf\":{\"@id\":\"https:\\\/\\\/canfali.com\\\/ca-es\\\/#website\"},\"primaryImageOfPage\":{\"@id\":\"https:\\\/\\\/canfali.com\\\/ca-es\\\/uned-denia-promou-la-integracio-de-la-perspectiva-de-genere-en-la-practica-docent\\\/#primaryimage\"},\"image\":{\"@id\":\"https:\\\/\\\/canfali.com\\\/ca-es\\\/uned-denia-promou-la-integracio-de-la-perspectiva-de-genere-en-la-practica-docent\\\/#primaryimage\"},\"thumbnailUrl\":\"https:\\\/\\\/canfali.com\\\/app\\\/uploads\\\/2026\\\/01\\\/recepciouned-1-scaled.jpg\",\"datePublished\":\"2026-01-27T08:59:15+00:00\",\"dateModified\":\"2026-01-27T09:13:09+00:00\",\"description\":\"El projecte europeu \u2018Beyond Bias is Gender Harmony\u2019 reuneix a la ciutat a representants d'altres quatre pa\u00efsos per treballar per la igulatat en els entorns escolars\",\"breadcrumb\":{\"@id\":\"https:\\\/\\\/canfali.com\\\/ca-es\\\/uned-denia-promou-la-integracio-de-la-perspectiva-de-genere-en-la-practica-docent\\\/#breadcrumb\"},\"inLanguage\":\"va-ES\",\"potentialAction\":[{\"@type\":\"ReadAction\",\"target\":[\"https:\\\/\\\/canfali.com\\\/ca-es\\\/uned-denia-promou-la-integracio-de-la-perspectiva-de-genere-en-la-practica-docent\\\/\"]}]},{\"@type\":\"ImageObject\",\"inLanguage\":\"va-ES\",\"@id\":\"https:\\\/\\\/canfali.com\\\/ca-es\\\/uned-denia-promou-la-integracio-de-la-perspectiva-de-genere-en-la-practica-docent\\\/#primaryimage\",\"url\":\"https:\\\/\\\/canfali.com\\\/app\\\/uploads\\\/2026\\\/01\\\/recepciouned-1-scaled.jpg\",\"contentUrl\":\"https:\\\/\\\/canfali.com\\\/app\\\/uploads\\\/2026\\\/01\\\/recepciouned-1-scaled.jpg\",\"width\":2560,\"height\":1707},{\"@type\":\"BreadcrumbList\",\"@id\":\"https:\\\/\\\/canfali.com\\\/ca-es\\\/uned-denia-promou-la-integracio-de-la-perspectiva-de-genere-en-la-practica-docent\\\/#breadcrumb\",\"itemListElement\":[{\"@type\":\"ListItem\",\"position\":1,\"name\":\"Portada\",\"item\":\"https:\\\/\\\/canfali.com\\\/ca-es\\\/\"},{\"@type\":\"ListItem\",\"position\":2,\"name\":\"UNED D\u00e9nia promou la integraci\u00f3 de la perspectiva de g\u00e8nere en la pr\u00e0ctica docent\"}]},{\"@type\":\"WebSite\",\"@id\":\"https:\\\/\\\/canfali.com\\\/ca-es\\\/#website\",\"url\":\"https:\\\/\\\/canfali.com\\\/ca-es\\\/\",\"name\":\"Canfali\",\"description\":\"\",\"publisher\":{\"@id\":\"https:\\\/\\\/canfali.com\\\/ca-es\\\/#organization\"},\"potentialAction\":[{\"@type\":\"SearchAction\",\"target\":{\"@type\":\"EntryPoint\",\"urlTemplate\":\"https:\\\/\\\/canfali.com\\\/ca-es\\\/?s={search_term_string}\"},\"query-input\":{\"@type\":\"PropertyValueSpecification\",\"valueRequired\":true,\"valueName\":\"search_term_string\"}}],\"inLanguage\":\"va-ES\"},{\"@type\":\"Organization\",\"@id\":\"https:\\\/\\\/canfali.com\\\/ca-es\\\/#organization\",\"name\":\"Canfali\",\"url\":\"https:\\\/\\\/canfali.com\\\/ca-es\\\/\",\"logo\":{\"@type\":\"ImageObject\",\"inLanguage\":\"va-ES\",\"@id\":\"https:\\\/\\\/canfali.com\\\/ca-es\\\/#\\\/schema\\\/logo\\\/image\\\/\",\"url\":\"https:\\\/\\\/canfali.com\\\/app\\\/uploads\\\/2025\\\/12\\\/canfali_marina_alta_logo.png\",\"contentUrl\":\"https:\\\/\\\/canfali.com\\\/app\\\/uploads\\\/2025\\\/12\\\/canfali_marina_alta_logo.png\",\"width\":225,\"height\":225,\"caption\":\"Canfali\"},\"image\":{\"@id\":\"https:\\\/\\\/canfali.com\\\/ca-es\\\/#\\\/schema\\\/logo\\\/image\\\/\"},\"sameAs\":[\"https:\\\/\\\/es-es.facebook.com\\\/CANFALIMarinaAlta\",\"https:\\\/\\\/x.com\\\/canfalima\",\"https:\\\/\\\/www.instagram.com\\\/canfalimarinaalta\\\/\"]},{\"@type\":\"Person\",\"@id\":\"https:\\\/\\\/canfali.com\\\/ca-es\\\/#\\\/schema\\\/person\\\/c861a7aa2b2495357b95f35bd5d82f88\",\"name\":\"Rosa\",\"image\":{\"@type\":\"ImageObject\",\"inLanguage\":\"va-ES\",\"@id\":\"https:\\\/\\\/secure.gravatar.com\\\/avatar\\\/47fb83d99423a6ef1cf9f83f02a5e91366c671dec76c5c24badf1b0494e1d960?s=96&d=mm&r=g\",\"url\":\"https:\\\/\\\/secure.gravatar.com\\\/avatar\\\/47fb83d99423a6ef1cf9f83f02a5e91366c671dec76c5c24badf1b0494e1d960?s=96&d=mm&r=g\",\"contentUrl\":\"https:\\\/\\\/secure.gravatar.com\\\/avatar\\\/47fb83d99423a6ef1cf9f83f02a5e91366c671dec76c5c24badf1b0494e1d960?s=96&d=mm&r=g\",\"caption\":\"Rosa\"},\"url\":\"https:\\\/\\\/canfali.com\\\/ca-es\\\/author\\\/rosa\\\/\"}]}<\/script>\n<!-- \/ Yoast SEO Premium plugin. -->","yoast_head_json":{"title":"UNED D\u00e9nia promou la integraci\u00f3 de la perspectiva de g\u00e8nere en la pr\u00e0ctica docent - Canfali","description":"El projecte europeu \u2018Beyond Bias is Gender Harmony\u2019 reuneix a la ciutat a representants d'altres quatre pa\u00efsos per treballar per la igulatat en els entorns escolars","robots":{"index":"index","follow":"follow","max-snippet":"max-snippet:-1","max-image-preview":"max-image-preview:large","max-video-preview":"max-video-preview:-1"},"canonical":"https:\/\/canfali.com\/ca-es\/uned-denia-promou-la-integracio-de-la-perspectiva-de-genere-en-la-practica-docent\/","og_locale":"en_US","og_type":"article","og_title":"UNED D\u00e9nia promou la integraci\u00f3 de la perspectiva de g\u00e8nere en la pr\u00e0ctica docent","og_description":"El projecte europeu \u2018Beyond Bias is Gender Harmony\u2019 reuneix a la ciutat a representants d'altres quatre pa\u00efsos per treballar per la igulatat en els entorns escolars","og_url":"https:\/\/canfali.com\/ca-es\/uned-denia-promou-la-integracio-de-la-perspectiva-de-genere-en-la-practica-docent\/","og_site_name":"Canfali","article_publisher":"https:\/\/es-es.facebook.com\/CANFALIMarinaAlta","article_published_time":"2026-01-27T08:59:15+00:00","article_modified_time":"2026-01-27T09:13:09+00:00","og_image":[{"width":2560,"height":1707,"url":"https:\/\/canfali.com\/app\/uploads\/2026\/01\/recepciouned-1-scaled.jpg","type":"image\/jpeg"}],"author":"Rosa","twitter_card":"summary_large_image","twitter_creator":"@canfalima","twitter_site":"@canfalima","twitter_misc":{"Written by":"Rosa","Est. reading time":"2 minutes"},"schema":{"@context":"https:\/\/schema.org","@graph":[{"@type":"NewsArticle","@id":"https:\/\/canfali.com\/ca-es\/uned-denia-promou-la-integracio-de-la-perspectiva-de-genere-en-la-practica-docent\/#article","isPartOf":{"@id":"https:\/\/canfali.com\/ca-es\/uned-denia-promou-la-integracio-de-la-perspectiva-de-genere-en-la-practica-docent\/"},"author":{"name":"Rosa","@id":"https:\/\/canfali.com\/ca-es\/#\/schema\/person\/c861a7aa2b2495357b95f35bd5d82f88"},"headline":"UNED D\u00e9nia promou la integraci\u00f3 de la perspectiva de g\u00e8nere en la pr\u00e0ctica docent","datePublished":"2026-01-27T08:59:15+00:00","dateModified":"2026-01-27T09:13:09+00:00","mainEntityOfPage":{"@id":"https:\/\/canfali.com\/ca-es\/uned-denia-promou-la-integracio-de-la-perspectiva-de-genere-en-la-practica-docent\/"},"wordCount":493,"publisher":{"@id":"https:\/\/canfali.com\/ca-es\/#organization"},"image":{"@id":"https:\/\/canfali.com\/ca-es\/uned-denia-promou-la-integracio-de-la-perspectiva-de-genere-en-la-practica-docent\/#primaryimage"},"thumbnailUrl":"https:\/\/canfali.com\/app\/uploads\/2026\/01\/recepciouned-1-scaled.jpg","keywords":["centre associat","entorns escolars","igualtat","perspectiva de g\u00e8nere","uned"],"articleSection":["Educaci\u00f3"],"inLanguage":"va-ES","copyrightYear":"2026","copyrightHolder":{"@id":"https:\/\/canfali.com\/#organization"}},{"@type":"WebPage","@id":"https:\/\/canfali.com\/ca-es\/uned-denia-promou-la-integracio-de-la-perspectiva-de-genere-en-la-practica-docent\/","url":"https:\/\/canfali.com\/ca-es\/uned-denia-promou-la-integracio-de-la-perspectiva-de-genere-en-la-practica-docent\/","name":"UNED D\u00e9nia promou la integraci\u00f3 de la perspectiva de g\u00e8nere en la pr\u00e0ctica docent - Canfali","isPartOf":{"@id":"https:\/\/canfali.com\/ca-es\/#website"},"primaryImageOfPage":{"@id":"https:\/\/canfali.com\/ca-es\/uned-denia-promou-la-integracio-de-la-perspectiva-de-genere-en-la-practica-docent\/#primaryimage"},"image":{"@id":"https:\/\/canfali.com\/ca-es\/uned-denia-promou-la-integracio-de-la-perspectiva-de-genere-en-la-practica-docent\/#primaryimage"},"thumbnailUrl":"https:\/\/canfali.com\/app\/uploads\/2026\/01\/recepciouned-1-scaled.jpg","datePublished":"2026-01-27T08:59:15+00:00","dateModified":"2026-01-27T09:13:09+00:00","description":"El projecte europeu \u2018Beyond Bias is Gender Harmony\u2019 reuneix a la ciutat a representants d'altres quatre pa\u00efsos per treballar per la igulatat en els entorns escolars","breadcrumb":{"@id":"https:\/\/canfali.com\/ca-es\/uned-denia-promou-la-integracio-de-la-perspectiva-de-genere-en-la-practica-docent\/#breadcrumb"},"inLanguage":"va-ES","potentialAction":[{"@type":"ReadAction","target":["https:\/\/canfali.com\/ca-es\/uned-denia-promou-la-integracio-de-la-perspectiva-de-genere-en-la-practica-docent\/"]}]},{"@type":"ImageObject","inLanguage":"va-ES","@id":"https:\/\/canfali.com\/ca-es\/uned-denia-promou-la-integracio-de-la-perspectiva-de-genere-en-la-practica-docent\/#primaryimage","url":"https:\/\/canfali.com\/app\/uploads\/2026\/01\/recepciouned-1-scaled.jpg","contentUrl":"https:\/\/canfali.com\/app\/uploads\/2026\/01\/recepciouned-1-scaled.jpg","width":2560,"height":1707},{"@type":"BreadcrumbList","@id":"https:\/\/canfali.com\/ca-es\/uned-denia-promou-la-integracio-de-la-perspectiva-de-genere-en-la-practica-docent\/#breadcrumb","itemListElement":[{"@type":"ListItem","position":1,"name":"Portada","item":"https:\/\/canfali.com\/ca-es\/"},{"@type":"ListItem","position":2,"name":"UNED D\u00e9nia promou la integraci\u00f3 de la perspectiva de g\u00e8nere en la pr\u00e0ctica docent"}]},{"@type":"WebSite","@id":"https:\/\/canfali.com\/ca-es\/#website","url":"https:\/\/canfali.com\/ca-es\/","name":"Canfali","description":"","publisher":{"@id":"https:\/\/canfali.com\/ca-es\/#organization"},"potentialAction":[{"@type":"SearchAction","target":{"@type":"EntryPoint","urlTemplate":"https:\/\/canfali.com\/ca-es\/?s={search_term_string}"},"query-input":{"@type":"PropertyValueSpecification","valueRequired":true,"valueName":"search_term_string"}}],"inLanguage":"va-ES"},{"@type":"Organization","@id":"https:\/\/canfali.com\/ca-es\/#organization","name":"Canfali","url":"https:\/\/canfali.com\/ca-es\/","logo":{"@type":"ImageObject","inLanguage":"va-ES","@id":"https:\/\/canfali.com\/ca-es\/#\/schema\/logo\/image\/","url":"https:\/\/canfali.com\/app\/uploads\/2025\/12\/canfali_marina_alta_logo.png","contentUrl":"https:\/\/canfali.com\/app\/uploads\/2025\/12\/canfali_marina_alta_logo.png","width":225,"height":225,"caption":"Canfali"},"image":{"@id":"https:\/\/canfali.com\/ca-es\/#\/schema\/logo\/image\/"},"sameAs":["https:\/\/es-es.facebook.com\/CANFALIMarinaAlta","https:\/\/x.com\/canfalima","https:\/\/www.instagram.com\/canfalimarinaalta\/"]},{"@type":"Person","@id":"https:\/\/canfali.com\/ca-es\/#\/schema\/person\/c861a7aa2b2495357b95f35bd5d82f88","name":"Rosa","image":{"@type":"ImageObject","inLanguage":"va-ES","@id":"https:\/\/secure.gravatar.com\/avatar\/47fb83d99423a6ef1cf9f83f02a5e91366c671dec76c5c24badf1b0494e1d960?s=96&d=mm&r=g","url":"https:\/\/secure.gravatar.com\/avatar\/47fb83d99423a6ef1cf9f83f02a5e91366c671dec76c5c24badf1b0494e1d960?s=96&d=mm&r=g","contentUrl":"https:\/\/secure.gravatar.com\/avatar\/47fb83d99423a6ef1cf9f83f02a5e91366c671dec76c5c24badf1b0494e1d960?s=96&d=mm&r=g","caption":"Rosa"},"url":"https:\/\/canfali.com\/ca-es\/author\/rosa\/"}]}},"_links":{"self":[{"href":"https:\/\/canfali.com\/ca-es\/wp-json\/wp\/v2\/posts\/87522","targetHints":{"allow":["GET"]}}],"collection":[{"href":"https:\/\/canfali.com\/ca-es\/wp-json\/wp\/v2\/posts"}],"about":[{"href":"https:\/\/canfali.com\/ca-es\/wp-json\/wp\/v2\/types\/post"}],"author":[{"embeddable":true,"href":"https:\/\/canfali.com\/ca-es\/wp-json\/wp\/v2\/users\/6"}],"replies":[{"embeddable":true,"href":"https:\/\/canfali.com\/ca-es\/wp-json\/wp\/v2\/comments?post=87522"}],"version-history":[{"count":1,"href":"https:\/\/canfali.com\/ca-es\/wp-json\/wp\/v2\/posts\/87522\/revisions"}],"predecessor-version":[{"id":87523,"href":"https:\/\/canfali.com\/ca-es\/wp-json\/wp\/v2\/posts\/87522\/revisions\/87523"}],"wp:featuredmedia":[{"embeddable":true,"href":"https:\/\/canfali.com\/ca-es\/wp-json\/wp\/v2\/media\/87517"}],"wp:attachment":[{"href":"https:\/\/canfali.com\/ca-es\/wp-json\/wp\/v2\/media?parent=87522"}],"wp:term":[{"taxonomy":"category","embeddable":true,"href":"https:\/\/canfali.com\/ca-es\/wp-json\/wp\/v2\/categories?post=87522"},{"taxonomy":"post_tag","embeddable":true,"href":"https:\/\/canfali.com\/ca-es\/wp-json\/wp\/v2\/tags?post=87522"}],"curies":[{"name":"wp","href":"https:\/\/api.w.org\/{rel}","templated":true}]}}