{"id":87513,"date":"2026-01-27T09:14:04","date_gmt":"2026-01-27T08:14:04","guid":{"rendered":"https:\/\/canfali.com\/la-pansa-valenciana-i-malaguenya-juntes-mes-de-100-anys-despres\/"},"modified":"2026-01-27T09:36:44","modified_gmt":"2026-01-27T08:36:44","slug":"la-pansa-valenciana-i-malaguenya-juntes-mes-de-100-anys-despres","status":"publish","type":"post","link":"https:\/\/canfali.com\/ca-es\/la-pansa-valenciana-i-malaguenya-juntes-mes-de-100-anys-despres\/","title":{"rendered":"La pansa valenciana i malaguenya, juntes m\u00e9s de 100 anys despr\u00e9s"},"content":{"rendered":"\n<p><\/p>\n\n<p>La filoxera va arrasar les vinyes d&#8217;Europa a la fi del segle XIX. Va arribar a M\u00e0laga en 1870 i 40 anys despr\u00e9s als nostres camps. En aquest imp\u00e1s va sorgir una relaci\u00f3 comercial entre M\u00e0laga i les comarques centrals valencianes. Els malaguenys necessitaven panses per a subministrar els seus mercats i Val\u00e8ncia disposava d&#8217;elles. L&#8217;exist\u00e8ncia de la relaci\u00f3 entre els dos m\u00e0xims productors de panses \u00e9s coneguda per als qui estudien el tema. No obstant aix\u00f2, \u00e9s totalment desconeguda a M\u00e0laga. Cent anys despr\u00e9s, es repr\u00e8n aquesta relaci\u00f3 des de Fitur amb un acostament entre l&#8217;Asociaci\u00f3n para la promoci\u00f3n tur\u00edstica de la Axarquia (APTA) i els promotors de La Ruta dels Riuraus, el llegat de la pansa.&#13;\n<\/p>\n\n<p>De la trobada en Fitur, en el qual van participar Elisa P\u00e1ez, gerent d&#8217;APTA, i Luis Silvestre, gerent de La Ruta dels Riuraus, va sorgir la idea de compartir no sols recursos relacionats amb el m\u00f3n de la pansa, sin\u00f3 tamb\u00e9 la manera de treballar en cadascuna de les associacions i aprofundir en l&#8217;estudi d&#8217;un passat hist\u00f2ric com\u00fa. Entre altres coses es va considerar la possibilitat d&#8217;organitzar una excursi\u00f3 per al mes de setembre amb l&#8217;objectiu de con\u00e8ixer, de primera m\u00e0, el proc\u00e9s d&#8217;elaboraci\u00f3 de la pansa en la&#8217;Axarqu\u00eda.&#13;\n &#13;\n &#13;\n<\/p>\n\n<p>A la foto, Noelia Cabello (t\u00e8cnica d&#8217;APTA), Elisa P\u00e1ez (gerent d&#8217;APTA) i Luis Silvestre (gerent Ruta dels Riuraus)<\/p>\n","protected":false},"excerpt":{"rendered":"La filoxera va arrasar les vinyes d&#8217;Europa a la fi del segle XIX. Va arribar a M\u00e0laga en&hellip;","protected":false},"author":6,"featured_media":87511,"comment_status":"closed","ping_status":"closed","sticky":false,"template":"","format":"standard","meta":{"csco_display_header_overlay":false,"csco_singular_sidebar":"","csco_page_header_type":"","csco_page_load_nextpost":"","csco_post_video_location":[],"csco_post_video_location_hash":"","csco_post_video_url":"","csco_post_video_bg_start_time":0,"csco_post_video_bg_end_time":0,"footnotes":""},"categories":[589],"tags":[6212,6213,6210,6209,6211,3739,6207,6208],"class_list":{"0":"post-87513","1":"post","2":"type-post","3":"status-publish","4":"format-standard","5":"has-post-thumbnail","7":"category-gastronomia-ca-es","8":"tag-apta","9":"tag-axarquia","10":"tag-fitur","11":"tag-luis-silvestre","12":"tag-malaga","13":"tag-pansa","14":"tag-pansa-2","15":"tag-ruta-dels-riuraus","16":"cs-entry","17":"cs-video-wrap"},"yoast_head":"<!-- This site is optimized with the Yoast SEO Premium plugin v26.6 (Yoast SEO v27.3) - https:\/\/yoast.com\/product\/yoast-seo-premium-wordpress\/ -->\n<title>La pansa valenciana i malaguenya, juntes m\u00e9s de 100 anys despr\u00e9s - Canfali<\/title>\n<meta name=\"description\" content=\"La Marina Alta repr\u00e9n la seua relaci\u00f3 amb M\u00e0laga a trav\u00e9s de la Ruta dels Riuraus i amb la pansa com a motiu de l&#039;acostament entre ambd\u00f3s territoris\" \/>\n<meta name=\"robots\" content=\"index, follow, max-snippet:-1, max-image-preview:large, max-video-preview:-1\" \/>\n<link rel=\"canonical\" href=\"https:\/\/canfali.com\/ca-es\/la-pansa-valenciana-i-malaguenya-juntes-mes-de-100-anys-despres\/\" \/>\n<meta property=\"og:locale\" content=\"en_US\" \/>\n<meta property=\"og:type\" content=\"article\" \/>\n<meta property=\"og:title\" content=\"La pansa valenciana i malaguenya, juntes m\u00e9s de 100 anys despr\u00e9s\" \/>\n<meta property=\"og:description\" content=\"La Marina Alta repr\u00e9n la seua relaci\u00f3 amb M\u00e0laga a trav\u00e9s de la Ruta dels Riuraus i amb la pansa com a motiu de l&#039;acostament entre ambd\u00f3s territoris\" \/>\n<meta property=\"og:url\" content=\"https:\/\/canfali.com\/ca-es\/la-pansa-valenciana-i-malaguenya-juntes-mes-de-100-anys-despres\/\" \/>\n<meta property=\"og:site_name\" content=\"Canfali\" \/>\n<meta property=\"article:publisher\" content=\"https:\/\/es-es.facebook.com\/CANFALIMarinaAlta\" \/>\n<meta property=\"article:published_time\" content=\"2026-01-27T08:14:04+00:00\" \/>\n<meta property=\"article:modified_time\" content=\"2026-01-27T08:36:44+00:00\" \/>\n<meta property=\"og:image\" content=\"https:\/\/canfali.com\/app\/uploads\/2026\/01\/pansa.jpg\" \/>\n\t<meta property=\"og:image:width\" content=\"1752\" \/>\n\t<meta property=\"og:image:height\" content=\"1238\" \/>\n\t<meta property=\"og:image:type\" content=\"image\/jpeg\" \/>\n<meta name=\"author\" content=\"Rosa\" \/>\n<meta name=\"twitter:card\" content=\"summary_large_image\" \/>\n<meta name=\"twitter:creator\" content=\"@canfalima\" \/>\n<meta name=\"twitter:site\" content=\"@canfalima\" \/>\n<meta name=\"twitter:label1\" content=\"Written by\" \/>\n\t<meta name=\"twitter:data1\" content=\"Rosa\" \/>\n\t<meta name=\"twitter:label2\" content=\"Est. reading time\" \/>\n\t<meta name=\"twitter:data2\" content=\"1 minute\" \/>\n<script type=\"application\/ld+json\" class=\"yoast-schema-graph\">{\"@context\":\"https:\\\/\\\/schema.org\",\"@graph\":[{\"@type\":\"NewsArticle\",\"@id\":\"https:\\\/\\\/canfali.com\\\/ca-es\\\/la-pansa-valenciana-i-malaguenya-juntes-mes-de-100-anys-despres\\\/#article\",\"isPartOf\":{\"@id\":\"https:\\\/\\\/canfali.com\\\/ca-es\\\/la-pansa-valenciana-i-malaguenya-juntes-mes-de-100-anys-despres\\\/\"},\"author\":{\"name\":\"Rosa\",\"@id\":\"https:\\\/\\\/canfali.com\\\/ca-es\\\/#\\\/schema\\\/person\\\/c861a7aa2b2495357b95f35bd5d82f88\"},\"headline\":\"La pansa valenciana i malaguenya, juntes m\u00e9s de 100 anys despr\u00e9s\",\"datePublished\":\"2026-01-27T08:14:04+00:00\",\"dateModified\":\"2026-01-27T08:36:44+00:00\",\"mainEntityOfPage\":{\"@id\":\"https:\\\/\\\/canfali.com\\\/ca-es\\\/la-pansa-valenciana-i-malaguenya-juntes-mes-de-100-anys-despres\\\/\"},\"wordCount\":269,\"publisher\":{\"@id\":\"https:\\\/\\\/canfali.com\\\/ca-es\\\/#organization\"},\"image\":{\"@id\":\"https:\\\/\\\/canfali.com\\\/ca-es\\\/la-pansa-valenciana-i-malaguenya-juntes-mes-de-100-anys-despres\\\/#primaryimage\"},\"thumbnailUrl\":\"https:\\\/\\\/canfali.com\\\/app\\\/uploads\\\/2026\\\/01\\\/pansa.jpg\",\"keywords\":[\"APTA\",\"Axarquia\",\"Fitur\",\"Luis Silvestre\",\"M\u00e1laga\",\"pansa\",\"pansa\",\"Ruta dels Riuraus\"],\"articleSection\":[\"Gastronomia\"],\"inLanguage\":\"va-ES\",\"copyrightYear\":\"2026\",\"copyrightHolder\":{\"@id\":\"https:\\\/\\\/canfali.com\\\/#organization\"}},{\"@type\":\"WebPage\",\"@id\":\"https:\\\/\\\/canfali.com\\\/ca-es\\\/la-pansa-valenciana-i-malaguenya-juntes-mes-de-100-anys-despres\\\/\",\"url\":\"https:\\\/\\\/canfali.com\\\/ca-es\\\/la-pansa-valenciana-i-malaguenya-juntes-mes-de-100-anys-despres\\\/\",\"name\":\"La pansa valenciana i malaguenya, juntes m\u00e9s de 100 anys despr\u00e9s - Canfali\",\"isPartOf\":{\"@id\":\"https:\\\/\\\/canfali.com\\\/ca-es\\\/#website\"},\"primaryImageOfPage\":{\"@id\":\"https:\\\/\\\/canfali.com\\\/ca-es\\\/la-pansa-valenciana-i-malaguenya-juntes-mes-de-100-anys-despres\\\/#primaryimage\"},\"image\":{\"@id\":\"https:\\\/\\\/canfali.com\\\/ca-es\\\/la-pansa-valenciana-i-malaguenya-juntes-mes-de-100-anys-despres\\\/#primaryimage\"},\"thumbnailUrl\":\"https:\\\/\\\/canfali.com\\\/app\\\/uploads\\\/2026\\\/01\\\/pansa.jpg\",\"datePublished\":\"2026-01-27T08:14:04+00:00\",\"dateModified\":\"2026-01-27T08:36:44+00:00\",\"description\":\"La Marina Alta repr\u00e9n la seua relaci\u00f3 amb M\u00e0laga a trav\u00e9s de la Ruta dels Riuraus i amb la pansa com a motiu de l'acostament entre ambd\u00f3s territoris\",\"breadcrumb\":{\"@id\":\"https:\\\/\\\/canfali.com\\\/ca-es\\\/la-pansa-valenciana-i-malaguenya-juntes-mes-de-100-anys-despres\\\/#breadcrumb\"},\"inLanguage\":\"va-ES\",\"potentialAction\":[{\"@type\":\"ReadAction\",\"target\":[\"https:\\\/\\\/canfali.com\\\/ca-es\\\/la-pansa-valenciana-i-malaguenya-juntes-mes-de-100-anys-despres\\\/\"]}]},{\"@type\":\"ImageObject\",\"inLanguage\":\"va-ES\",\"@id\":\"https:\\\/\\\/canfali.com\\\/ca-es\\\/la-pansa-valenciana-i-malaguenya-juntes-mes-de-100-anys-despres\\\/#primaryimage\",\"url\":\"https:\\\/\\\/canfali.com\\\/app\\\/uploads\\\/2026\\\/01\\\/pansa.jpg\",\"contentUrl\":\"https:\\\/\\\/canfali.com\\\/app\\\/uploads\\\/2026\\\/01\\\/pansa.jpg\",\"width\":1752,\"height\":1238},{\"@type\":\"BreadcrumbList\",\"@id\":\"https:\\\/\\\/canfali.com\\\/ca-es\\\/la-pansa-valenciana-i-malaguenya-juntes-mes-de-100-anys-despres\\\/#breadcrumb\",\"itemListElement\":[{\"@type\":\"ListItem\",\"position\":1,\"name\":\"Portada\",\"item\":\"https:\\\/\\\/canfali.com\\\/ca-es\\\/\"},{\"@type\":\"ListItem\",\"position\":2,\"name\":\"La pansa valenciana i malaguenya, juntes m\u00e9s de 100 anys despr\u00e9s\"}]},{\"@type\":\"WebSite\",\"@id\":\"https:\\\/\\\/canfali.com\\\/ca-es\\\/#website\",\"url\":\"https:\\\/\\\/canfali.com\\\/ca-es\\\/\",\"name\":\"Canfali\",\"description\":\"\",\"publisher\":{\"@id\":\"https:\\\/\\\/canfali.com\\\/ca-es\\\/#organization\"},\"potentialAction\":[{\"@type\":\"SearchAction\",\"target\":{\"@type\":\"EntryPoint\",\"urlTemplate\":\"https:\\\/\\\/canfali.com\\\/ca-es\\\/?s={search_term_string}\"},\"query-input\":{\"@type\":\"PropertyValueSpecification\",\"valueRequired\":true,\"valueName\":\"search_term_string\"}}],\"inLanguage\":\"va-ES\"},{\"@type\":\"Organization\",\"@id\":\"https:\\\/\\\/canfali.com\\\/ca-es\\\/#organization\",\"name\":\"Canfali\",\"url\":\"https:\\\/\\\/canfali.com\\\/ca-es\\\/\",\"logo\":{\"@type\":\"ImageObject\",\"inLanguage\":\"va-ES\",\"@id\":\"https:\\\/\\\/canfali.com\\\/ca-es\\\/#\\\/schema\\\/logo\\\/image\\\/\",\"url\":\"https:\\\/\\\/canfali.com\\\/app\\\/uploads\\\/2025\\\/12\\\/canfali_marina_alta_logo.png\",\"contentUrl\":\"https:\\\/\\\/canfali.com\\\/app\\\/uploads\\\/2025\\\/12\\\/canfali_marina_alta_logo.png\",\"width\":225,\"height\":225,\"caption\":\"Canfali\"},\"image\":{\"@id\":\"https:\\\/\\\/canfali.com\\\/ca-es\\\/#\\\/schema\\\/logo\\\/image\\\/\"},\"sameAs\":[\"https:\\\/\\\/es-es.facebook.com\\\/CANFALIMarinaAlta\",\"https:\\\/\\\/x.com\\\/canfalima\",\"https:\\\/\\\/www.instagram.com\\\/canfalimarinaalta\\\/\"]},{\"@type\":\"Person\",\"@id\":\"https:\\\/\\\/canfali.com\\\/ca-es\\\/#\\\/schema\\\/person\\\/c861a7aa2b2495357b95f35bd5d82f88\",\"name\":\"Rosa\",\"image\":{\"@type\":\"ImageObject\",\"inLanguage\":\"va-ES\",\"@id\":\"https:\\\/\\\/secure.gravatar.com\\\/avatar\\\/47fb83d99423a6ef1cf9f83f02a5e91366c671dec76c5c24badf1b0494e1d960?s=96&d=mm&r=g\",\"url\":\"https:\\\/\\\/secure.gravatar.com\\\/avatar\\\/47fb83d99423a6ef1cf9f83f02a5e91366c671dec76c5c24badf1b0494e1d960?s=96&d=mm&r=g\",\"contentUrl\":\"https:\\\/\\\/secure.gravatar.com\\\/avatar\\\/47fb83d99423a6ef1cf9f83f02a5e91366c671dec76c5c24badf1b0494e1d960?s=96&d=mm&r=g\",\"caption\":\"Rosa\"},\"url\":\"https:\\\/\\\/canfali.com\\\/ca-es\\\/author\\\/rosa\\\/\"}]}<\/script>\n<!-- \/ Yoast SEO Premium plugin. -->","yoast_head_json":{"title":"La pansa valenciana i malaguenya, juntes m\u00e9s de 100 anys despr\u00e9s - Canfali","description":"La Marina Alta repr\u00e9n la seua relaci\u00f3 amb M\u00e0laga a trav\u00e9s de la Ruta dels Riuraus i amb la pansa com a motiu de l'acostament entre ambd\u00f3s territoris","robots":{"index":"index","follow":"follow","max-snippet":"max-snippet:-1","max-image-preview":"max-image-preview:large","max-video-preview":"max-video-preview:-1"},"canonical":"https:\/\/canfali.com\/ca-es\/la-pansa-valenciana-i-malaguenya-juntes-mes-de-100-anys-despres\/","og_locale":"en_US","og_type":"article","og_title":"La pansa valenciana i malaguenya, juntes m\u00e9s de 100 anys despr\u00e9s","og_description":"La Marina Alta repr\u00e9n la seua relaci\u00f3 amb M\u00e0laga a trav\u00e9s de la Ruta dels Riuraus i amb la pansa com a motiu de l'acostament entre ambd\u00f3s territoris","og_url":"https:\/\/canfali.com\/ca-es\/la-pansa-valenciana-i-malaguenya-juntes-mes-de-100-anys-despres\/","og_site_name":"Canfali","article_publisher":"https:\/\/es-es.facebook.com\/CANFALIMarinaAlta","article_published_time":"2026-01-27T08:14:04+00:00","article_modified_time":"2026-01-27T08:36:44+00:00","og_image":[{"width":1752,"height":1238,"url":"https:\/\/canfali.com\/app\/uploads\/2026\/01\/pansa.jpg","type":"image\/jpeg"}],"author":"Rosa","twitter_card":"summary_large_image","twitter_creator":"@canfalima","twitter_site":"@canfalima","twitter_misc":{"Written by":"Rosa","Est. reading time":"1 minute"},"schema":{"@context":"https:\/\/schema.org","@graph":[{"@type":"NewsArticle","@id":"https:\/\/canfali.com\/ca-es\/la-pansa-valenciana-i-malaguenya-juntes-mes-de-100-anys-despres\/#article","isPartOf":{"@id":"https:\/\/canfali.com\/ca-es\/la-pansa-valenciana-i-malaguenya-juntes-mes-de-100-anys-despres\/"},"author":{"name":"Rosa","@id":"https:\/\/canfali.com\/ca-es\/#\/schema\/person\/c861a7aa2b2495357b95f35bd5d82f88"},"headline":"La pansa valenciana i malaguenya, juntes m\u00e9s de 100 anys despr\u00e9s","datePublished":"2026-01-27T08:14:04+00:00","dateModified":"2026-01-27T08:36:44+00:00","mainEntityOfPage":{"@id":"https:\/\/canfali.com\/ca-es\/la-pansa-valenciana-i-malaguenya-juntes-mes-de-100-anys-despres\/"},"wordCount":269,"publisher":{"@id":"https:\/\/canfali.com\/ca-es\/#organization"},"image":{"@id":"https:\/\/canfali.com\/ca-es\/la-pansa-valenciana-i-malaguenya-juntes-mes-de-100-anys-despres\/#primaryimage"},"thumbnailUrl":"https:\/\/canfali.com\/app\/uploads\/2026\/01\/pansa.jpg","keywords":["APTA","Axarquia","Fitur","Luis Silvestre","M\u00e1laga","pansa","pansa","Ruta dels Riuraus"],"articleSection":["Gastronomia"],"inLanguage":"va-ES","copyrightYear":"2026","copyrightHolder":{"@id":"https:\/\/canfali.com\/#organization"}},{"@type":"WebPage","@id":"https:\/\/canfali.com\/ca-es\/la-pansa-valenciana-i-malaguenya-juntes-mes-de-100-anys-despres\/","url":"https:\/\/canfali.com\/ca-es\/la-pansa-valenciana-i-malaguenya-juntes-mes-de-100-anys-despres\/","name":"La pansa valenciana i malaguenya, juntes m\u00e9s de 100 anys despr\u00e9s - Canfali","isPartOf":{"@id":"https:\/\/canfali.com\/ca-es\/#website"},"primaryImageOfPage":{"@id":"https:\/\/canfali.com\/ca-es\/la-pansa-valenciana-i-malaguenya-juntes-mes-de-100-anys-despres\/#primaryimage"},"image":{"@id":"https:\/\/canfali.com\/ca-es\/la-pansa-valenciana-i-malaguenya-juntes-mes-de-100-anys-despres\/#primaryimage"},"thumbnailUrl":"https:\/\/canfali.com\/app\/uploads\/2026\/01\/pansa.jpg","datePublished":"2026-01-27T08:14:04+00:00","dateModified":"2026-01-27T08:36:44+00:00","description":"La Marina Alta repr\u00e9n la seua relaci\u00f3 amb M\u00e0laga a trav\u00e9s de la Ruta dels Riuraus i amb la pansa com a motiu de l'acostament entre ambd\u00f3s territoris","breadcrumb":{"@id":"https:\/\/canfali.com\/ca-es\/la-pansa-valenciana-i-malaguenya-juntes-mes-de-100-anys-despres\/#breadcrumb"},"inLanguage":"va-ES","potentialAction":[{"@type":"ReadAction","target":["https:\/\/canfali.com\/ca-es\/la-pansa-valenciana-i-malaguenya-juntes-mes-de-100-anys-despres\/"]}]},{"@type":"ImageObject","inLanguage":"va-ES","@id":"https:\/\/canfali.com\/ca-es\/la-pansa-valenciana-i-malaguenya-juntes-mes-de-100-anys-despres\/#primaryimage","url":"https:\/\/canfali.com\/app\/uploads\/2026\/01\/pansa.jpg","contentUrl":"https:\/\/canfali.com\/app\/uploads\/2026\/01\/pansa.jpg","width":1752,"height":1238},{"@type":"BreadcrumbList","@id":"https:\/\/canfali.com\/ca-es\/la-pansa-valenciana-i-malaguenya-juntes-mes-de-100-anys-despres\/#breadcrumb","itemListElement":[{"@type":"ListItem","position":1,"name":"Portada","item":"https:\/\/canfali.com\/ca-es\/"},{"@type":"ListItem","position":2,"name":"La pansa valenciana i malaguenya, juntes m\u00e9s de 100 anys despr\u00e9s"}]},{"@type":"WebSite","@id":"https:\/\/canfali.com\/ca-es\/#website","url":"https:\/\/canfali.com\/ca-es\/","name":"Canfali","description":"","publisher":{"@id":"https:\/\/canfali.com\/ca-es\/#organization"},"potentialAction":[{"@type":"SearchAction","target":{"@type":"EntryPoint","urlTemplate":"https:\/\/canfali.com\/ca-es\/?s={search_term_string}"},"query-input":{"@type":"PropertyValueSpecification","valueRequired":true,"valueName":"search_term_string"}}],"inLanguage":"va-ES"},{"@type":"Organization","@id":"https:\/\/canfali.com\/ca-es\/#organization","name":"Canfali","url":"https:\/\/canfali.com\/ca-es\/","logo":{"@type":"ImageObject","inLanguage":"va-ES","@id":"https:\/\/canfali.com\/ca-es\/#\/schema\/logo\/image\/","url":"https:\/\/canfali.com\/app\/uploads\/2025\/12\/canfali_marina_alta_logo.png","contentUrl":"https:\/\/canfali.com\/app\/uploads\/2025\/12\/canfali_marina_alta_logo.png","width":225,"height":225,"caption":"Canfali"},"image":{"@id":"https:\/\/canfali.com\/ca-es\/#\/schema\/logo\/image\/"},"sameAs":["https:\/\/es-es.facebook.com\/CANFALIMarinaAlta","https:\/\/x.com\/canfalima","https:\/\/www.instagram.com\/canfalimarinaalta\/"]},{"@type":"Person","@id":"https:\/\/canfali.com\/ca-es\/#\/schema\/person\/c861a7aa2b2495357b95f35bd5d82f88","name":"Rosa","image":{"@type":"ImageObject","inLanguage":"va-ES","@id":"https:\/\/secure.gravatar.com\/avatar\/47fb83d99423a6ef1cf9f83f02a5e91366c671dec76c5c24badf1b0494e1d960?s=96&d=mm&r=g","url":"https:\/\/secure.gravatar.com\/avatar\/47fb83d99423a6ef1cf9f83f02a5e91366c671dec76c5c24badf1b0494e1d960?s=96&d=mm&r=g","contentUrl":"https:\/\/secure.gravatar.com\/avatar\/47fb83d99423a6ef1cf9f83f02a5e91366c671dec76c5c24badf1b0494e1d960?s=96&d=mm&r=g","caption":"Rosa"},"url":"https:\/\/canfali.com\/ca-es\/author\/rosa\/"}]}},"_links":{"self":[{"href":"https:\/\/canfali.com\/ca-es\/wp-json\/wp\/v2\/posts\/87513","targetHints":{"allow":["GET"]}}],"collection":[{"href":"https:\/\/canfali.com\/ca-es\/wp-json\/wp\/v2\/posts"}],"about":[{"href":"https:\/\/canfali.com\/ca-es\/wp-json\/wp\/v2\/types\/post"}],"author":[{"embeddable":true,"href":"https:\/\/canfali.com\/ca-es\/wp-json\/wp\/v2\/users\/6"}],"replies":[{"embeddable":true,"href":"https:\/\/canfali.com\/ca-es\/wp-json\/wp\/v2\/comments?post=87513"}],"version-history":[{"count":1,"href":"https:\/\/canfali.com\/ca-es\/wp-json\/wp\/v2\/posts\/87513\/revisions"}],"predecessor-version":[{"id":87514,"href":"https:\/\/canfali.com\/ca-es\/wp-json\/wp\/v2\/posts\/87513\/revisions\/87514"}],"wp:featuredmedia":[{"embeddable":true,"href":"https:\/\/canfali.com\/ca-es\/wp-json\/wp\/v2\/media\/87511"}],"wp:attachment":[{"href":"https:\/\/canfali.com\/ca-es\/wp-json\/wp\/v2\/media?parent=87513"}],"wp:term":[{"taxonomy":"category","embeddable":true,"href":"https:\/\/canfali.com\/ca-es\/wp-json\/wp\/v2\/categories?post=87513"},{"taxonomy":"post_tag","embeddable":true,"href":"https:\/\/canfali.com\/ca-es\/wp-json\/wp\/v2\/tags?post=87513"}],"curies":[{"name":"wp","href":"https:\/\/api.w.org\/{rel}","templated":true}]}}