{"id":87508,"date":"2026-01-27T09:08:03","date_gmt":"2026-01-27T08:08:03","guid":{"rendered":"https:\/\/canfali.com\/denia-i-calp-porten-el-millor-de-la-gastronomia-a-madrid-fusio\/"},"modified":"2026-01-27T09:11:30","modified_gmt":"2026-01-27T08:11:30","slug":"denia-i-calp-porten-el-millor-de-la-gastronomia-a-madrid-fusio","status":"publish","type":"post","link":"https:\/\/canfali.com\/ca-es\/denia-i-calp-porten-el-millor-de-la-gastronomia-a-madrid-fusio\/","title":{"rendered":"D\u00e9nia i Calp porten el millor de la gastronomia a Madrid Fusi\u00f3"},"content":{"rendered":"\n<p>Madrid torna a convertir-se en el gran aparador internacional de la gastronomia amb la celebraci\u00f3 de Madrid Fusi\u00f3, en Ifema, just despr\u00e9s del tancament de Fitur. Un any m\u00e9s, D\u00e9nia i Calp tenen una pres\u00e8ncia destacada.<\/p>\n\n<p>El congr\u00e9s aconsegueix la seva XXIV edici\u00f3 sota el lema \u201cEl client pren el comandament\u201d, una declaraci\u00f3 d&#8217;intencions que va marcar bona part de les pon\u00e8ncies i activitats. Des de l&#8217;organitzaci\u00f3 se subratlla el car\u00e0cter especialment internacional d&#8217;aquesta edici\u00f3, amb alguns dels restauradors m\u00e9s influents del panorama nacional i internacional, debatent sobre el present i el futur de la gastronomia i mostrant productes de refer\u00e8ncia de nombrosos territoris.<\/p>\n\n<p>La jornada inaugural va comptar amb la participaci\u00f3 de diversos representants de la gastronomia dianense. Entre ells, \u00d3scar Mar\u00ed, de La Xerna de la Mar, la xef de la qual, Bel\u00e9n Escriv\u00e0, va ser l&#8217;encarregada de preparar les degustacions d&#8217;enguany. Tamb\u00e9 va ser present Mara Ba\u00f1\u00f3, del celler Les Freses, que va donar a con\u00e8ixer els seus vins dins del marc del congr\u00e9s.<\/p>\n\n<figure class=\"wp-block-image size-full\"><img fetchpriority=\"high\" decoding=\"async\" width=\"1024\" height=\"576\" src=\"https:\/\/canfali.com\/app\/uploads\/2026\/01\/madrid-fusion.jpg\" alt=\"\" class=\"wp-image-87502\" srcset=\"https:\/\/canfali.com\/app\/uploads\/2026\/01\/madrid-fusion.jpg 1024w, https:\/\/canfali.com\/app\/uploads\/2026\/01\/madrid-fusion-300x169.jpg 300w, https:\/\/canfali.com\/app\/uploads\/2026\/01\/madrid-fusion-768x432.jpg 768w\" sizes=\"(max-width: 1024px) 100vw, 1024px\" \/><\/figure>\n\n<p>Calp tamb\u00e9 va ser present en aquesta primera jornada a trav\u00e9s de la regidoria de Promoci\u00f3 Econ\u00f2mica, amb la participaci\u00f3 dels regidors Paqui Solivelles i Alex Coca. La delegaci\u00f3 calpina va dur a terme un showcooking en el qual la xef del restaurant Bambero va elaborar un plat compost per gamba blanca i roger de roca, acompanyat d&#8217;una crema t\u00e8bia de vichyssoise de roman\u00ed i porros confitats. Amb aquesta participaci\u00f3 es va buscar promocionar tant la gastronomia local, a trav\u00e9s de les marques Peix de Calp i Gamba Blanca de Calp, com l&#8217;oferta de restauraci\u00f3 del municipi.<\/p>\n\n<p>\tL&#8217;auditori principal de Madrid Fusi\u00f3 Aliments d&#8217;Espanya va registrar un ple absolut durant tota la jornada, consolidant-se com l&#8217;epicentre d&#8217;una edici\u00f3 qualificada com una de les m\u00e9s multifac\u00e8tiques i disruptives de la hist\u00f2ria del congr\u00e9s. Un dels primers xefs a pujar a l&#8217;escenari va ser Quique Dacosta, presentat pel president del congr\u00e9s, Jos\u00e9 Carlos Capel, qui va tenir paraules de record per als pioners de Madrid Fusi\u00f3 i per a figures ja desaparegudes com Paul Bocuse o Charlie Trotter.<\/p>\n\n<p>El xef de D\u00e9nia va assenyalar que \u201cvenir a Madrid Fusi\u00f3 \u00e9s sempre un exercici de responsabilitat; aqu\u00ed es ve a aportar valor afegit\u201d. A partir d&#8217;aqu\u00ed, va parlar del que succeeix a la seva ciutat i del seu men\u00fa protegit com a manifestaci\u00f3 art\u00edstica, defensant la idea que la gastronomia \u00e9s el vuit\u00e8 art.<\/p>\n\n<p>En la mateixa l\u00ednia de posar al comensal en el centre del relat gastron\u00f2mic, xefs com Mauro Uliassi, Quique Dacosta, Albert Adri\u00e0, Dabiz Mu\u00f1oz, Ferran Adri\u00e0 o Paulo Airaudo van coincidir en la import\u00e0ncia de repensar la relaci\u00f3 entre cuina i client. L&#8217;itali\u00e0 Mauro Uliassi, al capdavant del restaurant Uliassi en Senigallia, va tornar a l&#8217;escenari de Madrid Fusi\u00f3 per a explicar una proposta en la qual ell mateix se senti amb els comensals per a dialogar sobre el men\u00fa i els plats, alterant els rols tradicionals entre xef i client amb l&#8217;objectiu de generar emoci\u00f3 i convertir l&#8217;experi\u00e8ncia en el veritable centre de la narrativa gastron\u00f2mica.<\/p>\n","protected":false},"excerpt":{"rendered":"Madrid torna a convertir-se en el gran aparador internacional de la gastronomia amb la celebraci\u00f3 de Madrid Fusi\u00f3,&hellip;","protected":false},"author":5,"featured_media":87505,"comment_status":"closed","ping_status":"closed","sticky":false,"template":"","format":"standard","meta":{"csco_display_header_overlay":false,"csco_singular_sidebar":"","csco_page_header_type":"","csco_page_load_nextpost":"","csco_post_video_location":[],"csco_post_video_location_hash":"","csco_post_video_url":"","csco_post_video_bg_start_time":0,"csco_post_video_bg_end_time":0,"footnotes":""},"categories":[574],"tags":[692,6199,2579],"class_list":{"0":"post-87508","1":"post","2":"type-post","3":"status-publish","4":"format-standard","5":"has-post-thumbnail","7":"category-sociedad-2","8":"tag-gastronomia-ca-es","9":"tag-madrid-fusion","10":"tag-promocio-ca-es-2","11":"cs-entry","12":"cs-video-wrap"},"yoast_head":"<!-- This site is optimized with the Yoast SEO Premium plugin v26.6 (Yoast SEO v27.3) - https:\/\/yoast.com\/product\/yoast-seo-premium-wordpress\/ -->\n<title>D\u00e9nia i Calp porten el millor de la gastronomia a Madrid Fusi\u00f3 - Canfali<\/title>\n<meta name=\"robots\" content=\"index, follow, max-snippet:-1, max-image-preview:large, max-video-preview:-1\" \/>\n<link rel=\"canonical\" href=\"https:\/\/canfali.com\/ca-es\/denia-i-calp-porten-el-millor-de-la-gastronomia-a-madrid-fusio\/\" \/>\n<meta property=\"og:locale\" content=\"en_US\" \/>\n<meta property=\"og:type\" content=\"article\" \/>\n<meta property=\"og:title\" content=\"D\u00e9nia i Calp porten el millor de la gastronomia a Madrid Fusi\u00f3\" \/>\n<meta property=\"og:description\" content=\"Madrid torna a convertir-se en el gran aparador internacional de la gastronomia amb la celebraci\u00f3 de Madrid Fusi\u00f3,&hellip;\" \/>\n<meta property=\"og:url\" content=\"https:\/\/canfali.com\/ca-es\/denia-i-calp-porten-el-millor-de-la-gastronomia-a-madrid-fusio\/\" \/>\n<meta property=\"og:site_name\" content=\"Canfali\" \/>\n<meta property=\"article:publisher\" content=\"https:\/\/es-es.facebook.com\/CANFALIMarinaAlta\" \/>\n<meta property=\"article:published_time\" content=\"2026-01-27T08:08:03+00:00\" \/>\n<meta property=\"article:modified_time\" content=\"2026-01-27T08:11:30+00:00\" \/>\n<meta property=\"og:image\" content=\"https:\/\/canfali.com\/app\/uploads\/2026\/01\/madrid-fusion2.jpg\" \/>\n\t<meta property=\"og:image:width\" content=\"1024\" \/>\n\t<meta property=\"og:image:height\" content=\"576\" \/>\n\t<meta property=\"og:image:type\" content=\"image\/jpeg\" \/>\n<meta name=\"author\" content=\"D\u00eddac\" \/>\n<meta name=\"twitter:card\" content=\"summary_large_image\" \/>\n<meta name=\"twitter:creator\" content=\"@canfalima\" \/>\n<meta name=\"twitter:site\" content=\"@canfalima\" \/>\n<meta name=\"twitter:label1\" content=\"Written by\" \/>\n\t<meta name=\"twitter:data1\" content=\"D\u00eddac\" \/>\n\t<meta name=\"twitter:label2\" content=\"Est. reading time\" \/>\n\t<meta name=\"twitter:data2\" content=\"3 minutes\" \/>\n<script type=\"application\/ld+json\" class=\"yoast-schema-graph\">{\"@context\":\"https:\\\/\\\/schema.org\",\"@graph\":[{\"@type\":\"NewsArticle\",\"@id\":\"https:\\\/\\\/canfali.com\\\/ca-es\\\/denia-i-calp-porten-el-millor-de-la-gastronomia-a-madrid-fusio\\\/#article\",\"isPartOf\":{\"@id\":\"https:\\\/\\\/canfali.com\\\/ca-es\\\/denia-i-calp-porten-el-millor-de-la-gastronomia-a-madrid-fusio\\\/\"},\"author\":{\"name\":\"D\u00eddac\",\"@id\":\"https:\\\/\\\/canfali.com\\\/ca-es\\\/#\\\/schema\\\/person\\\/5211f51be1ed486a218e6a4f53355b6d\"},\"headline\":\"D\u00e9nia i Calp porten el millor de la gastronomia a Madrid Fusi\u00f3\",\"datePublished\":\"2026-01-27T08:08:03+00:00\",\"dateModified\":\"2026-01-27T08:11:30+00:00\",\"mainEntityOfPage\":{\"@id\":\"https:\\\/\\\/canfali.com\\\/ca-es\\\/denia-i-calp-porten-el-millor-de-la-gastronomia-a-madrid-fusio\\\/\"},\"wordCount\":564,\"publisher\":{\"@id\":\"https:\\\/\\\/canfali.com\\\/ca-es\\\/#organization\"},\"image\":{\"@id\":\"https:\\\/\\\/canfali.com\\\/ca-es\\\/denia-i-calp-porten-el-millor-de-la-gastronomia-a-madrid-fusio\\\/#primaryimage\"},\"thumbnailUrl\":\"https:\\\/\\\/canfali.com\\\/app\\\/uploads\\\/2026\\\/01\\\/madrid-fusion2.jpg\",\"keywords\":[\"gastronomia\",\"madrid fusion\",\"promoci\u00f3\"],\"articleSection\":[\"Sociedad\"],\"inLanguage\":\"va-ES\",\"copyrightYear\":\"2026\",\"copyrightHolder\":{\"@id\":\"https:\\\/\\\/canfali.com\\\/#organization\"}},{\"@type\":\"WebPage\",\"@id\":\"https:\\\/\\\/canfali.com\\\/ca-es\\\/denia-i-calp-porten-el-millor-de-la-gastronomia-a-madrid-fusio\\\/\",\"url\":\"https:\\\/\\\/canfali.com\\\/ca-es\\\/denia-i-calp-porten-el-millor-de-la-gastronomia-a-madrid-fusio\\\/\",\"name\":\"D\u00e9nia i Calp porten el millor de la gastronomia a Madrid Fusi\u00f3 - Canfali\",\"isPartOf\":{\"@id\":\"https:\\\/\\\/canfali.com\\\/ca-es\\\/#website\"},\"primaryImageOfPage\":{\"@id\":\"https:\\\/\\\/canfali.com\\\/ca-es\\\/denia-i-calp-porten-el-millor-de-la-gastronomia-a-madrid-fusio\\\/#primaryimage\"},\"image\":{\"@id\":\"https:\\\/\\\/canfali.com\\\/ca-es\\\/denia-i-calp-porten-el-millor-de-la-gastronomia-a-madrid-fusio\\\/#primaryimage\"},\"thumbnailUrl\":\"https:\\\/\\\/canfali.com\\\/app\\\/uploads\\\/2026\\\/01\\\/madrid-fusion2.jpg\",\"datePublished\":\"2026-01-27T08:08:03+00:00\",\"dateModified\":\"2026-01-27T08:11:30+00:00\",\"breadcrumb\":{\"@id\":\"https:\\\/\\\/canfali.com\\\/ca-es\\\/denia-i-calp-porten-el-millor-de-la-gastronomia-a-madrid-fusio\\\/#breadcrumb\"},\"inLanguage\":\"va-ES\",\"potentialAction\":[{\"@type\":\"ReadAction\",\"target\":[\"https:\\\/\\\/canfali.com\\\/ca-es\\\/denia-i-calp-porten-el-millor-de-la-gastronomia-a-madrid-fusio\\\/\"]}]},{\"@type\":\"ImageObject\",\"inLanguage\":\"va-ES\",\"@id\":\"https:\\\/\\\/canfali.com\\\/ca-es\\\/denia-i-calp-porten-el-millor-de-la-gastronomia-a-madrid-fusio\\\/#primaryimage\",\"url\":\"https:\\\/\\\/canfali.com\\\/app\\\/uploads\\\/2026\\\/01\\\/madrid-fusion2.jpg\",\"contentUrl\":\"https:\\\/\\\/canfali.com\\\/app\\\/uploads\\\/2026\\\/01\\\/madrid-fusion2.jpg\",\"width\":1024,\"height\":576},{\"@type\":\"BreadcrumbList\",\"@id\":\"https:\\\/\\\/canfali.com\\\/ca-es\\\/denia-i-calp-porten-el-millor-de-la-gastronomia-a-madrid-fusio\\\/#breadcrumb\",\"itemListElement\":[{\"@type\":\"ListItem\",\"position\":1,\"name\":\"Portada\",\"item\":\"https:\\\/\\\/canfali.com\\\/ca-es\\\/\"},{\"@type\":\"ListItem\",\"position\":2,\"name\":\"D\u00e9nia i Calp porten el millor de la gastronomia a Madrid Fusi\u00f3\"}]},{\"@type\":\"WebSite\",\"@id\":\"https:\\\/\\\/canfali.com\\\/ca-es\\\/#website\",\"url\":\"https:\\\/\\\/canfali.com\\\/ca-es\\\/\",\"name\":\"Canfali\",\"description\":\"\",\"publisher\":{\"@id\":\"https:\\\/\\\/canfali.com\\\/ca-es\\\/#organization\"},\"potentialAction\":[{\"@type\":\"SearchAction\",\"target\":{\"@type\":\"EntryPoint\",\"urlTemplate\":\"https:\\\/\\\/canfali.com\\\/ca-es\\\/?s={search_term_string}\"},\"query-input\":{\"@type\":\"PropertyValueSpecification\",\"valueRequired\":true,\"valueName\":\"search_term_string\"}}],\"inLanguage\":\"va-ES\"},{\"@type\":\"Organization\",\"@id\":\"https:\\\/\\\/canfali.com\\\/ca-es\\\/#organization\",\"name\":\"Canfali\",\"url\":\"https:\\\/\\\/canfali.com\\\/ca-es\\\/\",\"logo\":{\"@type\":\"ImageObject\",\"inLanguage\":\"va-ES\",\"@id\":\"https:\\\/\\\/canfali.com\\\/ca-es\\\/#\\\/schema\\\/logo\\\/image\\\/\",\"url\":\"https:\\\/\\\/canfali.com\\\/app\\\/uploads\\\/2025\\\/12\\\/canfali_marina_alta_logo.png\",\"contentUrl\":\"https:\\\/\\\/canfali.com\\\/app\\\/uploads\\\/2025\\\/12\\\/canfali_marina_alta_logo.png\",\"width\":225,\"height\":225,\"caption\":\"Canfali\"},\"image\":{\"@id\":\"https:\\\/\\\/canfali.com\\\/ca-es\\\/#\\\/schema\\\/logo\\\/image\\\/\"},\"sameAs\":[\"https:\\\/\\\/es-es.facebook.com\\\/CANFALIMarinaAlta\",\"https:\\\/\\\/x.com\\\/canfalima\",\"https:\\\/\\\/www.instagram.com\\\/canfalimarinaalta\\\/\"]},{\"@type\":\"Person\",\"@id\":\"https:\\\/\\\/canfali.com\\\/ca-es\\\/#\\\/schema\\\/person\\\/5211f51be1ed486a218e6a4f53355b6d\",\"name\":\"D\u00eddac\",\"image\":{\"@type\":\"ImageObject\",\"inLanguage\":\"va-ES\",\"@id\":\"https:\\\/\\\/secure.gravatar.com\\\/avatar\\\/a68a2078c12da8a6dd6cff4f3f3f69f7eb69a2d31ac1aac4da61c3761e4557f4?s=96&d=mm&r=g\",\"url\":\"https:\\\/\\\/secure.gravatar.com\\\/avatar\\\/a68a2078c12da8a6dd6cff4f3f3f69f7eb69a2d31ac1aac4da61c3761e4557f4?s=96&d=mm&r=g\",\"contentUrl\":\"https:\\\/\\\/secure.gravatar.com\\\/avatar\\\/a68a2078c12da8a6dd6cff4f3f3f69f7eb69a2d31ac1aac4da61c3761e4557f4?s=96&d=mm&r=g\",\"caption\":\"D\u00eddac\"},\"url\":\"https:\\\/\\\/canfali.com\\\/ca-es\\\/author\\\/didac\\\/\"}]}<\/script>\n<!-- \/ Yoast SEO Premium plugin. -->","yoast_head_json":{"title":"D\u00e9nia i Calp porten el millor de la gastronomia a Madrid Fusi\u00f3 - Canfali","robots":{"index":"index","follow":"follow","max-snippet":"max-snippet:-1","max-image-preview":"max-image-preview:large","max-video-preview":"max-video-preview:-1"},"canonical":"https:\/\/canfali.com\/ca-es\/denia-i-calp-porten-el-millor-de-la-gastronomia-a-madrid-fusio\/","og_locale":"en_US","og_type":"article","og_title":"D\u00e9nia i Calp porten el millor de la gastronomia a Madrid Fusi\u00f3","og_description":"Madrid torna a convertir-se en el gran aparador internacional de la gastronomia amb la celebraci\u00f3 de Madrid Fusi\u00f3,&hellip;","og_url":"https:\/\/canfali.com\/ca-es\/denia-i-calp-porten-el-millor-de-la-gastronomia-a-madrid-fusio\/","og_site_name":"Canfali","article_publisher":"https:\/\/es-es.facebook.com\/CANFALIMarinaAlta","article_published_time":"2026-01-27T08:08:03+00:00","article_modified_time":"2026-01-27T08:11:30+00:00","og_image":[{"width":1024,"height":576,"url":"https:\/\/canfali.com\/app\/uploads\/2026\/01\/madrid-fusion2.jpg","type":"image\/jpeg"}],"author":"D\u00eddac","twitter_card":"summary_large_image","twitter_creator":"@canfalima","twitter_site":"@canfalima","twitter_misc":{"Written by":"D\u00eddac","Est. reading time":"3 minutes"},"schema":{"@context":"https:\/\/schema.org","@graph":[{"@type":"NewsArticle","@id":"https:\/\/canfali.com\/ca-es\/denia-i-calp-porten-el-millor-de-la-gastronomia-a-madrid-fusio\/#article","isPartOf":{"@id":"https:\/\/canfali.com\/ca-es\/denia-i-calp-porten-el-millor-de-la-gastronomia-a-madrid-fusio\/"},"author":{"name":"D\u00eddac","@id":"https:\/\/canfali.com\/ca-es\/#\/schema\/person\/5211f51be1ed486a218e6a4f53355b6d"},"headline":"D\u00e9nia i Calp porten el millor de la gastronomia a Madrid Fusi\u00f3","datePublished":"2026-01-27T08:08:03+00:00","dateModified":"2026-01-27T08:11:30+00:00","mainEntityOfPage":{"@id":"https:\/\/canfali.com\/ca-es\/denia-i-calp-porten-el-millor-de-la-gastronomia-a-madrid-fusio\/"},"wordCount":564,"publisher":{"@id":"https:\/\/canfali.com\/ca-es\/#organization"},"image":{"@id":"https:\/\/canfali.com\/ca-es\/denia-i-calp-porten-el-millor-de-la-gastronomia-a-madrid-fusio\/#primaryimage"},"thumbnailUrl":"https:\/\/canfali.com\/app\/uploads\/2026\/01\/madrid-fusion2.jpg","keywords":["gastronomia","madrid fusion","promoci\u00f3"],"articleSection":["Sociedad"],"inLanguage":"va-ES","copyrightYear":"2026","copyrightHolder":{"@id":"https:\/\/canfali.com\/#organization"}},{"@type":"WebPage","@id":"https:\/\/canfali.com\/ca-es\/denia-i-calp-porten-el-millor-de-la-gastronomia-a-madrid-fusio\/","url":"https:\/\/canfali.com\/ca-es\/denia-i-calp-porten-el-millor-de-la-gastronomia-a-madrid-fusio\/","name":"D\u00e9nia i Calp porten el millor de la gastronomia a Madrid Fusi\u00f3 - Canfali","isPartOf":{"@id":"https:\/\/canfali.com\/ca-es\/#website"},"primaryImageOfPage":{"@id":"https:\/\/canfali.com\/ca-es\/denia-i-calp-porten-el-millor-de-la-gastronomia-a-madrid-fusio\/#primaryimage"},"image":{"@id":"https:\/\/canfali.com\/ca-es\/denia-i-calp-porten-el-millor-de-la-gastronomia-a-madrid-fusio\/#primaryimage"},"thumbnailUrl":"https:\/\/canfali.com\/app\/uploads\/2026\/01\/madrid-fusion2.jpg","datePublished":"2026-01-27T08:08:03+00:00","dateModified":"2026-01-27T08:11:30+00:00","breadcrumb":{"@id":"https:\/\/canfali.com\/ca-es\/denia-i-calp-porten-el-millor-de-la-gastronomia-a-madrid-fusio\/#breadcrumb"},"inLanguage":"va-ES","potentialAction":[{"@type":"ReadAction","target":["https:\/\/canfali.com\/ca-es\/denia-i-calp-porten-el-millor-de-la-gastronomia-a-madrid-fusio\/"]}]},{"@type":"ImageObject","inLanguage":"va-ES","@id":"https:\/\/canfali.com\/ca-es\/denia-i-calp-porten-el-millor-de-la-gastronomia-a-madrid-fusio\/#primaryimage","url":"https:\/\/canfali.com\/app\/uploads\/2026\/01\/madrid-fusion2.jpg","contentUrl":"https:\/\/canfali.com\/app\/uploads\/2026\/01\/madrid-fusion2.jpg","width":1024,"height":576},{"@type":"BreadcrumbList","@id":"https:\/\/canfali.com\/ca-es\/denia-i-calp-porten-el-millor-de-la-gastronomia-a-madrid-fusio\/#breadcrumb","itemListElement":[{"@type":"ListItem","position":1,"name":"Portada","item":"https:\/\/canfali.com\/ca-es\/"},{"@type":"ListItem","position":2,"name":"D\u00e9nia i Calp porten el millor de la gastronomia a Madrid Fusi\u00f3"}]},{"@type":"WebSite","@id":"https:\/\/canfali.com\/ca-es\/#website","url":"https:\/\/canfali.com\/ca-es\/","name":"Canfali","description":"","publisher":{"@id":"https:\/\/canfali.com\/ca-es\/#organization"},"potentialAction":[{"@type":"SearchAction","target":{"@type":"EntryPoint","urlTemplate":"https:\/\/canfali.com\/ca-es\/?s={search_term_string}"},"query-input":{"@type":"PropertyValueSpecification","valueRequired":true,"valueName":"search_term_string"}}],"inLanguage":"va-ES"},{"@type":"Organization","@id":"https:\/\/canfali.com\/ca-es\/#organization","name":"Canfali","url":"https:\/\/canfali.com\/ca-es\/","logo":{"@type":"ImageObject","inLanguage":"va-ES","@id":"https:\/\/canfali.com\/ca-es\/#\/schema\/logo\/image\/","url":"https:\/\/canfali.com\/app\/uploads\/2025\/12\/canfali_marina_alta_logo.png","contentUrl":"https:\/\/canfali.com\/app\/uploads\/2025\/12\/canfali_marina_alta_logo.png","width":225,"height":225,"caption":"Canfali"},"image":{"@id":"https:\/\/canfali.com\/ca-es\/#\/schema\/logo\/image\/"},"sameAs":["https:\/\/es-es.facebook.com\/CANFALIMarinaAlta","https:\/\/x.com\/canfalima","https:\/\/www.instagram.com\/canfalimarinaalta\/"]},{"@type":"Person","@id":"https:\/\/canfali.com\/ca-es\/#\/schema\/person\/5211f51be1ed486a218e6a4f53355b6d","name":"D\u00eddac","image":{"@type":"ImageObject","inLanguage":"va-ES","@id":"https:\/\/secure.gravatar.com\/avatar\/a68a2078c12da8a6dd6cff4f3f3f69f7eb69a2d31ac1aac4da61c3761e4557f4?s=96&d=mm&r=g","url":"https:\/\/secure.gravatar.com\/avatar\/a68a2078c12da8a6dd6cff4f3f3f69f7eb69a2d31ac1aac4da61c3761e4557f4?s=96&d=mm&r=g","contentUrl":"https:\/\/secure.gravatar.com\/avatar\/a68a2078c12da8a6dd6cff4f3f3f69f7eb69a2d31ac1aac4da61c3761e4557f4?s=96&d=mm&r=g","caption":"D\u00eddac"},"url":"https:\/\/canfali.com\/ca-es\/author\/didac\/"}]}},"_links":{"self":[{"href":"https:\/\/canfali.com\/ca-es\/wp-json\/wp\/v2\/posts\/87508","targetHints":{"allow":["GET"]}}],"collection":[{"href":"https:\/\/canfali.com\/ca-es\/wp-json\/wp\/v2\/posts"}],"about":[{"href":"https:\/\/canfali.com\/ca-es\/wp-json\/wp\/v2\/types\/post"}],"author":[{"embeddable":true,"href":"https:\/\/canfali.com\/ca-es\/wp-json\/wp\/v2\/users\/5"}],"replies":[{"embeddable":true,"href":"https:\/\/canfali.com\/ca-es\/wp-json\/wp\/v2\/comments?post=87508"}],"version-history":[{"count":1,"href":"https:\/\/canfali.com\/ca-es\/wp-json\/wp\/v2\/posts\/87508\/revisions"}],"predecessor-version":[{"id":87509,"href":"https:\/\/canfali.com\/ca-es\/wp-json\/wp\/v2\/posts\/87508\/revisions\/87509"}],"wp:featuredmedia":[{"embeddable":true,"href":"https:\/\/canfali.com\/ca-es\/wp-json\/wp\/v2\/media\/87505"}],"wp:attachment":[{"href":"https:\/\/canfali.com\/ca-es\/wp-json\/wp\/v2\/media?parent=87508"}],"wp:term":[{"taxonomy":"category","embeddable":true,"href":"https:\/\/canfali.com\/ca-es\/wp-json\/wp\/v2\/categories?post=87508"},{"taxonomy":"post_tag","embeddable":true,"href":"https:\/\/canfali.com\/ca-es\/wp-json\/wp\/v2\/tags?post=87508"}],"curies":[{"name":"wp","href":"https:\/\/api.w.org\/{rel}","templated":true}]}}