{"id":87472,"date":"2026-01-26T12:00:33","date_gmt":"2026-01-26T11:00:33","guid":{"rendered":"https:\/\/canfali.com\/la-gamba-roja-posa-la-creativitat-al-servei-de-la-gastronomia\/"},"modified":"2026-01-26T12:20:10","modified_gmt":"2026-01-26T11:20:10","slug":"la-gamba-roja-posa-la-creativitat-al-servei-de-la-gastronomia","status":"publish","type":"post","link":"https:\/\/canfali.com\/ca-es\/la-gamba-roja-posa-la-creativitat-al-servei-de-la-gastronomia\/","title":{"rendered":"La gamba roja posa la creativitat al servei de la gastronomia"},"content":{"rendered":"\n<p><\/p>\n\n<figure class=\"wp-block-pullquote\"><blockquote><p>Obert el termini d&#8217;inscripci\u00f3 per a participar en la XIV edici\u00f3 del Concurs Internacional de Cuina Creativa de la Gamba Roja de D\u00e9nia<\/p><\/blockquote><\/figure>\n\n<p>El Concurs Internacional de Cuina Creativa de la Gamba Roja de D\u00e9nia celebra en 2026 la seua catorzena edici\u00f3 i posa una vegada m\u00e9s la creativitat al servei de la gastronomia. El certamen se celebrar\u00e0 el dimecres 24 de mar\u00e7 en el Mercat Municipal de D\u00e9nia, escenari emblem\u00e0tic d&#8217;un concurs que reuneix cada any a alguns dels cuiners m\u00e9s inquiets i creatius del pa\u00eds.<\/p>\n\n<p>Organitzat per l&#8217;Associaci\u00f3 d&#8217;Empresaris d&#8217;Hostaleria i Turisme de la Marina Alta (AEHTMA), amb la col\u00b7laboraci\u00f3 de l&#8217;Ajuntament de D\u00e9nia, el certamen s&#8217;ha convertit en un aparador privilegiat per a la cuina contempor\u00e0nia i per a la projecci\u00f3 d&#8217;un producte \u00fanic: la gamba roja de D\u00e9nia, reconeguda per la seua excel\u00b7l\u00e8ncia, sabor i singularitat.<\/p>\n\n<p>Al llarg de les seues tretze edicions anteriors, el concurs ha sabut evolucionar sense perdre la seua ess\u00e8ncia, atraient a xefs de prestigi, cr\u00edtics gastron\u00f2mics i professionals del sector i consolidant-se com una plataforma de talent on la creativitat es posa al servei del producte. En aquesta nova edici\u00f3, l&#8217;objectiu torna a ser el mateix: reinterpretar la gamba roja de D\u00e9nia des del respecte, la t\u00e8cnica i la innovaci\u00f3, situant-la en el centre de propostes capaces de sorprendre el jurat i al p\u00fablic.<\/p>\n\n<p>El certamen est\u00e0 dirigit a cuiners professionals vinculats a establiments d&#8217;hostaleria o a centres de formaci\u00f3 en gastronomia homologats, que hauran de presentar una recepta original en la qual la gamba roja de D\u00e9nia siga la mat\u00e8ria primera protagonista. Despr\u00e9s del tancament del termini d&#8217;inscripci\u00f3, el pr\u00f2xim 3 de mar\u00e7, un jurat format per xefs, cr\u00edtics i experts gastron\u00f2mics seleccionar\u00e0 les vuit propostes finalistes, que s&#8217;elaboraran en directe el dia del concurs.<\/p>\n\n<p>Durant la jornada del 24 de mar\u00e7, el Mercat Municipal de D\u00e9nia tornar\u00e0 a convertir-se en un espai de creativitat, innovaci\u00f3 i excel\u00b7l\u00e8ncia culin\u00e0ria. El jurat valorar\u00e0 especialment el sabor, la presentaci\u00f3 i el paper central de la gamba roja de D\u00e9nia en cada plat.<\/p>\n\n<p>El concurs atorgar\u00e0 tres premis econ\u00f2mics, a m\u00e9s del Trofeu de la Gamba Roja de D\u00e9nia, una escultura original de l&#8217;artista Toni Mar\u00ed, que s&#8217;ha convertit en un s\u00edmbol del certamen.<\/p>\n\n<p>Amb aquesta XIV edici\u00f3, el concurs no sols reafirma la seua maduresa i prestigi, sin\u00f3 tamb\u00e9 el seu paper com altaveu de la gastronomia mediterr\u00e0nia i com a defensor d&#8217;un producte que forma part de la identitat culin\u00e0ria de D\u00e9nia i de la Comunitat Valenciana.<\/p>\n","protected":false},"excerpt":{"rendered":"Obert el termini d&#8217;inscripci\u00f3 per a participar en la XIV edici\u00f3 del Concurs Internacional de Cuina Creativa de&hellip;","protected":false},"author":6,"featured_media":87470,"comment_status":"closed","ping_status":"closed","sticky":false,"template":"","format":"standard","meta":{"csco_display_header_overlay":false,"csco_singular_sidebar":"","csco_page_header_type":"","csco_page_load_nextpost":"","csco_post_video_location":[],"csco_post_video_location_hash":"","csco_post_video_url":"","csco_post_video_bg_start_time":0,"csco_post_video_bg_end_time":0,"footnotes":""},"categories":[589],"tags":[1360,6118,822,6190,687,820],"class_list":{"0":"post-87472","1":"post","2":"type-post","3":"status-publish","4":"format-standard","5":"has-post-thumbnail","7":"category-gastronomia-ca-es","8":"tag-aehtma-ca-es","9":"tag-ajuntament-de-denia-2","10":"tag-concurs","11":"tag-cuina-creativa","12":"tag-denia-ca-es","13":"tag-gamba-roja-ca-es","14":"cs-entry","15":"cs-video-wrap"},"yoast_head":"<!-- This site is optimized with the Yoast SEO Premium plugin v26.6 (Yoast SEO v27.3) - https:\/\/yoast.com\/product\/yoast-seo-premium-wordpress\/ -->\n<title>La gamba roja posa la creativitat al servei de la gastronomia - Canfali<\/title>\n<meta name=\"description\" content=\"Obert el termini d&#039;inscripci\u00f3 per a participar en la XIV edici\u00f3 del Concurs Internacional de Cuina Creativa de la Gamba Roja de D\u00e9nia\" \/>\n<meta name=\"robots\" content=\"index, follow, max-snippet:-1, max-image-preview:large, max-video-preview:-1\" \/>\n<link rel=\"canonical\" href=\"https:\/\/canfali.com\/ca-es\/la-gamba-roja-posa-la-creativitat-al-servei-de-la-gastronomia\/\" \/>\n<meta property=\"og:locale\" content=\"en_US\" \/>\n<meta property=\"og:type\" content=\"article\" \/>\n<meta property=\"og:title\" content=\"La gamba roja posa la creativitat al servei de la gastronomia\" \/>\n<meta property=\"og:description\" content=\"Obert el termini d&#039;inscripci\u00f3 per a participar en la XIV edici\u00f3 del Concurs Internacional de Cuina Creativa de la Gamba Roja de D\u00e9nia\" \/>\n<meta property=\"og:url\" content=\"https:\/\/canfali.com\/ca-es\/la-gamba-roja-posa-la-creativitat-al-servei-de-la-gastronomia\/\" \/>\n<meta property=\"og:site_name\" content=\"Canfali\" \/>\n<meta property=\"article:publisher\" content=\"https:\/\/es-es.facebook.com\/CANFALIMarinaAlta\" \/>\n<meta property=\"article:published_time\" content=\"2026-01-26T11:00:33+00:00\" \/>\n<meta property=\"article:modified_time\" content=\"2026-01-26T11:20:10+00:00\" \/>\n<meta property=\"og:image\" content=\"https:\/\/canfali.com\/app\/uploads\/2026\/01\/gamba.jpeg\" \/>\n\t<meta property=\"og:image:width\" content=\"1280\" \/>\n\t<meta property=\"og:image:height\" content=\"796\" \/>\n\t<meta property=\"og:image:type\" content=\"image\/jpeg\" \/>\n<meta name=\"author\" content=\"Rosa\" \/>\n<meta name=\"twitter:card\" content=\"summary_large_image\" \/>\n<meta name=\"twitter:creator\" content=\"@canfalima\" \/>\n<meta name=\"twitter:site\" content=\"@canfalima\" \/>\n<meta name=\"twitter:label1\" content=\"Written by\" \/>\n\t<meta name=\"twitter:data1\" content=\"Rosa\" \/>\n\t<meta name=\"twitter:label2\" content=\"Est. reading time\" \/>\n\t<meta name=\"twitter:data2\" content=\"2 minutes\" \/>\n<script type=\"application\/ld+json\" class=\"yoast-schema-graph\">{\"@context\":\"https:\\\/\\\/schema.org\",\"@graph\":[{\"@type\":\"NewsArticle\",\"@id\":\"https:\\\/\\\/canfali.com\\\/ca-es\\\/la-gamba-roja-posa-la-creativitat-al-servei-de-la-gastronomia\\\/#article\",\"isPartOf\":{\"@id\":\"https:\\\/\\\/canfali.com\\\/ca-es\\\/la-gamba-roja-posa-la-creativitat-al-servei-de-la-gastronomia\\\/\"},\"author\":{\"name\":\"Rosa\",\"@id\":\"https:\\\/\\\/canfali.com\\\/ca-es\\\/#\\\/schema\\\/person\\\/c861a7aa2b2495357b95f35bd5d82f88\"},\"headline\":\"La gamba roja posa la creativitat al servei de la gastronomia\",\"datePublished\":\"2026-01-26T11:00:33+00:00\",\"dateModified\":\"2026-01-26T11:20:10+00:00\",\"mainEntityOfPage\":{\"@id\":\"https:\\\/\\\/canfali.com\\\/ca-es\\\/la-gamba-roja-posa-la-creativitat-al-servei-de-la-gastronomia\\\/\"},\"wordCount\":475,\"publisher\":{\"@id\":\"https:\\\/\\\/canfali.com\\\/ca-es\\\/#organization\"},\"image\":{\"@id\":\"https:\\\/\\\/canfali.com\\\/ca-es\\\/la-gamba-roja-posa-la-creativitat-al-servei-de-la-gastronomia\\\/#primaryimage\"},\"thumbnailUrl\":\"https:\\\/\\\/canfali.com\\\/app\\\/uploads\\\/2026\\\/01\\\/gamba.jpeg\",\"keywords\":[\"AEHTMA\",\"ajuntament de d\u00e9nia\",\"concurs\",\"cuina creativa\",\"d\u00e9nia\",\"gamba roja\"],\"articleSection\":[\"Gastronomia\"],\"inLanguage\":\"va-ES\",\"copyrightYear\":\"2026\",\"copyrightHolder\":{\"@id\":\"https:\\\/\\\/canfali.com\\\/#organization\"}},{\"@type\":\"WebPage\",\"@id\":\"https:\\\/\\\/canfali.com\\\/ca-es\\\/la-gamba-roja-posa-la-creativitat-al-servei-de-la-gastronomia\\\/\",\"url\":\"https:\\\/\\\/canfali.com\\\/ca-es\\\/la-gamba-roja-posa-la-creativitat-al-servei-de-la-gastronomia\\\/\",\"name\":\"La gamba roja posa la creativitat al servei de la gastronomia - Canfali\",\"isPartOf\":{\"@id\":\"https:\\\/\\\/canfali.com\\\/ca-es\\\/#website\"},\"primaryImageOfPage\":{\"@id\":\"https:\\\/\\\/canfali.com\\\/ca-es\\\/la-gamba-roja-posa-la-creativitat-al-servei-de-la-gastronomia\\\/#primaryimage\"},\"image\":{\"@id\":\"https:\\\/\\\/canfali.com\\\/ca-es\\\/la-gamba-roja-posa-la-creativitat-al-servei-de-la-gastronomia\\\/#primaryimage\"},\"thumbnailUrl\":\"https:\\\/\\\/canfali.com\\\/app\\\/uploads\\\/2026\\\/01\\\/gamba.jpeg\",\"datePublished\":\"2026-01-26T11:00:33+00:00\",\"dateModified\":\"2026-01-26T11:20:10+00:00\",\"description\":\"Obert el termini d'inscripci\u00f3 per a participar en la XIV edici\u00f3 del Concurs Internacional de Cuina Creativa de la Gamba Roja de D\u00e9nia\",\"breadcrumb\":{\"@id\":\"https:\\\/\\\/canfali.com\\\/ca-es\\\/la-gamba-roja-posa-la-creativitat-al-servei-de-la-gastronomia\\\/#breadcrumb\"},\"inLanguage\":\"va-ES\",\"potentialAction\":[{\"@type\":\"ReadAction\",\"target\":[\"https:\\\/\\\/canfali.com\\\/ca-es\\\/la-gamba-roja-posa-la-creativitat-al-servei-de-la-gastronomia\\\/\"]}]},{\"@type\":\"ImageObject\",\"inLanguage\":\"va-ES\",\"@id\":\"https:\\\/\\\/canfali.com\\\/ca-es\\\/la-gamba-roja-posa-la-creativitat-al-servei-de-la-gastronomia\\\/#primaryimage\",\"url\":\"https:\\\/\\\/canfali.com\\\/app\\\/uploads\\\/2026\\\/01\\\/gamba.jpeg\",\"contentUrl\":\"https:\\\/\\\/canfali.com\\\/app\\\/uploads\\\/2026\\\/01\\\/gamba.jpeg\",\"width\":1280,\"height\":796},{\"@type\":\"BreadcrumbList\",\"@id\":\"https:\\\/\\\/canfali.com\\\/ca-es\\\/la-gamba-roja-posa-la-creativitat-al-servei-de-la-gastronomia\\\/#breadcrumb\",\"itemListElement\":[{\"@type\":\"ListItem\",\"position\":1,\"name\":\"Portada\",\"item\":\"https:\\\/\\\/canfali.com\\\/ca-es\\\/\"},{\"@type\":\"ListItem\",\"position\":2,\"name\":\"La gamba roja posa la creativitat al servei de la gastronomia\"}]},{\"@type\":\"WebSite\",\"@id\":\"https:\\\/\\\/canfali.com\\\/ca-es\\\/#website\",\"url\":\"https:\\\/\\\/canfali.com\\\/ca-es\\\/\",\"name\":\"Canfali\",\"description\":\"\",\"publisher\":{\"@id\":\"https:\\\/\\\/canfali.com\\\/ca-es\\\/#organization\"},\"potentialAction\":[{\"@type\":\"SearchAction\",\"target\":{\"@type\":\"EntryPoint\",\"urlTemplate\":\"https:\\\/\\\/canfali.com\\\/ca-es\\\/?s={search_term_string}\"},\"query-input\":{\"@type\":\"PropertyValueSpecification\",\"valueRequired\":true,\"valueName\":\"search_term_string\"}}],\"inLanguage\":\"va-ES\"},{\"@type\":\"Organization\",\"@id\":\"https:\\\/\\\/canfali.com\\\/ca-es\\\/#organization\",\"name\":\"Canfali\",\"url\":\"https:\\\/\\\/canfali.com\\\/ca-es\\\/\",\"logo\":{\"@type\":\"ImageObject\",\"inLanguage\":\"va-ES\",\"@id\":\"https:\\\/\\\/canfali.com\\\/ca-es\\\/#\\\/schema\\\/logo\\\/image\\\/\",\"url\":\"https:\\\/\\\/canfali.com\\\/app\\\/uploads\\\/2025\\\/12\\\/canfali_marina_alta_logo.png\",\"contentUrl\":\"https:\\\/\\\/canfali.com\\\/app\\\/uploads\\\/2025\\\/12\\\/canfali_marina_alta_logo.png\",\"width\":225,\"height\":225,\"caption\":\"Canfali\"},\"image\":{\"@id\":\"https:\\\/\\\/canfali.com\\\/ca-es\\\/#\\\/schema\\\/logo\\\/image\\\/\"},\"sameAs\":[\"https:\\\/\\\/es-es.facebook.com\\\/CANFALIMarinaAlta\",\"https:\\\/\\\/x.com\\\/canfalima\",\"https:\\\/\\\/www.instagram.com\\\/canfalimarinaalta\\\/\"]},{\"@type\":\"Person\",\"@id\":\"https:\\\/\\\/canfali.com\\\/ca-es\\\/#\\\/schema\\\/person\\\/c861a7aa2b2495357b95f35bd5d82f88\",\"name\":\"Rosa\",\"image\":{\"@type\":\"ImageObject\",\"inLanguage\":\"va-ES\",\"@id\":\"https:\\\/\\\/secure.gravatar.com\\\/avatar\\\/47fb83d99423a6ef1cf9f83f02a5e91366c671dec76c5c24badf1b0494e1d960?s=96&d=mm&r=g\",\"url\":\"https:\\\/\\\/secure.gravatar.com\\\/avatar\\\/47fb83d99423a6ef1cf9f83f02a5e91366c671dec76c5c24badf1b0494e1d960?s=96&d=mm&r=g\",\"contentUrl\":\"https:\\\/\\\/secure.gravatar.com\\\/avatar\\\/47fb83d99423a6ef1cf9f83f02a5e91366c671dec76c5c24badf1b0494e1d960?s=96&d=mm&r=g\",\"caption\":\"Rosa\"},\"url\":\"https:\\\/\\\/canfali.com\\\/ca-es\\\/author\\\/rosa\\\/\"}]}<\/script>\n<!-- \/ Yoast SEO Premium plugin. -->","yoast_head_json":{"title":"La gamba roja posa la creativitat al servei de la gastronomia - Canfali","description":"Obert el termini d'inscripci\u00f3 per a participar en la XIV edici\u00f3 del Concurs Internacional de Cuina Creativa de la Gamba Roja de D\u00e9nia","robots":{"index":"index","follow":"follow","max-snippet":"max-snippet:-1","max-image-preview":"max-image-preview:large","max-video-preview":"max-video-preview:-1"},"canonical":"https:\/\/canfali.com\/ca-es\/la-gamba-roja-posa-la-creativitat-al-servei-de-la-gastronomia\/","og_locale":"en_US","og_type":"article","og_title":"La gamba roja posa la creativitat al servei de la gastronomia","og_description":"Obert el termini d'inscripci\u00f3 per a participar en la XIV edici\u00f3 del Concurs Internacional de Cuina Creativa de la Gamba Roja de D\u00e9nia","og_url":"https:\/\/canfali.com\/ca-es\/la-gamba-roja-posa-la-creativitat-al-servei-de-la-gastronomia\/","og_site_name":"Canfali","article_publisher":"https:\/\/es-es.facebook.com\/CANFALIMarinaAlta","article_published_time":"2026-01-26T11:00:33+00:00","article_modified_time":"2026-01-26T11:20:10+00:00","og_image":[{"width":1280,"height":796,"url":"https:\/\/canfali.com\/app\/uploads\/2026\/01\/gamba.jpeg","type":"image\/jpeg"}],"author":"Rosa","twitter_card":"summary_large_image","twitter_creator":"@canfalima","twitter_site":"@canfalima","twitter_misc":{"Written by":"Rosa","Est. reading time":"2 minutes"},"schema":{"@context":"https:\/\/schema.org","@graph":[{"@type":"NewsArticle","@id":"https:\/\/canfali.com\/ca-es\/la-gamba-roja-posa-la-creativitat-al-servei-de-la-gastronomia\/#article","isPartOf":{"@id":"https:\/\/canfali.com\/ca-es\/la-gamba-roja-posa-la-creativitat-al-servei-de-la-gastronomia\/"},"author":{"name":"Rosa","@id":"https:\/\/canfali.com\/ca-es\/#\/schema\/person\/c861a7aa2b2495357b95f35bd5d82f88"},"headline":"La gamba roja posa la creativitat al servei de la gastronomia","datePublished":"2026-01-26T11:00:33+00:00","dateModified":"2026-01-26T11:20:10+00:00","mainEntityOfPage":{"@id":"https:\/\/canfali.com\/ca-es\/la-gamba-roja-posa-la-creativitat-al-servei-de-la-gastronomia\/"},"wordCount":475,"publisher":{"@id":"https:\/\/canfali.com\/ca-es\/#organization"},"image":{"@id":"https:\/\/canfali.com\/ca-es\/la-gamba-roja-posa-la-creativitat-al-servei-de-la-gastronomia\/#primaryimage"},"thumbnailUrl":"https:\/\/canfali.com\/app\/uploads\/2026\/01\/gamba.jpeg","keywords":["AEHTMA","ajuntament de d\u00e9nia","concurs","cuina creativa","d\u00e9nia","gamba roja"],"articleSection":["Gastronomia"],"inLanguage":"va-ES","copyrightYear":"2026","copyrightHolder":{"@id":"https:\/\/canfali.com\/#organization"}},{"@type":"WebPage","@id":"https:\/\/canfali.com\/ca-es\/la-gamba-roja-posa-la-creativitat-al-servei-de-la-gastronomia\/","url":"https:\/\/canfali.com\/ca-es\/la-gamba-roja-posa-la-creativitat-al-servei-de-la-gastronomia\/","name":"La gamba roja posa la creativitat al servei de la gastronomia - Canfali","isPartOf":{"@id":"https:\/\/canfali.com\/ca-es\/#website"},"primaryImageOfPage":{"@id":"https:\/\/canfali.com\/ca-es\/la-gamba-roja-posa-la-creativitat-al-servei-de-la-gastronomia\/#primaryimage"},"image":{"@id":"https:\/\/canfali.com\/ca-es\/la-gamba-roja-posa-la-creativitat-al-servei-de-la-gastronomia\/#primaryimage"},"thumbnailUrl":"https:\/\/canfali.com\/app\/uploads\/2026\/01\/gamba.jpeg","datePublished":"2026-01-26T11:00:33+00:00","dateModified":"2026-01-26T11:20:10+00:00","description":"Obert el termini d'inscripci\u00f3 per a participar en la XIV edici\u00f3 del Concurs Internacional de Cuina Creativa de la Gamba Roja de D\u00e9nia","breadcrumb":{"@id":"https:\/\/canfali.com\/ca-es\/la-gamba-roja-posa-la-creativitat-al-servei-de-la-gastronomia\/#breadcrumb"},"inLanguage":"va-ES","potentialAction":[{"@type":"ReadAction","target":["https:\/\/canfali.com\/ca-es\/la-gamba-roja-posa-la-creativitat-al-servei-de-la-gastronomia\/"]}]},{"@type":"ImageObject","inLanguage":"va-ES","@id":"https:\/\/canfali.com\/ca-es\/la-gamba-roja-posa-la-creativitat-al-servei-de-la-gastronomia\/#primaryimage","url":"https:\/\/canfali.com\/app\/uploads\/2026\/01\/gamba.jpeg","contentUrl":"https:\/\/canfali.com\/app\/uploads\/2026\/01\/gamba.jpeg","width":1280,"height":796},{"@type":"BreadcrumbList","@id":"https:\/\/canfali.com\/ca-es\/la-gamba-roja-posa-la-creativitat-al-servei-de-la-gastronomia\/#breadcrumb","itemListElement":[{"@type":"ListItem","position":1,"name":"Portada","item":"https:\/\/canfali.com\/ca-es\/"},{"@type":"ListItem","position":2,"name":"La gamba roja posa la creativitat al servei de la gastronomia"}]},{"@type":"WebSite","@id":"https:\/\/canfali.com\/ca-es\/#website","url":"https:\/\/canfali.com\/ca-es\/","name":"Canfali","description":"","publisher":{"@id":"https:\/\/canfali.com\/ca-es\/#organization"},"potentialAction":[{"@type":"SearchAction","target":{"@type":"EntryPoint","urlTemplate":"https:\/\/canfali.com\/ca-es\/?s={search_term_string}"},"query-input":{"@type":"PropertyValueSpecification","valueRequired":true,"valueName":"search_term_string"}}],"inLanguage":"va-ES"},{"@type":"Organization","@id":"https:\/\/canfali.com\/ca-es\/#organization","name":"Canfali","url":"https:\/\/canfali.com\/ca-es\/","logo":{"@type":"ImageObject","inLanguage":"va-ES","@id":"https:\/\/canfali.com\/ca-es\/#\/schema\/logo\/image\/","url":"https:\/\/canfali.com\/app\/uploads\/2025\/12\/canfali_marina_alta_logo.png","contentUrl":"https:\/\/canfali.com\/app\/uploads\/2025\/12\/canfali_marina_alta_logo.png","width":225,"height":225,"caption":"Canfali"},"image":{"@id":"https:\/\/canfali.com\/ca-es\/#\/schema\/logo\/image\/"},"sameAs":["https:\/\/es-es.facebook.com\/CANFALIMarinaAlta","https:\/\/x.com\/canfalima","https:\/\/www.instagram.com\/canfalimarinaalta\/"]},{"@type":"Person","@id":"https:\/\/canfali.com\/ca-es\/#\/schema\/person\/c861a7aa2b2495357b95f35bd5d82f88","name":"Rosa","image":{"@type":"ImageObject","inLanguage":"va-ES","@id":"https:\/\/secure.gravatar.com\/avatar\/47fb83d99423a6ef1cf9f83f02a5e91366c671dec76c5c24badf1b0494e1d960?s=96&d=mm&r=g","url":"https:\/\/secure.gravatar.com\/avatar\/47fb83d99423a6ef1cf9f83f02a5e91366c671dec76c5c24badf1b0494e1d960?s=96&d=mm&r=g","contentUrl":"https:\/\/secure.gravatar.com\/avatar\/47fb83d99423a6ef1cf9f83f02a5e91366c671dec76c5c24badf1b0494e1d960?s=96&d=mm&r=g","caption":"Rosa"},"url":"https:\/\/canfali.com\/ca-es\/author\/rosa\/"}]}},"_links":{"self":[{"href":"https:\/\/canfali.com\/ca-es\/wp-json\/wp\/v2\/posts\/87472","targetHints":{"allow":["GET"]}}],"collection":[{"href":"https:\/\/canfali.com\/ca-es\/wp-json\/wp\/v2\/posts"}],"about":[{"href":"https:\/\/canfali.com\/ca-es\/wp-json\/wp\/v2\/types\/post"}],"author":[{"embeddable":true,"href":"https:\/\/canfali.com\/ca-es\/wp-json\/wp\/v2\/users\/6"}],"replies":[{"embeddable":true,"href":"https:\/\/canfali.com\/ca-es\/wp-json\/wp\/v2\/comments?post=87472"}],"version-history":[{"count":1,"href":"https:\/\/canfali.com\/ca-es\/wp-json\/wp\/v2\/posts\/87472\/revisions"}],"predecessor-version":[{"id":87473,"href":"https:\/\/canfali.com\/ca-es\/wp-json\/wp\/v2\/posts\/87472\/revisions\/87473"}],"wp:featuredmedia":[{"embeddable":true,"href":"https:\/\/canfali.com\/ca-es\/wp-json\/wp\/v2\/media\/87470"}],"wp:attachment":[{"href":"https:\/\/canfali.com\/ca-es\/wp-json\/wp\/v2\/media?parent=87472"}],"wp:term":[{"taxonomy":"category","embeddable":true,"href":"https:\/\/canfali.com\/ca-es\/wp-json\/wp\/v2\/categories?post=87472"},{"taxonomy":"post_tag","embeddable":true,"href":"https:\/\/canfali.com\/ca-es\/wp-json\/wp\/v2\/tags?post=87472"}],"curies":[{"name":"wp","href":"https:\/\/api.w.org\/{rel}","templated":true}]}}