{"id":87442,"date":"2026-01-25T22:39:35","date_gmt":"2026-01-25T21:39:35","guid":{"rendered":"https:\/\/canfali.com\/segona-ffcv-el-benitatxell-guanya-i-ja-es-segon\/"},"modified":"2026-01-25T22:43:09","modified_gmt":"2026-01-25T21:43:09","slug":"segona-ffcv-el-benitatxell-guanya-i-ja-es-segon","status":"publish","type":"post","link":"https:\/\/canfali.com\/ca-es\/segona-ffcv-el-benitatxell-guanya-i-ja-es-segon\/","title":{"rendered":"Segona FFCV: El Benitatxell guanya i ja \u00e9s segon"},"content":{"rendered":"\n<p>En Segona FFCV, Grup VII, el Benitatxell es va imposar a casa del R\u00e1cing Santa B\u00e1rbara, un rival directe, per 0-3 i ascendeix a la segona posici\u00f3, per darrere del l\u00edder Villajoyosa i un punt per damunt del Benissa, que tamb\u00e9 va guanyar com a visitant a l\u2019Alfaz del Pi per 1-2. \u00c1lvaro Tiscar, Rub\u00e9n Ortol\u00e1 i Javi Hern\u00e1ndez van ser els golejadors del Benitatxell.&#13;\n<\/p>\n\n<figure class=\"wp-block-image size-large\"><img decoding=\"async\" src=\"https:\/\/canfali.com\/app\/uploads\/2026\/01\/WhatsApp-Image-2026-01-25-at-21.31.35-1024x632.jpeg.webp\" alt=\"\" class=\"wp-image-87437\"\/><\/figure>\n\n<p>La vict\u00f2ria del Benissa va ser m\u00e9s ajustada, per\u00f2 no menys important, ja que s\u2019enfrontava a un rival directe. Josep Lozano, que va entrar al camp en el descans, va firmar un doblet en els primers cinc minuts de la segona part per donar la volta al marcador. El conjunt local va jugar amb un menys durant l\u2019\u00faltima mitja hora del partit.&#13;\n<\/p>\n\n<figure class=\"wp-block-image size-large\"><img decoding=\"async\" src=\"https:\/\/canfali.com\/app\/uploads\/2026\/01\/8gorgos-2-1024x771.jpg.webp\" alt=\"\" class=\"wp-image-87439\"\/><\/figure>\n\n<p>En el Grup VI, van guanyar el Gorgos i l\u2019Orba, mentre que el Verger va empatar. El Gorgos va sumar la seua tercera vict\u00f2ria consecutiva davant el Real de Gandia (4-1) i es mant\u00e9 cinqu\u00e8 a la classificaci\u00f3. Hugo Signes va obrir el marcador al minut 6, per\u00f2 el partit es va resoldre en els \u00faltims minuts amb un altre gol seu i els de Axel i Santiago.&#13;\n<\/p>\n\n<p>L\u2019Orba, per la seua banda, va haver de remuntar davant el Miramar (2-1) en un partit complicat que va arribar al minut 86 amb avantatge visitant. Diego i Jos\u00e9 Vicente van ser els autors dels gols de l\u2019Orba.&#13;\n<\/p>\n\n<p>Mentrestant, el Verger es va avan\u00e7ar al minut 64 amb un gol d\u2019Andr\u00e9s Riascos, per\u00f2 el Beniopa va aconseguir l\u2019empat a un quasi al final del partit.&#13;\n<\/p>\n","protected":false},"excerpt":{"rendered":"En Segona FFCV, Grup VII, el Benitatxell es va imposar a casa del R\u00e1cing Santa B\u00e1rbara, un rival&hellip;","protected":false},"author":8,"featured_media":87434,"comment_status":"closed","ping_status":"closed","sticky":false,"template":"","format":"standard","meta":{"csco_display_header_overlay":false,"csco_singular_sidebar":"","csco_page_header_type":"","csco_page_load_nextpost":"","csco_post_video_location":[],"csco_post_video_location_hash":"","csco_post_video_url":"","csco_post_video_bg_start_time":0,"csco_post_video_bg_end_time":0,"footnotes":""},"categories":[573,598,601],"tags":[],"class_list":{"0":"post-87442","1":"post","2":"type-post","3":"status-publish","4":"format-standard","5":"has-post-thumbnail","7":"category-deportes-2","8":"category-esports","9":"category-futbol-ca-es","10":"cs-entry","11":"cs-video-wrap"},"yoast_head":"<!-- This site is optimized with the Yoast SEO Premium plugin v26.6 (Yoast SEO v27.3) - https:\/\/yoast.com\/product\/yoast-seo-premium-wordpress\/ -->\n<title>Segona FFCV: El Benitatxell guanya i ja \u00e9s segon - Canfali<\/title>\n<meta name=\"description\" content=\"el Benitatxell es va imposar a casa del R\u00e1cing Santa B\u00e1rbara per 0-3 i ascendeix a la segona posici\u00f3, per darrere del l\u00edder Villajoyosa\" \/>\n<meta name=\"robots\" content=\"index, follow, max-snippet:-1, max-image-preview:large, max-video-preview:-1\" \/>\n<link rel=\"canonical\" href=\"https:\/\/canfali.com\/ca-es\/segona-ffcv-el-benitatxell-guanya-i-ja-es-segon\/\" \/>\n<meta property=\"og:locale\" content=\"en_US\" \/>\n<meta property=\"og:type\" content=\"article\" \/>\n<meta property=\"og:title\" content=\"Segona FFCV: El Benitatxell guanya i ja \u00e9s segon\" \/>\n<meta property=\"og:description\" content=\"el Benitatxell es va imposar a casa del R\u00e1cing Santa B\u00e1rbara per 0-3 i ascendeix a la segona posici\u00f3, per darrere del l\u00edder Villajoyosa\" \/>\n<meta property=\"og:url\" content=\"https:\/\/canfali.com\/ca-es\/segona-ffcv-el-benitatxell-guanya-i-ja-es-segon\/\" \/>\n<meta property=\"og:site_name\" content=\"Canfali\" \/>\n<meta property=\"article:publisher\" content=\"https:\/\/es-es.facebook.com\/CANFALIMarinaAlta\" \/>\n<meta property=\"article:published_time\" content=\"2026-01-25T21:39:35+00:00\" \/>\n<meta property=\"article:modified_time\" content=\"2026-01-25T21:43:09+00:00\" \/>\n<meta property=\"og:image\" content=\"https:\/\/canfali.com\/app\/uploads\/2026\/01\/WhatsApp-Image-2026-01-25-at-22.14.39.jpeg\" \/>\n\t<meta property=\"og:image:width\" content=\"1732\" \/>\n\t<meta property=\"og:image:height\" content=\"972\" \/>\n\t<meta property=\"og:image:type\" content=\"image\/jpeg\" \/>\n<meta name=\"author\" content=\"Lluis\" \/>\n<meta name=\"twitter:card\" content=\"summary_large_image\" \/>\n<meta name=\"twitter:creator\" content=\"@canfalima\" \/>\n<meta name=\"twitter:site\" content=\"@canfalima\" \/>\n<meta name=\"twitter:label1\" content=\"Written by\" \/>\n\t<meta name=\"twitter:data1\" content=\"Lluis\" \/>\n\t<meta name=\"twitter:label2\" content=\"Est. reading time\" \/>\n\t<meta name=\"twitter:data2\" content=\"1 minute\" \/>\n<script type=\"application\/ld+json\" class=\"yoast-schema-graph\">{\"@context\":\"https:\\\/\\\/schema.org\",\"@graph\":[{\"@type\":\"NewsArticle\",\"@id\":\"https:\\\/\\\/canfali.com\\\/ca-es\\\/segona-ffcv-el-benitatxell-guanya-i-ja-es-segon\\\/#article\",\"isPartOf\":{\"@id\":\"https:\\\/\\\/canfali.com\\\/ca-es\\\/segona-ffcv-el-benitatxell-guanya-i-ja-es-segon\\\/\"},\"author\":{\"name\":\"Lluis\",\"@id\":\"https:\\\/\\\/canfali.com\\\/ca-es\\\/#\\\/schema\\\/person\\\/f540a86fb33e10daaae53c59ceaa1194\"},\"headline\":\"Segona FFCV: El Benitatxell guanya i ja \u00e9s segon\",\"datePublished\":\"2026-01-25T21:39:35+00:00\",\"dateModified\":\"2026-01-25T21:43:09+00:00\",\"mainEntityOfPage\":{\"@id\":\"https:\\\/\\\/canfali.com\\\/ca-es\\\/segona-ffcv-el-benitatxell-guanya-i-ja-es-segon\\\/\"},\"wordCount\":284,\"publisher\":{\"@id\":\"https:\\\/\\\/canfali.com\\\/ca-es\\\/#organization\"},\"image\":{\"@id\":\"https:\\\/\\\/canfali.com\\\/ca-es\\\/segona-ffcv-el-benitatxell-guanya-i-ja-es-segon\\\/#primaryimage\"},\"thumbnailUrl\":\"https:\\\/\\\/canfali.com\\\/app\\\/uploads\\\/2026\\\/01\\\/WhatsApp-Image-2026-01-25-at-22.14.39.jpeg\",\"articleSection\":[\"Deportes\",\"Esports\",\"Futbol\"],\"inLanguage\":\"va-ES\",\"copyrightYear\":\"2026\",\"copyrightHolder\":{\"@id\":\"https:\\\/\\\/canfali.com\\\/#organization\"}},{\"@type\":\"WebPage\",\"@id\":\"https:\\\/\\\/canfali.com\\\/ca-es\\\/segona-ffcv-el-benitatxell-guanya-i-ja-es-segon\\\/\",\"url\":\"https:\\\/\\\/canfali.com\\\/ca-es\\\/segona-ffcv-el-benitatxell-guanya-i-ja-es-segon\\\/\",\"name\":\"Segona FFCV: El Benitatxell guanya i ja \u00e9s segon - Canfali\",\"isPartOf\":{\"@id\":\"https:\\\/\\\/canfali.com\\\/ca-es\\\/#website\"},\"primaryImageOfPage\":{\"@id\":\"https:\\\/\\\/canfali.com\\\/ca-es\\\/segona-ffcv-el-benitatxell-guanya-i-ja-es-segon\\\/#primaryimage\"},\"image\":{\"@id\":\"https:\\\/\\\/canfali.com\\\/ca-es\\\/segona-ffcv-el-benitatxell-guanya-i-ja-es-segon\\\/#primaryimage\"},\"thumbnailUrl\":\"https:\\\/\\\/canfali.com\\\/app\\\/uploads\\\/2026\\\/01\\\/WhatsApp-Image-2026-01-25-at-22.14.39.jpeg\",\"datePublished\":\"2026-01-25T21:39:35+00:00\",\"dateModified\":\"2026-01-25T21:43:09+00:00\",\"description\":\"el Benitatxell es va imposar a casa del R\u00e1cing Santa B\u00e1rbara per 0-3 i ascendeix a la segona posici\u00f3, per darrere del l\u00edder Villajoyosa\",\"breadcrumb\":{\"@id\":\"https:\\\/\\\/canfali.com\\\/ca-es\\\/segona-ffcv-el-benitatxell-guanya-i-ja-es-segon\\\/#breadcrumb\"},\"inLanguage\":\"va-ES\",\"potentialAction\":[{\"@type\":\"ReadAction\",\"target\":[\"https:\\\/\\\/canfali.com\\\/ca-es\\\/segona-ffcv-el-benitatxell-guanya-i-ja-es-segon\\\/\"]}]},{\"@type\":\"ImageObject\",\"inLanguage\":\"va-ES\",\"@id\":\"https:\\\/\\\/canfali.com\\\/ca-es\\\/segona-ffcv-el-benitatxell-guanya-i-ja-es-segon\\\/#primaryimage\",\"url\":\"https:\\\/\\\/canfali.com\\\/app\\\/uploads\\\/2026\\\/01\\\/WhatsApp-Image-2026-01-25-at-22.14.39.jpeg\",\"contentUrl\":\"https:\\\/\\\/canfali.com\\\/app\\\/uploads\\\/2026\\\/01\\\/WhatsApp-Image-2026-01-25-at-22.14.39.jpeg\",\"width\":1732,\"height\":972},{\"@type\":\"BreadcrumbList\",\"@id\":\"https:\\\/\\\/canfali.com\\\/ca-es\\\/segona-ffcv-el-benitatxell-guanya-i-ja-es-segon\\\/#breadcrumb\",\"itemListElement\":[{\"@type\":\"ListItem\",\"position\":1,\"name\":\"Portada\",\"item\":\"https:\\\/\\\/canfali.com\\\/ca-es\\\/\"},{\"@type\":\"ListItem\",\"position\":2,\"name\":\"Segona FFCV: El Benitatxell guanya i ja \u00e9s segon\"}]},{\"@type\":\"WebSite\",\"@id\":\"https:\\\/\\\/canfali.com\\\/ca-es\\\/#website\",\"url\":\"https:\\\/\\\/canfali.com\\\/ca-es\\\/\",\"name\":\"Canfali\",\"description\":\"\",\"publisher\":{\"@id\":\"https:\\\/\\\/canfali.com\\\/ca-es\\\/#organization\"},\"potentialAction\":[{\"@type\":\"SearchAction\",\"target\":{\"@type\":\"EntryPoint\",\"urlTemplate\":\"https:\\\/\\\/canfali.com\\\/ca-es\\\/?s={search_term_string}\"},\"query-input\":{\"@type\":\"PropertyValueSpecification\",\"valueRequired\":true,\"valueName\":\"search_term_string\"}}],\"inLanguage\":\"va-ES\"},{\"@type\":\"Organization\",\"@id\":\"https:\\\/\\\/canfali.com\\\/ca-es\\\/#organization\",\"name\":\"Canfali\",\"url\":\"https:\\\/\\\/canfali.com\\\/ca-es\\\/\",\"logo\":{\"@type\":\"ImageObject\",\"inLanguage\":\"va-ES\",\"@id\":\"https:\\\/\\\/canfali.com\\\/ca-es\\\/#\\\/schema\\\/logo\\\/image\\\/\",\"url\":\"https:\\\/\\\/canfali.com\\\/app\\\/uploads\\\/2025\\\/12\\\/canfali_marina_alta_logo.png\",\"contentUrl\":\"https:\\\/\\\/canfali.com\\\/app\\\/uploads\\\/2025\\\/12\\\/canfali_marina_alta_logo.png\",\"width\":225,\"height\":225,\"caption\":\"Canfali\"},\"image\":{\"@id\":\"https:\\\/\\\/canfali.com\\\/ca-es\\\/#\\\/schema\\\/logo\\\/image\\\/\"},\"sameAs\":[\"https:\\\/\\\/es-es.facebook.com\\\/CANFALIMarinaAlta\",\"https:\\\/\\\/x.com\\\/canfalima\",\"https:\\\/\\\/www.instagram.com\\\/canfalimarinaalta\\\/\"]},{\"@type\":\"Person\",\"@id\":\"https:\\\/\\\/canfali.com\\\/ca-es\\\/#\\\/schema\\\/person\\\/f540a86fb33e10daaae53c59ceaa1194\",\"name\":\"Lluis\",\"image\":{\"@type\":\"ImageObject\",\"inLanguage\":\"va-ES\",\"@id\":\"https:\\\/\\\/secure.gravatar.com\\\/avatar\\\/a21ec8835290e4e02ed0886b8cb327d807d0eb6ec8ccf25d4c2a0a415f506c0d?s=96&d=mm&r=g\",\"url\":\"https:\\\/\\\/secure.gravatar.com\\\/avatar\\\/a21ec8835290e4e02ed0886b8cb327d807d0eb6ec8ccf25d4c2a0a415f506c0d?s=96&d=mm&r=g\",\"contentUrl\":\"https:\\\/\\\/secure.gravatar.com\\\/avatar\\\/a21ec8835290e4e02ed0886b8cb327d807d0eb6ec8ccf25d4c2a0a415f506c0d?s=96&d=mm&r=g\",\"caption\":\"Lluis\"},\"url\":\"https:\\\/\\\/canfali.com\\\/ca-es\\\/author\\\/lluis\\\/\"}]}<\/script>\n<!-- \/ Yoast SEO Premium plugin. -->","yoast_head_json":{"title":"Segona FFCV: El Benitatxell guanya i ja \u00e9s segon - Canfali","description":"el Benitatxell es va imposar a casa del R\u00e1cing Santa B\u00e1rbara per 0-3 i ascendeix a la segona posici\u00f3, per darrere del l\u00edder Villajoyosa","robots":{"index":"index","follow":"follow","max-snippet":"max-snippet:-1","max-image-preview":"max-image-preview:large","max-video-preview":"max-video-preview:-1"},"canonical":"https:\/\/canfali.com\/ca-es\/segona-ffcv-el-benitatxell-guanya-i-ja-es-segon\/","og_locale":"en_US","og_type":"article","og_title":"Segona FFCV: El Benitatxell guanya i ja \u00e9s segon","og_description":"el Benitatxell es va imposar a casa del R\u00e1cing Santa B\u00e1rbara per 0-3 i ascendeix a la segona posici\u00f3, per darrere del l\u00edder Villajoyosa","og_url":"https:\/\/canfali.com\/ca-es\/segona-ffcv-el-benitatxell-guanya-i-ja-es-segon\/","og_site_name":"Canfali","article_publisher":"https:\/\/es-es.facebook.com\/CANFALIMarinaAlta","article_published_time":"2026-01-25T21:39:35+00:00","article_modified_time":"2026-01-25T21:43:09+00:00","og_image":[{"width":1732,"height":972,"url":"https:\/\/canfali.com\/app\/uploads\/2026\/01\/WhatsApp-Image-2026-01-25-at-22.14.39.jpeg","type":"image\/jpeg"}],"author":"Lluis","twitter_card":"summary_large_image","twitter_creator":"@canfalima","twitter_site":"@canfalima","twitter_misc":{"Written by":"Lluis","Est. reading time":"1 minute"},"schema":{"@context":"https:\/\/schema.org","@graph":[{"@type":"NewsArticle","@id":"https:\/\/canfali.com\/ca-es\/segona-ffcv-el-benitatxell-guanya-i-ja-es-segon\/#article","isPartOf":{"@id":"https:\/\/canfali.com\/ca-es\/segona-ffcv-el-benitatxell-guanya-i-ja-es-segon\/"},"author":{"name":"Lluis","@id":"https:\/\/canfali.com\/ca-es\/#\/schema\/person\/f540a86fb33e10daaae53c59ceaa1194"},"headline":"Segona FFCV: El Benitatxell guanya i ja \u00e9s segon","datePublished":"2026-01-25T21:39:35+00:00","dateModified":"2026-01-25T21:43:09+00:00","mainEntityOfPage":{"@id":"https:\/\/canfali.com\/ca-es\/segona-ffcv-el-benitatxell-guanya-i-ja-es-segon\/"},"wordCount":284,"publisher":{"@id":"https:\/\/canfali.com\/ca-es\/#organization"},"image":{"@id":"https:\/\/canfali.com\/ca-es\/segona-ffcv-el-benitatxell-guanya-i-ja-es-segon\/#primaryimage"},"thumbnailUrl":"https:\/\/canfali.com\/app\/uploads\/2026\/01\/WhatsApp-Image-2026-01-25-at-22.14.39.jpeg","articleSection":["Deportes","Esports","Futbol"],"inLanguage":"va-ES","copyrightYear":"2026","copyrightHolder":{"@id":"https:\/\/canfali.com\/#organization"}},{"@type":"WebPage","@id":"https:\/\/canfali.com\/ca-es\/segona-ffcv-el-benitatxell-guanya-i-ja-es-segon\/","url":"https:\/\/canfali.com\/ca-es\/segona-ffcv-el-benitatxell-guanya-i-ja-es-segon\/","name":"Segona FFCV: El Benitatxell guanya i ja \u00e9s segon - Canfali","isPartOf":{"@id":"https:\/\/canfali.com\/ca-es\/#website"},"primaryImageOfPage":{"@id":"https:\/\/canfali.com\/ca-es\/segona-ffcv-el-benitatxell-guanya-i-ja-es-segon\/#primaryimage"},"image":{"@id":"https:\/\/canfali.com\/ca-es\/segona-ffcv-el-benitatxell-guanya-i-ja-es-segon\/#primaryimage"},"thumbnailUrl":"https:\/\/canfali.com\/app\/uploads\/2026\/01\/WhatsApp-Image-2026-01-25-at-22.14.39.jpeg","datePublished":"2026-01-25T21:39:35+00:00","dateModified":"2026-01-25T21:43:09+00:00","description":"el Benitatxell es va imposar a casa del R\u00e1cing Santa B\u00e1rbara per 0-3 i ascendeix a la segona posici\u00f3, per darrere del l\u00edder Villajoyosa","breadcrumb":{"@id":"https:\/\/canfali.com\/ca-es\/segona-ffcv-el-benitatxell-guanya-i-ja-es-segon\/#breadcrumb"},"inLanguage":"va-ES","potentialAction":[{"@type":"ReadAction","target":["https:\/\/canfali.com\/ca-es\/segona-ffcv-el-benitatxell-guanya-i-ja-es-segon\/"]}]},{"@type":"ImageObject","inLanguage":"va-ES","@id":"https:\/\/canfali.com\/ca-es\/segona-ffcv-el-benitatxell-guanya-i-ja-es-segon\/#primaryimage","url":"https:\/\/canfali.com\/app\/uploads\/2026\/01\/WhatsApp-Image-2026-01-25-at-22.14.39.jpeg","contentUrl":"https:\/\/canfali.com\/app\/uploads\/2026\/01\/WhatsApp-Image-2026-01-25-at-22.14.39.jpeg","width":1732,"height":972},{"@type":"BreadcrumbList","@id":"https:\/\/canfali.com\/ca-es\/segona-ffcv-el-benitatxell-guanya-i-ja-es-segon\/#breadcrumb","itemListElement":[{"@type":"ListItem","position":1,"name":"Portada","item":"https:\/\/canfali.com\/ca-es\/"},{"@type":"ListItem","position":2,"name":"Segona FFCV: El Benitatxell guanya i ja \u00e9s segon"}]},{"@type":"WebSite","@id":"https:\/\/canfali.com\/ca-es\/#website","url":"https:\/\/canfali.com\/ca-es\/","name":"Canfali","description":"","publisher":{"@id":"https:\/\/canfali.com\/ca-es\/#organization"},"potentialAction":[{"@type":"SearchAction","target":{"@type":"EntryPoint","urlTemplate":"https:\/\/canfali.com\/ca-es\/?s={search_term_string}"},"query-input":{"@type":"PropertyValueSpecification","valueRequired":true,"valueName":"search_term_string"}}],"inLanguage":"va-ES"},{"@type":"Organization","@id":"https:\/\/canfali.com\/ca-es\/#organization","name":"Canfali","url":"https:\/\/canfali.com\/ca-es\/","logo":{"@type":"ImageObject","inLanguage":"va-ES","@id":"https:\/\/canfali.com\/ca-es\/#\/schema\/logo\/image\/","url":"https:\/\/canfali.com\/app\/uploads\/2025\/12\/canfali_marina_alta_logo.png","contentUrl":"https:\/\/canfali.com\/app\/uploads\/2025\/12\/canfali_marina_alta_logo.png","width":225,"height":225,"caption":"Canfali"},"image":{"@id":"https:\/\/canfali.com\/ca-es\/#\/schema\/logo\/image\/"},"sameAs":["https:\/\/es-es.facebook.com\/CANFALIMarinaAlta","https:\/\/x.com\/canfalima","https:\/\/www.instagram.com\/canfalimarinaalta\/"]},{"@type":"Person","@id":"https:\/\/canfali.com\/ca-es\/#\/schema\/person\/f540a86fb33e10daaae53c59ceaa1194","name":"Lluis","image":{"@type":"ImageObject","inLanguage":"va-ES","@id":"https:\/\/secure.gravatar.com\/avatar\/a21ec8835290e4e02ed0886b8cb327d807d0eb6ec8ccf25d4c2a0a415f506c0d?s=96&d=mm&r=g","url":"https:\/\/secure.gravatar.com\/avatar\/a21ec8835290e4e02ed0886b8cb327d807d0eb6ec8ccf25d4c2a0a415f506c0d?s=96&d=mm&r=g","contentUrl":"https:\/\/secure.gravatar.com\/avatar\/a21ec8835290e4e02ed0886b8cb327d807d0eb6ec8ccf25d4c2a0a415f506c0d?s=96&d=mm&r=g","caption":"Lluis"},"url":"https:\/\/canfali.com\/ca-es\/author\/lluis\/"}]}},"_links":{"self":[{"href":"https:\/\/canfali.com\/ca-es\/wp-json\/wp\/v2\/posts\/87442","targetHints":{"allow":["GET"]}}],"collection":[{"href":"https:\/\/canfali.com\/ca-es\/wp-json\/wp\/v2\/posts"}],"about":[{"href":"https:\/\/canfali.com\/ca-es\/wp-json\/wp\/v2\/types\/post"}],"author":[{"embeddable":true,"href":"https:\/\/canfali.com\/ca-es\/wp-json\/wp\/v2\/users\/8"}],"replies":[{"embeddable":true,"href":"https:\/\/canfali.com\/ca-es\/wp-json\/wp\/v2\/comments?post=87442"}],"version-history":[{"count":2,"href":"https:\/\/canfali.com\/ca-es\/wp-json\/wp\/v2\/posts\/87442\/revisions"}],"predecessor-version":[{"id":87445,"href":"https:\/\/canfali.com\/ca-es\/wp-json\/wp\/v2\/posts\/87442\/revisions\/87445"}],"wp:featuredmedia":[{"embeddable":true,"href":"https:\/\/canfali.com\/ca-es\/wp-json\/wp\/v2\/media\/87434"}],"wp:attachment":[{"href":"https:\/\/canfali.com\/ca-es\/wp-json\/wp\/v2\/media?parent=87442"}],"wp:term":[{"taxonomy":"category","embeddable":true,"href":"https:\/\/canfali.com\/ca-es\/wp-json\/wp\/v2\/categories?post=87442"},{"taxonomy":"post_tag","embeddable":true,"href":"https:\/\/canfali.com\/ca-es\/wp-json\/wp\/v2\/tags?post=87442"}],"curies":[{"name":"wp","href":"https:\/\/api.w.org\/{rel}","templated":true}]}}