{"id":87427,"date":"2026-01-25T22:18:56","date_gmt":"2026-01-25T21:18:56","guid":{"rendered":"https:\/\/canfali.com\/primera-ffcv-triomfs-per-a-denia-i-teulada-i-empat-del-pego\/"},"modified":"2026-01-25T22:20:32","modified_gmt":"2026-01-25T21:20:32","slug":"primera-ffcv-triomfs-per-a-denia-i-teulada-i-empat-del-pego","status":"publish","type":"post","link":"https:\/\/canfali.com\/ca-es\/primera-ffcv-triomfs-per-a-denia-i-teulada-i-empat-del-pego\/","title":{"rendered":"Primera FFCV: Triomfs per a D\u00e9nia i Teulada, i empat del Pego"},"content":{"rendered":"\n<p>En Primera FFCV, Grup III, el CD D\u00e9nia continua l\u00edder despr\u00e9s de la seua important vict\u00f2ria per 4-2 davant el Simat, en un encontre exigent marcat per nombroses baixes i l\u2019expulsi\u00f3 de Mat\u00edas Aquino en el minut 59. Tot i aix\u00f2, el conjunt dianenc va mostrar car\u00e0cter i va aprofitar les ocasions, especialment al contraatac. \u00c1ngel i Izan van marcar en la primera part, que va acabar 2-1. A la segona meitat, Panucci, pichichi del grup amb 13 gols, va ser decisiu amb dos gols m\u00e9s. Este triomf refor\u00e7a la bona din\u00e0mica del D\u00e9nia, que continua mostrant competitivitat i solidesa malgrat les adversitats.&#13;\n<\/p>\n\n<figure class=\"wp-block-image size-large\"><img decoding=\"async\" src=\"https:\/\/canfali.com\/app\/uploads\/2026\/01\/IMG_3802.JPG-1-1024x683.jpeg.webp\" alt=\"\" class=\"wp-image-87420\"\/><\/figure>\n\n<p>El Pego va empatar a casa davant el Vall dels Alcalans amb un marcador de 1-1. Els visitants es van avan\u00e7ar en la primera meitat, per\u00f2 Cheikou va posar l\u2019empat definitiu al minut 50.&#13;\n<\/p>\n\n<figure class=\"wp-block-image size-large\"><img decoding=\"async\" src=\"https:\/\/canfali.com\/app\/uploads\/2026\/01\/8teulada-3-1024x574.jpeg.webp\" alt=\"\" class=\"wp-image-87424\"\/><\/figure>\n\n<p>Per la seua banda, en el Grup IV, el Teulada-Moraira va aconseguir la seua segona vict\u00f2ria consecutiva a casa del Murada i es mant\u00e9 a la zona alta de la classificaci\u00f3. Ciminno va obrir el marcador per als teuladins des del comen\u00e7ament, encara que els locals van empatar abans de la mitja hora. Al minut 85, Isma va marcar l\u20191-2 definitiu, i el Teulada-Moraira va saber defensar el resultat fins al final.&#13;\n<\/p>\n\n<p>Fotos del D\u00e9nia: Beta Flores.<\/p>\n\n<p>Foto del Teulada: Luis Garrote.<\/p>\n","protected":false},"excerpt":{"rendered":"En Primera FFCV, Grup III, el CD D\u00e9nia continua l\u00edder despr\u00e9s de la seua important vict\u00f2ria per 4-2&hellip;","protected":false},"author":8,"featured_media":87419,"comment_status":"closed","ping_status":"closed","sticky":false,"template":"","format":"standard","meta":{"csco_display_header_overlay":false,"csco_singular_sidebar":"","csco_page_header_type":"","csco_page_load_nextpost":"","csco_post_video_location":[],"csco_post_video_location_hash":"","csco_post_video_url":"","csco_post_video_bg_start_time":0,"csco_post_video_bg_end_time":0,"footnotes":""},"categories":[598,601],"tags":[],"class_list":{"0":"post-87427","1":"post","2":"type-post","3":"status-publish","4":"format-standard","5":"has-post-thumbnail","7":"category-esports","8":"category-futbol-ca-es","9":"cs-entry","10":"cs-video-wrap"},"yoast_head":"<!-- This site is optimized with the Yoast SEO Premium plugin v26.6 (Yoast SEO v27.3) - https:\/\/yoast.com\/product\/yoast-seo-premium-wordpress\/ -->\n<title>Primera FFCV: Triomfs per a D\u00e9nia i Teulada, i empat del Pego - Canfali<\/title>\n<meta name=\"description\" content=\"En Primera FFCV, Grup III, el CD D\u00e9nia continua l\u00edder despr\u00e9s de la seua important vict\u00f2ria per 4-2 davant el Simat, en un encontre exigent\" \/>\n<meta name=\"robots\" content=\"index, follow, max-snippet:-1, max-image-preview:large, max-video-preview:-1\" \/>\n<link rel=\"canonical\" href=\"https:\/\/canfali.com\/ca-es\/primera-ffcv-triomfs-per-a-denia-i-teulada-i-empat-del-pego\/\" \/>\n<meta property=\"og:locale\" content=\"en_US\" \/>\n<meta property=\"og:type\" content=\"article\" \/>\n<meta property=\"og:title\" content=\"Primera FFCV: Triomfs per a D\u00e9nia i Teulada, i empat del Pego\" \/>\n<meta property=\"og:description\" content=\"En Primera FFCV, Grup III, el CD D\u00e9nia continua l\u00edder despr\u00e9s de la seua important vict\u00f2ria per 4-2 davant el Simat, en un encontre exigent\" \/>\n<meta property=\"og:url\" content=\"https:\/\/canfali.com\/ca-es\/primera-ffcv-triomfs-per-a-denia-i-teulada-i-empat-del-pego\/\" \/>\n<meta property=\"og:site_name\" content=\"Canfali\" \/>\n<meta property=\"article:publisher\" content=\"https:\/\/es-es.facebook.com\/CANFALIMarinaAlta\" \/>\n<meta property=\"article:published_time\" content=\"2026-01-25T21:18:56+00:00\" \/>\n<meta property=\"article:modified_time\" content=\"2026-01-25T21:20:32+00:00\" \/>\n<meta property=\"og:image\" content=\"https:\/\/canfali.com\/app\/uploads\/2026\/01\/IMG_3801.JPG-1-scaled.jpeg\" \/>\n\t<meta property=\"og:image:width\" content=\"2560\" \/>\n\t<meta property=\"og:image:height\" content=\"1707\" \/>\n\t<meta property=\"og:image:type\" content=\"image\/jpeg\" \/>\n<meta name=\"author\" content=\"Lluis\" \/>\n<meta name=\"twitter:card\" content=\"summary_large_image\" \/>\n<meta name=\"twitter:creator\" content=\"@canfalima\" \/>\n<meta name=\"twitter:site\" content=\"@canfalima\" \/>\n<meta name=\"twitter:label1\" content=\"Written by\" \/>\n\t<meta name=\"twitter:data1\" content=\"Lluis\" \/>\n\t<meta name=\"twitter:label2\" content=\"Est. reading time\" \/>\n\t<meta name=\"twitter:data2\" content=\"1 minute\" \/>\n<script type=\"application\/ld+json\" class=\"yoast-schema-graph\">{\"@context\":\"https:\\\/\\\/schema.org\",\"@graph\":[{\"@type\":\"NewsArticle\",\"@id\":\"https:\\\/\\\/canfali.com\\\/ca-es\\\/primera-ffcv-triomfs-per-a-denia-i-teulada-i-empat-del-pego\\\/#article\",\"isPartOf\":{\"@id\":\"https:\\\/\\\/canfali.com\\\/ca-es\\\/primera-ffcv-triomfs-per-a-denia-i-teulada-i-empat-del-pego\\\/\"},\"author\":{\"name\":\"Lluis\",\"@id\":\"https:\\\/\\\/canfali.com\\\/ca-es\\\/#\\\/schema\\\/person\\\/f540a86fb33e10daaae53c59ceaa1194\"},\"headline\":\"Primera FFCV: Triomfs per a D\u00e9nia i Teulada, i empat del Pego\",\"datePublished\":\"2026-01-25T21:18:56+00:00\",\"dateModified\":\"2026-01-25T21:20:32+00:00\",\"mainEntityOfPage\":{\"@id\":\"https:\\\/\\\/canfali.com\\\/ca-es\\\/primera-ffcv-triomfs-per-a-denia-i-teulada-i-empat-del-pego\\\/\"},\"wordCount\":245,\"publisher\":{\"@id\":\"https:\\\/\\\/canfali.com\\\/ca-es\\\/#organization\"},\"image\":{\"@id\":\"https:\\\/\\\/canfali.com\\\/ca-es\\\/primera-ffcv-triomfs-per-a-denia-i-teulada-i-empat-del-pego\\\/#primaryimage\"},\"thumbnailUrl\":\"https:\\\/\\\/canfali.com\\\/app\\\/uploads\\\/2026\\\/01\\\/IMG_3801.JPG-1-scaled.jpeg\",\"articleSection\":[\"Esports\",\"Futbol\"],\"inLanguage\":\"va-ES\",\"copyrightYear\":\"2026\",\"copyrightHolder\":{\"@id\":\"https:\\\/\\\/canfali.com\\\/#organization\"}},{\"@type\":\"WebPage\",\"@id\":\"https:\\\/\\\/canfali.com\\\/ca-es\\\/primera-ffcv-triomfs-per-a-denia-i-teulada-i-empat-del-pego\\\/\",\"url\":\"https:\\\/\\\/canfali.com\\\/ca-es\\\/primera-ffcv-triomfs-per-a-denia-i-teulada-i-empat-del-pego\\\/\",\"name\":\"Primera FFCV: Triomfs per a D\u00e9nia i Teulada, i empat del Pego - Canfali\",\"isPartOf\":{\"@id\":\"https:\\\/\\\/canfali.com\\\/ca-es\\\/#website\"},\"primaryImageOfPage\":{\"@id\":\"https:\\\/\\\/canfali.com\\\/ca-es\\\/primera-ffcv-triomfs-per-a-denia-i-teulada-i-empat-del-pego\\\/#primaryimage\"},\"image\":{\"@id\":\"https:\\\/\\\/canfali.com\\\/ca-es\\\/primera-ffcv-triomfs-per-a-denia-i-teulada-i-empat-del-pego\\\/#primaryimage\"},\"thumbnailUrl\":\"https:\\\/\\\/canfali.com\\\/app\\\/uploads\\\/2026\\\/01\\\/IMG_3801.JPG-1-scaled.jpeg\",\"datePublished\":\"2026-01-25T21:18:56+00:00\",\"dateModified\":\"2026-01-25T21:20:32+00:00\",\"description\":\"En Primera FFCV, Grup III, el CD D\u00e9nia continua l\u00edder despr\u00e9s de la seua important vict\u00f2ria per 4-2 davant el Simat, en un encontre exigent\",\"breadcrumb\":{\"@id\":\"https:\\\/\\\/canfali.com\\\/ca-es\\\/primera-ffcv-triomfs-per-a-denia-i-teulada-i-empat-del-pego\\\/#breadcrumb\"},\"inLanguage\":\"va-ES\",\"potentialAction\":[{\"@type\":\"ReadAction\",\"target\":[\"https:\\\/\\\/canfali.com\\\/ca-es\\\/primera-ffcv-triomfs-per-a-denia-i-teulada-i-empat-del-pego\\\/\"]}]},{\"@type\":\"ImageObject\",\"inLanguage\":\"va-ES\",\"@id\":\"https:\\\/\\\/canfali.com\\\/ca-es\\\/primera-ffcv-triomfs-per-a-denia-i-teulada-i-empat-del-pego\\\/#primaryimage\",\"url\":\"https:\\\/\\\/canfali.com\\\/app\\\/uploads\\\/2026\\\/01\\\/IMG_3801.JPG-1-scaled.jpeg\",\"contentUrl\":\"https:\\\/\\\/canfali.com\\\/app\\\/uploads\\\/2026\\\/01\\\/IMG_3801.JPG-1-scaled.jpeg\",\"width\":2560,\"height\":1707},{\"@type\":\"BreadcrumbList\",\"@id\":\"https:\\\/\\\/canfali.com\\\/ca-es\\\/primera-ffcv-triomfs-per-a-denia-i-teulada-i-empat-del-pego\\\/#breadcrumb\",\"itemListElement\":[{\"@type\":\"ListItem\",\"position\":1,\"name\":\"Portada\",\"item\":\"https:\\\/\\\/canfali.com\\\/ca-es\\\/\"},{\"@type\":\"ListItem\",\"position\":2,\"name\":\"Primera FFCV: Triomfs per a D\u00e9nia i Teulada, i empat del Pego\"}]},{\"@type\":\"WebSite\",\"@id\":\"https:\\\/\\\/canfali.com\\\/ca-es\\\/#website\",\"url\":\"https:\\\/\\\/canfali.com\\\/ca-es\\\/\",\"name\":\"Canfali\",\"description\":\"\",\"publisher\":{\"@id\":\"https:\\\/\\\/canfali.com\\\/ca-es\\\/#organization\"},\"potentialAction\":[{\"@type\":\"SearchAction\",\"target\":{\"@type\":\"EntryPoint\",\"urlTemplate\":\"https:\\\/\\\/canfali.com\\\/ca-es\\\/?s={search_term_string}\"},\"query-input\":{\"@type\":\"PropertyValueSpecification\",\"valueRequired\":true,\"valueName\":\"search_term_string\"}}],\"inLanguage\":\"va-ES\"},{\"@type\":\"Organization\",\"@id\":\"https:\\\/\\\/canfali.com\\\/ca-es\\\/#organization\",\"name\":\"Canfali\",\"url\":\"https:\\\/\\\/canfali.com\\\/ca-es\\\/\",\"logo\":{\"@type\":\"ImageObject\",\"inLanguage\":\"va-ES\",\"@id\":\"https:\\\/\\\/canfali.com\\\/ca-es\\\/#\\\/schema\\\/logo\\\/image\\\/\",\"url\":\"https:\\\/\\\/canfali.com\\\/app\\\/uploads\\\/2025\\\/12\\\/canfali_marina_alta_logo.png\",\"contentUrl\":\"https:\\\/\\\/canfali.com\\\/app\\\/uploads\\\/2025\\\/12\\\/canfali_marina_alta_logo.png\",\"width\":225,\"height\":225,\"caption\":\"Canfali\"},\"image\":{\"@id\":\"https:\\\/\\\/canfali.com\\\/ca-es\\\/#\\\/schema\\\/logo\\\/image\\\/\"},\"sameAs\":[\"https:\\\/\\\/es-es.facebook.com\\\/CANFALIMarinaAlta\",\"https:\\\/\\\/x.com\\\/canfalima\",\"https:\\\/\\\/www.instagram.com\\\/canfalimarinaalta\\\/\"]},{\"@type\":\"Person\",\"@id\":\"https:\\\/\\\/canfali.com\\\/ca-es\\\/#\\\/schema\\\/person\\\/f540a86fb33e10daaae53c59ceaa1194\",\"name\":\"Lluis\",\"image\":{\"@type\":\"ImageObject\",\"inLanguage\":\"va-ES\",\"@id\":\"https:\\\/\\\/secure.gravatar.com\\\/avatar\\\/a21ec8835290e4e02ed0886b8cb327d807d0eb6ec8ccf25d4c2a0a415f506c0d?s=96&d=mm&r=g\",\"url\":\"https:\\\/\\\/secure.gravatar.com\\\/avatar\\\/a21ec8835290e4e02ed0886b8cb327d807d0eb6ec8ccf25d4c2a0a415f506c0d?s=96&d=mm&r=g\",\"contentUrl\":\"https:\\\/\\\/secure.gravatar.com\\\/avatar\\\/a21ec8835290e4e02ed0886b8cb327d807d0eb6ec8ccf25d4c2a0a415f506c0d?s=96&d=mm&r=g\",\"caption\":\"Lluis\"},\"url\":\"https:\\\/\\\/canfali.com\\\/ca-es\\\/author\\\/lluis\\\/\"}]}<\/script>\n<!-- \/ Yoast SEO Premium plugin. -->","yoast_head_json":{"title":"Primera FFCV: Triomfs per a D\u00e9nia i Teulada, i empat del Pego - Canfali","description":"En Primera FFCV, Grup III, el CD D\u00e9nia continua l\u00edder despr\u00e9s de la seua important vict\u00f2ria per 4-2 davant el Simat, en un encontre exigent","robots":{"index":"index","follow":"follow","max-snippet":"max-snippet:-1","max-image-preview":"max-image-preview:large","max-video-preview":"max-video-preview:-1"},"canonical":"https:\/\/canfali.com\/ca-es\/primera-ffcv-triomfs-per-a-denia-i-teulada-i-empat-del-pego\/","og_locale":"en_US","og_type":"article","og_title":"Primera FFCV: Triomfs per a D\u00e9nia i Teulada, i empat del Pego","og_description":"En Primera FFCV, Grup III, el CD D\u00e9nia continua l\u00edder despr\u00e9s de la seua important vict\u00f2ria per 4-2 davant el Simat, en un encontre exigent","og_url":"https:\/\/canfali.com\/ca-es\/primera-ffcv-triomfs-per-a-denia-i-teulada-i-empat-del-pego\/","og_site_name":"Canfali","article_publisher":"https:\/\/es-es.facebook.com\/CANFALIMarinaAlta","article_published_time":"2026-01-25T21:18:56+00:00","article_modified_time":"2026-01-25T21:20:32+00:00","og_image":[{"width":2560,"height":1707,"url":"https:\/\/canfali.com\/app\/uploads\/2026\/01\/IMG_3801.JPG-1-scaled.jpeg","type":"image\/jpeg"}],"author":"Lluis","twitter_card":"summary_large_image","twitter_creator":"@canfalima","twitter_site":"@canfalima","twitter_misc":{"Written by":"Lluis","Est. reading time":"1 minute"},"schema":{"@context":"https:\/\/schema.org","@graph":[{"@type":"NewsArticle","@id":"https:\/\/canfali.com\/ca-es\/primera-ffcv-triomfs-per-a-denia-i-teulada-i-empat-del-pego\/#article","isPartOf":{"@id":"https:\/\/canfali.com\/ca-es\/primera-ffcv-triomfs-per-a-denia-i-teulada-i-empat-del-pego\/"},"author":{"name":"Lluis","@id":"https:\/\/canfali.com\/ca-es\/#\/schema\/person\/f540a86fb33e10daaae53c59ceaa1194"},"headline":"Primera FFCV: Triomfs per a D\u00e9nia i Teulada, i empat del Pego","datePublished":"2026-01-25T21:18:56+00:00","dateModified":"2026-01-25T21:20:32+00:00","mainEntityOfPage":{"@id":"https:\/\/canfali.com\/ca-es\/primera-ffcv-triomfs-per-a-denia-i-teulada-i-empat-del-pego\/"},"wordCount":245,"publisher":{"@id":"https:\/\/canfali.com\/ca-es\/#organization"},"image":{"@id":"https:\/\/canfali.com\/ca-es\/primera-ffcv-triomfs-per-a-denia-i-teulada-i-empat-del-pego\/#primaryimage"},"thumbnailUrl":"https:\/\/canfali.com\/app\/uploads\/2026\/01\/IMG_3801.JPG-1-scaled.jpeg","articleSection":["Esports","Futbol"],"inLanguage":"va-ES","copyrightYear":"2026","copyrightHolder":{"@id":"https:\/\/canfali.com\/#organization"}},{"@type":"WebPage","@id":"https:\/\/canfali.com\/ca-es\/primera-ffcv-triomfs-per-a-denia-i-teulada-i-empat-del-pego\/","url":"https:\/\/canfali.com\/ca-es\/primera-ffcv-triomfs-per-a-denia-i-teulada-i-empat-del-pego\/","name":"Primera FFCV: Triomfs per a D\u00e9nia i Teulada, i empat del Pego - Canfali","isPartOf":{"@id":"https:\/\/canfali.com\/ca-es\/#website"},"primaryImageOfPage":{"@id":"https:\/\/canfali.com\/ca-es\/primera-ffcv-triomfs-per-a-denia-i-teulada-i-empat-del-pego\/#primaryimage"},"image":{"@id":"https:\/\/canfali.com\/ca-es\/primera-ffcv-triomfs-per-a-denia-i-teulada-i-empat-del-pego\/#primaryimage"},"thumbnailUrl":"https:\/\/canfali.com\/app\/uploads\/2026\/01\/IMG_3801.JPG-1-scaled.jpeg","datePublished":"2026-01-25T21:18:56+00:00","dateModified":"2026-01-25T21:20:32+00:00","description":"En Primera FFCV, Grup III, el CD D\u00e9nia continua l\u00edder despr\u00e9s de la seua important vict\u00f2ria per 4-2 davant el Simat, en un encontre exigent","breadcrumb":{"@id":"https:\/\/canfali.com\/ca-es\/primera-ffcv-triomfs-per-a-denia-i-teulada-i-empat-del-pego\/#breadcrumb"},"inLanguage":"va-ES","potentialAction":[{"@type":"ReadAction","target":["https:\/\/canfali.com\/ca-es\/primera-ffcv-triomfs-per-a-denia-i-teulada-i-empat-del-pego\/"]}]},{"@type":"ImageObject","inLanguage":"va-ES","@id":"https:\/\/canfali.com\/ca-es\/primera-ffcv-triomfs-per-a-denia-i-teulada-i-empat-del-pego\/#primaryimage","url":"https:\/\/canfali.com\/app\/uploads\/2026\/01\/IMG_3801.JPG-1-scaled.jpeg","contentUrl":"https:\/\/canfali.com\/app\/uploads\/2026\/01\/IMG_3801.JPG-1-scaled.jpeg","width":2560,"height":1707},{"@type":"BreadcrumbList","@id":"https:\/\/canfali.com\/ca-es\/primera-ffcv-triomfs-per-a-denia-i-teulada-i-empat-del-pego\/#breadcrumb","itemListElement":[{"@type":"ListItem","position":1,"name":"Portada","item":"https:\/\/canfali.com\/ca-es\/"},{"@type":"ListItem","position":2,"name":"Primera FFCV: Triomfs per a D\u00e9nia i Teulada, i empat del Pego"}]},{"@type":"WebSite","@id":"https:\/\/canfali.com\/ca-es\/#website","url":"https:\/\/canfali.com\/ca-es\/","name":"Canfali","description":"","publisher":{"@id":"https:\/\/canfali.com\/ca-es\/#organization"},"potentialAction":[{"@type":"SearchAction","target":{"@type":"EntryPoint","urlTemplate":"https:\/\/canfali.com\/ca-es\/?s={search_term_string}"},"query-input":{"@type":"PropertyValueSpecification","valueRequired":true,"valueName":"search_term_string"}}],"inLanguage":"va-ES"},{"@type":"Organization","@id":"https:\/\/canfali.com\/ca-es\/#organization","name":"Canfali","url":"https:\/\/canfali.com\/ca-es\/","logo":{"@type":"ImageObject","inLanguage":"va-ES","@id":"https:\/\/canfali.com\/ca-es\/#\/schema\/logo\/image\/","url":"https:\/\/canfali.com\/app\/uploads\/2025\/12\/canfali_marina_alta_logo.png","contentUrl":"https:\/\/canfali.com\/app\/uploads\/2025\/12\/canfali_marina_alta_logo.png","width":225,"height":225,"caption":"Canfali"},"image":{"@id":"https:\/\/canfali.com\/ca-es\/#\/schema\/logo\/image\/"},"sameAs":["https:\/\/es-es.facebook.com\/CANFALIMarinaAlta","https:\/\/x.com\/canfalima","https:\/\/www.instagram.com\/canfalimarinaalta\/"]},{"@type":"Person","@id":"https:\/\/canfali.com\/ca-es\/#\/schema\/person\/f540a86fb33e10daaae53c59ceaa1194","name":"Lluis","image":{"@type":"ImageObject","inLanguage":"va-ES","@id":"https:\/\/secure.gravatar.com\/avatar\/a21ec8835290e4e02ed0886b8cb327d807d0eb6ec8ccf25d4c2a0a415f506c0d?s=96&d=mm&r=g","url":"https:\/\/secure.gravatar.com\/avatar\/a21ec8835290e4e02ed0886b8cb327d807d0eb6ec8ccf25d4c2a0a415f506c0d?s=96&d=mm&r=g","contentUrl":"https:\/\/secure.gravatar.com\/avatar\/a21ec8835290e4e02ed0886b8cb327d807d0eb6ec8ccf25d4c2a0a415f506c0d?s=96&d=mm&r=g","caption":"Lluis"},"url":"https:\/\/canfali.com\/ca-es\/author\/lluis\/"}]}},"_links":{"self":[{"href":"https:\/\/canfali.com\/ca-es\/wp-json\/wp\/v2\/posts\/87427","targetHints":{"allow":["GET"]}}],"collection":[{"href":"https:\/\/canfali.com\/ca-es\/wp-json\/wp\/v2\/posts"}],"about":[{"href":"https:\/\/canfali.com\/ca-es\/wp-json\/wp\/v2\/types\/post"}],"author":[{"embeddable":true,"href":"https:\/\/canfali.com\/ca-es\/wp-json\/wp\/v2\/users\/8"}],"replies":[{"embeddable":true,"href":"https:\/\/canfali.com\/ca-es\/wp-json\/wp\/v2\/comments?post=87427"}],"version-history":[{"count":3,"href":"https:\/\/canfali.com\/ca-es\/wp-json\/wp\/v2\/posts\/87427\/revisions"}],"predecessor-version":[{"id":87430,"href":"https:\/\/canfali.com\/ca-es\/wp-json\/wp\/v2\/posts\/87427\/revisions\/87430"}],"wp:featuredmedia":[{"embeddable":true,"href":"https:\/\/canfali.com\/ca-es\/wp-json\/wp\/v2\/media\/87419"}],"wp:attachment":[{"href":"https:\/\/canfali.com\/ca-es\/wp-json\/wp\/v2\/media?parent=87427"}],"wp:term":[{"taxonomy":"category","embeddable":true,"href":"https:\/\/canfali.com\/ca-es\/wp-json\/wp\/v2\/categories?post=87427"},{"taxonomy":"post_tag","embeddable":true,"href":"https:\/\/canfali.com\/ca-es\/wp-json\/wp\/v2\/tags?post=87427"}],"curies":[{"name":"wp","href":"https:\/\/api.w.org\/{rel}","templated":true}]}}